{"id":1752,"date":"2019-04-06T14:40:02","date_gmt":"2019-04-06T14:40:02","guid":{"rendered":"https:\/\/www.valerielemeur.com\/?p=1752"},"modified":"2025-09-27T14:59:17","modified_gmt":"2025-09-27T14:59:17","slug":"noel-au-printemps","status":"publish","type":"post","link":"https:\/\/www.valerielemeur.com\/en\/noel-au-printemps\/","title":{"rendered":"No\u00ebl au Printemps- Sold"},"content":{"rendered":"<figure class=\"wp-block-image size-full is-style-default\"><img loading=\"lazy\" decoding=\"async\" width=\"2026\" height=\"2560\" src=\"https:\/\/www.valerielemeur.com\/wp-content\/uploads\/2020\/06\/No\u00ebl-au-Printemps-scaled.jpg\" alt=\"\" class=\"wp-image-1156\" srcset=\"https:\/\/www.valerielemeur.com\/wp-content\/uploads\/2020\/06\/No\u00ebl-au-Printemps-scaled.jpg 2026w, https:\/\/www.valerielemeur.com\/wp-content\/uploads\/2020\/06\/No\u00ebl-au-Printemps-237x300.jpg 237w, https:\/\/www.valerielemeur.com\/wp-content\/uploads\/2020\/06\/No\u00ebl-au-Printemps-810x1024.jpg 810w, https:\/\/www.valerielemeur.com\/wp-content\/uploads\/2020\/06\/No\u00ebl-au-Printemps-768x971.jpg 768w, https:\/\/www.valerielemeur.com\/wp-content\/uploads\/2020\/06\/No\u00ebl-au-Printemps-1215x1536.jpg 1215w, https:\/\/www.valerielemeur.com\/wp-content\/uploads\/2020\/06\/No\u00ebl-au-Printemps-1620x2048.jpg 1620w\" sizes=\"auto, (max-width: 2026px) 100vw, 2026px\" \/><\/figure>\n\n\n\n<div class=\"wp-block-columns is-layout-flex wp-container-core-columns-is-layout-28f84493 wp-block-columns-is-layout-flex\">\n<div class=\"wp-block-column is-layout-flow wp-block-column-is-layout-flow\" style=\"flex-basis:66.66%\">\n<p class=\"has-medium-font-size\">Acrylique sur Toile (50x40x2 cm)<\/p>\n<\/div>\n\n\n\n<div class=\"wp-block-column is-layout-flow wp-block-column-is-layout-flow\" style=\"flex-basis:33.33%\">\n<p class=\"has-medium-font-size\">contact me for payments in GBP or USD<\/p>\n<\/div>\n<\/div>\n\n\n\n<p class=\"has-medium-font-size\">No\u00ebl au Printemps. Grand magasin parisien d\u00e9cembre 2018.<br>J&rsquo;aime la ville, les silences de la nuit et ses lumi\u00e8res en hiver qui nous font oublier le froid et le gris de la journ\u00e9e.<br>Je rends les couleurs de l&rsquo;hiver tr\u00e8s brillantes, lumineuses et color\u00e9es pour jouer sur le contraste avec les ombres, la nuit et les bruns et noirs.<br>La ville m&rsquo;attire, me fascine tant parce qu&rsquo;elle est vivante et que tant de c\u0153urs y battent.<\/p>\n\n\n\n<p class=\"has-text-color has-medium-font-size has-vivid-cyan-blue-color\">Painting:&nbsp;Acrylic, Ink&nbsp;on Canvas, Wood.<\/p>\n\n\n\n<p class=\"has-text-color has-medium-font-size has-vivid-cyan-blue-color\">No\u00ebl au Printemps-Paris- Paris Printemps&rsquo; big store in winter. It&rsquo;s time for the last Christmas shopping. Big stores are all lighten and the whites, reds and yellows are like a lighthouse in the night.<br>I love the streets at night when there is a feeling of quiet and warm even if it&rsquo;s winter and if it&rsquo;s in a big city.<br>I did a lof of winter cities paintings this year because I Iove cities and it&rsquo;s always a pleasure to depict them, because I love the colours of winter: for me, red and yellow, sometimes brown.<br>I definitively like warm and bright colours to contrast to brown and black colours. I don&rsquo;t want to be precise in my gestures, in the lines, I want to convey a feeling and I hope I do it so.<br><br>Acrylic painting<br>museum framed black on the sides<br>delivered with a certificate of authenticity<br>ready to hang on a wall<\/p>","protected":false},"excerpt":{"rendered":"<p>Acrylique sur Toile (50x40x2 cm) contact me for payments in GBP or USD No\u00ebl au Printemps. Grand magasin parisien d\u00e9cembre 2018.J&rsquo;aime la ville, les silences de la nuit et ses lumi\u00e8res en hiver qui nous font oublier le froid et le gris de la journ\u00e9e.Je rends les couleurs de l&rsquo;hiver tr\u00e8s brillantes, lumineuses et color\u00e9es [&hellip;]<\/p>\n","protected":false},"author":1,"featured_media":1156,"comment_status":"closed","ping_status":"closed","sticky":false,"template":"","format":"gallery","meta":{"_uag_custom_page_level_css":"","site-sidebar-layout":"default","site-content-layout":null,"ast-site-content-layout":"default","site-content-style":"default","site-sidebar-style":"default","ast-global-header-display":"","ast-banner-title-visibility":"","ast-main-header-display":"","ast-hfb-above-header-display":null,"ast-hfb-below-header-display":null,"ast-hfb-mobile-header-display":null,"site-post-title":"enabled","ast-breadcrumbs-content":null,"ast-featured-img":"disabled","footer-sml-layout":"","ast-disable-related-posts":"","theme-transparent-header-meta":"enabled","adv-header-id-meta":null,"stick-header-meta":null,"header-above-stick-meta":null,"header-main-stick-meta":null,"header-below-stick-meta":null,"astra-migrate-meta-layouts":"default","ast-page-background-enabled":"default","ast-page-background-meta":{"desktop":{"background-color":"","background-image":"","background-repeat":"repeat","background-position":"center center","background-size":"auto","background-attachment":"scroll","background-type":"","background-media":"","overlay-type":"","overlay-color":"","overlay-opacity":"","overlay-gradient":""},"tablet":{"background-color":"","background-image":"","background-repeat":"repeat","background-position":"center center","background-size":"auto","background-attachment":"scroll","background-type":"","background-media":"","overlay-type":"","overlay-color":"","overlay-opacity":"","overlay-gradient":""},"mobile":{"background-color":"","background-image":"","background-repeat":"repeat","background-position":"center center","background-size":"auto","background-attachment":"scroll","background-type":"","background-media":"","overlay-type":"","overlay-color":"","overlay-opacity":"","overlay-gradient":""}},"ast-content-background-meta":{"desktop":{"background-color":"var(--ast-global-color-5)","background-image":"","background-repeat":"repeat","background-position":"center center","background-size":"auto","background-attachment":"scroll","background-type":"","background-media":"","overlay-type":"","overlay-color":"","overlay-opacity":"","overlay-gradient":""},"tablet":{"background-color":"var(--ast-global-color-5)","background-image":"","background-repeat":"repeat","background-position":"center center","background-size":"auto","background-attachment":"scroll","background-type":"","background-media":"","overlay-type":"","overlay-color":"","overlay-opacity":"","overlay-gradient":""},"mobile":{"background-color":"var(--ast-global-color-5)","background-image":"","background-repeat":"repeat","background-position":"center center","background-size":"auto","background-attachment":"scroll","background-type":"","background-media":"","overlay-type":"","overlay-color":"","overlay-opacity":"","overlay-gradient":""}},"_jetpack_memberships_contains_paid_content":false,"footnotes":""},"categories":[45,41,264],"tags":[72],"class_list":["post-1752","post","type-post","status-publish","format-gallery","has-post-thumbnail","hentry","category-paris","category-painting","category-tableaux-vendus","tag-550-e","post_format-post-format-gallery"],"yoast_head":"<!-- This site is optimized with the Yoast SEO plugin v27.4 - https:\/\/yoast.com\/product\/yoast-seo-wordpress\/ -->\n<title>No\u00ebl au Printemps- Sold - Val\u00e9rie LE MEUR<\/title>\n<meta name=\"description\" content=\"Val\u00e9rie LE MEUR No\u00ebl au Printemps- Sold Tableau -\" \/>\n<meta name=\"robots\" content=\"index, follow, max-snippet:-1, max-image-preview:large, max-video-preview:-1\" \/>\n<link rel=\"canonical\" href=\"https:\/\/www.valerielemeur.com\/en\/noel-au-printemps\/\" \/>\n<meta property=\"og:locale\" content=\"en_GB\" \/>\n<meta property=\"og:type\" content=\"article\" \/>\n<meta property=\"og:title\" content=\"No\u00ebl au Printemps- Sold - Val\u00e9rie LE MEUR\" \/>\n<meta property=\"og:description\" content=\"Val\u00e9rie LE MEUR No\u00ebl au Printemps- Sold Tableau -\" \/>\n<meta property=\"og:url\" content=\"https:\/\/www.valerielemeur.com\/en\/noel-au-printemps\/\" \/>\n<meta property=\"og:site_name\" content=\"Val\u00e9rie LE MEUR\" \/>\n<meta property=\"article:published_time\" content=\"2019-04-06T14:40:02+00:00\" \/>\n<meta property=\"article:modified_time\" content=\"2025-09-27T14:59:17+00:00\" \/>\n<meta property=\"og:image\" content=\"https:\/\/www.valerielemeur.com\/wp-content\/uploads\/2020\/06\/No\u00ebl-au-Printemps-scaled.jpg\" \/>\n\t<meta property=\"og:image:width\" content=\"2026\" \/>\n\t<meta property=\"og:image:height\" content=\"2560\" \/>\n\t<meta property=\"og:image:type\" content=\"image\/jpeg\" \/>\n<meta name=\"author\" content=\"VLM\" \/>\n<meta name=\"twitter:card\" content=\"summary_large_image\" \/>\n<meta name=\"twitter:label1\" content=\"Written by\" \/>\n\t<meta name=\"twitter:data1\" content=\"VLM\" \/>\n\t<meta name=\"twitter:label2\" content=\"Estimated reading time\" \/>\n\t<meta name=\"twitter:data2\" content=\"1 minute\" \/>\n<script type=\"application\/ld+json\" class=\"yoast-schema-graph\">{\"@context\":\"https:\\\/\\\/schema.org\",\"@graph\":[{\"@type\":\"Article\",\"@id\":\"https:\\\/\\\/www.valerielemeur.com\\\/noel-au-printemps\\\/#article\",\"isPartOf\":{\"@id\":\"https:\\\/\\\/www.valerielemeur.com\\\/noel-au-printemps\\\/\"},\"author\":{\"name\":\"VLM\",\"@id\":\"https:\\\/\\\/www.valerielemeur.com\\\/#\\\/schema\\\/person\\\/988a7c5b4614f08d4a29788db12b10bb\"},\"headline\":\"No\u00ebl au Printemps- Sold\",\"datePublished\":\"2019-04-06T14:40:02+00:00\",\"dateModified\":\"2025-09-27T14:59:17+00:00\",\"mainEntityOfPage\":{\"@id\":\"https:\\\/\\\/www.valerielemeur.com\\\/noel-au-printemps\\\/\"},\"wordCount\":271,\"publisher\":{\"@id\":\"https:\\\/\\\/www.valerielemeur.com\\\/#organization\"},\"image\":{\"@id\":\"https:\\\/\\\/www.valerielemeur.com\\\/noel-au-printemps\\\/#primaryimage\"},\"thumbnailUrl\":\"https:\\\/\\\/www.valerielemeur.com\\\/wp-content\\\/uploads\\\/2020\\\/06\\\/No\u00ebl-au-Printemps-scaled.jpg\",\"keywords\":[\"550 \u20ac\"],\"articleSection\":[\"Paris\",\"Tableau\",\"Tableaux vendus\"],\"inLanguage\":\"en-GB\"},{\"@type\":\"WebPage\",\"@id\":\"https:\\\/\\\/www.valerielemeur.com\\\/noel-au-printemps\\\/\",\"url\":\"https:\\\/\\\/www.valerielemeur.com\\\/noel-au-printemps\\\/\",\"name\":\"No\u00ebl au Printemps- Sold - Val\u00e9rie LE MEUR\",\"isPartOf\":{\"@id\":\"https:\\\/\\\/www.valerielemeur.com\\\/#website\"},\"primaryImageOfPage\":{\"@id\":\"https:\\\/\\\/www.valerielemeur.com\\\/noel-au-printemps\\\/#primaryimage\"},\"image\":{\"@id\":\"https:\\\/\\\/www.valerielemeur.com\\\/noel-au-printemps\\\/#primaryimage\"},\"thumbnailUrl\":\"https:\\\/\\\/www.valerielemeur.com\\\/wp-content\\\/uploads\\\/2020\\\/06\\\/No\u00ebl-au-Printemps-scaled.jpg\",\"datePublished\":\"2019-04-06T14:40:02+00:00\",\"dateModified\":\"2025-09-27T14:59:17+00:00\",\"description\":\"Val\u00e9rie LE MEUR No\u00ebl au Printemps- Sold Tableau -\",\"breadcrumb\":{\"@id\":\"https:\\\/\\\/www.valerielemeur.com\\\/noel-au-printemps\\\/#breadcrumb\"},\"inLanguage\":\"en-GB\",\"potentialAction\":[{\"@type\":\"ReadAction\",\"target\":[\"https:\\\/\\\/www.valerielemeur.com\\\/noel-au-printemps\\\/\"]}]},{\"@type\":\"ImageObject\",\"inLanguage\":\"en-GB\",\"@id\":\"https:\\\/\\\/www.valerielemeur.com\\\/noel-au-printemps\\\/#primaryimage\",\"url\":\"https:\\\/\\\/www.valerielemeur.com\\\/wp-content\\\/uploads\\\/2020\\\/06\\\/No\u00ebl-au-Printemps-scaled.jpg\",\"contentUrl\":\"https:\\\/\\\/www.valerielemeur.com\\\/wp-content\\\/uploads\\\/2020\\\/06\\\/No\u00ebl-au-Printemps-scaled.jpg\",\"width\":2026,\"height\":2560},{\"@type\":\"BreadcrumbList\",\"@id\":\"https:\\\/\\\/www.valerielemeur.com\\\/noel-au-printemps\\\/#breadcrumb\",\"itemListElement\":[{\"@type\":\"ListItem\",\"position\":1,\"name\":\"Accueil\",\"item\":\"https:\\\/\\\/www.valerielemeur.com\\\/\"},{\"@type\":\"ListItem\",\"position\":2,\"name\":\"No\u00ebl au Printemps- Sold\"}]},{\"@type\":\"WebSite\",\"@id\":\"https:\\\/\\\/www.valerielemeur.com\\\/#website\",\"url\":\"https:\\\/\\\/www.valerielemeur.com\\\/\",\"name\":\"Val\u00e9rie LE MEUR\",\"description\":\"Artiste Peintre\",\"publisher\":{\"@id\":\"https:\\\/\\\/www.valerielemeur.com\\\/#organization\"},\"potentialAction\":[{\"@type\":\"SearchAction\",\"target\":{\"@type\":\"EntryPoint\",\"urlTemplate\":\"https:\\\/\\\/www.valerielemeur.com\\\/?s={search_term_string}\"},\"query-input\":{\"@type\":\"PropertyValueSpecification\",\"valueRequired\":true,\"valueName\":\"search_term_string\"}}],\"inLanguage\":\"en-GB\"},{\"@type\":\"Organization\",\"@id\":\"https:\\\/\\\/www.valerielemeur.com\\\/#organization\",\"name\":\"valerie le meur\",\"url\":\"https:\\\/\\\/www.valerielemeur.com\\\/\",\"logo\":{\"@type\":\"ImageObject\",\"inLanguage\":\"en-GB\",\"@id\":\"https:\\\/\\\/www.valerielemeur.com\\\/#\\\/schema\\\/logo\\\/image\\\/\",\"url\":\"https:\\\/\\\/www.valerielemeur.com\\\/wp-content\\\/uploads\\\/2020\\\/07\\\/photo-CV-sun.jpg\",\"contentUrl\":\"https:\\\/\\\/www.valerielemeur.com\\\/wp-content\\\/uploads\\\/2020\\\/07\\\/photo-CV-sun.jpg\",\"width\":2373,\"height\":2373,\"caption\":\"valerie le meur\"},\"image\":{\"@id\":\"https:\\\/\\\/www.valerielemeur.com\\\/#\\\/schema\\\/logo\\\/image\\\/\"}},{\"@type\":\"Person\",\"@id\":\"https:\\\/\\\/www.valerielemeur.com\\\/#\\\/schema\\\/person\\\/988a7c5b4614f08d4a29788db12b10bb\",\"name\":\"VLM\",\"image\":{\"@type\":\"ImageObject\",\"inLanguage\":\"en-GB\",\"@id\":\"https:\\\/\\\/secure.gravatar.com\\\/avatar\\\/5d623c2f60da6da613f8db4cef8422938a352a814a1ad2edc307f53256aa32c2?s=96&d=mm&r=g\",\"url\":\"https:\\\/\\\/secure.gravatar.com\\\/avatar\\\/5d623c2f60da6da613f8db4cef8422938a352a814a1ad2edc307f53256aa32c2?s=96&d=mm&r=g\",\"contentUrl\":\"https:\\\/\\\/secure.gravatar.com\\\/avatar\\\/5d623c2f60da6da613f8db4cef8422938a352a814a1ad2edc307f53256aa32c2?s=96&d=mm&r=g\",\"caption\":\"VLM\"},\"sameAs\":[\"https:\\\/\\\/www.valerielemeur.com\"],\"url\":\"https:\\\/\\\/www.valerielemeur.com\\\/en\\\/author\\\/vlm\\\/\"}]}<\/script>\n<!-- \/ Yoast SEO plugin. -->","yoast_head_json":{"title":"No\u00ebl au Printemps- Sold - Val\u00e9rie LE MEUR","description":"Val\u00e9rie LE MEUR No\u00ebl au Printemps- Sold Tableau -","robots":{"index":"index","follow":"follow","max-snippet":"max-snippet:-1","max-image-preview":"max-image-preview:large","max-video-preview":"max-video-preview:-1"},"canonical":"https:\/\/www.valerielemeur.com\/en\/noel-au-printemps\/","og_locale":"en_GB","og_type":"article","og_title":"No\u00ebl au Printemps- Sold - Val\u00e9rie LE MEUR","og_description":"Val\u00e9rie LE MEUR No\u00ebl au Printemps- Sold Tableau -","og_url":"https:\/\/www.valerielemeur.com\/en\/noel-au-printemps\/","og_site_name":"Val\u00e9rie LE MEUR","article_published_time":"2019-04-06T14:40:02+00:00","article_modified_time":"2025-09-27T14:59:17+00:00","og_image":[{"width":2026,"height":2560,"url":"https:\/\/www.valerielemeur.com\/wp-content\/uploads\/2020\/06\/No\u00ebl-au-Printemps-scaled.jpg","type":"image\/jpeg"}],"author":"VLM","twitter_card":"summary_large_image","twitter_misc":{"Written by":"VLM","Estimated reading time":"1 minute"},"schema":{"@context":"https:\/\/schema.org","@graph":[{"@type":"Article","@id":"https:\/\/www.valerielemeur.com\/noel-au-printemps\/#article","isPartOf":{"@id":"https:\/\/www.valerielemeur.com\/noel-au-printemps\/"},"author":{"name":"VLM","@id":"https:\/\/www.valerielemeur.com\/#\/schema\/person\/988a7c5b4614f08d4a29788db12b10bb"},"headline":"No\u00ebl au Printemps- Sold","datePublished":"2019-04-06T14:40:02+00:00","dateModified":"2025-09-27T14:59:17+00:00","mainEntityOfPage":{"@id":"https:\/\/www.valerielemeur.com\/noel-au-printemps\/"},"wordCount":271,"publisher":{"@id":"https:\/\/www.valerielemeur.com\/#organization"},"image":{"@id":"https:\/\/www.valerielemeur.com\/noel-au-printemps\/#primaryimage"},"thumbnailUrl":"https:\/\/www.valerielemeur.com\/wp-content\/uploads\/2020\/06\/No\u00ebl-au-Printemps-scaled.jpg","keywords":["550 \u20ac"],"articleSection":["Paris","Tableau","Tableaux vendus"],"inLanguage":"en-GB"},{"@type":"WebPage","@id":"https:\/\/www.valerielemeur.com\/noel-au-printemps\/","url":"https:\/\/www.valerielemeur.com\/noel-au-printemps\/","name":"No\u00ebl au Printemps- Sold - Val\u00e9rie LE MEUR","isPartOf":{"@id":"https:\/\/www.valerielemeur.com\/#website"},"primaryImageOfPage":{"@id":"https:\/\/www.valerielemeur.com\/noel-au-printemps\/#primaryimage"},"image":{"@id":"https:\/\/www.valerielemeur.com\/noel-au-printemps\/#primaryimage"},"thumbnailUrl":"https:\/\/www.valerielemeur.com\/wp-content\/uploads\/2020\/06\/No\u00ebl-au-Printemps-scaled.jpg","datePublished":"2019-04-06T14:40:02+00:00","dateModified":"2025-09-27T14:59:17+00:00","description":"Val\u00e9rie LE MEUR No\u00ebl au Printemps- Sold Tableau -","breadcrumb":{"@id":"https:\/\/www.valerielemeur.com\/noel-au-printemps\/#breadcrumb"},"inLanguage":"en-GB","potentialAction":[{"@type":"ReadAction","target":["https:\/\/www.valerielemeur.com\/noel-au-printemps\/"]}]},{"@type":"ImageObject","inLanguage":"en-GB","@id":"https:\/\/www.valerielemeur.com\/noel-au-printemps\/#primaryimage","url":"https:\/\/www.valerielemeur.com\/wp-content\/uploads\/2020\/06\/No\u00ebl-au-Printemps-scaled.jpg","contentUrl":"https:\/\/www.valerielemeur.com\/wp-content\/uploads\/2020\/06\/No\u00ebl-au-Printemps-scaled.jpg","width":2026,"height":2560},{"@type":"BreadcrumbList","@id":"https:\/\/www.valerielemeur.com\/noel-au-printemps\/#breadcrumb","itemListElement":[{"@type":"ListItem","position":1,"name":"Accueil","item":"https:\/\/www.valerielemeur.com\/"},{"@type":"ListItem","position":2,"name":"No\u00ebl au Printemps- Sold"}]},{"@type":"WebSite","@id":"https:\/\/www.valerielemeur.com\/#website","url":"https:\/\/www.valerielemeur.com\/","name":"Val\u00e9rie LE MEUR","description":"Painter","publisher":{"@id":"https:\/\/www.valerielemeur.com\/#organization"},"potentialAction":[{"@type":"SearchAction","target":{"@type":"EntryPoint","urlTemplate":"https:\/\/www.valerielemeur.com\/?s={search_term_string}"},"query-input":{"@type":"PropertyValueSpecification","valueRequired":true,"valueName":"search_term_string"}}],"inLanguage":"en-GB"},{"@type":"Organization","@id":"https:\/\/www.valerielemeur.com\/#organization","name":"valerie le meur","url":"https:\/\/www.valerielemeur.com\/","logo":{"@type":"ImageObject","inLanguage":"en-GB","@id":"https:\/\/www.valerielemeur.com\/#\/schema\/logo\/image\/","url":"https:\/\/www.valerielemeur.com\/wp-content\/uploads\/2020\/07\/photo-CV-sun.jpg","contentUrl":"https:\/\/www.valerielemeur.com\/wp-content\/uploads\/2020\/07\/photo-CV-sun.jpg","width":2373,"height":2373,"caption":"valerie le meur"},"image":{"@id":"https:\/\/www.valerielemeur.com\/#\/schema\/logo\/image\/"}},{"@type":"Person","@id":"https:\/\/www.valerielemeur.com\/#\/schema\/person\/988a7c5b4614f08d4a29788db12b10bb","name":"VLM","image":{"@type":"ImageObject","inLanguage":"en-GB","@id":"https:\/\/secure.gravatar.com\/avatar\/5d623c2f60da6da613f8db4cef8422938a352a814a1ad2edc307f53256aa32c2?s=96&d=mm&r=g","url":"https:\/\/secure.gravatar.com\/avatar\/5d623c2f60da6da613f8db4cef8422938a352a814a1ad2edc307f53256aa32c2?s=96&d=mm&r=g","contentUrl":"https:\/\/secure.gravatar.com\/avatar\/5d623c2f60da6da613f8db4cef8422938a352a814a1ad2edc307f53256aa32c2?s=96&d=mm&r=g","caption":"VLM"},"sameAs":["https:\/\/www.valerielemeur.com"],"url":"https:\/\/www.valerielemeur.com\/en\/author\/vlm\/"}]}},"jetpack_featured_media_url":"https:\/\/www.valerielemeur.com\/wp-content\/uploads\/2020\/06\/No\u00ebl-au-Printemps-scaled.jpg","uagb_featured_image_src":{"full":["https:\/\/www.valerielemeur.com\/wp-content\/uploads\/2020\/06\/No\u00ebl-au-Printemps-scaled.jpg",2026,2560,false],"thumbnail":["https:\/\/www.valerielemeur.com\/wp-content\/uploads\/2020\/06\/No\u00ebl-au-Printemps-150x150.jpg",150,150,true],"medium":["https:\/\/www.valerielemeur.com\/wp-content\/uploads\/2020\/06\/No\u00ebl-au-Printemps-237x300.jpg",237,300,true],"medium_large":["https:\/\/www.valerielemeur.com\/wp-content\/uploads\/2020\/06\/No\u00ebl-au-Printemps-768x971.jpg",768,971,true],"large":["https:\/\/www.valerielemeur.com\/wp-content\/uploads\/2020\/06\/No\u00ebl-au-Printemps-810x1024.jpg",810,1024,true],"1536x1536":["https:\/\/www.valerielemeur.com\/wp-content\/uploads\/2020\/06\/No\u00ebl-au-Printemps-1215x1536.jpg",1215,1536,true],"2048x2048":["https:\/\/www.valerielemeur.com\/wp-content\/uploads\/2020\/06\/No\u00ebl-au-Printemps-1620x2048.jpg",1620,2048,true],"trp-custom-language-flag":["https:\/\/www.valerielemeur.com\/wp-content\/uploads\/2020\/06\/No\u00ebl-au-Printemps-scaled.jpg",9,12,false]},"uagb_author_info":{"display_name":"VLM","author_link":"https:\/\/www.valerielemeur.com\/en\/author\/vlm\/"},"uagb_comment_info":0,"uagb_excerpt":"Acrylique sur Toile (50x40x2 cm) contact me for payments in GBP or USD No\u00ebl au Printemps. Grand magasin parisien d\u00e9cembre 2018.J&rsquo;aime la ville, les silences de la nuit et ses lumi\u00e8res en hiver qui nous font oublier le froid et le gris de la journ\u00e9e.Je rends les couleurs de l&rsquo;hiver tr\u00e8s brillantes, lumineuses et color\u00e9es&hellip;","jetpack_sharing_enabled":true,"_links":{"self":[{"href":"https:\/\/www.valerielemeur.com\/en\/wp-json\/wp\/v2\/posts\/1752","targetHints":{"allow":["GET"]}}],"collection":[{"href":"https:\/\/www.valerielemeur.com\/en\/wp-json\/wp\/v2\/posts"}],"about":[{"href":"https:\/\/www.valerielemeur.com\/en\/wp-json\/wp\/v2\/types\/post"}],"author":[{"embeddable":true,"href":"https:\/\/www.valerielemeur.com\/en\/wp-json\/wp\/v2\/users\/1"}],"replies":[{"embeddable":true,"href":"https:\/\/www.valerielemeur.com\/en\/wp-json\/wp\/v2\/comments?post=1752"}],"version-history":[{"count":10,"href":"https:\/\/www.valerielemeur.com\/en\/wp-json\/wp\/v2\/posts\/1752\/revisions"}],"predecessor-version":[{"id":3640,"href":"https:\/\/www.valerielemeur.com\/en\/wp-json\/wp\/v2\/posts\/1752\/revisions\/3640"}],"wp:featuredmedia":[{"embeddable":true,"href":"https:\/\/www.valerielemeur.com\/en\/wp-json\/wp\/v2\/media\/1156"}],"wp:attachment":[{"href":"https:\/\/www.valerielemeur.com\/en\/wp-json\/wp\/v2\/media?parent=1752"}],"wp:term":[{"taxonomy":"category","embeddable":true,"href":"https:\/\/www.valerielemeur.com\/en\/wp-json\/wp\/v2\/categories?post=1752"},{"taxonomy":"post_tag","embeddable":true,"href":"https:\/\/www.valerielemeur.com\/en\/wp-json\/wp\/v2\/tags?post=1752"}],"curies":[{"name":"wp","href":"https:\/\/api.w.org\/{rel}","templated":true}]}}