{"id":1780,"date":"2018-05-13T15:01:37","date_gmt":"2018-05-13T15:01:37","guid":{"rendered":"https:\/\/www.valerielemeur.com\/?p=1780"},"modified":"2025-09-27T15:06:35","modified_gmt":"2025-09-27T15:06:35","slug":"seville-a-geometrie-variable","status":"publish","type":"post","link":"https:\/\/www.valerielemeur.com\/en\/seville-a-geometrie-variable\/","title":{"rendered":"S\u00e9ville \u00e0 g\u00e9om\u00e9trie variable- SOLD"},"content":{"rendered":"<figure class=\"wp-block-image size-full is-style-default\"><img loading=\"lazy\" decoding=\"async\" width=\"2560\" height=\"2546\" src=\"https:\/\/www.valerielemeur.com\/wp-content\/uploads\/2022\/03\/seville-a-geometrie-scaled.jpg\" alt=\"\" class=\"wp-image-4023\" srcset=\"https:\/\/www.valerielemeur.com\/wp-content\/uploads\/2022\/03\/seville-a-geometrie-scaled.jpg 2560w, https:\/\/www.valerielemeur.com\/wp-content\/uploads\/2022\/03\/seville-a-geometrie-300x298.jpg 300w, https:\/\/www.valerielemeur.com\/wp-content\/uploads\/2022\/03\/seville-a-geometrie-1024x1018.jpg 1024w, https:\/\/www.valerielemeur.com\/wp-content\/uploads\/2022\/03\/seville-a-geometrie-150x150.jpg 150w, https:\/\/www.valerielemeur.com\/wp-content\/uploads\/2022\/03\/seville-a-geometrie-768x764.jpg 768w, https:\/\/www.valerielemeur.com\/wp-content\/uploads\/2022\/03\/seville-a-geometrie-1536x1528.jpg 1536w, https:\/\/www.valerielemeur.com\/wp-content\/uploads\/2022\/03\/seville-a-geometrie-2048x2037.jpg 2048w, https:\/\/www.valerielemeur.com\/wp-content\/uploads\/2022\/03\/seville-a-geometrie-12x12.jpg 12w\" sizes=\"auto, (max-width: 2560px) 100vw, 2560px\" \/><\/figure>\n\n\n\n<div class=\"wp-block-columns is-layout-flex wp-container-core-columns-is-layout-28f84493 wp-block-columns-is-layout-flex\">\n<div class=\"wp-block-column is-layout-flow wp-block-column-is-layout-flow\" style=\"flex-basis:66.66%\">\n<p class=\"has-normal-font-size\">Acrylique sur Toile (50x50x2 cm); 2018- <\/p>\n<\/div>\n\n\n\n<div class=\"wp-block-column is-layout-flow wp-block-column-is-layout-flow\" style=\"flex-basis:33.33%\">\n<p class=\"has-normal-font-size\"><\/p>\n<\/div>\n<\/div>\n\n\n\n<p class=\"has-medium-font-size\"><br><\/p>\n\n\n\n<p>S\u00e9ville, exub\u00e9rante, color\u00e9e, mix\u00e9e, m\u00e9lang\u00e9e. Cette exub\u00e9rance de couleurs, de styles, de culture fait de cette ville une des plus belle d&rsquo;Europe.<\/p>\n\n\n\n<p>Je voulais traduire dans ces effets de non respect de la perspective, dans ces couleurs et ces traits soulign\u00e9s, un peu de cette exub\u00e9rance, de ces couleurs espagnoles de ces peintres du 20\u00e8me si\u00e8cle qui nous ont pr\u00e9c\u00e9d\u00e9s.<\/p>\n\n\n\n<p>D&rsquo;apr\u00e8s une photo que j&rsquo;ai prise des toits de S\u00e9ville vue de la cath\u00e9drale.<\/p>\n\n\n\n<p class=\"has-vivid-cyan-blue-color has-text-color has-medium-font-size\">Painting:&nbsp;Acrylic, Oil, Ink&nbsp;on Canvas.<\/p>\n\n\n\n<p class=\"has-vivid-cyan-blue-color has-text-color has-medium-font-size\">Seville exuberant, colourful, crazy, multi cultures, multi styles<br>.I wanted to re-create this exuberance in the painting with multi colours, this crazy geometry on the rooftops .<br><br>The white heat of Southern Spain, the blues of the swimming pools on the roofs, the reds of the corridas, the yellows of the sun.<br>dated, signed at the back.<br>ready to hang on a wall<\/p>\n\n\n\n<p><\/p>\n\n\n\n<figure class=\"wp-block-image size-medium\"><img loading=\"lazy\" decoding=\"async\" width=\"225\" height=\"300\" src=\"https:\/\/www.valerielemeur.com\/wp-content\/uploads\/2022\/03\/seville-close-225x300.jpg\" alt=\"\" class=\"wp-image-4029\" srcset=\"https:\/\/www.valerielemeur.com\/wp-content\/uploads\/2022\/03\/seville-close-225x300.jpg 225w, https:\/\/www.valerielemeur.com\/wp-content\/uploads\/2022\/03\/seville-close-768x1024.jpg 768w, https:\/\/www.valerielemeur.com\/wp-content\/uploads\/2022\/03\/seville-close-1152x1536.jpg 1152w, https:\/\/www.valerielemeur.com\/wp-content\/uploads\/2022\/03\/seville-close-1536x2048.jpg 1536w, https:\/\/www.valerielemeur.com\/wp-content\/uploads\/2022\/03\/seville-close-9x12.jpg 9w, https:\/\/www.valerielemeur.com\/wp-content\/uploads\/2022\/03\/seville-close-scaled.jpg 1920w\" sizes=\"auto, (max-width: 225px) 100vw, 225px\" \/><figcaption class=\"wp-element-caption\">d\u00e9tail <\/figcaption><\/figure>","protected":false},"excerpt":{"rendered":"<p>Acrylique sur Toile (50x50x2 cm); 2018- S\u00e9ville, exub\u00e9rante, color\u00e9e, mix\u00e9e, m\u00e9lang\u00e9e. Cette exub\u00e9rance de couleurs, de styles, de culture fait de cette ville une des plus belle d&rsquo;Europe. Je voulais traduire dans ces effets de non respect de la perspective, dans ces couleurs et ces traits soulign\u00e9s, un peu de cette exub\u00e9rance, de ces couleurs [&hellip;]<\/p>\n","protected":false},"author":1,"featured_media":4023,"comment_status":"closed","ping_status":"closed","sticky":false,"template":"","format":"gallery","meta":{"_uag_custom_page_level_css":"","site-sidebar-layout":"default","site-content-layout":null,"ast-site-content-layout":"default","site-content-style":"default","site-sidebar-style":"default","ast-global-header-display":"","ast-banner-title-visibility":"","ast-main-header-display":"","ast-hfb-above-header-display":null,"ast-hfb-below-header-display":null,"ast-hfb-mobile-header-display":null,"site-post-title":"enabled","ast-breadcrumbs-content":null,"ast-featured-img":"disabled","footer-sml-layout":"","ast-disable-related-posts":"","theme-transparent-header-meta":"enabled","adv-header-id-meta":null,"stick-header-meta":null,"header-above-stick-meta":null,"header-main-stick-meta":null,"header-below-stick-meta":null,"astra-migrate-meta-layouts":"default","ast-page-background-enabled":"default","ast-page-background-meta":{"desktop":{"background-color":"","background-image":"","background-repeat":"repeat","background-position":"center center","background-size":"auto","background-attachment":"scroll","background-type":"","background-media":"","overlay-type":"","overlay-color":"","overlay-opacity":"","overlay-gradient":""},"tablet":{"background-color":"","background-image":"","background-repeat":"repeat","background-position":"center center","background-size":"auto","background-attachment":"scroll","background-type":"","background-media":"","overlay-type":"","overlay-color":"","overlay-opacity":"","overlay-gradient":""},"mobile":{"background-color":"","background-image":"","background-repeat":"repeat","background-position":"center center","background-size":"auto","background-attachment":"scroll","background-type":"","background-media":"","overlay-type":"","overlay-color":"","overlay-opacity":"","overlay-gradient":""}},"ast-content-background-meta":{"desktop":{"background-color":"var(--ast-global-color-5)","background-image":"","background-repeat":"repeat","background-position":"center center","background-size":"auto","background-attachment":"scroll","background-type":"","background-media":"","overlay-type":"","overlay-color":"","overlay-opacity":"","overlay-gradient":""},"tablet":{"background-color":"var(--ast-global-color-5)","background-image":"","background-repeat":"repeat","background-position":"center center","background-size":"auto","background-attachment":"scroll","background-type":"","background-media":"","overlay-type":"","overlay-color":"","overlay-opacity":"","overlay-gradient":""},"mobile":{"background-color":"var(--ast-global-color-5)","background-image":"","background-repeat":"repeat","background-position":"center center","background-size":"auto","background-attachment":"scroll","background-type":"","background-media":"","overlay-type":"","overlay-color":"","overlay-opacity":"","overlay-gradient":""}},"_jetpack_memberships_contains_paid_content":false,"footnotes":""},"categories":[181,41,264],"tags":[72],"class_list":["post-1780","post","type-post","status-publish","format-gallery","has-post-thumbnail","hentry","category-seville-spain","category-painting","category-tableaux-vendus","tag-550-e","post_format-post-format-gallery"],"yoast_head":"<!-- This site is optimized with the Yoast SEO plugin v27.4 - https:\/\/yoast.com\/product\/yoast-seo-wordpress\/ -->\n<title>S\u00e9ville \u00e0 g\u00e9om\u00e9trie variable- SOLD - Val\u00e9rie LE MEUR<\/title>\n<meta name=\"description\" content=\"Val\u00e9rie LE MEUR S\u00e9ville \u00e0 g\u00e9om\u00e9trie variable- SOLD Tableau -\" \/>\n<meta name=\"robots\" content=\"index, follow, max-snippet:-1, max-image-preview:large, max-video-preview:-1\" \/>\n<link rel=\"canonical\" href=\"https:\/\/www.valerielemeur.com\/en\/seville-a-geometrie-variable\/\" \/>\n<meta property=\"og:locale\" content=\"en_GB\" \/>\n<meta property=\"og:type\" content=\"article\" \/>\n<meta property=\"og:title\" content=\"S\u00e9ville \u00e0 g\u00e9om\u00e9trie variable- SOLD - Val\u00e9rie LE MEUR\" \/>\n<meta property=\"og:description\" content=\"Val\u00e9rie LE MEUR S\u00e9ville \u00e0 g\u00e9om\u00e9trie variable- SOLD Tableau -\" \/>\n<meta property=\"og:url\" content=\"https:\/\/www.valerielemeur.com\/en\/seville-a-geometrie-variable\/\" \/>\n<meta property=\"og:site_name\" content=\"Val\u00e9rie LE MEUR\" \/>\n<meta property=\"article:published_time\" content=\"2018-05-13T15:01:37+00:00\" \/>\n<meta property=\"article:modified_time\" content=\"2025-09-27T15:06:35+00:00\" \/>\n<meta property=\"og:image\" content=\"https:\/\/www.valerielemeur.com\/wp-content\/uploads\/2022\/03\/seville-a-geometrie-scaled.jpg\" \/>\n\t<meta property=\"og:image:width\" content=\"2560\" \/>\n\t<meta property=\"og:image:height\" content=\"2546\" \/>\n\t<meta property=\"og:image:type\" content=\"image\/jpeg\" \/>\n<meta name=\"author\" content=\"VLM\" \/>\n<meta name=\"twitter:card\" content=\"summary_large_image\" \/>\n<meta name=\"twitter:label1\" content=\"Written by\" \/>\n\t<meta name=\"twitter:data1\" content=\"VLM\" \/>\n\t<meta name=\"twitter:label2\" content=\"Estimated reading time\" \/>\n\t<meta name=\"twitter:data2\" content=\"2 minutes\" \/>\n<script type=\"application\/ld+json\" class=\"yoast-schema-graph\">{\"@context\":\"https:\\\/\\\/schema.org\",\"@graph\":[{\"@type\":\"Article\",\"@id\":\"https:\\\/\\\/www.valerielemeur.com\\\/seville-a-geometrie-variable\\\/#article\",\"isPartOf\":{\"@id\":\"https:\\\/\\\/www.valerielemeur.com\\\/seville-a-geometrie-variable\\\/\"},\"author\":{\"name\":\"VLM\",\"@id\":\"https:\\\/\\\/www.valerielemeur.com\\\/#\\\/schema\\\/person\\\/988a7c5b4614f08d4a29788db12b10bb\"},\"headline\":\"S\u00e9ville \u00e0 g\u00e9om\u00e9trie variable- SOLD\",\"datePublished\":\"2018-05-13T15:01:37+00:00\",\"dateModified\":\"2025-09-27T15:06:35+00:00\",\"mainEntityOfPage\":{\"@id\":\"https:\\\/\\\/www.valerielemeur.com\\\/seville-a-geometrie-variable\\\/\"},\"wordCount\":179,\"publisher\":{\"@id\":\"https:\\\/\\\/www.valerielemeur.com\\\/#organization\"},\"image\":{\"@id\":\"https:\\\/\\\/www.valerielemeur.com\\\/seville-a-geometrie-variable\\\/#primaryimage\"},\"thumbnailUrl\":\"https:\\\/\\\/www.valerielemeur.com\\\/wp-content\\\/uploads\\\/2022\\\/03\\\/seville-a-geometrie-scaled.jpg\",\"keywords\":[\"550 \u20ac\"],\"articleSection\":[\"S\u00e9ville, Spain\",\"Tableau\",\"Tableaux vendus\"],\"inLanguage\":\"en-GB\"},{\"@type\":\"WebPage\",\"@id\":\"https:\\\/\\\/www.valerielemeur.com\\\/seville-a-geometrie-variable\\\/\",\"url\":\"https:\\\/\\\/www.valerielemeur.com\\\/seville-a-geometrie-variable\\\/\",\"name\":\"S\u00e9ville \u00e0 g\u00e9om\u00e9trie variable- SOLD - Val\u00e9rie LE MEUR\",\"isPartOf\":{\"@id\":\"https:\\\/\\\/www.valerielemeur.com\\\/#website\"},\"primaryImageOfPage\":{\"@id\":\"https:\\\/\\\/www.valerielemeur.com\\\/seville-a-geometrie-variable\\\/#primaryimage\"},\"image\":{\"@id\":\"https:\\\/\\\/www.valerielemeur.com\\\/seville-a-geometrie-variable\\\/#primaryimage\"},\"thumbnailUrl\":\"https:\\\/\\\/www.valerielemeur.com\\\/wp-content\\\/uploads\\\/2022\\\/03\\\/seville-a-geometrie-scaled.jpg\",\"datePublished\":\"2018-05-13T15:01:37+00:00\",\"dateModified\":\"2025-09-27T15:06:35+00:00\",\"description\":\"Val\u00e9rie LE MEUR S\u00e9ville \u00e0 g\u00e9om\u00e9trie variable- SOLD Tableau -\",\"breadcrumb\":{\"@id\":\"https:\\\/\\\/www.valerielemeur.com\\\/seville-a-geometrie-variable\\\/#breadcrumb\"},\"inLanguage\":\"en-GB\",\"potentialAction\":[{\"@type\":\"ReadAction\",\"target\":[\"https:\\\/\\\/www.valerielemeur.com\\\/seville-a-geometrie-variable\\\/\"]}]},{\"@type\":\"ImageObject\",\"inLanguage\":\"en-GB\",\"@id\":\"https:\\\/\\\/www.valerielemeur.com\\\/seville-a-geometrie-variable\\\/#primaryimage\",\"url\":\"https:\\\/\\\/www.valerielemeur.com\\\/wp-content\\\/uploads\\\/2022\\\/03\\\/seville-a-geometrie-scaled.jpg\",\"contentUrl\":\"https:\\\/\\\/www.valerielemeur.com\\\/wp-content\\\/uploads\\\/2022\\\/03\\\/seville-a-geometrie-scaled.jpg\",\"width\":2560,\"height\":2546},{\"@type\":\"BreadcrumbList\",\"@id\":\"https:\\\/\\\/www.valerielemeur.com\\\/seville-a-geometrie-variable\\\/#breadcrumb\",\"itemListElement\":[{\"@type\":\"ListItem\",\"position\":1,\"name\":\"Accueil\",\"item\":\"https:\\\/\\\/www.valerielemeur.com\\\/\"},{\"@type\":\"ListItem\",\"position\":2,\"name\":\"S\u00e9ville \u00e0 g\u00e9om\u00e9trie variable- SOLD\"}]},{\"@type\":\"WebSite\",\"@id\":\"https:\\\/\\\/www.valerielemeur.com\\\/#website\",\"url\":\"https:\\\/\\\/www.valerielemeur.com\\\/\",\"name\":\"Val\u00e9rie LE MEUR\",\"description\":\"Artiste Peintre\",\"publisher\":{\"@id\":\"https:\\\/\\\/www.valerielemeur.com\\\/#organization\"},\"potentialAction\":[{\"@type\":\"SearchAction\",\"target\":{\"@type\":\"EntryPoint\",\"urlTemplate\":\"https:\\\/\\\/www.valerielemeur.com\\\/?s={search_term_string}\"},\"query-input\":{\"@type\":\"PropertyValueSpecification\",\"valueRequired\":true,\"valueName\":\"search_term_string\"}}],\"inLanguage\":\"en-GB\"},{\"@type\":\"Organization\",\"@id\":\"https:\\\/\\\/www.valerielemeur.com\\\/#organization\",\"name\":\"valerie le meur\",\"url\":\"https:\\\/\\\/www.valerielemeur.com\\\/\",\"logo\":{\"@type\":\"ImageObject\",\"inLanguage\":\"en-GB\",\"@id\":\"https:\\\/\\\/www.valerielemeur.com\\\/#\\\/schema\\\/logo\\\/image\\\/\",\"url\":\"https:\\\/\\\/www.valerielemeur.com\\\/wp-content\\\/uploads\\\/2020\\\/07\\\/photo-CV-sun.jpg\",\"contentUrl\":\"https:\\\/\\\/www.valerielemeur.com\\\/wp-content\\\/uploads\\\/2020\\\/07\\\/photo-CV-sun.jpg\",\"width\":2373,\"height\":2373,\"caption\":\"valerie le meur\"},\"image\":{\"@id\":\"https:\\\/\\\/www.valerielemeur.com\\\/#\\\/schema\\\/logo\\\/image\\\/\"}},{\"@type\":\"Person\",\"@id\":\"https:\\\/\\\/www.valerielemeur.com\\\/#\\\/schema\\\/person\\\/988a7c5b4614f08d4a29788db12b10bb\",\"name\":\"VLM\",\"image\":{\"@type\":\"ImageObject\",\"inLanguage\":\"en-GB\",\"@id\":\"https:\\\/\\\/secure.gravatar.com\\\/avatar\\\/5d623c2f60da6da613f8db4cef8422938a352a814a1ad2edc307f53256aa32c2?s=96&d=mm&r=g\",\"url\":\"https:\\\/\\\/secure.gravatar.com\\\/avatar\\\/5d623c2f60da6da613f8db4cef8422938a352a814a1ad2edc307f53256aa32c2?s=96&d=mm&r=g\",\"contentUrl\":\"https:\\\/\\\/secure.gravatar.com\\\/avatar\\\/5d623c2f60da6da613f8db4cef8422938a352a814a1ad2edc307f53256aa32c2?s=96&d=mm&r=g\",\"caption\":\"VLM\"},\"sameAs\":[\"https:\\\/\\\/www.valerielemeur.com\"],\"url\":\"https:\\\/\\\/www.valerielemeur.com\\\/en\\\/author\\\/vlm\\\/\"}]}<\/script>\n<!-- \/ Yoast SEO plugin. -->","yoast_head_json":{"title":"S\u00e9ville \u00e0 g\u00e9om\u00e9trie variable- SOLD - Val\u00e9rie LE MEUR","description":"Val\u00e9rie LE MEUR S\u00e9ville \u00e0 g\u00e9om\u00e9trie variable- SOLD Tableau -","robots":{"index":"index","follow":"follow","max-snippet":"max-snippet:-1","max-image-preview":"max-image-preview:large","max-video-preview":"max-video-preview:-1"},"canonical":"https:\/\/www.valerielemeur.com\/en\/seville-a-geometrie-variable\/","og_locale":"en_GB","og_type":"article","og_title":"S\u00e9ville \u00e0 g\u00e9om\u00e9trie variable- SOLD - Val\u00e9rie LE MEUR","og_description":"Val\u00e9rie LE MEUR S\u00e9ville \u00e0 g\u00e9om\u00e9trie variable- SOLD Tableau -","og_url":"https:\/\/www.valerielemeur.com\/en\/seville-a-geometrie-variable\/","og_site_name":"Val\u00e9rie LE MEUR","article_published_time":"2018-05-13T15:01:37+00:00","article_modified_time":"2025-09-27T15:06:35+00:00","og_image":[{"width":2560,"height":2546,"url":"https:\/\/www.valerielemeur.com\/wp-content\/uploads\/2022\/03\/seville-a-geometrie-scaled.jpg","type":"image\/jpeg"}],"author":"VLM","twitter_card":"summary_large_image","twitter_misc":{"Written by":"VLM","Estimated reading time":"2 minutes"},"schema":{"@context":"https:\/\/schema.org","@graph":[{"@type":"Article","@id":"https:\/\/www.valerielemeur.com\/seville-a-geometrie-variable\/#article","isPartOf":{"@id":"https:\/\/www.valerielemeur.com\/seville-a-geometrie-variable\/"},"author":{"name":"VLM","@id":"https:\/\/www.valerielemeur.com\/#\/schema\/person\/988a7c5b4614f08d4a29788db12b10bb"},"headline":"S\u00e9ville \u00e0 g\u00e9om\u00e9trie variable- SOLD","datePublished":"2018-05-13T15:01:37+00:00","dateModified":"2025-09-27T15:06:35+00:00","mainEntityOfPage":{"@id":"https:\/\/www.valerielemeur.com\/seville-a-geometrie-variable\/"},"wordCount":179,"publisher":{"@id":"https:\/\/www.valerielemeur.com\/#organization"},"image":{"@id":"https:\/\/www.valerielemeur.com\/seville-a-geometrie-variable\/#primaryimage"},"thumbnailUrl":"https:\/\/www.valerielemeur.com\/wp-content\/uploads\/2022\/03\/seville-a-geometrie-scaled.jpg","keywords":["550 \u20ac"],"articleSection":["S\u00e9ville, Spain","Tableau","Tableaux vendus"],"inLanguage":"en-GB"},{"@type":"WebPage","@id":"https:\/\/www.valerielemeur.com\/seville-a-geometrie-variable\/","url":"https:\/\/www.valerielemeur.com\/seville-a-geometrie-variable\/","name":"S\u00e9ville \u00e0 g\u00e9om\u00e9trie variable- SOLD - Val\u00e9rie LE MEUR","isPartOf":{"@id":"https:\/\/www.valerielemeur.com\/#website"},"primaryImageOfPage":{"@id":"https:\/\/www.valerielemeur.com\/seville-a-geometrie-variable\/#primaryimage"},"image":{"@id":"https:\/\/www.valerielemeur.com\/seville-a-geometrie-variable\/#primaryimage"},"thumbnailUrl":"https:\/\/www.valerielemeur.com\/wp-content\/uploads\/2022\/03\/seville-a-geometrie-scaled.jpg","datePublished":"2018-05-13T15:01:37+00:00","dateModified":"2025-09-27T15:06:35+00:00","description":"Val\u00e9rie LE MEUR S\u00e9ville \u00e0 g\u00e9om\u00e9trie variable- SOLD Tableau -","breadcrumb":{"@id":"https:\/\/www.valerielemeur.com\/seville-a-geometrie-variable\/#breadcrumb"},"inLanguage":"en-GB","potentialAction":[{"@type":"ReadAction","target":["https:\/\/www.valerielemeur.com\/seville-a-geometrie-variable\/"]}]},{"@type":"ImageObject","inLanguage":"en-GB","@id":"https:\/\/www.valerielemeur.com\/seville-a-geometrie-variable\/#primaryimage","url":"https:\/\/www.valerielemeur.com\/wp-content\/uploads\/2022\/03\/seville-a-geometrie-scaled.jpg","contentUrl":"https:\/\/www.valerielemeur.com\/wp-content\/uploads\/2022\/03\/seville-a-geometrie-scaled.jpg","width":2560,"height":2546},{"@type":"BreadcrumbList","@id":"https:\/\/www.valerielemeur.com\/seville-a-geometrie-variable\/#breadcrumb","itemListElement":[{"@type":"ListItem","position":1,"name":"Accueil","item":"https:\/\/www.valerielemeur.com\/"},{"@type":"ListItem","position":2,"name":"S\u00e9ville \u00e0 g\u00e9om\u00e9trie variable- SOLD"}]},{"@type":"WebSite","@id":"https:\/\/www.valerielemeur.com\/#website","url":"https:\/\/www.valerielemeur.com\/","name":"Val\u00e9rie LE MEUR","description":"Painter","publisher":{"@id":"https:\/\/www.valerielemeur.com\/#organization"},"potentialAction":[{"@type":"SearchAction","target":{"@type":"EntryPoint","urlTemplate":"https:\/\/www.valerielemeur.com\/?s={search_term_string}"},"query-input":{"@type":"PropertyValueSpecification","valueRequired":true,"valueName":"search_term_string"}}],"inLanguage":"en-GB"},{"@type":"Organization","@id":"https:\/\/www.valerielemeur.com\/#organization","name":"valerie le meur","url":"https:\/\/www.valerielemeur.com\/","logo":{"@type":"ImageObject","inLanguage":"en-GB","@id":"https:\/\/www.valerielemeur.com\/#\/schema\/logo\/image\/","url":"https:\/\/www.valerielemeur.com\/wp-content\/uploads\/2020\/07\/photo-CV-sun.jpg","contentUrl":"https:\/\/www.valerielemeur.com\/wp-content\/uploads\/2020\/07\/photo-CV-sun.jpg","width":2373,"height":2373,"caption":"valerie le meur"},"image":{"@id":"https:\/\/www.valerielemeur.com\/#\/schema\/logo\/image\/"}},{"@type":"Person","@id":"https:\/\/www.valerielemeur.com\/#\/schema\/person\/988a7c5b4614f08d4a29788db12b10bb","name":"VLM","image":{"@type":"ImageObject","inLanguage":"en-GB","@id":"https:\/\/secure.gravatar.com\/avatar\/5d623c2f60da6da613f8db4cef8422938a352a814a1ad2edc307f53256aa32c2?s=96&d=mm&r=g","url":"https:\/\/secure.gravatar.com\/avatar\/5d623c2f60da6da613f8db4cef8422938a352a814a1ad2edc307f53256aa32c2?s=96&d=mm&r=g","contentUrl":"https:\/\/secure.gravatar.com\/avatar\/5d623c2f60da6da613f8db4cef8422938a352a814a1ad2edc307f53256aa32c2?s=96&d=mm&r=g","caption":"VLM"},"sameAs":["https:\/\/www.valerielemeur.com"],"url":"https:\/\/www.valerielemeur.com\/en\/author\/vlm\/"}]}},"jetpack_featured_media_url":"https:\/\/www.valerielemeur.com\/wp-content\/uploads\/2022\/03\/seville-a-geometrie-scaled.jpg","uagb_featured_image_src":{"full":["https:\/\/www.valerielemeur.com\/wp-content\/uploads\/2022\/03\/seville-a-geometrie-scaled.jpg",2560,2546,false],"thumbnail":["https:\/\/www.valerielemeur.com\/wp-content\/uploads\/2022\/03\/seville-a-geometrie-150x150.jpg",150,150,true],"medium":["https:\/\/www.valerielemeur.com\/wp-content\/uploads\/2022\/03\/seville-a-geometrie-300x298.jpg",300,298,true],"medium_large":["https:\/\/www.valerielemeur.com\/wp-content\/uploads\/2022\/03\/seville-a-geometrie-768x764.jpg",768,764,true],"large":["https:\/\/www.valerielemeur.com\/wp-content\/uploads\/2022\/03\/seville-a-geometrie-1024x1018.jpg",1024,1018,true],"1536x1536":["https:\/\/www.valerielemeur.com\/wp-content\/uploads\/2022\/03\/seville-a-geometrie-1536x1528.jpg",1536,1528,true],"2048x2048":["https:\/\/www.valerielemeur.com\/wp-content\/uploads\/2022\/03\/seville-a-geometrie-2048x2037.jpg",2048,2037,true],"trp-custom-language-flag":["https:\/\/www.valerielemeur.com\/wp-content\/uploads\/2022\/03\/seville-a-geometrie-12x12.jpg",12,12,true]},"uagb_author_info":{"display_name":"VLM","author_link":"https:\/\/www.valerielemeur.com\/en\/author\/vlm\/"},"uagb_comment_info":0,"uagb_excerpt":"Acrylique sur Toile (50x50x2 cm); 2018- S\u00e9ville, exub\u00e9rante, color\u00e9e, mix\u00e9e, m\u00e9lang\u00e9e. Cette exub\u00e9rance de couleurs, de styles, de culture fait de cette ville une des plus belle d&rsquo;Europe. Je voulais traduire dans ces effets de non respect de la perspective, dans ces couleurs et ces traits soulign\u00e9s, un peu de cette exub\u00e9rance, de ces couleurs&hellip;","jetpack_sharing_enabled":true,"_links":{"self":[{"href":"https:\/\/www.valerielemeur.com\/en\/wp-json\/wp\/v2\/posts\/1780","targetHints":{"allow":["GET"]}}],"collection":[{"href":"https:\/\/www.valerielemeur.com\/en\/wp-json\/wp\/v2\/posts"}],"about":[{"href":"https:\/\/www.valerielemeur.com\/en\/wp-json\/wp\/v2\/types\/post"}],"author":[{"embeddable":true,"href":"https:\/\/www.valerielemeur.com\/en\/wp-json\/wp\/v2\/users\/1"}],"replies":[{"embeddable":true,"href":"https:\/\/www.valerielemeur.com\/en\/wp-json\/wp\/v2\/comments?post=1780"}],"version-history":[{"count":13,"href":"https:\/\/www.valerielemeur.com\/en\/wp-json\/wp\/v2\/posts\/1780\/revisions"}],"predecessor-version":[{"id":5346,"href":"https:\/\/www.valerielemeur.com\/en\/wp-json\/wp\/v2\/posts\/1780\/revisions\/5346"}],"wp:featuredmedia":[{"embeddable":true,"href":"https:\/\/www.valerielemeur.com\/en\/wp-json\/wp\/v2\/media\/4023"}],"wp:attachment":[{"href":"https:\/\/www.valerielemeur.com\/en\/wp-json\/wp\/v2\/media?parent=1780"}],"wp:term":[{"taxonomy":"category","embeddable":true,"href":"https:\/\/www.valerielemeur.com\/en\/wp-json\/wp\/v2\/categories?post=1780"},{"taxonomy":"post_tag","embeddable":true,"href":"https:\/\/www.valerielemeur.com\/en\/wp-json\/wp\/v2\/tags?post=1780"}],"curies":[{"name":"wp","href":"https:\/\/api.w.org\/{rel}","templated":true}]}}