{"id":1801,"date":"2019-06-01T15:26:35","date_gmt":"2019-06-01T15:26:35","guid":{"rendered":"https:\/\/www.valerielemeur.com\/?p=1801"},"modified":"2024-08-20T17:02:15","modified_gmt":"2024-08-20T17:02:15","slug":"dans-les-coulisses-de-la-commedia-dellarte","status":"publish","type":"post","link":"https:\/\/www.valerielemeur.com\/en\/dans-les-coulisses-de-la-commedia-dellarte\/","title":{"rendered":"Dans les coulisses de la commedia dell&rsquo;Arte"},"content":{"rendered":"<figure class=\"wp-block-image size-full is-style-default\"><img loading=\"lazy\" decoding=\"async\" width=\"2076\" height=\"2560\" src=\"https:\/\/www.valerielemeur.com\/wp-content\/uploads\/2020\/06\/Dans-les-coulisses-de-la-commedia-dellArte-scaled.jpg\" alt=\"\" class=\"wp-image-1338\" srcset=\"https:\/\/www.valerielemeur.com\/wp-content\/uploads\/2020\/06\/Dans-les-coulisses-de-la-commedia-dellArte-scaled.jpg 2076w, https:\/\/www.valerielemeur.com\/wp-content\/uploads\/2020\/06\/Dans-les-coulisses-de-la-commedia-dellArte-243x300.jpg 243w, https:\/\/www.valerielemeur.com\/wp-content\/uploads\/2020\/06\/Dans-les-coulisses-de-la-commedia-dellArte-830x1024.jpg 830w, https:\/\/www.valerielemeur.com\/wp-content\/uploads\/2020\/06\/Dans-les-coulisses-de-la-commedia-dellArte-768x947.jpg 768w, https:\/\/www.valerielemeur.com\/wp-content\/uploads\/2020\/06\/Dans-les-coulisses-de-la-commedia-dellArte-1246x1536.jpg 1246w, https:\/\/www.valerielemeur.com\/wp-content\/uploads\/2020\/06\/Dans-les-coulisses-de-la-commedia-dellArte-1661x2048.jpg 1661w\" sizes=\"auto, (max-width: 2076px) 100vw, 2076px\" \/><\/figure>\n\n\n\n<div class=\"wp-block-columns is-layout-flex wp-container-core-columns-is-layout-28f84493 wp-block-columns-is-layout-flex\">\n<div class=\"wp-block-column is-layout-flow wp-block-column-is-layout-flow\" style=\"flex-basis:66.66%\">\n<p class=\"has-normal-font-size\">Acrylique sur Toile (73x60x4 cm)<\/p>\n<\/div>\n\n\n\n<div class=\"wp-block-column is-layout-flow wp-block-column-is-layout-flow\" style=\"flex-basis:33.33%\">\n<p class=\"has-normal-font-size\"><\/p>\n<\/div>\n<\/div>\n\n\n\n<p class=\"has-ast-global-color-2-color has-text-color has-medium-font-size\">1350 \u20ac +livraison<\/p>\n\n\n\n<p class=\"has-medium-font-size\"><br>Les figures masqu\u00e9es sont rang\u00e9es dans les coulisses en attendant le prochain spectacle<br>Le coup de pinceau n&rsquo;est pas pr\u00e9cis, moins r\u00e9aliste que pr\u00e9c\u00e9demment: on est entre le r\u00eave et la r\u00e9alit\u00e9: les personnages sont peut \u00eatre r\u00e9els ou non.<\/p>\n\n\n\n<p class=\"has-medium-font-size\">dat\u00e9 et sign\u00e9 au dos<br>les cot\u00e9s sont peints en noir<br>pr\u00eat \u00e0 accrocher au mur<br>certificat d&rsquo;authenticit\u00e9 et facture avec le tableau<\/p>\n\n\n\n<p class=\"has-vivid-cyan-blue-color has-text-color has-medium-font-size\">Painting:&nbsp;Acrylic, Ink&nbsp;on Canvas.<\/p>\n\n\n\n<p class=\"has-vivid-cyan-blue-color has-text-color has-medium-font-size\">Theatre scene: la Comedia dell&rsquo;arte is a very ancient period of the history of theatre. Coming from Italy, especially Venice, people used to wear masks to go to parties in disguise. They are different characters, from Arlequin and Colombine to other less known. My love for everything theatre, my past tend to play a important role for the choice of my subjet. Red, bright colours in opposition to the black sides of the painting enhance the two main characters. The style is less precise than usual, we are here between reality and dream.<br>Acrylic painting on canvas : the painting weight 3,5 KG<br>with a wooden bar at the back of the painting<br>Painted black on the sides<br>Ready to hang on a wall<br>dated, signed<br>delivered with a certificate of authenticity<\/p>","protected":false},"excerpt":{"rendered":"<p>Acrylique sur Toile (73x60x4 cm) 1350 \u20ac +livraison Les figures masqu\u00e9es sont rang\u00e9es dans les coulisses en attendant le prochain spectacleLe coup de pinceau n&rsquo;est pas pr\u00e9cis, moins r\u00e9aliste que pr\u00e9c\u00e9demment: on est entre le r\u00eave et la r\u00e9alit\u00e9: les personnages sont peut \u00eatre r\u00e9els ou non. dat\u00e9 et sign\u00e9 au dosles cot\u00e9s sont peints [&hellip;]<\/p>\n","protected":false},"author":1,"featured_media":1338,"comment_status":"closed","ping_status":"closed","sticky":false,"template":"","format":"gallery","meta":{"_uag_custom_page_level_css":"","site-sidebar-layout":"default","site-content-layout":null,"ast-site-content-layout":"default","site-content-style":"default","site-sidebar-style":"default","ast-global-header-display":"","ast-banner-title-visibility":"","ast-main-header-display":"","ast-hfb-above-header-display":null,"ast-hfb-below-header-display":null,"ast-hfb-mobile-header-display":null,"site-post-title":"enabled","ast-breadcrumbs-content":null,"ast-featured-img":"disabled","footer-sml-layout":"","ast-disable-related-posts":"","theme-transparent-header-meta":"enabled","adv-header-id-meta":null,"stick-header-meta":null,"header-above-stick-meta":null,"header-main-stick-meta":null,"header-below-stick-meta":null,"astra-migrate-meta-layouts":"default","ast-page-background-enabled":"default","ast-page-background-meta":{"desktop":{"background-color":"","background-image":"","background-repeat":"repeat","background-position":"center center","background-size":"auto","background-attachment":"scroll","background-type":"","background-media":"","overlay-type":"","overlay-color":"","overlay-opacity":"","overlay-gradient":""},"tablet":{"background-color":"","background-image":"","background-repeat":"repeat","background-position":"center center","background-size":"auto","background-attachment":"scroll","background-type":"","background-media":"","overlay-type":"","overlay-color":"","overlay-opacity":"","overlay-gradient":""},"mobile":{"background-color":"","background-image":"","background-repeat":"repeat","background-position":"center center","background-size":"auto","background-attachment":"scroll","background-type":"","background-media":"","overlay-type":"","overlay-color":"","overlay-opacity":"","overlay-gradient":""}},"ast-content-background-meta":{"desktop":{"background-color":"var(--ast-global-color-5)","background-image":"","background-repeat":"repeat","background-position":"center center","background-size":"auto","background-attachment":"scroll","background-type":"","background-media":"","overlay-type":"","overlay-color":"","overlay-opacity":"","overlay-gradient":""},"tablet":{"background-color":"var(--ast-global-color-5)","background-image":"","background-repeat":"repeat","background-position":"center center","background-size":"auto","background-attachment":"scroll","background-type":"","background-media":"","overlay-type":"","overlay-color":"","overlay-opacity":"","overlay-gradient":""},"mobile":{"background-color":"var(--ast-global-color-5)","background-image":"","background-repeat":"repeat","background-position":"center center","background-size":"auto","background-attachment":"scroll","background-type":"","background-media":"","overlay-type":"","overlay-color":"","overlay-opacity":"","overlay-gradient":""}},"_jetpack_memberships_contains_paid_content":false,"footnotes":""},"categories":[47,41],"tags":[76],"class_list":["post-1801","post","type-post","status-publish","format-gallery","has-post-thumbnail","hentry","category-show","category-painting","tag-demander-le-prix","post_format-post-format-gallery"],"yoast_head":"<!-- This site is optimized with the Yoast SEO plugin v27.4 - https:\/\/yoast.com\/product\/yoast-seo-wordpress\/ -->\n<title>Dans les coulisses de la commedia dell&#039;Arte - Val\u00e9rie LE MEUR<\/title>\n<meta name=\"description\" content=\"Val\u00e9rie LE MEUR Dans les coulisses de la commedia dell&#039;Arte -\" \/>\n<meta name=\"robots\" content=\"index, follow, max-snippet:-1, max-image-preview:large, max-video-preview:-1\" \/>\n<link rel=\"canonical\" href=\"https:\/\/www.valerielemeur.com\/en\/dans-les-coulisses-de-la-commedia-dellarte\/\" \/>\n<meta property=\"og:locale\" content=\"en_GB\" \/>\n<meta property=\"og:type\" content=\"article\" \/>\n<meta property=\"og:title\" content=\"Dans les coulisses de la commedia dell&#039;Arte - Val\u00e9rie LE MEUR\" \/>\n<meta property=\"og:description\" content=\"Val\u00e9rie LE MEUR Dans les coulisses de la commedia dell&#039;Arte -\" \/>\n<meta property=\"og:url\" content=\"https:\/\/www.valerielemeur.com\/en\/dans-les-coulisses-de-la-commedia-dellarte\/\" \/>\n<meta property=\"og:site_name\" content=\"Val\u00e9rie LE MEUR\" \/>\n<meta property=\"article:published_time\" content=\"2019-06-01T15:26:35+00:00\" \/>\n<meta property=\"article:modified_time\" content=\"2024-08-20T17:02:15+00:00\" \/>\n<meta property=\"og:image\" content=\"https:\/\/www.valerielemeur.com\/wp-content\/uploads\/2020\/06\/Dans-les-coulisses-de-la-commedia-dellArte-scaled.jpg\" \/>\n\t<meta property=\"og:image:width\" content=\"2076\" \/>\n\t<meta property=\"og:image:height\" content=\"2560\" \/>\n\t<meta property=\"og:image:type\" content=\"image\/jpeg\" \/>\n<meta name=\"author\" content=\"VLM\" \/>\n<meta name=\"twitter:card\" content=\"summary_large_image\" \/>\n<meta name=\"twitter:label1\" content=\"Written by\" \/>\n\t<meta name=\"twitter:data1\" content=\"VLM\" \/>\n\t<meta name=\"twitter:label2\" content=\"Estimated reading time\" \/>\n\t<meta name=\"twitter:data2\" content=\"2 minutes\" \/>\n<script type=\"application\/ld+json\" class=\"yoast-schema-graph\">{\"@context\":\"https:\\\/\\\/schema.org\",\"@graph\":[{\"@type\":\"Article\",\"@id\":\"https:\\\/\\\/www.valerielemeur.com\\\/dans-les-coulisses-de-la-commedia-dellarte\\\/#article\",\"isPartOf\":{\"@id\":\"https:\\\/\\\/www.valerielemeur.com\\\/dans-les-coulisses-de-la-commedia-dellarte\\\/\"},\"author\":{\"name\":\"VLM\",\"@id\":\"https:\\\/\\\/www.valerielemeur.com\\\/#\\\/schema\\\/person\\\/988a7c5b4614f08d4a29788db12b10bb\"},\"headline\":\"Dans les coulisses de la commedia dell&rsquo;Arte\",\"datePublished\":\"2019-06-01T15:26:35+00:00\",\"dateModified\":\"2024-08-20T17:02:15+00:00\",\"mainEntityOfPage\":{\"@id\":\"https:\\\/\\\/www.valerielemeur.com\\\/dans-les-coulisses-de-la-commedia-dellarte\\\/\"},\"wordCount\":219,\"publisher\":{\"@id\":\"https:\\\/\\\/www.valerielemeur.com\\\/#organization\"},\"image\":{\"@id\":\"https:\\\/\\\/www.valerielemeur.com\\\/dans-les-coulisses-de-la-commedia-dellarte\\\/#primaryimage\"},\"thumbnailUrl\":\"https:\\\/\\\/www.valerielemeur.com\\\/wp-content\\\/uploads\\\/2020\\\/06\\\/Dans-les-coulisses-de-la-commedia-dellArte-scaled.jpg\",\"keywords\":[\"Demander le prix\"],\"articleSection\":[\"Spectacle\",\"Tableau\"],\"inLanguage\":\"en-GB\"},{\"@type\":\"WebPage\",\"@id\":\"https:\\\/\\\/www.valerielemeur.com\\\/dans-les-coulisses-de-la-commedia-dellarte\\\/\",\"url\":\"https:\\\/\\\/www.valerielemeur.com\\\/dans-les-coulisses-de-la-commedia-dellarte\\\/\",\"name\":\"Dans les coulisses de la commedia dell'Arte - Val\u00e9rie LE MEUR\",\"isPartOf\":{\"@id\":\"https:\\\/\\\/www.valerielemeur.com\\\/#website\"},\"primaryImageOfPage\":{\"@id\":\"https:\\\/\\\/www.valerielemeur.com\\\/dans-les-coulisses-de-la-commedia-dellarte\\\/#primaryimage\"},\"image\":{\"@id\":\"https:\\\/\\\/www.valerielemeur.com\\\/dans-les-coulisses-de-la-commedia-dellarte\\\/#primaryimage\"},\"thumbnailUrl\":\"https:\\\/\\\/www.valerielemeur.com\\\/wp-content\\\/uploads\\\/2020\\\/06\\\/Dans-les-coulisses-de-la-commedia-dellArte-scaled.jpg\",\"datePublished\":\"2019-06-01T15:26:35+00:00\",\"dateModified\":\"2024-08-20T17:02:15+00:00\",\"description\":\"Val\u00e9rie LE MEUR Dans les coulisses de la commedia dell'Arte -\",\"breadcrumb\":{\"@id\":\"https:\\\/\\\/www.valerielemeur.com\\\/dans-les-coulisses-de-la-commedia-dellarte\\\/#breadcrumb\"},\"inLanguage\":\"en-GB\",\"potentialAction\":[{\"@type\":\"ReadAction\",\"target\":[\"https:\\\/\\\/www.valerielemeur.com\\\/dans-les-coulisses-de-la-commedia-dellarte\\\/\"]}]},{\"@type\":\"ImageObject\",\"inLanguage\":\"en-GB\",\"@id\":\"https:\\\/\\\/www.valerielemeur.com\\\/dans-les-coulisses-de-la-commedia-dellarte\\\/#primaryimage\",\"url\":\"https:\\\/\\\/www.valerielemeur.com\\\/wp-content\\\/uploads\\\/2020\\\/06\\\/Dans-les-coulisses-de-la-commedia-dellArte-scaled.jpg\",\"contentUrl\":\"https:\\\/\\\/www.valerielemeur.com\\\/wp-content\\\/uploads\\\/2020\\\/06\\\/Dans-les-coulisses-de-la-commedia-dellArte-scaled.jpg\",\"width\":2076,\"height\":2560},{\"@type\":\"BreadcrumbList\",\"@id\":\"https:\\\/\\\/www.valerielemeur.com\\\/dans-les-coulisses-de-la-commedia-dellarte\\\/#breadcrumb\",\"itemListElement\":[{\"@type\":\"ListItem\",\"position\":1,\"name\":\"Accueil\",\"item\":\"https:\\\/\\\/www.valerielemeur.com\\\/\"},{\"@type\":\"ListItem\",\"position\":2,\"name\":\"Dans les coulisses de la commedia dell&rsquo;Arte\"}]},{\"@type\":\"WebSite\",\"@id\":\"https:\\\/\\\/www.valerielemeur.com\\\/#website\",\"url\":\"https:\\\/\\\/www.valerielemeur.com\\\/\",\"name\":\"Val\u00e9rie LE MEUR\",\"description\":\"Artiste Peintre\",\"publisher\":{\"@id\":\"https:\\\/\\\/www.valerielemeur.com\\\/#organization\"},\"potentialAction\":[{\"@type\":\"SearchAction\",\"target\":{\"@type\":\"EntryPoint\",\"urlTemplate\":\"https:\\\/\\\/www.valerielemeur.com\\\/?s={search_term_string}\"},\"query-input\":{\"@type\":\"PropertyValueSpecification\",\"valueRequired\":true,\"valueName\":\"search_term_string\"}}],\"inLanguage\":\"en-GB\"},{\"@type\":\"Organization\",\"@id\":\"https:\\\/\\\/www.valerielemeur.com\\\/#organization\",\"name\":\"valerie le meur\",\"url\":\"https:\\\/\\\/www.valerielemeur.com\\\/\",\"logo\":{\"@type\":\"ImageObject\",\"inLanguage\":\"en-GB\",\"@id\":\"https:\\\/\\\/www.valerielemeur.com\\\/#\\\/schema\\\/logo\\\/image\\\/\",\"url\":\"https:\\\/\\\/www.valerielemeur.com\\\/wp-content\\\/uploads\\\/2020\\\/07\\\/photo-CV-sun.jpg\",\"contentUrl\":\"https:\\\/\\\/www.valerielemeur.com\\\/wp-content\\\/uploads\\\/2020\\\/07\\\/photo-CV-sun.jpg\",\"width\":2373,\"height\":2373,\"caption\":\"valerie le meur\"},\"image\":{\"@id\":\"https:\\\/\\\/www.valerielemeur.com\\\/#\\\/schema\\\/logo\\\/image\\\/\"}},{\"@type\":\"Person\",\"@id\":\"https:\\\/\\\/www.valerielemeur.com\\\/#\\\/schema\\\/person\\\/988a7c5b4614f08d4a29788db12b10bb\",\"name\":\"VLM\",\"image\":{\"@type\":\"ImageObject\",\"inLanguage\":\"en-GB\",\"@id\":\"https:\\\/\\\/secure.gravatar.com\\\/avatar\\\/5d623c2f60da6da613f8db4cef8422938a352a814a1ad2edc307f53256aa32c2?s=96&d=mm&r=g\",\"url\":\"https:\\\/\\\/secure.gravatar.com\\\/avatar\\\/5d623c2f60da6da613f8db4cef8422938a352a814a1ad2edc307f53256aa32c2?s=96&d=mm&r=g\",\"contentUrl\":\"https:\\\/\\\/secure.gravatar.com\\\/avatar\\\/5d623c2f60da6da613f8db4cef8422938a352a814a1ad2edc307f53256aa32c2?s=96&d=mm&r=g\",\"caption\":\"VLM\"},\"sameAs\":[\"https:\\\/\\\/www.valerielemeur.com\"],\"url\":\"https:\\\/\\\/www.valerielemeur.com\\\/en\\\/author\\\/vlm\\\/\"}]}<\/script>\n<!-- \/ Yoast SEO plugin. -->","yoast_head_json":{"title":"Dans les coulisses de la commedia dell'Arte - Val\u00e9rie LE MEUR","description":"Val\u00e9rie LE MEUR Dans les coulisses de la commedia dell'Arte -","robots":{"index":"index","follow":"follow","max-snippet":"max-snippet:-1","max-image-preview":"max-image-preview:large","max-video-preview":"max-video-preview:-1"},"canonical":"https:\/\/www.valerielemeur.com\/en\/dans-les-coulisses-de-la-commedia-dellarte\/","og_locale":"en_GB","og_type":"article","og_title":"Dans les coulisses de la commedia dell'Arte - Val\u00e9rie LE MEUR","og_description":"Val\u00e9rie LE MEUR Dans les coulisses de la commedia dell'Arte -","og_url":"https:\/\/www.valerielemeur.com\/en\/dans-les-coulisses-de-la-commedia-dellarte\/","og_site_name":"Val\u00e9rie LE MEUR","article_published_time":"2019-06-01T15:26:35+00:00","article_modified_time":"2024-08-20T17:02:15+00:00","og_image":[{"width":2076,"height":2560,"url":"https:\/\/www.valerielemeur.com\/wp-content\/uploads\/2020\/06\/Dans-les-coulisses-de-la-commedia-dellArte-scaled.jpg","type":"image\/jpeg"}],"author":"VLM","twitter_card":"summary_large_image","twitter_misc":{"Written by":"VLM","Estimated reading time":"2 minutes"},"schema":{"@context":"https:\/\/schema.org","@graph":[{"@type":"Article","@id":"https:\/\/www.valerielemeur.com\/dans-les-coulisses-de-la-commedia-dellarte\/#article","isPartOf":{"@id":"https:\/\/www.valerielemeur.com\/dans-les-coulisses-de-la-commedia-dellarte\/"},"author":{"name":"VLM","@id":"https:\/\/www.valerielemeur.com\/#\/schema\/person\/988a7c5b4614f08d4a29788db12b10bb"},"headline":"Dans les coulisses de la commedia dell&rsquo;Arte","datePublished":"2019-06-01T15:26:35+00:00","dateModified":"2024-08-20T17:02:15+00:00","mainEntityOfPage":{"@id":"https:\/\/www.valerielemeur.com\/dans-les-coulisses-de-la-commedia-dellarte\/"},"wordCount":219,"publisher":{"@id":"https:\/\/www.valerielemeur.com\/#organization"},"image":{"@id":"https:\/\/www.valerielemeur.com\/dans-les-coulisses-de-la-commedia-dellarte\/#primaryimage"},"thumbnailUrl":"https:\/\/www.valerielemeur.com\/wp-content\/uploads\/2020\/06\/Dans-les-coulisses-de-la-commedia-dellArte-scaled.jpg","keywords":["Demander le prix"],"articleSection":["Spectacle","Tableau"],"inLanguage":"en-GB"},{"@type":"WebPage","@id":"https:\/\/www.valerielemeur.com\/dans-les-coulisses-de-la-commedia-dellarte\/","url":"https:\/\/www.valerielemeur.com\/dans-les-coulisses-de-la-commedia-dellarte\/","name":"Dans les coulisses de la commedia dell'Arte - Val\u00e9rie LE MEUR","isPartOf":{"@id":"https:\/\/www.valerielemeur.com\/#website"},"primaryImageOfPage":{"@id":"https:\/\/www.valerielemeur.com\/dans-les-coulisses-de-la-commedia-dellarte\/#primaryimage"},"image":{"@id":"https:\/\/www.valerielemeur.com\/dans-les-coulisses-de-la-commedia-dellarte\/#primaryimage"},"thumbnailUrl":"https:\/\/www.valerielemeur.com\/wp-content\/uploads\/2020\/06\/Dans-les-coulisses-de-la-commedia-dellArte-scaled.jpg","datePublished":"2019-06-01T15:26:35+00:00","dateModified":"2024-08-20T17:02:15+00:00","description":"Val\u00e9rie LE MEUR Dans les coulisses de la commedia dell'Arte -","breadcrumb":{"@id":"https:\/\/www.valerielemeur.com\/dans-les-coulisses-de-la-commedia-dellarte\/#breadcrumb"},"inLanguage":"en-GB","potentialAction":[{"@type":"ReadAction","target":["https:\/\/www.valerielemeur.com\/dans-les-coulisses-de-la-commedia-dellarte\/"]}]},{"@type":"ImageObject","inLanguage":"en-GB","@id":"https:\/\/www.valerielemeur.com\/dans-les-coulisses-de-la-commedia-dellarte\/#primaryimage","url":"https:\/\/www.valerielemeur.com\/wp-content\/uploads\/2020\/06\/Dans-les-coulisses-de-la-commedia-dellArte-scaled.jpg","contentUrl":"https:\/\/www.valerielemeur.com\/wp-content\/uploads\/2020\/06\/Dans-les-coulisses-de-la-commedia-dellArte-scaled.jpg","width":2076,"height":2560},{"@type":"BreadcrumbList","@id":"https:\/\/www.valerielemeur.com\/dans-les-coulisses-de-la-commedia-dellarte\/#breadcrumb","itemListElement":[{"@type":"ListItem","position":1,"name":"Accueil","item":"https:\/\/www.valerielemeur.com\/"},{"@type":"ListItem","position":2,"name":"Dans les coulisses de la commedia dell&rsquo;Arte"}]},{"@type":"WebSite","@id":"https:\/\/www.valerielemeur.com\/#website","url":"https:\/\/www.valerielemeur.com\/","name":"Val\u00e9rie LE MEUR","description":"Painter","publisher":{"@id":"https:\/\/www.valerielemeur.com\/#organization"},"potentialAction":[{"@type":"SearchAction","target":{"@type":"EntryPoint","urlTemplate":"https:\/\/www.valerielemeur.com\/?s={search_term_string}"},"query-input":{"@type":"PropertyValueSpecification","valueRequired":true,"valueName":"search_term_string"}}],"inLanguage":"en-GB"},{"@type":"Organization","@id":"https:\/\/www.valerielemeur.com\/#organization","name":"valerie le meur","url":"https:\/\/www.valerielemeur.com\/","logo":{"@type":"ImageObject","inLanguage":"en-GB","@id":"https:\/\/www.valerielemeur.com\/#\/schema\/logo\/image\/","url":"https:\/\/www.valerielemeur.com\/wp-content\/uploads\/2020\/07\/photo-CV-sun.jpg","contentUrl":"https:\/\/www.valerielemeur.com\/wp-content\/uploads\/2020\/07\/photo-CV-sun.jpg","width":2373,"height":2373,"caption":"valerie le meur"},"image":{"@id":"https:\/\/www.valerielemeur.com\/#\/schema\/logo\/image\/"}},{"@type":"Person","@id":"https:\/\/www.valerielemeur.com\/#\/schema\/person\/988a7c5b4614f08d4a29788db12b10bb","name":"VLM","image":{"@type":"ImageObject","inLanguage":"en-GB","@id":"https:\/\/secure.gravatar.com\/avatar\/5d623c2f60da6da613f8db4cef8422938a352a814a1ad2edc307f53256aa32c2?s=96&d=mm&r=g","url":"https:\/\/secure.gravatar.com\/avatar\/5d623c2f60da6da613f8db4cef8422938a352a814a1ad2edc307f53256aa32c2?s=96&d=mm&r=g","contentUrl":"https:\/\/secure.gravatar.com\/avatar\/5d623c2f60da6da613f8db4cef8422938a352a814a1ad2edc307f53256aa32c2?s=96&d=mm&r=g","caption":"VLM"},"sameAs":["https:\/\/www.valerielemeur.com"],"url":"https:\/\/www.valerielemeur.com\/en\/author\/vlm\/"}]}},"jetpack_featured_media_url":"https:\/\/www.valerielemeur.com\/wp-content\/uploads\/2020\/06\/Dans-les-coulisses-de-la-commedia-dellArte-scaled.jpg","uagb_featured_image_src":{"full":["https:\/\/www.valerielemeur.com\/wp-content\/uploads\/2020\/06\/Dans-les-coulisses-de-la-commedia-dellArte-scaled.jpg",2076,2560,false],"thumbnail":["https:\/\/www.valerielemeur.com\/wp-content\/uploads\/2020\/06\/Dans-les-coulisses-de-la-commedia-dellArte-150x150.jpg",150,150,true],"medium":["https:\/\/www.valerielemeur.com\/wp-content\/uploads\/2020\/06\/Dans-les-coulisses-de-la-commedia-dellArte-243x300.jpg",243,300,true],"medium_large":["https:\/\/www.valerielemeur.com\/wp-content\/uploads\/2020\/06\/Dans-les-coulisses-de-la-commedia-dellArte-768x947.jpg",768,947,true],"large":["https:\/\/www.valerielemeur.com\/wp-content\/uploads\/2020\/06\/Dans-les-coulisses-de-la-commedia-dellArte-830x1024.jpg",830,1024,true],"1536x1536":["https:\/\/www.valerielemeur.com\/wp-content\/uploads\/2020\/06\/Dans-les-coulisses-de-la-commedia-dellArte-1246x1536.jpg",1246,1536,true],"2048x2048":["https:\/\/www.valerielemeur.com\/wp-content\/uploads\/2020\/06\/Dans-les-coulisses-de-la-commedia-dellArte-1661x2048.jpg",1661,2048,true],"trp-custom-language-flag":["https:\/\/www.valerielemeur.com\/wp-content\/uploads\/2020\/06\/Dans-les-coulisses-de-la-commedia-dellArte-scaled.jpg",10,12,false]},"uagb_author_info":{"display_name":"VLM","author_link":"https:\/\/www.valerielemeur.com\/en\/author\/vlm\/"},"uagb_comment_info":0,"uagb_excerpt":"Acrylique sur Toile (73x60x4 cm) 1350 \u20ac +livraison Les figures masqu\u00e9es sont rang\u00e9es dans les coulisses en attendant le prochain spectacleLe coup de pinceau n&rsquo;est pas pr\u00e9cis, moins r\u00e9aliste que pr\u00e9c\u00e9demment: on est entre le r\u00eave et la r\u00e9alit\u00e9: les personnages sont peut \u00eatre r\u00e9els ou non. dat\u00e9 et sign\u00e9 au dosles cot\u00e9s sont peints&hellip;","jetpack_sharing_enabled":true,"_links":{"self":[{"href":"https:\/\/www.valerielemeur.com\/en\/wp-json\/wp\/v2\/posts\/1801","targetHints":{"allow":["GET"]}}],"collection":[{"href":"https:\/\/www.valerielemeur.com\/en\/wp-json\/wp\/v2\/posts"}],"about":[{"href":"https:\/\/www.valerielemeur.com\/en\/wp-json\/wp\/v2\/types\/post"}],"author":[{"embeddable":true,"href":"https:\/\/www.valerielemeur.com\/en\/wp-json\/wp\/v2\/users\/1"}],"replies":[{"embeddable":true,"href":"https:\/\/www.valerielemeur.com\/en\/wp-json\/wp\/v2\/comments?post=1801"}],"version-history":[{"count":11,"href":"https:\/\/www.valerielemeur.com\/en\/wp-json\/wp\/v2\/posts\/1801\/revisions"}],"predecessor-version":[{"id":4786,"href":"https:\/\/www.valerielemeur.com\/en\/wp-json\/wp\/v2\/posts\/1801\/revisions\/4786"}],"wp:featuredmedia":[{"embeddable":true,"href":"https:\/\/www.valerielemeur.com\/en\/wp-json\/wp\/v2\/media\/1338"}],"wp:attachment":[{"href":"https:\/\/www.valerielemeur.com\/en\/wp-json\/wp\/v2\/media?parent=1801"}],"wp:term":[{"taxonomy":"category","embeddable":true,"href":"https:\/\/www.valerielemeur.com\/en\/wp-json\/wp\/v2\/categories?post=1801"},{"taxonomy":"post_tag","embeddable":true,"href":"https:\/\/www.valerielemeur.com\/en\/wp-json\/wp\/v2\/tags?post=1801"}],"curies":[{"name":"wp","href":"https:\/\/api.w.org\/{rel}","templated":true}]}}