{"id":1811,"date":"2019-07-18T15:36:54","date_gmt":"2019-07-18T15:36:54","guid":{"rendered":"https:\/\/www.valerielemeur.com\/?p=1811"},"modified":"2024-08-20T17:02:05","modified_gmt":"2024-08-20T17:02:05","slug":"les-bouffes-du-nord","status":"publish","type":"post","link":"https:\/\/www.valerielemeur.com\/en\/les-bouffes-du-nord\/","title":{"rendered":"Les Bouffes du nord"},"content":{"rendered":"<figure class=\"wp-block-image size-full is-style-default\"><img loading=\"lazy\" decoding=\"async\" width=\"1806\" height=\"2560\" src=\"https:\/\/www.valerielemeur.com\/wp-content\/uploads\/2020\/06\/Les-Bouffes-du-nord-scaled.jpg\" alt=\"\" class=\"wp-image-1341\" srcset=\"https:\/\/www.valerielemeur.com\/wp-content\/uploads\/2020\/06\/Les-Bouffes-du-nord-scaled.jpg 1806w, https:\/\/www.valerielemeur.com\/wp-content\/uploads\/2020\/06\/Les-Bouffes-du-nord-212x300.jpg 212w, https:\/\/www.valerielemeur.com\/wp-content\/uploads\/2020\/06\/Les-Bouffes-du-nord-723x1024.jpg 723w, https:\/\/www.valerielemeur.com\/wp-content\/uploads\/2020\/06\/Les-Bouffes-du-nord-768x1088.jpg 768w, https:\/\/www.valerielemeur.com\/wp-content\/uploads\/2020\/06\/Les-Bouffes-du-nord-1084x1536.jpg 1084w, https:\/\/www.valerielemeur.com\/wp-content\/uploads\/2020\/06\/Les-Bouffes-du-nord-1445x2048.jpg 1445w\" sizes=\"auto, (max-width: 1806px) 100vw, 1806px\" \/><\/figure>\n\n\n\n<div class=\"wp-block-columns is-layout-flex wp-container-core-columns-is-layout-28f84493 wp-block-columns-is-layout-flex\">\n<div class=\"wp-block-column is-layout-flow wp-block-column-is-layout-flow\" style=\"flex-basis:66.66%\">\n<p class=\"has-normal-font-size\">Acrylique sur Toile (50x35x2 cm)<\/p>\n<\/div>\n\n\n\n<div class=\"wp-block-column is-layout-flow wp-block-column-is-layout-flow\"><\/div>\n\n\n\n<div class=\"wp-block-column is-layout-flow wp-block-column-is-layout-flow\" style=\"flex-basis:33.33%\">\n<p class=\"has-normal-font-size\"><\/p>\n<\/div>\n<\/div>\n\n\n\n<p class=\"has-ast-global-color-8-color has-text-color has-medium-font-size\">540\u20ac +livraison<\/p>\n\n\n\n<p class=\"has-medium-font-size\"><br><br>Dans la s\u00e9rie des th\u00e9\u00e2tres parisiens; voici celui des Bouffes du Nord, porte de la chapelle.<br>Un th\u00e9\u00e2tre tr\u00e8s ancien sans sc\u00e8ne, les com\u00e9diens jouent litt\u00e9ralement aux pieds des spectateurs (du moins dans le dernier spectacle que j&rsquo;ai vu). Les spectateurs sont donc acteurs et spectateurs \u00e0 la fois.<br>Dans ce tableau j&rsquo;ai voulu traduire une ambiance cozy et n\u00e9anmoins un sentiment d&rsquo;abandon \u00e9mane de cette peinture, comme un th\u00e9\u00e2tre qui aurait \u00e9t\u00e9 oubli\u00e9. Les si\u00e8ges sont vides, en attente des spectateurs, les lumi\u00e8res se pr\u00e9parent, c&rsquo;est une sc\u00e8ne de concentration, de silence, comme lorsque les com\u00e9diens se pr\u00e9parent avant le spectacle.<\/p>\n\n\n\n<p class=\"has-medium-font-size\">Pr\u00eat \u00e0 accrocher, les cot\u00e9s sont prot\u00e9g\u00e9es par un ruban noir; Dat\u00e9, sign\u00e9; le tableau est prot\u00e9g\u00e9 par un vernis acrylique brillant; livrer avec une facture et un certificat d&rsquo;authenticit\u00e9.<\/p>\n\n\n\n<p class=\"has-vivid-cyan-blue-color has-text-color has-medium-font-size\">Painting:&nbsp;Acrylic&nbsp;on Canvas.<\/p>\n\n\n\n<p class=\"has-vivid-cyan-blue-color has-text-color has-medium-font-size\">From the series: theatre and entertainment, this is the theatre of les Bouffes du Nord, in Paris where I&rsquo;ve seen recently a play by Peter Brooke.<br>It&rsquo;s a very old theatre with no scene so the actors play directly at the feet of the spectactors, which make them spectators and actors as well.<br><br>In this painting I wanted to convey the emotion of a theatre before the show starts; when the technicians make the last tests. The scene is cozy and yet there is an atmosphere of an abandoned building. Seats are empty, waiting for the audience to fill in.<br>It&rsquo;s a scene of concentration, of silence before the rush of the audience and the passion of the actors.<br><br>dated, signed,<br>ready to hang on a wall<br>acrylic varnish<\/p>","protected":false},"excerpt":{"rendered":"<p>Acrylique sur Toile (50x35x2 cm) 540\u20ac +livraison Dans la s\u00e9rie des th\u00e9\u00e2tres parisiens; voici celui des Bouffes du Nord, porte de la chapelle.Un th\u00e9\u00e2tre tr\u00e8s ancien sans sc\u00e8ne, les com\u00e9diens jouent litt\u00e9ralement aux pieds des spectateurs (du moins dans le dernier spectacle que j&rsquo;ai vu). Les spectateurs sont donc acteurs et spectateurs \u00e0 la fois.Dans [&hellip;]<\/p>\n","protected":false},"author":1,"featured_media":1341,"comment_status":"closed","ping_status":"closed","sticky":false,"template":"","format":"gallery","meta":{"_uag_custom_page_level_css":"","site-sidebar-layout":"default","site-content-layout":null,"ast-site-content-layout":"default","site-content-style":"default","site-sidebar-style":"default","ast-global-header-display":"","ast-banner-title-visibility":"","ast-main-header-display":"","ast-hfb-above-header-display":null,"ast-hfb-below-header-display":null,"ast-hfb-mobile-header-display":null,"site-post-title":"enabled","ast-breadcrumbs-content":null,"ast-featured-img":"disabled","footer-sml-layout":"","ast-disable-related-posts":"","theme-transparent-header-meta":"enabled","adv-header-id-meta":null,"stick-header-meta":null,"header-above-stick-meta":null,"header-main-stick-meta":null,"header-below-stick-meta":null,"astra-migrate-meta-layouts":"default","ast-page-background-enabled":"default","ast-page-background-meta":{"desktop":{"background-color":"","background-image":"","background-repeat":"repeat","background-position":"center center","background-size":"auto","background-attachment":"scroll","background-type":"","background-media":"","overlay-type":"","overlay-color":"","overlay-opacity":"","overlay-gradient":""},"tablet":{"background-color":"","background-image":"","background-repeat":"repeat","background-position":"center center","background-size":"auto","background-attachment":"scroll","background-type":"","background-media":"","overlay-type":"","overlay-color":"","overlay-opacity":"","overlay-gradient":""},"mobile":{"background-color":"","background-image":"","background-repeat":"repeat","background-position":"center center","background-size":"auto","background-attachment":"scroll","background-type":"","background-media":"","overlay-type":"","overlay-color":"","overlay-opacity":"","overlay-gradient":""}},"ast-content-background-meta":{"desktop":{"background-color":"var(--ast-global-color-5)","background-image":"","background-repeat":"repeat","background-position":"center center","background-size":"auto","background-attachment":"scroll","background-type":"","background-media":"","overlay-type":"","overlay-color":"","overlay-opacity":"","overlay-gradient":""},"tablet":{"background-color":"var(--ast-global-color-5)","background-image":"","background-repeat":"repeat","background-position":"center center","background-size":"auto","background-attachment":"scroll","background-type":"","background-media":"","overlay-type":"","overlay-color":"","overlay-opacity":"","overlay-gradient":""},"mobile":{"background-color":"var(--ast-global-color-5)","background-image":"","background-repeat":"repeat","background-position":"center center","background-size":"auto","background-attachment":"scroll","background-type":"","background-media":"","overlay-type":"","overlay-color":"","overlay-opacity":"","overlay-gradient":""}},"_jetpack_memberships_contains_paid_content":false,"footnotes":""},"categories":[47,41],"tags":[79],"class_list":["post-1811","post","type-post","status-publish","format-gallery","has-post-thumbnail","hentry","category-show","category-painting","tag-531-e","post_format-post-format-gallery"],"yoast_head":"<!-- This site is optimized with the Yoast SEO plugin v27.4 - https:\/\/yoast.com\/product\/yoast-seo-wordpress\/ -->\n<title>Les Bouffes du nord - Val\u00e9rie LE MEUR<\/title>\n<meta name=\"description\" content=\"Val\u00e9rie LE MEUR Les Bouffes du nord Tableau -\" \/>\n<meta name=\"robots\" content=\"index, follow, max-snippet:-1, max-image-preview:large, max-video-preview:-1\" \/>\n<link rel=\"canonical\" href=\"https:\/\/www.valerielemeur.com\/en\/les-bouffes-du-nord\/\" \/>\n<meta property=\"og:locale\" content=\"en_GB\" \/>\n<meta property=\"og:type\" content=\"article\" \/>\n<meta property=\"og:title\" content=\"Les Bouffes du nord - Val\u00e9rie LE MEUR\" \/>\n<meta property=\"og:description\" content=\"Val\u00e9rie LE MEUR Les Bouffes du nord Tableau -\" \/>\n<meta property=\"og:url\" content=\"https:\/\/www.valerielemeur.com\/en\/les-bouffes-du-nord\/\" \/>\n<meta property=\"og:site_name\" content=\"Val\u00e9rie LE MEUR\" \/>\n<meta property=\"article:published_time\" content=\"2019-07-18T15:36:54+00:00\" \/>\n<meta property=\"article:modified_time\" content=\"2024-08-20T17:02:05+00:00\" \/>\n<meta property=\"og:image\" content=\"https:\/\/www.valerielemeur.com\/wp-content\/uploads\/2020\/06\/Les-Bouffes-du-nord-scaled.jpg\" \/>\n\t<meta property=\"og:image:width\" content=\"1806\" \/>\n\t<meta property=\"og:image:height\" content=\"2560\" \/>\n\t<meta property=\"og:image:type\" content=\"image\/jpeg\" \/>\n<meta name=\"author\" content=\"VLM\" \/>\n<meta name=\"twitter:card\" content=\"summary_large_image\" \/>\n<meta name=\"twitter:label1\" content=\"Written by\" \/>\n\t<meta name=\"twitter:data1\" content=\"VLM\" \/>\n\t<meta name=\"twitter:label2\" content=\"Estimated reading time\" \/>\n\t<meta name=\"twitter:data2\" content=\"2 minutes\" \/>\n<script type=\"application\/ld+json\" class=\"yoast-schema-graph\">{\"@context\":\"https:\\\/\\\/schema.org\",\"@graph\":[{\"@type\":\"Article\",\"@id\":\"https:\\\/\\\/www.valerielemeur.com\\\/les-bouffes-du-nord\\\/#article\",\"isPartOf\":{\"@id\":\"https:\\\/\\\/www.valerielemeur.com\\\/les-bouffes-du-nord\\\/\"},\"author\":{\"name\":\"VLM\",\"@id\":\"https:\\\/\\\/www.valerielemeur.com\\\/#\\\/schema\\\/person\\\/988a7c5b4614f08d4a29788db12b10bb\"},\"headline\":\"Les Bouffes du nord\",\"datePublished\":\"2019-07-18T15:36:54+00:00\",\"dateModified\":\"2024-08-20T17:02:05+00:00\",\"mainEntityOfPage\":{\"@id\":\"https:\\\/\\\/www.valerielemeur.com\\\/les-bouffes-du-nord\\\/\"},\"wordCount\":303,\"publisher\":{\"@id\":\"https:\\\/\\\/www.valerielemeur.com\\\/#organization\"},\"image\":{\"@id\":\"https:\\\/\\\/www.valerielemeur.com\\\/les-bouffes-du-nord\\\/#primaryimage\"},\"thumbnailUrl\":\"https:\\\/\\\/www.valerielemeur.com\\\/wp-content\\\/uploads\\\/2020\\\/06\\\/Les-Bouffes-du-nord-scaled.jpg\",\"keywords\":[\"531 \u20ac\"],\"articleSection\":[\"Spectacle\",\"Tableau\"],\"inLanguage\":\"en-GB\"},{\"@type\":\"WebPage\",\"@id\":\"https:\\\/\\\/www.valerielemeur.com\\\/les-bouffes-du-nord\\\/\",\"url\":\"https:\\\/\\\/www.valerielemeur.com\\\/les-bouffes-du-nord\\\/\",\"name\":\"Les Bouffes du nord - Val\u00e9rie LE MEUR\",\"isPartOf\":{\"@id\":\"https:\\\/\\\/www.valerielemeur.com\\\/#website\"},\"primaryImageOfPage\":{\"@id\":\"https:\\\/\\\/www.valerielemeur.com\\\/les-bouffes-du-nord\\\/#primaryimage\"},\"image\":{\"@id\":\"https:\\\/\\\/www.valerielemeur.com\\\/les-bouffes-du-nord\\\/#primaryimage\"},\"thumbnailUrl\":\"https:\\\/\\\/www.valerielemeur.com\\\/wp-content\\\/uploads\\\/2020\\\/06\\\/Les-Bouffes-du-nord-scaled.jpg\",\"datePublished\":\"2019-07-18T15:36:54+00:00\",\"dateModified\":\"2024-08-20T17:02:05+00:00\",\"description\":\"Val\u00e9rie LE MEUR Les Bouffes du nord Tableau -\",\"breadcrumb\":{\"@id\":\"https:\\\/\\\/www.valerielemeur.com\\\/les-bouffes-du-nord\\\/#breadcrumb\"},\"inLanguage\":\"en-GB\",\"potentialAction\":[{\"@type\":\"ReadAction\",\"target\":[\"https:\\\/\\\/www.valerielemeur.com\\\/les-bouffes-du-nord\\\/\"]}]},{\"@type\":\"ImageObject\",\"inLanguage\":\"en-GB\",\"@id\":\"https:\\\/\\\/www.valerielemeur.com\\\/les-bouffes-du-nord\\\/#primaryimage\",\"url\":\"https:\\\/\\\/www.valerielemeur.com\\\/wp-content\\\/uploads\\\/2020\\\/06\\\/Les-Bouffes-du-nord-scaled.jpg\",\"contentUrl\":\"https:\\\/\\\/www.valerielemeur.com\\\/wp-content\\\/uploads\\\/2020\\\/06\\\/Les-Bouffes-du-nord-scaled.jpg\",\"width\":1806,\"height\":2560},{\"@type\":\"BreadcrumbList\",\"@id\":\"https:\\\/\\\/www.valerielemeur.com\\\/les-bouffes-du-nord\\\/#breadcrumb\",\"itemListElement\":[{\"@type\":\"ListItem\",\"position\":1,\"name\":\"Accueil\",\"item\":\"https:\\\/\\\/www.valerielemeur.com\\\/\"},{\"@type\":\"ListItem\",\"position\":2,\"name\":\"Les Bouffes du nord\"}]},{\"@type\":\"WebSite\",\"@id\":\"https:\\\/\\\/www.valerielemeur.com\\\/#website\",\"url\":\"https:\\\/\\\/www.valerielemeur.com\\\/\",\"name\":\"Val\u00e9rie LE MEUR\",\"description\":\"Artiste Peintre\",\"publisher\":{\"@id\":\"https:\\\/\\\/www.valerielemeur.com\\\/#organization\"},\"potentialAction\":[{\"@type\":\"SearchAction\",\"target\":{\"@type\":\"EntryPoint\",\"urlTemplate\":\"https:\\\/\\\/www.valerielemeur.com\\\/?s={search_term_string}\"},\"query-input\":{\"@type\":\"PropertyValueSpecification\",\"valueRequired\":true,\"valueName\":\"search_term_string\"}}],\"inLanguage\":\"en-GB\"},{\"@type\":\"Organization\",\"@id\":\"https:\\\/\\\/www.valerielemeur.com\\\/#organization\",\"name\":\"valerie le meur\",\"url\":\"https:\\\/\\\/www.valerielemeur.com\\\/\",\"logo\":{\"@type\":\"ImageObject\",\"inLanguage\":\"en-GB\",\"@id\":\"https:\\\/\\\/www.valerielemeur.com\\\/#\\\/schema\\\/logo\\\/image\\\/\",\"url\":\"https:\\\/\\\/www.valerielemeur.com\\\/wp-content\\\/uploads\\\/2020\\\/07\\\/photo-CV-sun.jpg\",\"contentUrl\":\"https:\\\/\\\/www.valerielemeur.com\\\/wp-content\\\/uploads\\\/2020\\\/07\\\/photo-CV-sun.jpg\",\"width\":2373,\"height\":2373,\"caption\":\"valerie le meur\"},\"image\":{\"@id\":\"https:\\\/\\\/www.valerielemeur.com\\\/#\\\/schema\\\/logo\\\/image\\\/\"}},{\"@type\":\"Person\",\"@id\":\"https:\\\/\\\/www.valerielemeur.com\\\/#\\\/schema\\\/person\\\/988a7c5b4614f08d4a29788db12b10bb\",\"name\":\"VLM\",\"image\":{\"@type\":\"ImageObject\",\"inLanguage\":\"en-GB\",\"@id\":\"https:\\\/\\\/secure.gravatar.com\\\/avatar\\\/5d623c2f60da6da613f8db4cef8422938a352a814a1ad2edc307f53256aa32c2?s=96&d=mm&r=g\",\"url\":\"https:\\\/\\\/secure.gravatar.com\\\/avatar\\\/5d623c2f60da6da613f8db4cef8422938a352a814a1ad2edc307f53256aa32c2?s=96&d=mm&r=g\",\"contentUrl\":\"https:\\\/\\\/secure.gravatar.com\\\/avatar\\\/5d623c2f60da6da613f8db4cef8422938a352a814a1ad2edc307f53256aa32c2?s=96&d=mm&r=g\",\"caption\":\"VLM\"},\"sameAs\":[\"https:\\\/\\\/www.valerielemeur.com\"],\"url\":\"https:\\\/\\\/www.valerielemeur.com\\\/en\\\/author\\\/vlm\\\/\"}]}<\/script>\n<!-- \/ Yoast SEO plugin. -->","yoast_head_json":{"title":"Les Bouffes du nord - Val\u00e9rie LE MEUR","description":"Val\u00e9rie LE MEUR Les Bouffes du nord Tableau -","robots":{"index":"index","follow":"follow","max-snippet":"max-snippet:-1","max-image-preview":"max-image-preview:large","max-video-preview":"max-video-preview:-1"},"canonical":"https:\/\/www.valerielemeur.com\/en\/les-bouffes-du-nord\/","og_locale":"en_GB","og_type":"article","og_title":"Les Bouffes du nord - Val\u00e9rie LE MEUR","og_description":"Val\u00e9rie LE MEUR Les Bouffes du nord Tableau -","og_url":"https:\/\/www.valerielemeur.com\/en\/les-bouffes-du-nord\/","og_site_name":"Val\u00e9rie LE MEUR","article_published_time":"2019-07-18T15:36:54+00:00","article_modified_time":"2024-08-20T17:02:05+00:00","og_image":[{"width":1806,"height":2560,"url":"https:\/\/www.valerielemeur.com\/wp-content\/uploads\/2020\/06\/Les-Bouffes-du-nord-scaled.jpg","type":"image\/jpeg"}],"author":"VLM","twitter_card":"summary_large_image","twitter_misc":{"Written by":"VLM","Estimated reading time":"2 minutes"},"schema":{"@context":"https:\/\/schema.org","@graph":[{"@type":"Article","@id":"https:\/\/www.valerielemeur.com\/les-bouffes-du-nord\/#article","isPartOf":{"@id":"https:\/\/www.valerielemeur.com\/les-bouffes-du-nord\/"},"author":{"name":"VLM","@id":"https:\/\/www.valerielemeur.com\/#\/schema\/person\/988a7c5b4614f08d4a29788db12b10bb"},"headline":"Les Bouffes du nord","datePublished":"2019-07-18T15:36:54+00:00","dateModified":"2024-08-20T17:02:05+00:00","mainEntityOfPage":{"@id":"https:\/\/www.valerielemeur.com\/les-bouffes-du-nord\/"},"wordCount":303,"publisher":{"@id":"https:\/\/www.valerielemeur.com\/#organization"},"image":{"@id":"https:\/\/www.valerielemeur.com\/les-bouffes-du-nord\/#primaryimage"},"thumbnailUrl":"https:\/\/www.valerielemeur.com\/wp-content\/uploads\/2020\/06\/Les-Bouffes-du-nord-scaled.jpg","keywords":["531 \u20ac"],"articleSection":["Spectacle","Tableau"],"inLanguage":"en-GB"},{"@type":"WebPage","@id":"https:\/\/www.valerielemeur.com\/les-bouffes-du-nord\/","url":"https:\/\/www.valerielemeur.com\/les-bouffes-du-nord\/","name":"Les Bouffes du nord - Val\u00e9rie LE MEUR","isPartOf":{"@id":"https:\/\/www.valerielemeur.com\/#website"},"primaryImageOfPage":{"@id":"https:\/\/www.valerielemeur.com\/les-bouffes-du-nord\/#primaryimage"},"image":{"@id":"https:\/\/www.valerielemeur.com\/les-bouffes-du-nord\/#primaryimage"},"thumbnailUrl":"https:\/\/www.valerielemeur.com\/wp-content\/uploads\/2020\/06\/Les-Bouffes-du-nord-scaled.jpg","datePublished":"2019-07-18T15:36:54+00:00","dateModified":"2024-08-20T17:02:05+00:00","description":"Val\u00e9rie LE MEUR Les Bouffes du nord Tableau -","breadcrumb":{"@id":"https:\/\/www.valerielemeur.com\/les-bouffes-du-nord\/#breadcrumb"},"inLanguage":"en-GB","potentialAction":[{"@type":"ReadAction","target":["https:\/\/www.valerielemeur.com\/les-bouffes-du-nord\/"]}]},{"@type":"ImageObject","inLanguage":"en-GB","@id":"https:\/\/www.valerielemeur.com\/les-bouffes-du-nord\/#primaryimage","url":"https:\/\/www.valerielemeur.com\/wp-content\/uploads\/2020\/06\/Les-Bouffes-du-nord-scaled.jpg","contentUrl":"https:\/\/www.valerielemeur.com\/wp-content\/uploads\/2020\/06\/Les-Bouffes-du-nord-scaled.jpg","width":1806,"height":2560},{"@type":"BreadcrumbList","@id":"https:\/\/www.valerielemeur.com\/les-bouffes-du-nord\/#breadcrumb","itemListElement":[{"@type":"ListItem","position":1,"name":"Accueil","item":"https:\/\/www.valerielemeur.com\/"},{"@type":"ListItem","position":2,"name":"Les Bouffes du nord"}]},{"@type":"WebSite","@id":"https:\/\/www.valerielemeur.com\/#website","url":"https:\/\/www.valerielemeur.com\/","name":"Val\u00e9rie LE MEUR","description":"Painter","publisher":{"@id":"https:\/\/www.valerielemeur.com\/#organization"},"potentialAction":[{"@type":"SearchAction","target":{"@type":"EntryPoint","urlTemplate":"https:\/\/www.valerielemeur.com\/?s={search_term_string}"},"query-input":{"@type":"PropertyValueSpecification","valueRequired":true,"valueName":"search_term_string"}}],"inLanguage":"en-GB"},{"@type":"Organization","@id":"https:\/\/www.valerielemeur.com\/#organization","name":"valerie le meur","url":"https:\/\/www.valerielemeur.com\/","logo":{"@type":"ImageObject","inLanguage":"en-GB","@id":"https:\/\/www.valerielemeur.com\/#\/schema\/logo\/image\/","url":"https:\/\/www.valerielemeur.com\/wp-content\/uploads\/2020\/07\/photo-CV-sun.jpg","contentUrl":"https:\/\/www.valerielemeur.com\/wp-content\/uploads\/2020\/07\/photo-CV-sun.jpg","width":2373,"height":2373,"caption":"valerie le meur"},"image":{"@id":"https:\/\/www.valerielemeur.com\/#\/schema\/logo\/image\/"}},{"@type":"Person","@id":"https:\/\/www.valerielemeur.com\/#\/schema\/person\/988a7c5b4614f08d4a29788db12b10bb","name":"VLM","image":{"@type":"ImageObject","inLanguage":"en-GB","@id":"https:\/\/secure.gravatar.com\/avatar\/5d623c2f60da6da613f8db4cef8422938a352a814a1ad2edc307f53256aa32c2?s=96&d=mm&r=g","url":"https:\/\/secure.gravatar.com\/avatar\/5d623c2f60da6da613f8db4cef8422938a352a814a1ad2edc307f53256aa32c2?s=96&d=mm&r=g","contentUrl":"https:\/\/secure.gravatar.com\/avatar\/5d623c2f60da6da613f8db4cef8422938a352a814a1ad2edc307f53256aa32c2?s=96&d=mm&r=g","caption":"VLM"},"sameAs":["https:\/\/www.valerielemeur.com"],"url":"https:\/\/www.valerielemeur.com\/en\/author\/vlm\/"}]}},"jetpack_featured_media_url":"https:\/\/www.valerielemeur.com\/wp-content\/uploads\/2020\/06\/Les-Bouffes-du-nord-scaled.jpg","uagb_featured_image_src":{"full":["https:\/\/www.valerielemeur.com\/wp-content\/uploads\/2020\/06\/Les-Bouffes-du-nord-scaled.jpg",1806,2560,false],"thumbnail":["https:\/\/www.valerielemeur.com\/wp-content\/uploads\/2020\/06\/Les-Bouffes-du-nord-150x150.jpg",150,150,true],"medium":["https:\/\/www.valerielemeur.com\/wp-content\/uploads\/2020\/06\/Les-Bouffes-du-nord-212x300.jpg",212,300,true],"medium_large":["https:\/\/www.valerielemeur.com\/wp-content\/uploads\/2020\/06\/Les-Bouffes-du-nord-768x1088.jpg",768,1088,true],"large":["https:\/\/www.valerielemeur.com\/wp-content\/uploads\/2020\/06\/Les-Bouffes-du-nord-723x1024.jpg",723,1024,true],"1536x1536":["https:\/\/www.valerielemeur.com\/wp-content\/uploads\/2020\/06\/Les-Bouffes-du-nord-1084x1536.jpg",1084,1536,true],"2048x2048":["https:\/\/www.valerielemeur.com\/wp-content\/uploads\/2020\/06\/Les-Bouffes-du-nord-1445x2048.jpg",1445,2048,true],"trp-custom-language-flag":["https:\/\/www.valerielemeur.com\/wp-content\/uploads\/2020\/06\/Les-Bouffes-du-nord-scaled.jpg",8,12,false]},"uagb_author_info":{"display_name":"VLM","author_link":"https:\/\/www.valerielemeur.com\/en\/author\/vlm\/"},"uagb_comment_info":0,"uagb_excerpt":"Acrylique sur Toile (50x35x2 cm) 540\u20ac +livraison Dans la s\u00e9rie des th\u00e9\u00e2tres parisiens; voici celui des Bouffes du Nord, porte de la chapelle.Un th\u00e9\u00e2tre tr\u00e8s ancien sans sc\u00e8ne, les com\u00e9diens jouent litt\u00e9ralement aux pieds des spectateurs (du moins dans le dernier spectacle que j&rsquo;ai vu). Les spectateurs sont donc acteurs et spectateurs \u00e0 la fois.Dans&hellip;","jetpack_sharing_enabled":true,"_links":{"self":[{"href":"https:\/\/www.valerielemeur.com\/en\/wp-json\/wp\/v2\/posts\/1811","targetHints":{"allow":["GET"]}}],"collection":[{"href":"https:\/\/www.valerielemeur.com\/en\/wp-json\/wp\/v2\/posts"}],"about":[{"href":"https:\/\/www.valerielemeur.com\/en\/wp-json\/wp\/v2\/types\/post"}],"author":[{"embeddable":true,"href":"https:\/\/www.valerielemeur.com\/en\/wp-json\/wp\/v2\/users\/1"}],"replies":[{"embeddable":true,"href":"https:\/\/www.valerielemeur.com\/en\/wp-json\/wp\/v2\/comments?post=1811"}],"version-history":[{"count":10,"href":"https:\/\/www.valerielemeur.com\/en\/wp-json\/wp\/v2\/posts\/1811\/revisions"}],"predecessor-version":[{"id":4788,"href":"https:\/\/www.valerielemeur.com\/en\/wp-json\/wp\/v2\/posts\/1811\/revisions\/4788"}],"wp:featuredmedia":[{"embeddable":true,"href":"https:\/\/www.valerielemeur.com\/en\/wp-json\/wp\/v2\/media\/1341"}],"wp:attachment":[{"href":"https:\/\/www.valerielemeur.com\/en\/wp-json\/wp\/v2\/media?parent=1811"}],"wp:term":[{"taxonomy":"category","embeddable":true,"href":"https:\/\/www.valerielemeur.com\/en\/wp-json\/wp\/v2\/categories?post=1811"},{"taxonomy":"post_tag","embeddable":true,"href":"https:\/\/www.valerielemeur.com\/en\/wp-json\/wp\/v2\/tags?post=1811"}],"curies":[{"name":"wp","href":"https:\/\/api.w.org\/{rel}","templated":true}]}}