{"id":2176,"date":"2020-04-18T13:28:03","date_gmt":"2020-04-18T13:28:03","guid":{"rendered":"https:\/\/www.valerielemeur.com\/?p=2176"},"modified":"2024-08-20T16:56:42","modified_gmt":"2024-08-20T16:56:42","slug":"les-ombres-planent","status":"publish","type":"post","link":"https:\/\/www.valerielemeur.com\/en\/les-ombres-planent\/","title":{"rendered":"Les ombres planent"},"content":{"rendered":"<figure class=\"wp-block-image size-full is-style-default\"><img loading=\"lazy\" decoding=\"async\" width=\"2560\" height=\"1531\" src=\"https:\/\/www.valerielemeur.com\/wp-content\/uploads\/2020\/06\/Les-ombres-planent-scaled.jpg\" alt=\"\" class=\"wp-image-1142\" srcset=\"https:\/\/www.valerielemeur.com\/wp-content\/uploads\/2020\/06\/Les-ombres-planent-scaled.jpg 2560w, https:\/\/www.valerielemeur.com\/wp-content\/uploads\/2020\/06\/Les-ombres-planent-300x179.jpg 300w, https:\/\/www.valerielemeur.com\/wp-content\/uploads\/2020\/06\/Les-ombres-planent-1024x613.jpg 1024w, https:\/\/www.valerielemeur.com\/wp-content\/uploads\/2020\/06\/Les-ombres-planent-768x459.jpg 768w, https:\/\/www.valerielemeur.com\/wp-content\/uploads\/2020\/06\/Les-ombres-planent-1536x919.jpg 1536w, https:\/\/www.valerielemeur.com\/wp-content\/uploads\/2020\/06\/Les-ombres-planent-2048x1225.jpg 2048w\" sizes=\"auto, (max-width: 2560px) 100vw, 2560px\" \/><\/figure>\n\n\n\n<div class=\"wp-block-columns is-layout-flex wp-container-core-columns-is-layout-28f84493 wp-block-columns-is-layout-flex\">\n<div class=\"wp-block-column is-layout-flow wp-block-column-is-layout-flow\" style=\"flex-basis:66.66%\">\n<p class=\"has-normal-font-size\">Acrylique sur Toile (30x50x2 cm)<\/p>\n<\/div>\n\n\n\n<div class=\"wp-block-column is-layout-flow wp-block-column-is-layout-flow\" style=\"flex-basis:33.33%\">\n<p><\/p>\n<\/div>\n<\/div>\n\n\n\n<p class=\"has-medium-font-size\">Les ombres planent sur New-York city sur Londres, Paris, Rome&#8230;<br>De Londres \u00e0 New-York les humains sont enferm\u00e9s chez eux, derri\u00e8re les fen\u00eatres de leurs appartements. Ils sont en guerre, c&rsquo;est une guerre internationale contre un ennemi invisible qui les touche et touche leur famille. Ils sont d\u00e9sempar\u00e9s, Ils savent pas comment vivre le pr\u00e9sent, ne connaissent pas le futur. Le d\u00e9cor est sombre, la ville s&rsquo;enferme sur elle m\u00eame, comme les angoiss\u00e9s, les malades et les fragiles qui se calfeutrent dans leur logement. Ce tableau fait partie d&rsquo;une trilogie sur un New-York plus expressionniste que r\u00e9aliste, mais celui ci est le plus sombre, il refl\u00e8te l&rsquo;\u00e9tat d&rsquo;esprit du peintre au moment de sa conception.<br>On voit n\u00e9anmoins des petits nuages bleus presque incongrus, qui viennent contredire l&rsquo;atmosph\u00e8re sombre et gris de ce tableau: est-ce un signe d&rsquo;espoir, de renouveau?<\/p>\n\n\n\n<p class=\"has-vivid-cyan-blue-color has-text-color has-medium-font-size\">Painting:&nbsp;Acrylic&nbsp;on Canvas.<\/p>\n\n\n\n<p class=\"has-vivid-cyan-blue-color has-text-color has-medium-font-size\">Shadows are lingering&#8230;<br>It&rsquo;s a difficult situation we are living in at the moment fighting an invisible virus all other the world. From New-York to Paris, from Berlin to Tokyo everybody is waiting for the end of this crisis.<br>People are waiting behind their windows, on self isolation, they are afraid of this deadly virus that can touch them and their loves one.<br>This painting is particularly somber as was my spirit at the time of the work. Living inside, far from friends and family is a very confusing and difficult time. This city in the painting seems to retract on itself to tie the people behind its walls.<br>It&rsquo;s not a light, attractive painting but a sad one.<br><br>Protected by acrylic varnish<br>Ready to hang on a wall<br>No need to frame<\/p>\n\n\n\n<p class=\"has-medium-font-size\"><br><\/p>","protected":false},"excerpt":{"rendered":"<p>Acrylique sur Toile (30x50x2 cm) Les ombres planent sur New-York city sur Londres, Paris, Rome&#8230;De Londres \u00e0 New-York les humains sont enferm\u00e9s chez eux, derri\u00e8re les fen\u00eatres de leurs appartements. Ils sont en guerre, c&rsquo;est une guerre internationale contre un ennemi invisible qui les touche et touche leur famille. Ils sont d\u00e9sempar\u00e9s, Ils savent pas [&hellip;]<\/p>\n","protected":false},"author":1,"featured_media":1142,"comment_status":"closed","ping_status":"closed","sticky":false,"template":"","format":"gallery","meta":{"_uag_custom_page_level_css":"","site-sidebar-layout":"default","site-content-layout":null,"ast-site-content-layout":"default","site-content-style":"default","site-sidebar-style":"default","ast-global-header-display":"","ast-banner-title-visibility":"","ast-main-header-display":"","ast-hfb-above-header-display":null,"ast-hfb-below-header-display":null,"ast-hfb-mobile-header-display":null,"site-post-title":"enabled","ast-breadcrumbs-content":null,"ast-featured-img":"disabled","footer-sml-layout":"","ast-disable-related-posts":"","theme-transparent-header-meta":"enabled","adv-header-id-meta":null,"stick-header-meta":null,"header-above-stick-meta":null,"header-main-stick-meta":null,"header-below-stick-meta":null,"astra-migrate-meta-layouts":"default","ast-page-background-enabled":"default","ast-page-background-meta":{"desktop":{"background-color":"","background-image":"","background-repeat":"repeat","background-position":"center center","background-size":"auto","background-attachment":"scroll","background-type":"","background-media":"","overlay-type":"","overlay-color":"","overlay-opacity":"","overlay-gradient":""},"tablet":{"background-color":"","background-image":"","background-repeat":"repeat","background-position":"center center","background-size":"auto","background-attachment":"scroll","background-type":"","background-media":"","overlay-type":"","overlay-color":"","overlay-opacity":"","overlay-gradient":""},"mobile":{"background-color":"","background-image":"","background-repeat":"repeat","background-position":"center center","background-size":"auto","background-attachment":"scroll","background-type":"","background-media":"","overlay-type":"","overlay-color":"","overlay-opacity":"","overlay-gradient":""}},"ast-content-background-meta":{"desktop":{"background-color":"var(--ast-global-color-5)","background-image":"","background-repeat":"repeat","background-position":"center center","background-size":"auto","background-attachment":"scroll","background-type":"","background-media":"","overlay-type":"","overlay-color":"","overlay-opacity":"","overlay-gradient":""},"tablet":{"background-color":"var(--ast-global-color-5)","background-image":"","background-repeat":"repeat","background-position":"center center","background-size":"auto","background-attachment":"scroll","background-type":"","background-media":"","overlay-type":"","overlay-color":"","overlay-opacity":"","overlay-gradient":""},"mobile":{"background-color":"var(--ast-global-color-5)","background-image":"","background-repeat":"repeat","background-position":"center center","background-size":"auto","background-attachment":"scroll","background-type":"","background-media":"","overlay-type":"","overlay-color":"","overlay-opacity":"","overlay-gradient":""}},"_jetpack_memberships_contains_paid_content":false,"footnotes":""},"categories":[44,41],"tags":[93],"class_list":["post-2176","post","type-post","status-publish","format-gallery","has-post-thumbnail","hentry","category-new-york","category-painting","tag-470-e","post_format-post-format-gallery"],"yoast_head":"<!-- This site is optimized with the Yoast SEO plugin v27.4 - https:\/\/yoast.com\/product\/yoast-seo-wordpress\/ -->\n<title>Les ombres planent - Val\u00e9rie LE MEUR<\/title>\n<meta name=\"description\" content=\"Val\u00e9rie LE MEUR Les ombres planent Tableau -\" \/>\n<meta name=\"robots\" content=\"index, follow, max-snippet:-1, max-image-preview:large, max-video-preview:-1\" \/>\n<link rel=\"canonical\" href=\"https:\/\/www.valerielemeur.com\/en\/les-ombres-planent\/\" \/>\n<meta property=\"og:locale\" content=\"en_GB\" \/>\n<meta property=\"og:type\" content=\"article\" \/>\n<meta property=\"og:title\" content=\"Les ombres planent - Val\u00e9rie LE MEUR\" \/>\n<meta property=\"og:description\" content=\"Val\u00e9rie LE MEUR Les ombres planent Tableau -\" \/>\n<meta property=\"og:url\" content=\"https:\/\/www.valerielemeur.com\/en\/les-ombres-planent\/\" \/>\n<meta property=\"og:site_name\" content=\"Val\u00e9rie LE MEUR\" \/>\n<meta property=\"article:published_time\" content=\"2020-04-18T13:28:03+00:00\" \/>\n<meta property=\"article:modified_time\" content=\"2024-08-20T16:56:42+00:00\" \/>\n<meta property=\"og:image\" content=\"https:\/\/www.valerielemeur.com\/wp-content\/uploads\/2020\/06\/Les-ombres-planent-scaled.jpg\" \/>\n\t<meta property=\"og:image:width\" content=\"2560\" \/>\n\t<meta property=\"og:image:height\" content=\"1531\" \/>\n\t<meta property=\"og:image:type\" content=\"image\/jpeg\" \/>\n<meta name=\"author\" content=\"VLM\" \/>\n<meta name=\"twitter:card\" content=\"summary_large_image\" \/>\n<meta name=\"twitter:label1\" content=\"Written by\" \/>\n\t<meta name=\"twitter:data1\" content=\"VLM\" \/>\n\t<meta name=\"twitter:label2\" content=\"Estimated reading time\" \/>\n\t<meta name=\"twitter:data2\" content=\"2 minutes\" \/>\n<script type=\"application\/ld+json\" class=\"yoast-schema-graph\">{\"@context\":\"https:\\\/\\\/schema.org\",\"@graph\":[{\"@type\":\"Article\",\"@id\":\"https:\\\/\\\/www.valerielemeur.com\\\/les-ombres-planent\\\/#article\",\"isPartOf\":{\"@id\":\"https:\\\/\\\/www.valerielemeur.com\\\/les-ombres-planent\\\/\"},\"author\":{\"name\":\"VLM\",\"@id\":\"https:\\\/\\\/www.valerielemeur.com\\\/#\\\/schema\\\/person\\\/988a7c5b4614f08d4a29788db12b10bb\"},\"headline\":\"Les ombres planent\",\"datePublished\":\"2020-04-18T13:28:03+00:00\",\"dateModified\":\"2024-08-20T16:56:42+00:00\",\"mainEntityOfPage\":{\"@id\":\"https:\\\/\\\/www.valerielemeur.com\\\/les-ombres-planent\\\/\"},\"wordCount\":307,\"publisher\":{\"@id\":\"https:\\\/\\\/www.valerielemeur.com\\\/#organization\"},\"image\":{\"@id\":\"https:\\\/\\\/www.valerielemeur.com\\\/les-ombres-planent\\\/#primaryimage\"},\"thumbnailUrl\":\"https:\\\/\\\/www.valerielemeur.com\\\/wp-content\\\/uploads\\\/2020\\\/06\\\/Les-ombres-planent-scaled.jpg\",\"keywords\":[\"470 \u20ac\"],\"articleSection\":[\"New-York\",\"Tableau\"],\"inLanguage\":\"en-GB\"},{\"@type\":\"WebPage\",\"@id\":\"https:\\\/\\\/www.valerielemeur.com\\\/les-ombres-planent\\\/\",\"url\":\"https:\\\/\\\/www.valerielemeur.com\\\/les-ombres-planent\\\/\",\"name\":\"Les ombres planent - Val\u00e9rie LE MEUR\",\"isPartOf\":{\"@id\":\"https:\\\/\\\/www.valerielemeur.com\\\/#website\"},\"primaryImageOfPage\":{\"@id\":\"https:\\\/\\\/www.valerielemeur.com\\\/les-ombres-planent\\\/#primaryimage\"},\"image\":{\"@id\":\"https:\\\/\\\/www.valerielemeur.com\\\/les-ombres-planent\\\/#primaryimage\"},\"thumbnailUrl\":\"https:\\\/\\\/www.valerielemeur.com\\\/wp-content\\\/uploads\\\/2020\\\/06\\\/Les-ombres-planent-scaled.jpg\",\"datePublished\":\"2020-04-18T13:28:03+00:00\",\"dateModified\":\"2024-08-20T16:56:42+00:00\",\"description\":\"Val\u00e9rie LE MEUR Les ombres planent Tableau -\",\"breadcrumb\":{\"@id\":\"https:\\\/\\\/www.valerielemeur.com\\\/les-ombres-planent\\\/#breadcrumb\"},\"inLanguage\":\"en-GB\",\"potentialAction\":[{\"@type\":\"ReadAction\",\"target\":[\"https:\\\/\\\/www.valerielemeur.com\\\/les-ombres-planent\\\/\"]}]},{\"@type\":\"ImageObject\",\"inLanguage\":\"en-GB\",\"@id\":\"https:\\\/\\\/www.valerielemeur.com\\\/les-ombres-planent\\\/#primaryimage\",\"url\":\"https:\\\/\\\/www.valerielemeur.com\\\/wp-content\\\/uploads\\\/2020\\\/06\\\/Les-ombres-planent-scaled.jpg\",\"contentUrl\":\"https:\\\/\\\/www.valerielemeur.com\\\/wp-content\\\/uploads\\\/2020\\\/06\\\/Les-ombres-planent-scaled.jpg\",\"width\":2560,\"height\":1531},{\"@type\":\"BreadcrumbList\",\"@id\":\"https:\\\/\\\/www.valerielemeur.com\\\/les-ombres-planent\\\/#breadcrumb\",\"itemListElement\":[{\"@type\":\"ListItem\",\"position\":1,\"name\":\"Accueil\",\"item\":\"https:\\\/\\\/www.valerielemeur.com\\\/\"},{\"@type\":\"ListItem\",\"position\":2,\"name\":\"Les ombres planent\"}]},{\"@type\":\"WebSite\",\"@id\":\"https:\\\/\\\/www.valerielemeur.com\\\/#website\",\"url\":\"https:\\\/\\\/www.valerielemeur.com\\\/\",\"name\":\"Val\u00e9rie LE MEUR\",\"description\":\"Artiste Peintre\",\"publisher\":{\"@id\":\"https:\\\/\\\/www.valerielemeur.com\\\/#organization\"},\"potentialAction\":[{\"@type\":\"SearchAction\",\"target\":{\"@type\":\"EntryPoint\",\"urlTemplate\":\"https:\\\/\\\/www.valerielemeur.com\\\/?s={search_term_string}\"},\"query-input\":{\"@type\":\"PropertyValueSpecification\",\"valueRequired\":true,\"valueName\":\"search_term_string\"}}],\"inLanguage\":\"en-GB\"},{\"@type\":\"Organization\",\"@id\":\"https:\\\/\\\/www.valerielemeur.com\\\/#organization\",\"name\":\"valerie le meur\",\"url\":\"https:\\\/\\\/www.valerielemeur.com\\\/\",\"logo\":{\"@type\":\"ImageObject\",\"inLanguage\":\"en-GB\",\"@id\":\"https:\\\/\\\/www.valerielemeur.com\\\/#\\\/schema\\\/logo\\\/image\\\/\",\"url\":\"https:\\\/\\\/www.valerielemeur.com\\\/wp-content\\\/uploads\\\/2020\\\/07\\\/photo-CV-sun.jpg\",\"contentUrl\":\"https:\\\/\\\/www.valerielemeur.com\\\/wp-content\\\/uploads\\\/2020\\\/07\\\/photo-CV-sun.jpg\",\"width\":2373,\"height\":2373,\"caption\":\"valerie le meur\"},\"image\":{\"@id\":\"https:\\\/\\\/www.valerielemeur.com\\\/#\\\/schema\\\/logo\\\/image\\\/\"}},{\"@type\":\"Person\",\"@id\":\"https:\\\/\\\/www.valerielemeur.com\\\/#\\\/schema\\\/person\\\/988a7c5b4614f08d4a29788db12b10bb\",\"name\":\"VLM\",\"image\":{\"@type\":\"ImageObject\",\"inLanguage\":\"en-GB\",\"@id\":\"https:\\\/\\\/secure.gravatar.com\\\/avatar\\\/5d623c2f60da6da613f8db4cef8422938a352a814a1ad2edc307f53256aa32c2?s=96&d=mm&r=g\",\"url\":\"https:\\\/\\\/secure.gravatar.com\\\/avatar\\\/5d623c2f60da6da613f8db4cef8422938a352a814a1ad2edc307f53256aa32c2?s=96&d=mm&r=g\",\"contentUrl\":\"https:\\\/\\\/secure.gravatar.com\\\/avatar\\\/5d623c2f60da6da613f8db4cef8422938a352a814a1ad2edc307f53256aa32c2?s=96&d=mm&r=g\",\"caption\":\"VLM\"},\"sameAs\":[\"https:\\\/\\\/www.valerielemeur.com\"],\"url\":\"https:\\\/\\\/www.valerielemeur.com\\\/en\\\/author\\\/vlm\\\/\"}]}<\/script>\n<!-- \/ Yoast SEO plugin. -->","yoast_head_json":{"title":"Les ombres planent - Val\u00e9rie LE MEUR","description":"Val\u00e9rie LE MEUR Les ombres planent Tableau -","robots":{"index":"index","follow":"follow","max-snippet":"max-snippet:-1","max-image-preview":"max-image-preview:large","max-video-preview":"max-video-preview:-1"},"canonical":"https:\/\/www.valerielemeur.com\/en\/les-ombres-planent\/","og_locale":"en_GB","og_type":"article","og_title":"Les ombres planent - Val\u00e9rie LE MEUR","og_description":"Val\u00e9rie LE MEUR Les ombres planent Tableau -","og_url":"https:\/\/www.valerielemeur.com\/en\/les-ombres-planent\/","og_site_name":"Val\u00e9rie LE MEUR","article_published_time":"2020-04-18T13:28:03+00:00","article_modified_time":"2024-08-20T16:56:42+00:00","og_image":[{"width":2560,"height":1531,"url":"https:\/\/www.valerielemeur.com\/wp-content\/uploads\/2020\/06\/Les-ombres-planent-scaled.jpg","type":"image\/jpeg"}],"author":"VLM","twitter_card":"summary_large_image","twitter_misc":{"Written by":"VLM","Estimated reading time":"2 minutes"},"schema":{"@context":"https:\/\/schema.org","@graph":[{"@type":"Article","@id":"https:\/\/www.valerielemeur.com\/les-ombres-planent\/#article","isPartOf":{"@id":"https:\/\/www.valerielemeur.com\/les-ombres-planent\/"},"author":{"name":"VLM","@id":"https:\/\/www.valerielemeur.com\/#\/schema\/person\/988a7c5b4614f08d4a29788db12b10bb"},"headline":"Les ombres planent","datePublished":"2020-04-18T13:28:03+00:00","dateModified":"2024-08-20T16:56:42+00:00","mainEntityOfPage":{"@id":"https:\/\/www.valerielemeur.com\/les-ombres-planent\/"},"wordCount":307,"publisher":{"@id":"https:\/\/www.valerielemeur.com\/#organization"},"image":{"@id":"https:\/\/www.valerielemeur.com\/les-ombres-planent\/#primaryimage"},"thumbnailUrl":"https:\/\/www.valerielemeur.com\/wp-content\/uploads\/2020\/06\/Les-ombres-planent-scaled.jpg","keywords":["470 \u20ac"],"articleSection":["New-York","Tableau"],"inLanguage":"en-GB"},{"@type":"WebPage","@id":"https:\/\/www.valerielemeur.com\/les-ombres-planent\/","url":"https:\/\/www.valerielemeur.com\/les-ombres-planent\/","name":"Les ombres planent - Val\u00e9rie LE MEUR","isPartOf":{"@id":"https:\/\/www.valerielemeur.com\/#website"},"primaryImageOfPage":{"@id":"https:\/\/www.valerielemeur.com\/les-ombres-planent\/#primaryimage"},"image":{"@id":"https:\/\/www.valerielemeur.com\/les-ombres-planent\/#primaryimage"},"thumbnailUrl":"https:\/\/www.valerielemeur.com\/wp-content\/uploads\/2020\/06\/Les-ombres-planent-scaled.jpg","datePublished":"2020-04-18T13:28:03+00:00","dateModified":"2024-08-20T16:56:42+00:00","description":"Val\u00e9rie LE MEUR Les ombres planent Tableau -","breadcrumb":{"@id":"https:\/\/www.valerielemeur.com\/les-ombres-planent\/#breadcrumb"},"inLanguage":"en-GB","potentialAction":[{"@type":"ReadAction","target":["https:\/\/www.valerielemeur.com\/les-ombres-planent\/"]}]},{"@type":"ImageObject","inLanguage":"en-GB","@id":"https:\/\/www.valerielemeur.com\/les-ombres-planent\/#primaryimage","url":"https:\/\/www.valerielemeur.com\/wp-content\/uploads\/2020\/06\/Les-ombres-planent-scaled.jpg","contentUrl":"https:\/\/www.valerielemeur.com\/wp-content\/uploads\/2020\/06\/Les-ombres-planent-scaled.jpg","width":2560,"height":1531},{"@type":"BreadcrumbList","@id":"https:\/\/www.valerielemeur.com\/les-ombres-planent\/#breadcrumb","itemListElement":[{"@type":"ListItem","position":1,"name":"Accueil","item":"https:\/\/www.valerielemeur.com\/"},{"@type":"ListItem","position":2,"name":"Les ombres planent"}]},{"@type":"WebSite","@id":"https:\/\/www.valerielemeur.com\/#website","url":"https:\/\/www.valerielemeur.com\/","name":"Val\u00e9rie LE MEUR","description":"Painter","publisher":{"@id":"https:\/\/www.valerielemeur.com\/#organization"},"potentialAction":[{"@type":"SearchAction","target":{"@type":"EntryPoint","urlTemplate":"https:\/\/www.valerielemeur.com\/?s={search_term_string}"},"query-input":{"@type":"PropertyValueSpecification","valueRequired":true,"valueName":"search_term_string"}}],"inLanguage":"en-GB"},{"@type":"Organization","@id":"https:\/\/www.valerielemeur.com\/#organization","name":"valerie le meur","url":"https:\/\/www.valerielemeur.com\/","logo":{"@type":"ImageObject","inLanguage":"en-GB","@id":"https:\/\/www.valerielemeur.com\/#\/schema\/logo\/image\/","url":"https:\/\/www.valerielemeur.com\/wp-content\/uploads\/2020\/07\/photo-CV-sun.jpg","contentUrl":"https:\/\/www.valerielemeur.com\/wp-content\/uploads\/2020\/07\/photo-CV-sun.jpg","width":2373,"height":2373,"caption":"valerie le meur"},"image":{"@id":"https:\/\/www.valerielemeur.com\/#\/schema\/logo\/image\/"}},{"@type":"Person","@id":"https:\/\/www.valerielemeur.com\/#\/schema\/person\/988a7c5b4614f08d4a29788db12b10bb","name":"VLM","image":{"@type":"ImageObject","inLanguage":"en-GB","@id":"https:\/\/secure.gravatar.com\/avatar\/5d623c2f60da6da613f8db4cef8422938a352a814a1ad2edc307f53256aa32c2?s=96&d=mm&r=g","url":"https:\/\/secure.gravatar.com\/avatar\/5d623c2f60da6da613f8db4cef8422938a352a814a1ad2edc307f53256aa32c2?s=96&d=mm&r=g","contentUrl":"https:\/\/secure.gravatar.com\/avatar\/5d623c2f60da6da613f8db4cef8422938a352a814a1ad2edc307f53256aa32c2?s=96&d=mm&r=g","caption":"VLM"},"sameAs":["https:\/\/www.valerielemeur.com"],"url":"https:\/\/www.valerielemeur.com\/en\/author\/vlm\/"}]}},"jetpack_featured_media_url":"https:\/\/www.valerielemeur.com\/wp-content\/uploads\/2020\/06\/Les-ombres-planent-scaled.jpg","uagb_featured_image_src":{"full":["https:\/\/www.valerielemeur.com\/wp-content\/uploads\/2020\/06\/Les-ombres-planent-scaled.jpg",2560,1531,false],"thumbnail":["https:\/\/www.valerielemeur.com\/wp-content\/uploads\/2020\/06\/Les-ombres-planent-150x150.jpg",150,150,true],"medium":["https:\/\/www.valerielemeur.com\/wp-content\/uploads\/2020\/06\/Les-ombres-planent-300x179.jpg",300,179,true],"medium_large":["https:\/\/www.valerielemeur.com\/wp-content\/uploads\/2020\/06\/Les-ombres-planent-768x459.jpg",768,459,true],"large":["https:\/\/www.valerielemeur.com\/wp-content\/uploads\/2020\/06\/Les-ombres-planent-1024x613.jpg",1024,613,true],"1536x1536":["https:\/\/www.valerielemeur.com\/wp-content\/uploads\/2020\/06\/Les-ombres-planent-1536x919.jpg",1536,919,true],"2048x2048":["https:\/\/www.valerielemeur.com\/wp-content\/uploads\/2020\/06\/Les-ombres-planent-2048x1225.jpg",2048,1225,true],"trp-custom-language-flag":["https:\/\/www.valerielemeur.com\/wp-content\/uploads\/2020\/06\/Les-ombres-planent-scaled.jpg",18,12,false]},"uagb_author_info":{"display_name":"VLM","author_link":"https:\/\/www.valerielemeur.com\/en\/author\/vlm\/"},"uagb_comment_info":0,"uagb_excerpt":"Acrylique sur Toile (30x50x2 cm) Les ombres planent sur New-York city sur Londres, Paris, Rome&#8230;De Londres \u00e0 New-York les humains sont enferm\u00e9s chez eux, derri\u00e8re les fen\u00eatres de leurs appartements. Ils sont en guerre, c&rsquo;est une guerre internationale contre un ennemi invisible qui les touche et touche leur famille. Ils sont d\u00e9sempar\u00e9s, Ils savent pas&hellip;","jetpack_sharing_enabled":true,"_links":{"self":[{"href":"https:\/\/www.valerielemeur.com\/en\/wp-json\/wp\/v2\/posts\/2176","targetHints":{"allow":["GET"]}}],"collection":[{"href":"https:\/\/www.valerielemeur.com\/en\/wp-json\/wp\/v2\/posts"}],"about":[{"href":"https:\/\/www.valerielemeur.com\/en\/wp-json\/wp\/v2\/types\/post"}],"author":[{"embeddable":true,"href":"https:\/\/www.valerielemeur.com\/en\/wp-json\/wp\/v2\/users\/1"}],"replies":[{"embeddable":true,"href":"https:\/\/www.valerielemeur.com\/en\/wp-json\/wp\/v2\/comments?post=2176"}],"version-history":[{"count":8,"href":"https:\/\/www.valerielemeur.com\/en\/wp-json\/wp\/v2\/posts\/2176\/revisions"}],"predecessor-version":[{"id":4680,"href":"https:\/\/www.valerielemeur.com\/en\/wp-json\/wp\/v2\/posts\/2176\/revisions\/4680"}],"wp:featuredmedia":[{"embeddable":true,"href":"https:\/\/www.valerielemeur.com\/en\/wp-json\/wp\/v2\/media\/1142"}],"wp:attachment":[{"href":"https:\/\/www.valerielemeur.com\/en\/wp-json\/wp\/v2\/media?parent=2176"}],"wp:term":[{"taxonomy":"category","embeddable":true,"href":"https:\/\/www.valerielemeur.com\/en\/wp-json\/wp\/v2\/categories?post=2176"},{"taxonomy":"post_tag","embeddable":true,"href":"https:\/\/www.valerielemeur.com\/en\/wp-json\/wp\/v2\/tags?post=2176"}],"curies":[{"name":"wp","href":"https:\/\/api.w.org\/{rel}","templated":true}]}}