{"id":2181,"date":"2020-02-06T13:30:50","date_gmt":"2020-02-06T13:30:50","guid":{"rendered":"https:\/\/www.valerielemeur.com\/?p=2181"},"modified":"2024-08-20T16:58:29","modified_gmt":"2024-08-20T16:58:29","slug":"lower-manhattan","status":"publish","type":"post","link":"https:\/\/www.valerielemeur.com\/en\/lower-manhattan\/","title":{"rendered":"Lower Manhattan"},"content":{"rendered":"<figure class=\"wp-block-image size-full is-style-default\"><img loading=\"lazy\" decoding=\"async\" width=\"2560\" height=\"1885\" src=\"https:\/\/www.valerielemeur.com\/wp-content\/uploads\/2020\/06\/Lower-Manhattan-scaled.jpg\" alt=\"\" class=\"wp-image-1143\" srcset=\"https:\/\/www.valerielemeur.com\/wp-content\/uploads\/2020\/06\/Lower-Manhattan-scaled.jpg 2560w, https:\/\/www.valerielemeur.com\/wp-content\/uploads\/2020\/06\/Lower-Manhattan-300x221.jpg 300w, https:\/\/www.valerielemeur.com\/wp-content\/uploads\/2020\/06\/Lower-Manhattan-1024x754.jpg 1024w, https:\/\/www.valerielemeur.com\/wp-content\/uploads\/2020\/06\/Lower-Manhattan-768x566.jpg 768w, https:\/\/www.valerielemeur.com\/wp-content\/uploads\/2020\/06\/Lower-Manhattan-1536x1131.jpg 1536w, https:\/\/www.valerielemeur.com\/wp-content\/uploads\/2020\/06\/Lower-Manhattan-2048x1508.jpg 2048w\" sizes=\"auto, (max-width: 2560px) 100vw, 2560px\" \/><\/figure>\n\n\n\n<div class=\"wp-block-columns is-layout-flex wp-container-core-columns-is-layout-28f84493 wp-block-columns-is-layout-flex\">\n<div class=\"wp-block-column is-layout-flow wp-block-column-is-layout-flow\" style=\"flex-basis:66.66%\">\n<p class=\"has-normal-font-size\">Acrylique sur Toile (90x120x3,5 cm) 2020- 2600\u20ac +livraison<\/p>\n<\/div>\n\n\n\n<div class=\"wp-block-column is-layout-flow wp-block-column-is-layout-flow\" style=\"flex-basis:33.33%\">\n<p class=\"has-normal-font-size\"><\/p>\n<\/div>\n<\/div>\n\n\n\n<p class=\"has-medium-font-size\">J&rsquo;ai aim\u00e9 cette s\u00e9rie new-yorkaise particuli\u00e8rement parce que j&rsquo;ai r\u00e9-imagin\u00e9 NY, ville que je n&rsquo;ai jamais vu de visu, ce qui m&rsquo;a permis de la r\u00e9inventer de la modifier, de la reconstruire \u00e0 mon gout!<br>J&rsquo;ai aim\u00e9 vivre cette \u00ab\u00a0craziness\u00a0\u00bb de New-York, cette folie, ces m\u00e9langes de gratte-ciel qui se poussent, se chevauchent et semblent sortir litt\u00e9ralement de la terre comme certains cristaux qui poussent en hauteur comme des explosions.<br>C&rsquo;est l&rsquo;id\u00e9e que j&rsquo;ai voulu produire ici: cette profusion de buildings qui sortent d&rsquo;une m\u00eame crevasse noire. Je fais encore une fois r\u00e9f\u00e9rence \u00e0 un super-h\u00e9ro am\u00e9ricain:cette fois: Superman qui craint la Kriptonite verte (repr\u00e9sent\u00e9e ici comme ces immeubles qui poussent en forme de cristaux)<\/p>\n\n\n\n<p class=\"has-vivid-cyan-blue-color has-text-color has-medium-font-size\">Painting:&nbsp;Acrylic, Ink&nbsp;on Canvas.<\/p>\n\n\n\n<p class=\"has-vivid-cyan-blue-color has-text-color has-medium-font-size\">Painting this series about New-York was truly a great experience! Because I&rsquo;ve never seen this city, but I worked on photographs from a member of my family with his agreement,<br>I felt free to change whatever I wanted changed about it!<br>It was a freedom to re-invente the setting, to push some of the buildings to put another at their place&#8230; I felt free to not reproduce entirely the city as it was, so to move from reality;<br>Besides, in this painting I wanted to convey the idea of a city growing from the black soil of earth.<br>This effect of building growing like some crystal is a symbol that represents the Kriptonite that grows like some crystal; in reference to Superman!<br>New-York is the city of dream, the city represented in most movies and for French people like me, NYC is the city of legends. All my paintings of NY are a tribute to America and the 7th art!<\/p>\n\n\n\n<p class=\"has-medium-font-size\"><br><\/p>","protected":false},"excerpt":{"rendered":"<p>Acrylique sur Toile (90x120x3,5 cm) 2020- 2600\u20ac +livraison J&rsquo;ai aim\u00e9 cette s\u00e9rie new-yorkaise particuli\u00e8rement parce que j&rsquo;ai r\u00e9-imagin\u00e9 NY, ville que je n&rsquo;ai jamais vu de visu, ce qui m&rsquo;a permis de la r\u00e9inventer de la modifier, de la reconstruire \u00e0 mon gout!J&rsquo;ai aim\u00e9 vivre cette \u00ab\u00a0craziness\u00a0\u00bb de New-York, cette folie, ces m\u00e9langes de gratte-ciel [&hellip;]<\/p>\n","protected":false},"author":1,"featured_media":1143,"comment_status":"closed","ping_status":"closed","sticky":false,"template":"","format":"image","meta":{"_uag_custom_page_level_css":"","site-sidebar-layout":"default","site-content-layout":null,"ast-site-content-layout":"default","site-content-style":"default","site-sidebar-style":"default","ast-global-header-display":"","ast-banner-title-visibility":"","ast-main-header-display":"","ast-hfb-above-header-display":null,"ast-hfb-below-header-display":null,"ast-hfb-mobile-header-display":null,"site-post-title":"enabled","ast-breadcrumbs-content":null,"ast-featured-img":"disabled","footer-sml-layout":"","ast-disable-related-posts":"","theme-transparent-header-meta":"enabled","adv-header-id-meta":null,"stick-header-meta":null,"header-above-stick-meta":null,"header-main-stick-meta":null,"header-below-stick-meta":null,"astra-migrate-meta-layouts":"default","ast-page-background-enabled":"default","ast-page-background-meta":{"desktop":{"background-color":"","background-image":"","background-repeat":"repeat","background-position":"center center","background-size":"auto","background-attachment":"scroll","background-type":"","background-media":"","overlay-type":"","overlay-color":"","overlay-opacity":"","overlay-gradient":""},"tablet":{"background-color":"","background-image":"","background-repeat":"repeat","background-position":"center center","background-size":"auto","background-attachment":"scroll","background-type":"","background-media":"","overlay-type":"","overlay-color":"","overlay-opacity":"","overlay-gradient":""},"mobile":{"background-color":"","background-image":"","background-repeat":"repeat","background-position":"center center","background-size":"auto","background-attachment":"scroll","background-type":"","background-media":"","overlay-type":"","overlay-color":"","overlay-opacity":"","overlay-gradient":""}},"ast-content-background-meta":{"desktop":{"background-color":"var(--ast-global-color-5)","background-image":"","background-repeat":"repeat","background-position":"center center","background-size":"auto","background-attachment":"scroll","background-type":"","background-media":"","overlay-type":"","overlay-color":"","overlay-opacity":"","overlay-gradient":""},"tablet":{"background-color":"var(--ast-global-color-5)","background-image":"","background-repeat":"repeat","background-position":"center center","background-size":"auto","background-attachment":"scroll","background-type":"","background-media":"","overlay-type":"","overlay-color":"","overlay-opacity":"","overlay-gradient":""},"mobile":{"background-color":"var(--ast-global-color-5)","background-image":"","background-repeat":"repeat","background-position":"center center","background-size":"auto","background-attachment":"scroll","background-type":"","background-media":"","overlay-type":"","overlay-color":"","overlay-opacity":"","overlay-gradient":""}},"_jetpack_memberships_contains_paid_content":false,"footnotes":""},"categories":[44,41],"tags":[76],"class_list":["post-2181","post","type-post","status-publish","format-image","has-post-thumbnail","hentry","category-new-york","category-painting","tag-demander-le-prix","post_format-post-format-image"],"yoast_head":"<!-- This site is optimized with the Yoast SEO plugin v27.4 - https:\/\/yoast.com\/product\/yoast-seo-wordpress\/ -->\n<title>Lower Manhattan - Val\u00e9rie LE MEUR<\/title>\n<meta name=\"description\" content=\"Val\u00e9rie LE MEUR Lower Manhattan Tableau -\" \/>\n<meta name=\"robots\" content=\"index, follow, max-snippet:-1, max-image-preview:large, max-video-preview:-1\" \/>\n<link rel=\"canonical\" href=\"https:\/\/www.valerielemeur.com\/en\/lower-manhattan\/\" \/>\n<meta property=\"og:locale\" content=\"en_GB\" \/>\n<meta property=\"og:type\" content=\"article\" \/>\n<meta property=\"og:title\" content=\"Lower Manhattan - Val\u00e9rie LE MEUR\" \/>\n<meta property=\"og:description\" content=\"Val\u00e9rie LE MEUR Lower Manhattan Tableau -\" \/>\n<meta property=\"og:url\" content=\"https:\/\/www.valerielemeur.com\/en\/lower-manhattan\/\" \/>\n<meta property=\"og:site_name\" content=\"Val\u00e9rie LE MEUR\" \/>\n<meta property=\"article:published_time\" content=\"2020-02-06T13:30:50+00:00\" \/>\n<meta property=\"article:modified_time\" content=\"2024-08-20T16:58:29+00:00\" \/>\n<meta property=\"og:image\" content=\"https:\/\/www.valerielemeur.com\/wp-content\/uploads\/2020\/06\/Lower-Manhattan-scaled.jpg\" \/>\n\t<meta property=\"og:image:width\" content=\"2560\" \/>\n\t<meta property=\"og:image:height\" content=\"1885\" \/>\n\t<meta property=\"og:image:type\" content=\"image\/jpeg\" \/>\n<meta name=\"author\" content=\"VLM\" \/>\n<meta name=\"twitter:card\" content=\"summary_large_image\" \/>\n<meta name=\"twitter:label1\" content=\"Written by\" \/>\n\t<meta name=\"twitter:data1\" content=\"VLM\" \/>\n\t<meta name=\"twitter:label2\" content=\"Estimated reading time\" \/>\n\t<meta name=\"twitter:data2\" content=\"2 minutes\" \/>\n<script type=\"application\/ld+json\" class=\"yoast-schema-graph\">{\"@context\":\"https:\\\/\\\/schema.org\",\"@graph\":[{\"@type\":\"Article\",\"@id\":\"https:\\\/\\\/www.valerielemeur.com\\\/lower-manhattan\\\/#article\",\"isPartOf\":{\"@id\":\"https:\\\/\\\/www.valerielemeur.com\\\/lower-manhattan\\\/\"},\"author\":{\"name\":\"VLM\",\"@id\":\"https:\\\/\\\/www.valerielemeur.com\\\/#\\\/schema\\\/person\\\/988a7c5b4614f08d4a29788db12b10bb\"},\"headline\":\"Lower Manhattan\",\"datePublished\":\"2020-02-06T13:30:50+00:00\",\"dateModified\":\"2024-08-20T16:58:29+00:00\",\"mainEntityOfPage\":{\"@id\":\"https:\\\/\\\/www.valerielemeur.com\\\/lower-manhattan\\\/\"},\"wordCount\":315,\"publisher\":{\"@id\":\"https:\\\/\\\/www.valerielemeur.com\\\/#organization\"},\"image\":{\"@id\":\"https:\\\/\\\/www.valerielemeur.com\\\/lower-manhattan\\\/#primaryimage\"},\"thumbnailUrl\":\"https:\\\/\\\/www.valerielemeur.com\\\/wp-content\\\/uploads\\\/2020\\\/06\\\/Lower-Manhattan-scaled.jpg\",\"keywords\":[\"Demander le prix\"],\"articleSection\":[\"New-York\",\"Tableau\"],\"inLanguage\":\"en-GB\"},{\"@type\":\"WebPage\",\"@id\":\"https:\\\/\\\/www.valerielemeur.com\\\/lower-manhattan\\\/\",\"url\":\"https:\\\/\\\/www.valerielemeur.com\\\/lower-manhattan\\\/\",\"name\":\"Lower Manhattan - Val\u00e9rie LE MEUR\",\"isPartOf\":{\"@id\":\"https:\\\/\\\/www.valerielemeur.com\\\/#website\"},\"primaryImageOfPage\":{\"@id\":\"https:\\\/\\\/www.valerielemeur.com\\\/lower-manhattan\\\/#primaryimage\"},\"image\":{\"@id\":\"https:\\\/\\\/www.valerielemeur.com\\\/lower-manhattan\\\/#primaryimage\"},\"thumbnailUrl\":\"https:\\\/\\\/www.valerielemeur.com\\\/wp-content\\\/uploads\\\/2020\\\/06\\\/Lower-Manhattan-scaled.jpg\",\"datePublished\":\"2020-02-06T13:30:50+00:00\",\"dateModified\":\"2024-08-20T16:58:29+00:00\",\"description\":\"Val\u00e9rie LE MEUR Lower Manhattan Tableau -\",\"breadcrumb\":{\"@id\":\"https:\\\/\\\/www.valerielemeur.com\\\/lower-manhattan\\\/#breadcrumb\"},\"inLanguage\":\"en-GB\",\"potentialAction\":[{\"@type\":\"ReadAction\",\"target\":[\"https:\\\/\\\/www.valerielemeur.com\\\/lower-manhattan\\\/\"]}]},{\"@type\":\"ImageObject\",\"inLanguage\":\"en-GB\",\"@id\":\"https:\\\/\\\/www.valerielemeur.com\\\/lower-manhattan\\\/#primaryimage\",\"url\":\"https:\\\/\\\/www.valerielemeur.com\\\/wp-content\\\/uploads\\\/2020\\\/06\\\/Lower-Manhattan-scaled.jpg\",\"contentUrl\":\"https:\\\/\\\/www.valerielemeur.com\\\/wp-content\\\/uploads\\\/2020\\\/06\\\/Lower-Manhattan-scaled.jpg\",\"width\":2560,\"height\":1885},{\"@type\":\"BreadcrumbList\",\"@id\":\"https:\\\/\\\/www.valerielemeur.com\\\/lower-manhattan\\\/#breadcrumb\",\"itemListElement\":[{\"@type\":\"ListItem\",\"position\":1,\"name\":\"Accueil\",\"item\":\"https:\\\/\\\/www.valerielemeur.com\\\/\"},{\"@type\":\"ListItem\",\"position\":2,\"name\":\"Lower Manhattan\"}]},{\"@type\":\"WebSite\",\"@id\":\"https:\\\/\\\/www.valerielemeur.com\\\/#website\",\"url\":\"https:\\\/\\\/www.valerielemeur.com\\\/\",\"name\":\"Val\u00e9rie LE MEUR\",\"description\":\"Artiste Peintre\",\"publisher\":{\"@id\":\"https:\\\/\\\/www.valerielemeur.com\\\/#organization\"},\"potentialAction\":[{\"@type\":\"SearchAction\",\"target\":{\"@type\":\"EntryPoint\",\"urlTemplate\":\"https:\\\/\\\/www.valerielemeur.com\\\/?s={search_term_string}\"},\"query-input\":{\"@type\":\"PropertyValueSpecification\",\"valueRequired\":true,\"valueName\":\"search_term_string\"}}],\"inLanguage\":\"en-GB\"},{\"@type\":\"Organization\",\"@id\":\"https:\\\/\\\/www.valerielemeur.com\\\/#organization\",\"name\":\"valerie le meur\",\"url\":\"https:\\\/\\\/www.valerielemeur.com\\\/\",\"logo\":{\"@type\":\"ImageObject\",\"inLanguage\":\"en-GB\",\"@id\":\"https:\\\/\\\/www.valerielemeur.com\\\/#\\\/schema\\\/logo\\\/image\\\/\",\"url\":\"https:\\\/\\\/www.valerielemeur.com\\\/wp-content\\\/uploads\\\/2020\\\/07\\\/photo-CV-sun.jpg\",\"contentUrl\":\"https:\\\/\\\/www.valerielemeur.com\\\/wp-content\\\/uploads\\\/2020\\\/07\\\/photo-CV-sun.jpg\",\"width\":2373,\"height\":2373,\"caption\":\"valerie le meur\"},\"image\":{\"@id\":\"https:\\\/\\\/www.valerielemeur.com\\\/#\\\/schema\\\/logo\\\/image\\\/\"}},{\"@type\":\"Person\",\"@id\":\"https:\\\/\\\/www.valerielemeur.com\\\/#\\\/schema\\\/person\\\/988a7c5b4614f08d4a29788db12b10bb\",\"name\":\"VLM\",\"image\":{\"@type\":\"ImageObject\",\"inLanguage\":\"en-GB\",\"@id\":\"https:\\\/\\\/secure.gravatar.com\\\/avatar\\\/5d623c2f60da6da613f8db4cef8422938a352a814a1ad2edc307f53256aa32c2?s=96&d=mm&r=g\",\"url\":\"https:\\\/\\\/secure.gravatar.com\\\/avatar\\\/5d623c2f60da6da613f8db4cef8422938a352a814a1ad2edc307f53256aa32c2?s=96&d=mm&r=g\",\"contentUrl\":\"https:\\\/\\\/secure.gravatar.com\\\/avatar\\\/5d623c2f60da6da613f8db4cef8422938a352a814a1ad2edc307f53256aa32c2?s=96&d=mm&r=g\",\"caption\":\"VLM\"},\"sameAs\":[\"https:\\\/\\\/www.valerielemeur.com\"],\"url\":\"https:\\\/\\\/www.valerielemeur.com\\\/en\\\/author\\\/vlm\\\/\"}]}<\/script>\n<!-- \/ Yoast SEO plugin. -->","yoast_head_json":{"title":"Lower Manhattan - Val\u00e9rie LE MEUR","description":"Val\u00e9rie LE MEUR Lower Manhattan Tableau -","robots":{"index":"index","follow":"follow","max-snippet":"max-snippet:-1","max-image-preview":"max-image-preview:large","max-video-preview":"max-video-preview:-1"},"canonical":"https:\/\/www.valerielemeur.com\/en\/lower-manhattan\/","og_locale":"en_GB","og_type":"article","og_title":"Lower Manhattan - Val\u00e9rie LE MEUR","og_description":"Val\u00e9rie LE MEUR Lower Manhattan Tableau -","og_url":"https:\/\/www.valerielemeur.com\/en\/lower-manhattan\/","og_site_name":"Val\u00e9rie LE MEUR","article_published_time":"2020-02-06T13:30:50+00:00","article_modified_time":"2024-08-20T16:58:29+00:00","og_image":[{"width":2560,"height":1885,"url":"https:\/\/www.valerielemeur.com\/wp-content\/uploads\/2020\/06\/Lower-Manhattan-scaled.jpg","type":"image\/jpeg"}],"author":"VLM","twitter_card":"summary_large_image","twitter_misc":{"Written by":"VLM","Estimated reading time":"2 minutes"},"schema":{"@context":"https:\/\/schema.org","@graph":[{"@type":"Article","@id":"https:\/\/www.valerielemeur.com\/lower-manhattan\/#article","isPartOf":{"@id":"https:\/\/www.valerielemeur.com\/lower-manhattan\/"},"author":{"name":"VLM","@id":"https:\/\/www.valerielemeur.com\/#\/schema\/person\/988a7c5b4614f08d4a29788db12b10bb"},"headline":"Lower Manhattan","datePublished":"2020-02-06T13:30:50+00:00","dateModified":"2024-08-20T16:58:29+00:00","mainEntityOfPage":{"@id":"https:\/\/www.valerielemeur.com\/lower-manhattan\/"},"wordCount":315,"publisher":{"@id":"https:\/\/www.valerielemeur.com\/#organization"},"image":{"@id":"https:\/\/www.valerielemeur.com\/lower-manhattan\/#primaryimage"},"thumbnailUrl":"https:\/\/www.valerielemeur.com\/wp-content\/uploads\/2020\/06\/Lower-Manhattan-scaled.jpg","keywords":["Demander le prix"],"articleSection":["New-York","Tableau"],"inLanguage":"en-GB"},{"@type":"WebPage","@id":"https:\/\/www.valerielemeur.com\/lower-manhattan\/","url":"https:\/\/www.valerielemeur.com\/lower-manhattan\/","name":"Lower Manhattan - Val\u00e9rie LE MEUR","isPartOf":{"@id":"https:\/\/www.valerielemeur.com\/#website"},"primaryImageOfPage":{"@id":"https:\/\/www.valerielemeur.com\/lower-manhattan\/#primaryimage"},"image":{"@id":"https:\/\/www.valerielemeur.com\/lower-manhattan\/#primaryimage"},"thumbnailUrl":"https:\/\/www.valerielemeur.com\/wp-content\/uploads\/2020\/06\/Lower-Manhattan-scaled.jpg","datePublished":"2020-02-06T13:30:50+00:00","dateModified":"2024-08-20T16:58:29+00:00","description":"Val\u00e9rie LE MEUR Lower Manhattan Tableau -","breadcrumb":{"@id":"https:\/\/www.valerielemeur.com\/lower-manhattan\/#breadcrumb"},"inLanguage":"en-GB","potentialAction":[{"@type":"ReadAction","target":["https:\/\/www.valerielemeur.com\/lower-manhattan\/"]}]},{"@type":"ImageObject","inLanguage":"en-GB","@id":"https:\/\/www.valerielemeur.com\/lower-manhattan\/#primaryimage","url":"https:\/\/www.valerielemeur.com\/wp-content\/uploads\/2020\/06\/Lower-Manhattan-scaled.jpg","contentUrl":"https:\/\/www.valerielemeur.com\/wp-content\/uploads\/2020\/06\/Lower-Manhattan-scaled.jpg","width":2560,"height":1885},{"@type":"BreadcrumbList","@id":"https:\/\/www.valerielemeur.com\/lower-manhattan\/#breadcrumb","itemListElement":[{"@type":"ListItem","position":1,"name":"Accueil","item":"https:\/\/www.valerielemeur.com\/"},{"@type":"ListItem","position":2,"name":"Lower Manhattan"}]},{"@type":"WebSite","@id":"https:\/\/www.valerielemeur.com\/#website","url":"https:\/\/www.valerielemeur.com\/","name":"Val\u00e9rie LE MEUR","description":"Painter","publisher":{"@id":"https:\/\/www.valerielemeur.com\/#organization"},"potentialAction":[{"@type":"SearchAction","target":{"@type":"EntryPoint","urlTemplate":"https:\/\/www.valerielemeur.com\/?s={search_term_string}"},"query-input":{"@type":"PropertyValueSpecification","valueRequired":true,"valueName":"search_term_string"}}],"inLanguage":"en-GB"},{"@type":"Organization","@id":"https:\/\/www.valerielemeur.com\/#organization","name":"valerie le meur","url":"https:\/\/www.valerielemeur.com\/","logo":{"@type":"ImageObject","inLanguage":"en-GB","@id":"https:\/\/www.valerielemeur.com\/#\/schema\/logo\/image\/","url":"https:\/\/www.valerielemeur.com\/wp-content\/uploads\/2020\/07\/photo-CV-sun.jpg","contentUrl":"https:\/\/www.valerielemeur.com\/wp-content\/uploads\/2020\/07\/photo-CV-sun.jpg","width":2373,"height":2373,"caption":"valerie le meur"},"image":{"@id":"https:\/\/www.valerielemeur.com\/#\/schema\/logo\/image\/"}},{"@type":"Person","@id":"https:\/\/www.valerielemeur.com\/#\/schema\/person\/988a7c5b4614f08d4a29788db12b10bb","name":"VLM","image":{"@type":"ImageObject","inLanguage":"en-GB","@id":"https:\/\/secure.gravatar.com\/avatar\/5d623c2f60da6da613f8db4cef8422938a352a814a1ad2edc307f53256aa32c2?s=96&d=mm&r=g","url":"https:\/\/secure.gravatar.com\/avatar\/5d623c2f60da6da613f8db4cef8422938a352a814a1ad2edc307f53256aa32c2?s=96&d=mm&r=g","contentUrl":"https:\/\/secure.gravatar.com\/avatar\/5d623c2f60da6da613f8db4cef8422938a352a814a1ad2edc307f53256aa32c2?s=96&d=mm&r=g","caption":"VLM"},"sameAs":["https:\/\/www.valerielemeur.com"],"url":"https:\/\/www.valerielemeur.com\/en\/author\/vlm\/"}]}},"jetpack_featured_media_url":"https:\/\/www.valerielemeur.com\/wp-content\/uploads\/2020\/06\/Lower-Manhattan-scaled.jpg","uagb_featured_image_src":{"full":["https:\/\/www.valerielemeur.com\/wp-content\/uploads\/2020\/06\/Lower-Manhattan-scaled.jpg",2560,1885,false],"thumbnail":["https:\/\/www.valerielemeur.com\/wp-content\/uploads\/2020\/06\/Lower-Manhattan-150x150.jpg",150,150,true],"medium":["https:\/\/www.valerielemeur.com\/wp-content\/uploads\/2020\/06\/Lower-Manhattan-300x221.jpg",300,221,true],"medium_large":["https:\/\/www.valerielemeur.com\/wp-content\/uploads\/2020\/06\/Lower-Manhattan-768x566.jpg",768,566,true],"large":["https:\/\/www.valerielemeur.com\/wp-content\/uploads\/2020\/06\/Lower-Manhattan-1024x754.jpg",1024,754,true],"1536x1536":["https:\/\/www.valerielemeur.com\/wp-content\/uploads\/2020\/06\/Lower-Manhattan-1536x1131.jpg",1536,1131,true],"2048x2048":["https:\/\/www.valerielemeur.com\/wp-content\/uploads\/2020\/06\/Lower-Manhattan-2048x1508.jpg",2048,1508,true],"trp-custom-language-flag":["https:\/\/www.valerielemeur.com\/wp-content\/uploads\/2020\/06\/Lower-Manhattan-scaled.jpg",16,12,false]},"uagb_author_info":{"display_name":"VLM","author_link":"https:\/\/www.valerielemeur.com\/en\/author\/vlm\/"},"uagb_comment_info":0,"uagb_excerpt":"Acrylique sur Toile (90x120x3,5 cm) 2020- 2600\u20ac +livraison J&rsquo;ai aim\u00e9 cette s\u00e9rie new-yorkaise particuli\u00e8rement parce que j&rsquo;ai r\u00e9-imagin\u00e9 NY, ville que je n&rsquo;ai jamais vu de visu, ce qui m&rsquo;a permis de la r\u00e9inventer de la modifier, de la reconstruire \u00e0 mon gout!J&rsquo;ai aim\u00e9 vivre cette \u00ab\u00a0craziness\u00a0\u00bb de New-York, cette folie, ces m\u00e9langes de gratte-ciel&hellip;","jetpack_sharing_enabled":true,"_links":{"self":[{"href":"https:\/\/www.valerielemeur.com\/en\/wp-json\/wp\/v2\/posts\/2181","targetHints":{"allow":["GET"]}}],"collection":[{"href":"https:\/\/www.valerielemeur.com\/en\/wp-json\/wp\/v2\/posts"}],"about":[{"href":"https:\/\/www.valerielemeur.com\/en\/wp-json\/wp\/v2\/types\/post"}],"author":[{"embeddable":true,"href":"https:\/\/www.valerielemeur.com\/en\/wp-json\/wp\/v2\/users\/1"}],"replies":[{"embeddable":true,"href":"https:\/\/www.valerielemeur.com\/en\/wp-json\/wp\/v2\/comments?post=2181"}],"version-history":[{"count":9,"href":"https:\/\/www.valerielemeur.com\/en\/wp-json\/wp\/v2\/posts\/2181\/revisions"}],"predecessor-version":[{"id":5051,"href":"https:\/\/www.valerielemeur.com\/en\/wp-json\/wp\/v2\/posts\/2181\/revisions\/5051"}],"wp:featuredmedia":[{"embeddable":true,"href":"https:\/\/www.valerielemeur.com\/en\/wp-json\/wp\/v2\/media\/1143"}],"wp:attachment":[{"href":"https:\/\/www.valerielemeur.com\/en\/wp-json\/wp\/v2\/media?parent=2181"}],"wp:term":[{"taxonomy":"category","embeddable":true,"href":"https:\/\/www.valerielemeur.com\/en\/wp-json\/wp\/v2\/categories?post=2181"},{"taxonomy":"post_tag","embeddable":true,"href":"https:\/\/www.valerielemeur.com\/en\/wp-json\/wp\/v2\/tags?post=2181"}],"curies":[{"name":"wp","href":"https:\/\/api.w.org\/{rel}","templated":true}]}}