{"id":2220,"date":"2018-01-01T14:04:46","date_gmt":"2018-01-01T14:04:46","guid":{"rendered":"https:\/\/www.valerielemeur.com\/?p=2220"},"modified":"2024-08-20T17:08:13","modified_gmt":"2024-08-20T17:08:13","slug":"exhibitions-2018","status":"publish","type":"post","link":"https:\/\/www.valerielemeur.com\/en\/exhibitions-2018\/","title":{"rendered":"Exhibitions 2018"},"content":{"rendered":"<p class=\"has-medium-font-size\"><em><u>EXPOSITION PERSONNELLE :<\/u><\/em><\/p>\n\n\n\n<p class=\"has-medium-font-size\">6-8 Avril 2018&nbsp;: GIF-SUR-YVETTE (91)&nbsp;: Ch\u00e2teau de Belleville<\/p>\n\n\n\n<p class=\"has-medium-font-size\"><em><u>EXPOSITIONS COLLECTIVES<\/u><\/em> :<\/p>\n\n\n\n<p class=\"has-medium-font-size\">24 f\u00e9vrier au 31 mars : FORBACH (57)&nbsp;: GALERIE TET DE L\u2019ART<\/p>\n\n\n\n<p class=\"has-medium-font-size\">20-22 juillet : LONDRES (GB)&nbsp;: PARALLAX ART FAIR<\/p>\n\n\n\n<p class=\"has-medium-font-size\">26-30 septembre : SENLIS (60)&nbsp;: SENLIS ARTFAIR<\/p>\n\n\n\n<p class=\"has-medium-font-size\">1<sup>er<\/sup> au 9 d\u00e9c.&nbsp;: PALAISEAU&nbsp;(91) : 39 -\u00e8me salon d\u2019art&nbsp;&nbsp;<\/p>\n\n\n\n<p class=\"has-medium-font-size\">4-16 d\u00e9cembre&nbsp;: VERSAILLES (78)&nbsp;: 153 -\u00e8me salon de VERSAILLES (Carr\u00e9 \u00e0 la farine)<\/p>","protected":false},"excerpt":{"rendered":"<p>EXPOSITION PERSONNELLE : 6-8 Avril 2018&nbsp;: GIF-SUR-YVETTE (91)&nbsp;: Ch\u00e2teau de Belleville EXPOSITIONS COLLECTIVES : 24 f\u00e9vrier au 31 mars : FORBACH (57)&nbsp;: GALERIE TET DE L\u2019ART 20-22 juillet : LONDRES (GB)&nbsp;: PARALLAX ART FAIR 26-30 septembre : SENLIS (60)&nbsp;: SENLIS ARTFAIR 1er au 9 d\u00e9c.&nbsp;: PALAISEAU&nbsp;(91) : 39 -\u00e8me salon d\u2019art&nbsp;&nbsp; 4-16 d\u00e9cembre&nbsp;: VERSAILLES (78)&nbsp;: [&hellip;]<\/p>\n","protected":false},"author":1,"featured_media":0,"comment_status":"open","ping_status":"open","sticky":false,"template":"","format":"image","meta":{"_uag_custom_page_level_css":"","site-sidebar-layout":"default","site-content-layout":null,"ast-site-content-layout":"default","site-content-style":"default","site-sidebar-style":"default","ast-global-header-display":"","ast-banner-title-visibility":"","ast-main-header-display":"","ast-hfb-above-header-display":null,"ast-hfb-below-header-display":null,"ast-hfb-mobile-header-display":null,"site-post-title":"enabled","ast-breadcrumbs-content":null,"ast-featured-img":"disabled","footer-sml-layout":"","ast-disable-related-posts":"","theme-transparent-header-meta":"enabled","adv-header-id-meta":null,"stick-header-meta":null,"header-above-stick-meta":null,"header-main-stick-meta":null,"header-below-stick-meta":null,"astra-migrate-meta-layouts":"set","ast-page-background-enabled":"default","ast-page-background-meta":{"desktop":{"background-color":"","background-image":"","background-repeat":"repeat","background-position":"center center","background-size":"auto","background-attachment":"scroll","background-type":"","background-media":"","overlay-type":"","overlay-color":"","overlay-opacity":"","overlay-gradient":""},"tablet":{"background-color":"","background-image":"","background-repeat":"repeat","background-position":"center center","background-size":"auto","background-attachment":"scroll","background-type":"","background-media":"","overlay-type":"","overlay-color":"","overlay-opacity":"","overlay-gradient":""},"mobile":{"background-color":"","background-image":"","background-repeat":"repeat","background-position":"center center","background-size":"auto","background-attachment":"scroll","background-type":"","background-media":"","overlay-type":"","overlay-color":"","overlay-opacity":"","overlay-gradient":""}},"ast-content-background-meta":{"desktop":{"background-color":"var(--ast-global-color-5)","background-image":"","background-repeat":"repeat","background-position":"center center","background-size":"auto","background-attachment":"scroll","background-type":"","background-media":"","overlay-type":"","overlay-color":"","overlay-opacity":"","overlay-gradient":""},"tablet":{"background-color":"var(--ast-global-color-5)","background-image":"","background-repeat":"repeat","background-position":"center center","background-size":"auto","background-attachment":"scroll","background-type":"","background-media":"","overlay-type":"","overlay-color":"","overlay-opacity":"","overlay-gradient":""},"mobile":{"background-color":"var(--ast-global-color-5)","background-image":"","background-repeat":"repeat","background-position":"center center","background-size":"auto","background-attachment":"scroll","background-type":"","background-media":"","overlay-type":"","overlay-color":"","overlay-opacity":"","overlay-gradient":""}},"_jetpack_memberships_contains_paid_content":false,"footnotes":""},"categories":[40,53],"tags":[],"class_list":["post-2220","post","type-post","status-publish","format-image","hentry","category-news","category-new","post_format-post-format-image"],"yoast_head":"<!-- This site is optimized with the Yoast SEO plugin v27.4 - https:\/\/yoast.com\/product\/yoast-seo-wordpress\/ -->\n<title>Expositions 2018 - Val\u00e9rie LE MEUR<\/title>\n<meta name=\"description\" content=\"Val\u00e9rie LE MEUR Expositions 2018 -\" \/>\n<meta name=\"robots\" content=\"index, follow, max-snippet:-1, max-image-preview:large, max-video-preview:-1\" \/>\n<link rel=\"canonical\" href=\"https:\/\/www.valerielemeur.com\/en\/exhibitions-2018\/\" \/>\n<meta property=\"og:locale\" content=\"en_GB\" \/>\n<meta property=\"og:type\" content=\"article\" \/>\n<meta property=\"og:title\" content=\"Expositions 2018 - Val\u00e9rie LE MEUR\" \/>\n<meta property=\"og:description\" content=\"Val\u00e9rie LE MEUR Expositions 2018 -\" \/>\n<meta property=\"og:url\" content=\"https:\/\/www.valerielemeur.com\/en\/exhibitions-2018\/\" \/>\n<meta property=\"og:site_name\" content=\"Val\u00e9rie LE MEUR\" \/>\n<meta property=\"article:published_time\" content=\"2018-01-01T14:04:46+00:00\" \/>\n<meta property=\"article:modified_time\" content=\"2024-08-20T17:08:13+00:00\" \/>\n<meta name=\"author\" content=\"VLM\" \/>\n<meta name=\"twitter:card\" content=\"summary_large_image\" \/>\n<meta name=\"twitter:label1\" content=\"Written by\" \/>\n\t<meta name=\"twitter:data1\" content=\"VLM\" \/>\n\t<meta name=\"twitter:label2\" content=\"Estimated reading time\" \/>\n\t<meta name=\"twitter:data2\" content=\"1 minute\" \/>\n<script type=\"application\/ld+json\" class=\"yoast-schema-graph\">{\"@context\":\"https:\\\/\\\/schema.org\",\"@graph\":[{\"@type\":\"Article\",\"@id\":\"https:\\\/\\\/www.valerielemeur.com\\\/exhibitions-2018\\\/#article\",\"isPartOf\":{\"@id\":\"https:\\\/\\\/www.valerielemeur.com\\\/exhibitions-2018\\\/\"},\"author\":{\"name\":\"VLM\",\"@id\":\"https:\\\/\\\/www.valerielemeur.com\\\/#\\\/schema\\\/person\\\/988a7c5b4614f08d4a29788db12b10bb\"},\"headline\":\"Expositions 2018\",\"datePublished\":\"2018-01-01T14:04:46+00:00\",\"dateModified\":\"2024-08-20T17:08:13+00:00\",\"mainEntityOfPage\":{\"@id\":\"https:\\\/\\\/www.valerielemeur.com\\\/exhibitions-2018\\\/\"},\"wordCount\":67,\"commentCount\":0,\"publisher\":{\"@id\":\"https:\\\/\\\/www.valerielemeur.com\\\/#organization\"},\"articleSection\":[\"Actualit\u00e9\",\"news\"],\"inLanguage\":\"en-GB\",\"potentialAction\":[{\"@type\":\"CommentAction\",\"name\":\"Comment\",\"target\":[\"https:\\\/\\\/www.valerielemeur.com\\\/exhibitions-2018\\\/#respond\"]}]},{\"@type\":\"WebPage\",\"@id\":\"https:\\\/\\\/www.valerielemeur.com\\\/exhibitions-2018\\\/\",\"url\":\"https:\\\/\\\/www.valerielemeur.com\\\/exhibitions-2018\\\/\",\"name\":\"Expositions 2018 - Val\u00e9rie LE MEUR\",\"isPartOf\":{\"@id\":\"https:\\\/\\\/www.valerielemeur.com\\\/#website\"},\"datePublished\":\"2018-01-01T14:04:46+00:00\",\"dateModified\":\"2024-08-20T17:08:13+00:00\",\"description\":\"Val\u00e9rie LE MEUR Expositions 2018 -\",\"breadcrumb\":{\"@id\":\"https:\\\/\\\/www.valerielemeur.com\\\/exhibitions-2018\\\/#breadcrumb\"},\"inLanguage\":\"en-GB\",\"potentialAction\":[{\"@type\":\"ReadAction\",\"target\":[\"https:\\\/\\\/www.valerielemeur.com\\\/exhibitions-2018\\\/\"]}]},{\"@type\":\"BreadcrumbList\",\"@id\":\"https:\\\/\\\/www.valerielemeur.com\\\/exhibitions-2018\\\/#breadcrumb\",\"itemListElement\":[{\"@type\":\"ListItem\",\"position\":1,\"name\":\"Accueil\",\"item\":\"https:\\\/\\\/www.valerielemeur.com\\\/\"},{\"@type\":\"ListItem\",\"position\":2,\"name\":\"Expositions 2018\"}]},{\"@type\":\"WebSite\",\"@id\":\"https:\\\/\\\/www.valerielemeur.com\\\/#website\",\"url\":\"https:\\\/\\\/www.valerielemeur.com\\\/\",\"name\":\"Val\u00e9rie LE MEUR\",\"description\":\"Artiste Peintre\",\"publisher\":{\"@id\":\"https:\\\/\\\/www.valerielemeur.com\\\/#organization\"},\"potentialAction\":[{\"@type\":\"SearchAction\",\"target\":{\"@type\":\"EntryPoint\",\"urlTemplate\":\"https:\\\/\\\/www.valerielemeur.com\\\/?s={search_term_string}\"},\"query-input\":{\"@type\":\"PropertyValueSpecification\",\"valueRequired\":true,\"valueName\":\"search_term_string\"}}],\"inLanguage\":\"en-GB\"},{\"@type\":\"Organization\",\"@id\":\"https:\\\/\\\/www.valerielemeur.com\\\/#organization\",\"name\":\"valerie le meur\",\"url\":\"https:\\\/\\\/www.valerielemeur.com\\\/\",\"logo\":{\"@type\":\"ImageObject\",\"inLanguage\":\"en-GB\",\"@id\":\"https:\\\/\\\/www.valerielemeur.com\\\/#\\\/schema\\\/logo\\\/image\\\/\",\"url\":\"https:\\\/\\\/www.valerielemeur.com\\\/wp-content\\\/uploads\\\/2020\\\/07\\\/photo-CV-sun.jpg\",\"contentUrl\":\"https:\\\/\\\/www.valerielemeur.com\\\/wp-content\\\/uploads\\\/2020\\\/07\\\/photo-CV-sun.jpg\",\"width\":2373,\"height\":2373,\"caption\":\"valerie le meur\"},\"image\":{\"@id\":\"https:\\\/\\\/www.valerielemeur.com\\\/#\\\/schema\\\/logo\\\/image\\\/\"}},{\"@type\":\"Person\",\"@id\":\"https:\\\/\\\/www.valerielemeur.com\\\/#\\\/schema\\\/person\\\/988a7c5b4614f08d4a29788db12b10bb\",\"name\":\"VLM\",\"image\":{\"@type\":\"ImageObject\",\"inLanguage\":\"en-GB\",\"@id\":\"https:\\\/\\\/secure.gravatar.com\\\/avatar\\\/5d623c2f60da6da613f8db4cef8422938a352a814a1ad2edc307f53256aa32c2?s=96&d=mm&r=g\",\"url\":\"https:\\\/\\\/secure.gravatar.com\\\/avatar\\\/5d623c2f60da6da613f8db4cef8422938a352a814a1ad2edc307f53256aa32c2?s=96&d=mm&r=g\",\"contentUrl\":\"https:\\\/\\\/secure.gravatar.com\\\/avatar\\\/5d623c2f60da6da613f8db4cef8422938a352a814a1ad2edc307f53256aa32c2?s=96&d=mm&r=g\",\"caption\":\"VLM\"},\"sameAs\":[\"https:\\\/\\\/www.valerielemeur.com\"],\"url\":\"https:\\\/\\\/www.valerielemeur.com\\\/en\\\/author\\\/vlm\\\/\"}]}<\/script>\n<!-- \/ Yoast SEO plugin. -->","yoast_head_json":{"title":"Expositions 2018 - Val\u00e9rie LE MEUR","description":"Val\u00e9rie LE MEUR Expositions 2018 -","robots":{"index":"index","follow":"follow","max-snippet":"max-snippet:-1","max-image-preview":"max-image-preview:large","max-video-preview":"max-video-preview:-1"},"canonical":"https:\/\/www.valerielemeur.com\/en\/exhibitions-2018\/","og_locale":"en_GB","og_type":"article","og_title":"Expositions 2018 - Val\u00e9rie LE MEUR","og_description":"Val\u00e9rie LE MEUR Expositions 2018 -","og_url":"https:\/\/www.valerielemeur.com\/en\/exhibitions-2018\/","og_site_name":"Val\u00e9rie LE MEUR","article_published_time":"2018-01-01T14:04:46+00:00","article_modified_time":"2024-08-20T17:08:13+00:00","author":"VLM","twitter_card":"summary_large_image","twitter_misc":{"Written by":"VLM","Estimated reading time":"1 minute"},"schema":{"@context":"https:\/\/schema.org","@graph":[{"@type":"Article","@id":"https:\/\/www.valerielemeur.com\/exhibitions-2018\/#article","isPartOf":{"@id":"https:\/\/www.valerielemeur.com\/exhibitions-2018\/"},"author":{"name":"VLM","@id":"https:\/\/www.valerielemeur.com\/#\/schema\/person\/988a7c5b4614f08d4a29788db12b10bb"},"headline":"Expositions 2018","datePublished":"2018-01-01T14:04:46+00:00","dateModified":"2024-08-20T17:08:13+00:00","mainEntityOfPage":{"@id":"https:\/\/www.valerielemeur.com\/exhibitions-2018\/"},"wordCount":67,"commentCount":0,"publisher":{"@id":"https:\/\/www.valerielemeur.com\/#organization"},"articleSection":["Actualit\u00e9","news"],"inLanguage":"en-GB","potentialAction":[{"@type":"CommentAction","name":"Comment","target":["https:\/\/www.valerielemeur.com\/exhibitions-2018\/#respond"]}]},{"@type":"WebPage","@id":"https:\/\/www.valerielemeur.com\/exhibitions-2018\/","url":"https:\/\/www.valerielemeur.com\/exhibitions-2018\/","name":"Expositions 2018 - Val\u00e9rie LE MEUR","isPartOf":{"@id":"https:\/\/www.valerielemeur.com\/#website"},"datePublished":"2018-01-01T14:04:46+00:00","dateModified":"2024-08-20T17:08:13+00:00","description":"Val\u00e9rie LE MEUR Expositions 2018 -","breadcrumb":{"@id":"https:\/\/www.valerielemeur.com\/exhibitions-2018\/#breadcrumb"},"inLanguage":"en-GB","potentialAction":[{"@type":"ReadAction","target":["https:\/\/www.valerielemeur.com\/exhibitions-2018\/"]}]},{"@type":"BreadcrumbList","@id":"https:\/\/www.valerielemeur.com\/exhibitions-2018\/#breadcrumb","itemListElement":[{"@type":"ListItem","position":1,"name":"Accueil","item":"https:\/\/www.valerielemeur.com\/"},{"@type":"ListItem","position":2,"name":"Expositions 2018"}]},{"@type":"WebSite","@id":"https:\/\/www.valerielemeur.com\/#website","url":"https:\/\/www.valerielemeur.com\/","name":"Val\u00e9rie LE MEUR","description":"Painter","publisher":{"@id":"https:\/\/www.valerielemeur.com\/#organization"},"potentialAction":[{"@type":"SearchAction","target":{"@type":"EntryPoint","urlTemplate":"https:\/\/www.valerielemeur.com\/?s={search_term_string}"},"query-input":{"@type":"PropertyValueSpecification","valueRequired":true,"valueName":"search_term_string"}}],"inLanguage":"en-GB"},{"@type":"Organization","@id":"https:\/\/www.valerielemeur.com\/#organization","name":"valerie le meur","url":"https:\/\/www.valerielemeur.com\/","logo":{"@type":"ImageObject","inLanguage":"en-GB","@id":"https:\/\/www.valerielemeur.com\/#\/schema\/logo\/image\/","url":"https:\/\/www.valerielemeur.com\/wp-content\/uploads\/2020\/07\/photo-CV-sun.jpg","contentUrl":"https:\/\/www.valerielemeur.com\/wp-content\/uploads\/2020\/07\/photo-CV-sun.jpg","width":2373,"height":2373,"caption":"valerie le meur"},"image":{"@id":"https:\/\/www.valerielemeur.com\/#\/schema\/logo\/image\/"}},{"@type":"Person","@id":"https:\/\/www.valerielemeur.com\/#\/schema\/person\/988a7c5b4614f08d4a29788db12b10bb","name":"VLM","image":{"@type":"ImageObject","inLanguage":"en-GB","@id":"https:\/\/secure.gravatar.com\/avatar\/5d623c2f60da6da613f8db4cef8422938a352a814a1ad2edc307f53256aa32c2?s=96&d=mm&r=g","url":"https:\/\/secure.gravatar.com\/avatar\/5d623c2f60da6da613f8db4cef8422938a352a814a1ad2edc307f53256aa32c2?s=96&d=mm&r=g","contentUrl":"https:\/\/secure.gravatar.com\/avatar\/5d623c2f60da6da613f8db4cef8422938a352a814a1ad2edc307f53256aa32c2?s=96&d=mm&r=g","caption":"VLM"},"sameAs":["https:\/\/www.valerielemeur.com"],"url":"https:\/\/www.valerielemeur.com\/en\/author\/vlm\/"}]}},"jetpack_featured_media_url":"","uagb_featured_image_src":{"full":false,"thumbnail":false,"medium":false,"medium_large":false,"large":false,"1536x1536":false,"2048x2048":false,"trp-custom-language-flag":false},"uagb_author_info":{"display_name":"VLM","author_link":"https:\/\/www.valerielemeur.com\/en\/author\/vlm\/"},"uagb_comment_info":0,"uagb_excerpt":"EXPOSITION PERSONNELLE : 6-8 Avril 2018&nbsp;: GIF-SUR-YVETTE (91)&nbsp;: Ch\u00e2teau de Belleville EXPOSITIONS COLLECTIVES : 24 f\u00e9vrier au 31 mars : FORBACH (57)&nbsp;: GALERIE TET DE L\u2019ART 20-22 juillet : LONDRES (GB)&nbsp;: PARALLAX ART FAIR 26-30 septembre : SENLIS (60)&nbsp;: SENLIS ARTFAIR 1er au 9 d\u00e9c.&nbsp;: PALAISEAU&nbsp;(91) : 39 -\u00e8me salon d\u2019art&nbsp;&nbsp; 4-16 d\u00e9cembre&nbsp;: VERSAILLES (78)&nbsp;:&hellip;","jetpack_sharing_enabled":true,"_links":{"self":[{"href":"https:\/\/www.valerielemeur.com\/en\/wp-json\/wp\/v2\/posts\/2220","targetHints":{"allow":["GET"]}}],"collection":[{"href":"https:\/\/www.valerielemeur.com\/en\/wp-json\/wp\/v2\/posts"}],"about":[{"href":"https:\/\/www.valerielemeur.com\/en\/wp-json\/wp\/v2\/types\/post"}],"author":[{"embeddable":true,"href":"https:\/\/www.valerielemeur.com\/en\/wp-json\/wp\/v2\/users\/1"}],"replies":[{"embeddable":true,"href":"https:\/\/www.valerielemeur.com\/en\/wp-json\/wp\/v2\/comments?post=2220"}],"version-history":[{"count":9,"href":"https:\/\/www.valerielemeur.com\/en\/wp-json\/wp\/v2\/posts\/2220\/revisions"}],"predecessor-version":[{"id":5784,"href":"https:\/\/www.valerielemeur.com\/en\/wp-json\/wp\/v2\/posts\/2220\/revisions\/5784"}],"wp:attachment":[{"href":"https:\/\/www.valerielemeur.com\/en\/wp-json\/wp\/v2\/media?parent=2220"}],"wp:term":[{"taxonomy":"category","embeddable":true,"href":"https:\/\/www.valerielemeur.com\/en\/wp-json\/wp\/v2\/categories?post=2220"},{"taxonomy":"post_tag","embeddable":true,"href":"https:\/\/www.valerielemeur.com\/en\/wp-json\/wp\/v2\/tags?post=2220"}],"curies":[{"name":"wp","href":"https:\/\/api.w.org\/{rel}","templated":true}]}}