{"id":2330,"date":"2020-01-01T13:11:34","date_gmt":"2020-01-01T13:11:34","guid":{"rendered":"https:\/\/www.valerielemeur.com\/?p=2330"},"modified":"2024-08-20T16:59:08","modified_gmt":"2024-08-20T16:59:08","slug":"exhibitions-2020","status":"publish","type":"post","link":"https:\/\/www.valerielemeur.com\/en\/exhibitions-2020\/","title":{"rendered":"Exhibitions 2020"},"content":{"rendered":"<p><em><u>EXPOSITIONS COLLECTIVES<\/u><\/em>&nbsp;:<\/p>\n\n\n\n<p class=\"has-medium-font-size\">Janvier\/f\u00e9vrier&nbsp;:&nbsp; SACLAY (91)&nbsp;; ANTONY&nbsp;: CCAA&nbsp;(92)<\/p>\n\n\n\n<p class=\"has-medium-font-size\">25 janvier au 8 f\u00e9vrier&nbsp;: BOURG-LA-REINE&nbsp;(92) : 52<sup>\u00e8me<\/sup> salon Ile de France<\/p>\n\n\n\n<p class=\"has-medium-font-size\">22 f\u00e9vrier-1<sup>er<\/sup> mars&nbsp;: JOUY EN JOSAS (78)&nbsp;: Les Peintres du Josas<\/p>\n\n\n\n<p class=\"has-medium-font-size\">11 mars-28 mars&nbsp;: VILLE D\u2019AVRAY (92)&nbsp;: 43<sup>\u00e8me<\/sup> salon de printemps&nbsp; <strong>REPORTE<\/strong><\/p>\n\n\n\n<p class=\"has-medium-font-size\">18-25 avril&nbsp;: CHATILLON (92) salon des petits formats <strong>ANNULE<\/strong><\/p>\n\n\n\n<p class=\"has-medium-font-size\">25 avril-3 mai&nbsp;: VERRIERES-LE-BUISSON&nbsp;(92)&nbsp;: 42<sup>\u00e8me<\/sup> salon de printemps <strong>ANNULE<\/strong><\/p>\n\n\n\n<p class=\"has-medium-font-size\">15-16 mai&nbsp;: OLLAINVILLE (91)&nbsp;:21<sup>\u00e8me<\/sup> salon \u00ab&nbsp;rencontres des arts&nbsp;\u00bb <strong>ANNULE<\/strong><\/p>","protected":false},"excerpt":{"rendered":"<p>EXPOSITIONS COLLECTIVES&nbsp;: Janvier\/f\u00e9vrier&nbsp;:&nbsp; SACLAY (91)&nbsp;; ANTONY&nbsp;: CCAA&nbsp;(92) 25 janvier au 8 f\u00e9vrier&nbsp;: BOURG-LA-REINE&nbsp;(92) : 52\u00e8me salon Ile de France 22 f\u00e9vrier-1er mars&nbsp;: JOUY EN JOSAS (78)&nbsp;: Les Peintres du Josas 11 mars-28 mars&nbsp;: VILLE D\u2019AVRAY (92)&nbsp;: 43\u00e8me salon de printemps&nbsp; REPORTE 18-25 avril&nbsp;: CHATILLON (92) salon des petits formats ANNULE 25 avril-3 mai&nbsp;: VERRIERES-LE-BUISSON&nbsp;(92)&nbsp;: 42\u00e8me [&hellip;]<\/p>\n","protected":false},"author":1,"featured_media":0,"comment_status":"open","ping_status":"open","sticky":false,"template":"","format":"standard","meta":{"_uag_custom_page_level_css":"","site-sidebar-layout":"default","site-content-layout":null,"ast-site-content-layout":"default","site-content-style":"default","site-sidebar-style":"default","ast-global-header-display":"","ast-banner-title-visibility":"","ast-main-header-display":"","ast-hfb-above-header-display":null,"ast-hfb-below-header-display":null,"ast-hfb-mobile-header-display":null,"site-post-title":"enabled","ast-breadcrumbs-content":null,"ast-featured-img":"disabled","footer-sml-layout":"","ast-disable-related-posts":"","theme-transparent-header-meta":"enabled","adv-header-id-meta":null,"stick-header-meta":null,"header-above-stick-meta":null,"header-main-stick-meta":null,"header-below-stick-meta":null,"astra-migrate-meta-layouts":"default","ast-page-background-enabled":"default","ast-page-background-meta":{"desktop":{"background-color":"","background-image":"","background-repeat":"repeat","background-position":"center center","background-size":"auto","background-attachment":"scroll","background-type":"","background-media":"","overlay-type":"","overlay-color":"","overlay-opacity":"","overlay-gradient":""},"tablet":{"background-color":"","background-image":"","background-repeat":"repeat","background-position":"center center","background-size":"auto","background-attachment":"scroll","background-type":"","background-media":"","overlay-type":"","overlay-color":"","overlay-opacity":"","overlay-gradient":""},"mobile":{"background-color":"","background-image":"","background-repeat":"repeat","background-position":"center center","background-size":"auto","background-attachment":"scroll","background-type":"","background-media":"","overlay-type":"","overlay-color":"","overlay-opacity":"","overlay-gradient":""}},"ast-content-background-meta":{"desktop":{"background-color":"var(--ast-global-color-5)","background-image":"","background-repeat":"repeat","background-position":"center center","background-size":"auto","background-attachment":"scroll","background-type":"","background-media":"","overlay-type":"","overlay-color":"","overlay-opacity":"","overlay-gradient":""},"tablet":{"background-color":"var(--ast-global-color-5)","background-image":"","background-repeat":"repeat","background-position":"center center","background-size":"auto","background-attachment":"scroll","background-type":"","background-media":"","overlay-type":"","overlay-color":"","overlay-opacity":"","overlay-gradient":""},"mobile":{"background-color":"var(--ast-global-color-5)","background-image":"","background-repeat":"repeat","background-position":"center center","background-size":"auto","background-attachment":"scroll","background-type":"","background-media":"","overlay-type":"","overlay-color":"","overlay-opacity":"","overlay-gradient":""}},"_jetpack_memberships_contains_paid_content":false,"footnotes":""},"categories":[40,53],"tags":[],"class_list":["post-2330","post","type-post","status-publish","format-standard","hentry","category-news","category-new"],"yoast_head":"<!-- This site is optimized with the Yoast SEO plugin v27.4 - https:\/\/yoast.com\/product\/yoast-seo-wordpress\/ -->\n<title>Expositions 2020 - Val\u00e9rie LE MEUR<\/title>\n<meta name=\"description\" content=\"Val\u00e9rie LE MEUR Expositions 2020 -\" \/>\n<meta name=\"robots\" content=\"index, follow, max-snippet:-1, max-image-preview:large, max-video-preview:-1\" \/>\n<link rel=\"canonical\" href=\"https:\/\/www.valerielemeur.com\/en\/exhibitions-2020\/\" \/>\n<meta property=\"og:locale\" content=\"en_GB\" \/>\n<meta property=\"og:type\" content=\"article\" \/>\n<meta property=\"og:title\" content=\"Expositions 2020 - Val\u00e9rie LE MEUR\" \/>\n<meta property=\"og:description\" content=\"Val\u00e9rie LE MEUR Expositions 2020 -\" \/>\n<meta property=\"og:url\" content=\"https:\/\/www.valerielemeur.com\/en\/exhibitions-2020\/\" \/>\n<meta property=\"og:site_name\" content=\"Val\u00e9rie LE MEUR\" \/>\n<meta property=\"article:published_time\" content=\"2020-01-01T13:11:34+00:00\" \/>\n<meta property=\"article:modified_time\" content=\"2024-08-20T16:59:08+00:00\" \/>\n<meta name=\"author\" content=\"VLM\" \/>\n<meta name=\"twitter:card\" content=\"summary_large_image\" \/>\n<meta name=\"twitter:label1\" content=\"Written by\" \/>\n\t<meta name=\"twitter:data1\" content=\"VLM\" \/>\n<script type=\"application\/ld+json\" class=\"yoast-schema-graph\">{\"@context\":\"https:\\\/\\\/schema.org\",\"@graph\":[{\"@type\":\"Article\",\"@id\":\"https:\\\/\\\/www.valerielemeur.com\\\/exhibitions-2020\\\/#article\",\"isPartOf\":{\"@id\":\"https:\\\/\\\/www.valerielemeur.com\\\/exhibitions-2020\\\/\"},\"author\":{\"name\":\"VLM\",\"@id\":\"https:\\\/\\\/www.valerielemeur.com\\\/#\\\/schema\\\/person\\\/988a7c5b4614f08d4a29788db12b10bb\"},\"headline\":\"Expositions 2020\",\"datePublished\":\"2020-01-01T13:11:34+00:00\",\"dateModified\":\"2024-08-20T16:59:08+00:00\",\"mainEntityOfPage\":{\"@id\":\"https:\\\/\\\/www.valerielemeur.com\\\/exhibitions-2020\\\/\"},\"wordCount\":86,\"commentCount\":0,\"publisher\":{\"@id\":\"https:\\\/\\\/www.valerielemeur.com\\\/#organization\"},\"articleSection\":[\"Actualit\u00e9\",\"news\"],\"inLanguage\":\"en-GB\",\"potentialAction\":[{\"@type\":\"CommentAction\",\"name\":\"Comment\",\"target\":[\"https:\\\/\\\/www.valerielemeur.com\\\/exhibitions-2020\\\/#respond\"]}]},{\"@type\":\"WebPage\",\"@id\":\"https:\\\/\\\/www.valerielemeur.com\\\/exhibitions-2020\\\/\",\"url\":\"https:\\\/\\\/www.valerielemeur.com\\\/exhibitions-2020\\\/\",\"name\":\"Expositions 2020 - Val\u00e9rie LE MEUR\",\"isPartOf\":{\"@id\":\"https:\\\/\\\/www.valerielemeur.com\\\/#website\"},\"datePublished\":\"2020-01-01T13:11:34+00:00\",\"dateModified\":\"2024-08-20T16:59:08+00:00\",\"description\":\"Val\u00e9rie LE MEUR Expositions 2020 -\",\"breadcrumb\":{\"@id\":\"https:\\\/\\\/www.valerielemeur.com\\\/exhibitions-2020\\\/#breadcrumb\"},\"inLanguage\":\"en-GB\",\"potentialAction\":[{\"@type\":\"ReadAction\",\"target\":[\"https:\\\/\\\/www.valerielemeur.com\\\/exhibitions-2020\\\/\"]}]},{\"@type\":\"BreadcrumbList\",\"@id\":\"https:\\\/\\\/www.valerielemeur.com\\\/exhibitions-2020\\\/#breadcrumb\",\"itemListElement\":[{\"@type\":\"ListItem\",\"position\":1,\"name\":\"Accueil\",\"item\":\"https:\\\/\\\/www.valerielemeur.com\\\/\"},{\"@type\":\"ListItem\",\"position\":2,\"name\":\"Expositions 2020\"}]},{\"@type\":\"WebSite\",\"@id\":\"https:\\\/\\\/www.valerielemeur.com\\\/#website\",\"url\":\"https:\\\/\\\/www.valerielemeur.com\\\/\",\"name\":\"Val\u00e9rie LE MEUR\",\"description\":\"Artiste Peintre\",\"publisher\":{\"@id\":\"https:\\\/\\\/www.valerielemeur.com\\\/#organization\"},\"potentialAction\":[{\"@type\":\"SearchAction\",\"target\":{\"@type\":\"EntryPoint\",\"urlTemplate\":\"https:\\\/\\\/www.valerielemeur.com\\\/?s={search_term_string}\"},\"query-input\":{\"@type\":\"PropertyValueSpecification\",\"valueRequired\":true,\"valueName\":\"search_term_string\"}}],\"inLanguage\":\"en-GB\"},{\"@type\":\"Organization\",\"@id\":\"https:\\\/\\\/www.valerielemeur.com\\\/#organization\",\"name\":\"valerie le meur\",\"url\":\"https:\\\/\\\/www.valerielemeur.com\\\/\",\"logo\":{\"@type\":\"ImageObject\",\"inLanguage\":\"en-GB\",\"@id\":\"https:\\\/\\\/www.valerielemeur.com\\\/#\\\/schema\\\/logo\\\/image\\\/\",\"url\":\"https:\\\/\\\/www.valerielemeur.com\\\/wp-content\\\/uploads\\\/2020\\\/07\\\/photo-CV-sun.jpg\",\"contentUrl\":\"https:\\\/\\\/www.valerielemeur.com\\\/wp-content\\\/uploads\\\/2020\\\/07\\\/photo-CV-sun.jpg\",\"width\":2373,\"height\":2373,\"caption\":\"valerie le meur\"},\"image\":{\"@id\":\"https:\\\/\\\/www.valerielemeur.com\\\/#\\\/schema\\\/logo\\\/image\\\/\"}},{\"@type\":\"Person\",\"@id\":\"https:\\\/\\\/www.valerielemeur.com\\\/#\\\/schema\\\/person\\\/988a7c5b4614f08d4a29788db12b10bb\",\"name\":\"VLM\",\"image\":{\"@type\":\"ImageObject\",\"inLanguage\":\"en-GB\",\"@id\":\"https:\\\/\\\/secure.gravatar.com\\\/avatar\\\/5d623c2f60da6da613f8db4cef8422938a352a814a1ad2edc307f53256aa32c2?s=96&d=mm&r=g\",\"url\":\"https:\\\/\\\/secure.gravatar.com\\\/avatar\\\/5d623c2f60da6da613f8db4cef8422938a352a814a1ad2edc307f53256aa32c2?s=96&d=mm&r=g\",\"contentUrl\":\"https:\\\/\\\/secure.gravatar.com\\\/avatar\\\/5d623c2f60da6da613f8db4cef8422938a352a814a1ad2edc307f53256aa32c2?s=96&d=mm&r=g\",\"caption\":\"VLM\"},\"sameAs\":[\"https:\\\/\\\/www.valerielemeur.com\"],\"url\":\"https:\\\/\\\/www.valerielemeur.com\\\/en\\\/author\\\/vlm\\\/\"}]}<\/script>\n<!-- \/ Yoast SEO plugin. -->","yoast_head_json":{"title":"Expositions 2020 - Val\u00e9rie LE MEUR","description":"Val\u00e9rie LE MEUR Expositions 2020 -","robots":{"index":"index","follow":"follow","max-snippet":"max-snippet:-1","max-image-preview":"max-image-preview:large","max-video-preview":"max-video-preview:-1"},"canonical":"https:\/\/www.valerielemeur.com\/en\/exhibitions-2020\/","og_locale":"en_GB","og_type":"article","og_title":"Expositions 2020 - Val\u00e9rie LE MEUR","og_description":"Val\u00e9rie LE MEUR Expositions 2020 -","og_url":"https:\/\/www.valerielemeur.com\/en\/exhibitions-2020\/","og_site_name":"Val\u00e9rie LE MEUR","article_published_time":"2020-01-01T13:11:34+00:00","article_modified_time":"2024-08-20T16:59:08+00:00","author":"VLM","twitter_card":"summary_large_image","twitter_misc":{"Written by":"VLM"},"schema":{"@context":"https:\/\/schema.org","@graph":[{"@type":"Article","@id":"https:\/\/www.valerielemeur.com\/exhibitions-2020\/#article","isPartOf":{"@id":"https:\/\/www.valerielemeur.com\/exhibitions-2020\/"},"author":{"name":"VLM","@id":"https:\/\/www.valerielemeur.com\/#\/schema\/person\/988a7c5b4614f08d4a29788db12b10bb"},"headline":"Expositions 2020","datePublished":"2020-01-01T13:11:34+00:00","dateModified":"2024-08-20T16:59:08+00:00","mainEntityOfPage":{"@id":"https:\/\/www.valerielemeur.com\/exhibitions-2020\/"},"wordCount":86,"commentCount":0,"publisher":{"@id":"https:\/\/www.valerielemeur.com\/#organization"},"articleSection":["Actualit\u00e9","news"],"inLanguage":"en-GB","potentialAction":[{"@type":"CommentAction","name":"Comment","target":["https:\/\/www.valerielemeur.com\/exhibitions-2020\/#respond"]}]},{"@type":"WebPage","@id":"https:\/\/www.valerielemeur.com\/exhibitions-2020\/","url":"https:\/\/www.valerielemeur.com\/exhibitions-2020\/","name":"Expositions 2020 - Val\u00e9rie LE MEUR","isPartOf":{"@id":"https:\/\/www.valerielemeur.com\/#website"},"datePublished":"2020-01-01T13:11:34+00:00","dateModified":"2024-08-20T16:59:08+00:00","description":"Val\u00e9rie LE MEUR Expositions 2020 -","breadcrumb":{"@id":"https:\/\/www.valerielemeur.com\/exhibitions-2020\/#breadcrumb"},"inLanguage":"en-GB","potentialAction":[{"@type":"ReadAction","target":["https:\/\/www.valerielemeur.com\/exhibitions-2020\/"]}]},{"@type":"BreadcrumbList","@id":"https:\/\/www.valerielemeur.com\/exhibitions-2020\/#breadcrumb","itemListElement":[{"@type":"ListItem","position":1,"name":"Accueil","item":"https:\/\/www.valerielemeur.com\/"},{"@type":"ListItem","position":2,"name":"Expositions 2020"}]},{"@type":"WebSite","@id":"https:\/\/www.valerielemeur.com\/#website","url":"https:\/\/www.valerielemeur.com\/","name":"Val\u00e9rie LE MEUR","description":"Painter","publisher":{"@id":"https:\/\/www.valerielemeur.com\/#organization"},"potentialAction":[{"@type":"SearchAction","target":{"@type":"EntryPoint","urlTemplate":"https:\/\/www.valerielemeur.com\/?s={search_term_string}"},"query-input":{"@type":"PropertyValueSpecification","valueRequired":true,"valueName":"search_term_string"}}],"inLanguage":"en-GB"},{"@type":"Organization","@id":"https:\/\/www.valerielemeur.com\/#organization","name":"valerie le meur","url":"https:\/\/www.valerielemeur.com\/","logo":{"@type":"ImageObject","inLanguage":"en-GB","@id":"https:\/\/www.valerielemeur.com\/#\/schema\/logo\/image\/","url":"https:\/\/www.valerielemeur.com\/wp-content\/uploads\/2020\/07\/photo-CV-sun.jpg","contentUrl":"https:\/\/www.valerielemeur.com\/wp-content\/uploads\/2020\/07\/photo-CV-sun.jpg","width":2373,"height":2373,"caption":"valerie le meur"},"image":{"@id":"https:\/\/www.valerielemeur.com\/#\/schema\/logo\/image\/"}},{"@type":"Person","@id":"https:\/\/www.valerielemeur.com\/#\/schema\/person\/988a7c5b4614f08d4a29788db12b10bb","name":"VLM","image":{"@type":"ImageObject","inLanguage":"en-GB","@id":"https:\/\/secure.gravatar.com\/avatar\/5d623c2f60da6da613f8db4cef8422938a352a814a1ad2edc307f53256aa32c2?s=96&d=mm&r=g","url":"https:\/\/secure.gravatar.com\/avatar\/5d623c2f60da6da613f8db4cef8422938a352a814a1ad2edc307f53256aa32c2?s=96&d=mm&r=g","contentUrl":"https:\/\/secure.gravatar.com\/avatar\/5d623c2f60da6da613f8db4cef8422938a352a814a1ad2edc307f53256aa32c2?s=96&d=mm&r=g","caption":"VLM"},"sameAs":["https:\/\/www.valerielemeur.com"],"url":"https:\/\/www.valerielemeur.com\/en\/author\/vlm\/"}]}},"jetpack_featured_media_url":"","uagb_featured_image_src":{"full":false,"thumbnail":false,"medium":false,"medium_large":false,"large":false,"1536x1536":false,"2048x2048":false,"trp-custom-language-flag":false},"uagb_author_info":{"display_name":"VLM","author_link":"https:\/\/www.valerielemeur.com\/en\/author\/vlm\/"},"uagb_comment_info":0,"uagb_excerpt":"EXPOSITIONS COLLECTIVES&nbsp;: Janvier\/f\u00e9vrier&nbsp;:&nbsp; SACLAY (91)&nbsp;; ANTONY&nbsp;: CCAA&nbsp;(92) 25 janvier au 8 f\u00e9vrier&nbsp;: BOURG-LA-REINE&nbsp;(92) : 52\u00e8me salon Ile de France 22 f\u00e9vrier-1er mars&nbsp;: JOUY EN JOSAS (78)&nbsp;: Les Peintres du Josas 11 mars-28 mars&nbsp;: VILLE D\u2019AVRAY (92)&nbsp;: 43\u00e8me salon de printemps&nbsp; REPORTE 18-25 avril&nbsp;: CHATILLON (92) salon des petits formats ANNULE 25 avril-3 mai&nbsp;: VERRIERES-LE-BUISSON&nbsp;(92)&nbsp;: 42\u00e8me&hellip;","jetpack_sharing_enabled":true,"_links":{"self":[{"href":"https:\/\/www.valerielemeur.com\/en\/wp-json\/wp\/v2\/posts\/2330","targetHints":{"allow":["GET"]}}],"collection":[{"href":"https:\/\/www.valerielemeur.com\/en\/wp-json\/wp\/v2\/posts"}],"about":[{"href":"https:\/\/www.valerielemeur.com\/en\/wp-json\/wp\/v2\/types\/post"}],"author":[{"embeddable":true,"href":"https:\/\/www.valerielemeur.com\/en\/wp-json\/wp\/v2\/users\/1"}],"replies":[{"embeddable":true,"href":"https:\/\/www.valerielemeur.com\/en\/wp-json\/wp\/v2\/comments?post=2330"}],"version-history":[{"count":4,"href":"https:\/\/www.valerielemeur.com\/en\/wp-json\/wp\/v2\/posts\/2330\/revisions"}],"predecessor-version":[{"id":3485,"href":"https:\/\/www.valerielemeur.com\/en\/wp-json\/wp\/v2\/posts\/2330\/revisions\/3485"}],"wp:attachment":[{"href":"https:\/\/www.valerielemeur.com\/en\/wp-json\/wp\/v2\/media?parent=2330"}],"wp:term":[{"taxonomy":"category","embeddable":true,"href":"https:\/\/www.valerielemeur.com\/en\/wp-json\/wp\/v2\/categories?post=2330"},{"taxonomy":"post_tag","embeddable":true,"href":"https:\/\/www.valerielemeur.com\/en\/wp-json\/wp\/v2\/tags?post=2330"}],"curies":[{"name":"wp","href":"https:\/\/api.w.org\/{rel}","templated":true}]}}