{"id":2333,"date":"2020-07-07T13:14:38","date_gmt":"2020-07-07T13:14:38","guid":{"rendered":"https:\/\/www.valerielemeur.com\/?p=2333"},"modified":"2024-08-20T16:54:01","modified_gmt":"2024-08-20T16:54:01","slug":"exhibitions-2020-1","status":"publish","type":"post","link":"https:\/\/www.valerielemeur.com\/en\/exhibitions-2020-1\/","title":{"rendered":"Exhibitions 2020 (September to December)"},"content":{"rendered":"<p class=\"has-medium-font-size\"><em><u>EXPOSITIONS COLLECTIVES<\/u><\/em>&nbsp;:<\/p>\n\n\n\n<p class=\"has-luminous-vivid-orange-color has-text-color has-medium-font-size\">14-sept-16 oct: VILLE-D\u2019AVRAY (92): Maison pour tous \u00ab&nbsp;Exposition Apr\u00e8s&nbsp;\u00bb Place Charles de Gaulle<\/p>\n\n\n\n<figure class=\"wp-block-image size-medium\"><img loading=\"lazy\" decoding=\"async\" width=\"257\" height=\"300\" src=\"https:\/\/www.valerielemeur.com\/wp-content\/uploads\/2020\/08\/20200402_1441592-257x300.jpg\" alt=\"\" class=\"wp-image-3095\" srcset=\"https:\/\/www.valerielemeur.com\/wp-content\/uploads\/2020\/08\/20200402_1441592-257x300.jpg 257w, https:\/\/www.valerielemeur.com\/wp-content\/uploads\/2020\/08\/20200402_1441592-879x1024.jpg 879w, https:\/\/www.valerielemeur.com\/wp-content\/uploads\/2020\/08\/20200402_1441592-768x895.jpg 768w, https:\/\/www.valerielemeur.com\/wp-content\/uploads\/2020\/08\/20200402_1441592-1318x1536.jpg 1318w, https:\/\/www.valerielemeur.com\/wp-content\/uploads\/2020\/08\/20200402_1441592-1757x2048.jpg 1757w\" sizes=\"auto, (max-width: 257px) 100vw, 257px\" \/><\/figure>\n\n\n\n<p><\/p>\n\n\n\n<p class=\"has-luminous-vivid-orange-color has-text-color has-medium-font-size\">19-sept-28 sept&nbsp;: SCEAUX (92) Salon D\u2019Automne des artistes sc\u00e9ens: Ancienne mairie de Sceaux, Rue Houdan<\/p>\n\n\n\n<figure class=\"wp-block-image size-medium\"><img loading=\"lazy\" decoding=\"async\" width=\"244\" height=\"300\" src=\"https:\/\/www.valerielemeur.com\/wp-content\/uploads\/2020\/07\/20200729_0954512-244x300.jpg\" alt=\"\" class=\"wp-image-2764\" srcset=\"https:\/\/www.valerielemeur.com\/wp-content\/uploads\/2020\/07\/20200729_0954512-244x300.jpg 244w, https:\/\/www.valerielemeur.com\/wp-content\/uploads\/2020\/07\/20200729_0954512-832x1024.jpg 832w, https:\/\/www.valerielemeur.com\/wp-content\/uploads\/2020\/07\/20200729_0954512-768x946.jpg 768w, https:\/\/www.valerielemeur.com\/wp-content\/uploads\/2020\/07\/20200729_0954512-1247x1536.jpg 1247w, https:\/\/www.valerielemeur.com\/wp-content\/uploads\/2020\/07\/20200729_0954512-1663x2048.jpg 1663w\" sizes=\"auto, (max-width: 244px) 100vw, 244px\" \/><\/figure>\n\n\n\n<p><\/p>\n\n\n\n<p class=\"has-luminous-vivid-orange-color has-text-color has-medium-font-size\">26-sept-11 oct&nbsp;: ETAMPES (91)&nbsp;: 88<sup>\u00e8me<\/sup> SAE: salle Jean Lur\u00e7at, Avenue de Bonnevaux<\/p>\n\n\n\n<figure class=\"wp-block-image size-medium\"><img loading=\"lazy\" decoding=\"async\" width=\"300\" height=\"300\" src=\"https:\/\/www.valerielemeur.com\/wp-content\/uploads\/2020\/08\/salon-dEtampes-300x300.jpg\" alt=\"\" class=\"wp-image-2808\" srcset=\"https:\/\/www.valerielemeur.com\/wp-content\/uploads\/2020\/08\/salon-dEtampes-300x300.jpg 300w, https:\/\/www.valerielemeur.com\/wp-content\/uploads\/2020\/08\/salon-dEtampes-1024x1024.jpg 1024w, https:\/\/www.valerielemeur.com\/wp-content\/uploads\/2020\/08\/salon-dEtampes-150x150.jpg 150w, https:\/\/www.valerielemeur.com\/wp-content\/uploads\/2020\/08\/salon-dEtampes-768x768.jpg 768w, https:\/\/www.valerielemeur.com\/wp-content\/uploads\/2020\/08\/salon-dEtampes-1536x1536.jpg 1536w, https:\/\/www.valerielemeur.com\/wp-content\/uploads\/2020\/08\/salon-dEtampes.jpg 1564w\" sizes=\"auto, (max-width: 300px) 100vw, 300px\" \/><\/figure>\n\n\n\n<p><\/p>\n\n\n\n<p class=\"has-luminous-vivid-orange-color has-text-color has-medium-font-size\">11 oct-14 oct: SALON D&rsquo;AUTOMNE (PARIS: CHAMPS-ELYSEES)<\/p>\n\n\n\n<figure class=\"wp-block-image size-medium\"><img loading=\"lazy\" decoding=\"async\" width=\"300\" height=\"300\" src=\"https:\/\/www.valerielemeur.com\/wp-content\/uploads\/2020\/08\/salon-dautomne-300x300.jpg\" alt=\"\" class=\"wp-image-2812\" srcset=\"https:\/\/www.valerielemeur.com\/wp-content\/uploads\/2020\/08\/salon-dautomne-300x300.jpg 300w, https:\/\/www.valerielemeur.com\/wp-content\/uploads\/2020\/08\/salon-dautomne-1024x1024.jpg 1024w, https:\/\/www.valerielemeur.com\/wp-content\/uploads\/2020\/08\/salon-dautomne-150x150.jpg 150w, https:\/\/www.valerielemeur.com\/wp-content\/uploads\/2020\/08\/salon-dautomne-768x768.jpg 768w, https:\/\/www.valerielemeur.com\/wp-content\/uploads\/2020\/08\/salon-dautomne-1536x1536.jpg 1536w, https:\/\/www.valerielemeur.com\/wp-content\/uploads\/2020\/08\/salon-dautomne.jpg 1564w\" sizes=\"auto, (max-width: 300px) 100vw, 300px\" \/><\/figure>\n\n\n\n<p><\/p>\n\n\n\n<p class=\"has-luminous-vivid-orange-color has-text-color has-medium-font-size\">2-nov.-21 nov.&nbsp;: VILLE D\u2019AVRAY (92)&nbsp;: Salon des Laur\u00e9ats<\/p>\n\n\n\n<p><\/p>\n\n\n\n<p class=\"has-luminous-vivid-orange-color has-text-color has-medium-font-size\">21 nov.-6 d\u00e9c.&nbsp;: SAINT-MAUR-DES-FOSSES (94)&nbsp;: Salon des Artistes du Val de Marne<\/p>\n\n\n\n<p><\/p>\n\n\n\n<p><\/p>","protected":false},"excerpt":{"rendered":"<p>EXPOSITIONS COLLECTIVES&nbsp;: 14-sept-16 oct: VILLE-D\u2019AVRAY (92): Maison pour tous \u00ab&nbsp;Exposition Apr\u00e8s&nbsp;\u00bb Place Charles de Gaulle 19-sept-28 sept&nbsp;: SCEAUX (92) Salon D\u2019Automne des artistes sc\u00e9ens: Ancienne mairie de Sceaux, Rue Houdan 26-sept-11 oct&nbsp;: ETAMPES (91)&nbsp;: 88\u00e8me SAE: salle Jean Lur\u00e7at, Avenue de Bonnevaux 11 oct-14 oct: SALON D&rsquo;AUTOMNE (PARIS: CHAMPS-ELYSEES) 2-nov.-21 nov.&nbsp;: VILLE D\u2019AVRAY (92)&nbsp;: Salon [&hellip;]<\/p>\n","protected":false},"author":1,"featured_media":0,"comment_status":"open","ping_status":"open","sticky":false,"template":"","format":"standard","meta":{"_uag_custom_page_level_css":"","site-sidebar-layout":"default","site-content-layout":null,"ast-site-content-layout":"default","site-content-style":"default","site-sidebar-style":"default","ast-global-header-display":"","ast-banner-title-visibility":"","ast-main-header-display":"","ast-hfb-above-header-display":null,"ast-hfb-below-header-display":null,"ast-hfb-mobile-header-display":null,"site-post-title":"enabled","ast-breadcrumbs-content":null,"ast-featured-img":"disabled","footer-sml-layout":"","ast-disable-related-posts":"","theme-transparent-header-meta":"enabled","adv-header-id-meta":null,"stick-header-meta":null,"header-above-stick-meta":null,"header-main-stick-meta":null,"header-below-stick-meta":null,"astra-migrate-meta-layouts":"default","ast-page-background-enabled":"default","ast-page-background-meta":{"desktop":{"background-color":"","background-image":"","background-repeat":"repeat","background-position":"center center","background-size":"auto","background-attachment":"scroll","background-type":"","background-media":"","overlay-type":"","overlay-color":"","overlay-opacity":"","overlay-gradient":""},"tablet":{"background-color":"","background-image":"","background-repeat":"repeat","background-position":"center center","background-size":"auto","background-attachment":"scroll","background-type":"","background-media":"","overlay-type":"","overlay-color":"","overlay-opacity":"","overlay-gradient":""},"mobile":{"background-color":"","background-image":"","background-repeat":"repeat","background-position":"center center","background-size":"auto","background-attachment":"scroll","background-type":"","background-media":"","overlay-type":"","overlay-color":"","overlay-opacity":"","overlay-gradient":""}},"ast-content-background-meta":{"desktop":{"background-color":"var(--ast-global-color-5)","background-image":"","background-repeat":"repeat","background-position":"center center","background-size":"auto","background-attachment":"scroll","background-type":"","background-media":"","overlay-type":"","overlay-color":"","overlay-opacity":"","overlay-gradient":""},"tablet":{"background-color":"var(--ast-global-color-5)","background-image":"","background-repeat":"repeat","background-position":"center center","background-size":"auto","background-attachment":"scroll","background-type":"","background-media":"","overlay-type":"","overlay-color":"","overlay-opacity":"","overlay-gradient":""},"mobile":{"background-color":"var(--ast-global-color-5)","background-image":"","background-repeat":"repeat","background-position":"center center","background-size":"auto","background-attachment":"scroll","background-type":"","background-media":"","overlay-type":"","overlay-color":"","overlay-opacity":"","overlay-gradient":""}},"_jetpack_memberships_contains_paid_content":false,"footnotes":""},"categories":[40,53],"tags":[],"class_list":["post-2333","post","type-post","status-publish","format-standard","hentry","category-news","category-new"],"yoast_head":"<!-- This site is optimized with the Yoast SEO plugin v27.4 - https:\/\/yoast.com\/product\/yoast-seo-wordpress\/ -->\n<title>Expositions 2020 (Septembre \u00e0 D\u00e9cembre) - Val\u00e9rie LE MEUR<\/title>\n<meta name=\"description\" content=\"Val\u00e9rie LE MEUR Expositions 2020 (Septembre \u00e0 D\u00e9cembre) Actualit\u00e9 -\" \/>\n<meta name=\"robots\" content=\"index, follow, max-snippet:-1, max-image-preview:large, max-video-preview:-1\" \/>\n<link rel=\"canonical\" href=\"https:\/\/www.valerielemeur.com\/en\/exhibitions-2020-1\/\" \/>\n<meta property=\"og:locale\" content=\"en_GB\" \/>\n<meta property=\"og:type\" content=\"article\" \/>\n<meta property=\"og:title\" content=\"Expositions 2020 (Septembre \u00e0 D\u00e9cembre) - Val\u00e9rie LE MEUR\" \/>\n<meta property=\"og:description\" content=\"Val\u00e9rie LE MEUR Expositions 2020 (Septembre \u00e0 D\u00e9cembre) Actualit\u00e9 -\" \/>\n<meta property=\"og:url\" content=\"https:\/\/www.valerielemeur.com\/en\/exhibitions-2020-1\/\" \/>\n<meta property=\"og:site_name\" content=\"Val\u00e9rie LE MEUR\" \/>\n<meta property=\"article:published_time\" content=\"2020-07-07T13:14:38+00:00\" \/>\n<meta property=\"article:modified_time\" content=\"2024-08-20T16:54:01+00:00\" \/>\n<meta property=\"og:image\" content=\"https:\/\/www.valerielemeur.com\/wp-content\/uploads\/2020\/08\/20200402_1441592-257x300.jpg\" \/>\n<meta name=\"author\" content=\"VLM\" \/>\n<meta name=\"twitter:card\" content=\"summary_large_image\" \/>\n<meta name=\"twitter:label1\" content=\"Written by\" \/>\n\t<meta name=\"twitter:data1\" content=\"VLM\" \/>\n<script type=\"application\/ld+json\" class=\"yoast-schema-graph\">{\"@context\":\"https:\\\/\\\/schema.org\",\"@graph\":[{\"@type\":\"Article\",\"@id\":\"https:\\\/\\\/www.valerielemeur.com\\\/exhibitions-2020-1\\\/#article\",\"isPartOf\":{\"@id\":\"https:\\\/\\\/www.valerielemeur.com\\\/exhibitions-2020-1\\\/\"},\"author\":{\"name\":\"VLM\",\"@id\":\"https:\\\/\\\/www.valerielemeur.com\\\/#\\\/schema\\\/person\\\/988a7c5b4614f08d4a29788db12b10bb\"},\"headline\":\"Expositions 2020 (Septembre \u00e0 D\u00e9cembre)\",\"datePublished\":\"2020-07-07T13:14:38+00:00\",\"dateModified\":\"2024-08-20T16:54:01+00:00\",\"mainEntityOfPage\":{\"@id\":\"https:\\\/\\\/www.valerielemeur.com\\\/exhibitions-2020-1\\\/\"},\"wordCount\":87,\"commentCount\":0,\"publisher\":{\"@id\":\"https:\\\/\\\/www.valerielemeur.com\\\/#organization\"},\"image\":{\"@id\":\"https:\\\/\\\/www.valerielemeur.com\\\/exhibitions-2020-1\\\/#primaryimage\"},\"thumbnailUrl\":\"https:\\\/\\\/www.valerielemeur.com\\\/wp-content\\\/uploads\\\/2020\\\/08\\\/20200402_1441592-257x300.jpg\",\"articleSection\":[\"Actualit\u00e9\",\"news\"],\"inLanguage\":\"en-GB\",\"potentialAction\":[{\"@type\":\"CommentAction\",\"name\":\"Comment\",\"target\":[\"https:\\\/\\\/www.valerielemeur.com\\\/exhibitions-2020-1\\\/#respond\"]}]},{\"@type\":\"WebPage\",\"@id\":\"https:\\\/\\\/www.valerielemeur.com\\\/exhibitions-2020-1\\\/\",\"url\":\"https:\\\/\\\/www.valerielemeur.com\\\/exhibitions-2020-1\\\/\",\"name\":\"Expositions 2020 (Septembre \u00e0 D\u00e9cembre) - Val\u00e9rie LE MEUR\",\"isPartOf\":{\"@id\":\"https:\\\/\\\/www.valerielemeur.com\\\/#website\"},\"primaryImageOfPage\":{\"@id\":\"https:\\\/\\\/www.valerielemeur.com\\\/exhibitions-2020-1\\\/#primaryimage\"},\"image\":{\"@id\":\"https:\\\/\\\/www.valerielemeur.com\\\/exhibitions-2020-1\\\/#primaryimage\"},\"thumbnailUrl\":\"https:\\\/\\\/www.valerielemeur.com\\\/wp-content\\\/uploads\\\/2020\\\/08\\\/20200402_1441592-257x300.jpg\",\"datePublished\":\"2020-07-07T13:14:38+00:00\",\"dateModified\":\"2024-08-20T16:54:01+00:00\",\"description\":\"Val\u00e9rie LE MEUR Expositions 2020 (Septembre \u00e0 D\u00e9cembre) Actualit\u00e9 -\",\"breadcrumb\":{\"@id\":\"https:\\\/\\\/www.valerielemeur.com\\\/exhibitions-2020-1\\\/#breadcrumb\"},\"inLanguage\":\"en-GB\",\"potentialAction\":[{\"@type\":\"ReadAction\",\"target\":[\"https:\\\/\\\/www.valerielemeur.com\\\/exhibitions-2020-1\\\/\"]}]},{\"@type\":\"ImageObject\",\"inLanguage\":\"en-GB\",\"@id\":\"https:\\\/\\\/www.valerielemeur.com\\\/exhibitions-2020-1\\\/#primaryimage\",\"url\":\"https:\\\/\\\/www.valerielemeur.com\\\/wp-content\\\/uploads\\\/2020\\\/08\\\/20200402_1441592-257x300.jpg\",\"contentUrl\":\"https:\\\/\\\/www.valerielemeur.com\\\/wp-content\\\/uploads\\\/2020\\\/08\\\/20200402_1441592-257x300.jpg\"},{\"@type\":\"BreadcrumbList\",\"@id\":\"https:\\\/\\\/www.valerielemeur.com\\\/exhibitions-2020-1\\\/#breadcrumb\",\"itemListElement\":[{\"@type\":\"ListItem\",\"position\":1,\"name\":\"Accueil\",\"item\":\"https:\\\/\\\/www.valerielemeur.com\\\/\"},{\"@type\":\"ListItem\",\"position\":2,\"name\":\"Expositions 2020 (Septembre \u00e0 D\u00e9cembre)\"}]},{\"@type\":\"WebSite\",\"@id\":\"https:\\\/\\\/www.valerielemeur.com\\\/#website\",\"url\":\"https:\\\/\\\/www.valerielemeur.com\\\/\",\"name\":\"Val\u00e9rie LE MEUR\",\"description\":\"Artiste Peintre\",\"publisher\":{\"@id\":\"https:\\\/\\\/www.valerielemeur.com\\\/#organization\"},\"potentialAction\":[{\"@type\":\"SearchAction\",\"target\":{\"@type\":\"EntryPoint\",\"urlTemplate\":\"https:\\\/\\\/www.valerielemeur.com\\\/?s={search_term_string}\"},\"query-input\":{\"@type\":\"PropertyValueSpecification\",\"valueRequired\":true,\"valueName\":\"search_term_string\"}}],\"inLanguage\":\"en-GB\"},{\"@type\":\"Organization\",\"@id\":\"https:\\\/\\\/www.valerielemeur.com\\\/#organization\",\"name\":\"valerie le meur\",\"url\":\"https:\\\/\\\/www.valerielemeur.com\\\/\",\"logo\":{\"@type\":\"ImageObject\",\"inLanguage\":\"en-GB\",\"@id\":\"https:\\\/\\\/www.valerielemeur.com\\\/#\\\/schema\\\/logo\\\/image\\\/\",\"url\":\"https:\\\/\\\/www.valerielemeur.com\\\/wp-content\\\/uploads\\\/2020\\\/07\\\/photo-CV-sun.jpg\",\"contentUrl\":\"https:\\\/\\\/www.valerielemeur.com\\\/wp-content\\\/uploads\\\/2020\\\/07\\\/photo-CV-sun.jpg\",\"width\":2373,\"height\":2373,\"caption\":\"valerie le meur\"},\"image\":{\"@id\":\"https:\\\/\\\/www.valerielemeur.com\\\/#\\\/schema\\\/logo\\\/image\\\/\"}},{\"@type\":\"Person\",\"@id\":\"https:\\\/\\\/www.valerielemeur.com\\\/#\\\/schema\\\/person\\\/988a7c5b4614f08d4a29788db12b10bb\",\"name\":\"VLM\",\"image\":{\"@type\":\"ImageObject\",\"inLanguage\":\"en-GB\",\"@id\":\"https:\\\/\\\/secure.gravatar.com\\\/avatar\\\/5d623c2f60da6da613f8db4cef8422938a352a814a1ad2edc307f53256aa32c2?s=96&d=mm&r=g\",\"url\":\"https:\\\/\\\/secure.gravatar.com\\\/avatar\\\/5d623c2f60da6da613f8db4cef8422938a352a814a1ad2edc307f53256aa32c2?s=96&d=mm&r=g\",\"contentUrl\":\"https:\\\/\\\/secure.gravatar.com\\\/avatar\\\/5d623c2f60da6da613f8db4cef8422938a352a814a1ad2edc307f53256aa32c2?s=96&d=mm&r=g\",\"caption\":\"VLM\"},\"sameAs\":[\"https:\\\/\\\/www.valerielemeur.com\"],\"url\":\"https:\\\/\\\/www.valerielemeur.com\\\/en\\\/author\\\/vlm\\\/\"}]}<\/script>\n<!-- \/ Yoast SEO plugin. -->","yoast_head_json":{"title":"Expositions 2020 (Septembre \u00e0 D\u00e9cembre) - Val\u00e9rie LE MEUR","description":"Val\u00e9rie LE MEUR Expositions 2020 (Septembre \u00e0 D\u00e9cembre) Actualit\u00e9 -","robots":{"index":"index","follow":"follow","max-snippet":"max-snippet:-1","max-image-preview":"max-image-preview:large","max-video-preview":"max-video-preview:-1"},"canonical":"https:\/\/www.valerielemeur.com\/en\/exhibitions-2020-1\/","og_locale":"en_GB","og_type":"article","og_title":"Expositions 2020 (Septembre \u00e0 D\u00e9cembre) - Val\u00e9rie LE MEUR","og_description":"Val\u00e9rie LE MEUR Expositions 2020 (Septembre \u00e0 D\u00e9cembre) Actualit\u00e9 -","og_url":"https:\/\/www.valerielemeur.com\/en\/exhibitions-2020-1\/","og_site_name":"Val\u00e9rie LE MEUR","article_published_time":"2020-07-07T13:14:38+00:00","article_modified_time":"2024-08-20T16:54:01+00:00","og_image":[{"url":"https:\/\/www.valerielemeur.com\/wp-content\/uploads\/2020\/08\/20200402_1441592-257x300.jpg","type":"","width":"","height":""}],"author":"VLM","twitter_card":"summary_large_image","twitter_misc":{"Written by":"VLM"},"schema":{"@context":"https:\/\/schema.org","@graph":[{"@type":"Article","@id":"https:\/\/www.valerielemeur.com\/exhibitions-2020-1\/#article","isPartOf":{"@id":"https:\/\/www.valerielemeur.com\/exhibitions-2020-1\/"},"author":{"name":"VLM","@id":"https:\/\/www.valerielemeur.com\/#\/schema\/person\/988a7c5b4614f08d4a29788db12b10bb"},"headline":"Expositions 2020 (Septembre \u00e0 D\u00e9cembre)","datePublished":"2020-07-07T13:14:38+00:00","dateModified":"2024-08-20T16:54:01+00:00","mainEntityOfPage":{"@id":"https:\/\/www.valerielemeur.com\/exhibitions-2020-1\/"},"wordCount":87,"commentCount":0,"publisher":{"@id":"https:\/\/www.valerielemeur.com\/#organization"},"image":{"@id":"https:\/\/www.valerielemeur.com\/exhibitions-2020-1\/#primaryimage"},"thumbnailUrl":"https:\/\/www.valerielemeur.com\/wp-content\/uploads\/2020\/08\/20200402_1441592-257x300.jpg","articleSection":["Actualit\u00e9","news"],"inLanguage":"en-GB","potentialAction":[{"@type":"CommentAction","name":"Comment","target":["https:\/\/www.valerielemeur.com\/exhibitions-2020-1\/#respond"]}]},{"@type":"WebPage","@id":"https:\/\/www.valerielemeur.com\/exhibitions-2020-1\/","url":"https:\/\/www.valerielemeur.com\/exhibitions-2020-1\/","name":"Expositions 2020 (Septembre \u00e0 D\u00e9cembre) - Val\u00e9rie LE MEUR","isPartOf":{"@id":"https:\/\/www.valerielemeur.com\/#website"},"primaryImageOfPage":{"@id":"https:\/\/www.valerielemeur.com\/exhibitions-2020-1\/#primaryimage"},"image":{"@id":"https:\/\/www.valerielemeur.com\/exhibitions-2020-1\/#primaryimage"},"thumbnailUrl":"https:\/\/www.valerielemeur.com\/wp-content\/uploads\/2020\/08\/20200402_1441592-257x300.jpg","datePublished":"2020-07-07T13:14:38+00:00","dateModified":"2024-08-20T16:54:01+00:00","description":"Val\u00e9rie LE MEUR Expositions 2020 (Septembre \u00e0 D\u00e9cembre) Actualit\u00e9 -","breadcrumb":{"@id":"https:\/\/www.valerielemeur.com\/exhibitions-2020-1\/#breadcrumb"},"inLanguage":"en-GB","potentialAction":[{"@type":"ReadAction","target":["https:\/\/www.valerielemeur.com\/exhibitions-2020-1\/"]}]},{"@type":"ImageObject","inLanguage":"en-GB","@id":"https:\/\/www.valerielemeur.com\/exhibitions-2020-1\/#primaryimage","url":"https:\/\/www.valerielemeur.com\/wp-content\/uploads\/2020\/08\/20200402_1441592-257x300.jpg","contentUrl":"https:\/\/www.valerielemeur.com\/wp-content\/uploads\/2020\/08\/20200402_1441592-257x300.jpg"},{"@type":"BreadcrumbList","@id":"https:\/\/www.valerielemeur.com\/exhibitions-2020-1\/#breadcrumb","itemListElement":[{"@type":"ListItem","position":1,"name":"Accueil","item":"https:\/\/www.valerielemeur.com\/"},{"@type":"ListItem","position":2,"name":"Expositions 2020 (Septembre \u00e0 D\u00e9cembre)"}]},{"@type":"WebSite","@id":"https:\/\/www.valerielemeur.com\/#website","url":"https:\/\/www.valerielemeur.com\/","name":"Val\u00e9rie LE MEUR","description":"Painter","publisher":{"@id":"https:\/\/www.valerielemeur.com\/#organization"},"potentialAction":[{"@type":"SearchAction","target":{"@type":"EntryPoint","urlTemplate":"https:\/\/www.valerielemeur.com\/?s={search_term_string}"},"query-input":{"@type":"PropertyValueSpecification","valueRequired":true,"valueName":"search_term_string"}}],"inLanguage":"en-GB"},{"@type":"Organization","@id":"https:\/\/www.valerielemeur.com\/#organization","name":"valerie le meur","url":"https:\/\/www.valerielemeur.com\/","logo":{"@type":"ImageObject","inLanguage":"en-GB","@id":"https:\/\/www.valerielemeur.com\/#\/schema\/logo\/image\/","url":"https:\/\/www.valerielemeur.com\/wp-content\/uploads\/2020\/07\/photo-CV-sun.jpg","contentUrl":"https:\/\/www.valerielemeur.com\/wp-content\/uploads\/2020\/07\/photo-CV-sun.jpg","width":2373,"height":2373,"caption":"valerie le meur"},"image":{"@id":"https:\/\/www.valerielemeur.com\/#\/schema\/logo\/image\/"}},{"@type":"Person","@id":"https:\/\/www.valerielemeur.com\/#\/schema\/person\/988a7c5b4614f08d4a29788db12b10bb","name":"VLM","image":{"@type":"ImageObject","inLanguage":"en-GB","@id":"https:\/\/secure.gravatar.com\/avatar\/5d623c2f60da6da613f8db4cef8422938a352a814a1ad2edc307f53256aa32c2?s=96&d=mm&r=g","url":"https:\/\/secure.gravatar.com\/avatar\/5d623c2f60da6da613f8db4cef8422938a352a814a1ad2edc307f53256aa32c2?s=96&d=mm&r=g","contentUrl":"https:\/\/secure.gravatar.com\/avatar\/5d623c2f60da6da613f8db4cef8422938a352a814a1ad2edc307f53256aa32c2?s=96&d=mm&r=g","caption":"VLM"},"sameAs":["https:\/\/www.valerielemeur.com"],"url":"https:\/\/www.valerielemeur.com\/en\/author\/vlm\/"}]}},"jetpack_featured_media_url":"","uagb_featured_image_src":{"full":false,"thumbnail":false,"medium":false,"medium_large":false,"large":false,"1536x1536":false,"2048x2048":false,"trp-custom-language-flag":false},"uagb_author_info":{"display_name":"VLM","author_link":"https:\/\/www.valerielemeur.com\/en\/author\/vlm\/"},"uagb_comment_info":0,"uagb_excerpt":"EXPOSITIONS COLLECTIVES&nbsp;: 14-sept-16 oct: VILLE-D\u2019AVRAY (92): Maison pour tous \u00ab&nbsp;Exposition Apr\u00e8s&nbsp;\u00bb Place Charles de Gaulle 19-sept-28 sept&nbsp;: SCEAUX (92) Salon D\u2019Automne des artistes sc\u00e9ens: Ancienne mairie de Sceaux, Rue Houdan 26-sept-11 oct&nbsp;: ETAMPES (91)&nbsp;: 88\u00e8me SAE: salle Jean Lur\u00e7at, Avenue de Bonnevaux 11 oct-14 oct: SALON D&rsquo;AUTOMNE (PARIS: CHAMPS-ELYSEES) 2-nov.-21 nov.&nbsp;: VILLE D\u2019AVRAY (92)&nbsp;: Salon&hellip;","jetpack_sharing_enabled":true,"_links":{"self":[{"href":"https:\/\/www.valerielemeur.com\/en\/wp-json\/wp\/v2\/posts\/2333","targetHints":{"allow":["GET"]}}],"collection":[{"href":"https:\/\/www.valerielemeur.com\/en\/wp-json\/wp\/v2\/posts"}],"about":[{"href":"https:\/\/www.valerielemeur.com\/en\/wp-json\/wp\/v2\/types\/post"}],"author":[{"embeddable":true,"href":"https:\/\/www.valerielemeur.com\/en\/wp-json\/wp\/v2\/users\/1"}],"replies":[{"embeddable":true,"href":"https:\/\/www.valerielemeur.com\/en\/wp-json\/wp\/v2\/comments?post=2333"}],"version-history":[{"count":14,"href":"https:\/\/www.valerielemeur.com\/en\/wp-json\/wp\/v2\/posts\/2333\/revisions"}],"predecessor-version":[{"id":3490,"href":"https:\/\/www.valerielemeur.com\/en\/wp-json\/wp\/v2\/posts\/2333\/revisions\/3490"}],"wp:attachment":[{"href":"https:\/\/www.valerielemeur.com\/en\/wp-json\/wp\/v2\/media?parent=2333"}],"wp:term":[{"taxonomy":"category","embeddable":true,"href":"https:\/\/www.valerielemeur.com\/en\/wp-json\/wp\/v2\/categories?post=2333"},{"taxonomy":"post_tag","embeddable":true,"href":"https:\/\/www.valerielemeur.com\/en\/wp-json\/wp\/v2\/tags?post=2333"}],"curies":[{"name":"wp","href":"https:\/\/api.w.org\/{rel}","templated":true}]}}