{"id":2756,"date":"2020-07-29T07:38:22","date_gmt":"2020-07-29T07:38:22","guid":{"rendered":"https:\/\/www.valerielemeur.com\/?p=2756"},"modified":"2025-09-27T14:59:07","modified_gmt":"2025-09-27T14:59:07","slug":"un-ete-a-paris-passy","status":"publish","type":"post","link":"https:\/\/www.valerielemeur.com\/en\/un-ete-a-paris-passy\/","title":{"rendered":"Un \u00e9t\u00e9 \u00e0 Paris-Passy- SOLD"},"content":{"rendered":"<figure class=\"wp-block-gallery columns-1 is-cropped wp-block-gallery-1 is-layout-flex wp-block-gallery-is-layout-flex\"><ul class=\"blocks-gallery-grid\"><li class=\"blocks-gallery-item\"><figure><img loading=\"lazy\" decoding=\"async\" width=\"1929\" height=\"2560\" src=\"https:\/\/www.valerielemeur.com\/wp-content\/uploads\/2020\/09\/un-ete-a-paris-passy-08-20-scaled.jpg\" alt=\"\" data-id=\"3112\" data-full-url=\"https:\/\/www.valerielemeur.com\/wp-content\/uploads\/2020\/09\/un-ete-a-paris-passy-08-20-scaled.jpg\" data-link=\"https:\/\/www.valerielemeur.com\/un-ete-a-paris-passy\/un-ete-a-paris-passy-08-20-2\/\" class=\"wp-image-3112\" srcset=\"https:\/\/www.valerielemeur.com\/wp-content\/uploads\/2020\/09\/un-ete-a-paris-passy-08-20-scaled.jpg 1929w, https:\/\/www.valerielemeur.com\/wp-content\/uploads\/2020\/09\/un-ete-a-paris-passy-08-20-226x300.jpg 226w, https:\/\/www.valerielemeur.com\/wp-content\/uploads\/2020\/09\/un-ete-a-paris-passy-08-20-772x1024.jpg 772w, https:\/\/www.valerielemeur.com\/wp-content\/uploads\/2020\/09\/un-ete-a-paris-passy-08-20-768x1019.jpg 768w, https:\/\/www.valerielemeur.com\/wp-content\/uploads\/2020\/09\/un-ete-a-paris-passy-08-20-1157x1536.jpg 1157w, https:\/\/www.valerielemeur.com\/wp-content\/uploads\/2020\/09\/un-ete-a-paris-passy-08-20-1543x2048.jpg 1543w\" sizes=\"auto, (max-width: 1929px) 100vw, 1929px\" \/><\/figure><\/li><\/ul><\/figure>\n\n\n\n<div class=\"wp-block-columns is-layout-flex wp-container-core-columns-is-layout-28f84493 wp-block-columns-is-layout-flex\">\n<div class=\"wp-block-column is-layout-flow wp-block-column-is-layout-flow\" style=\"flex-basis:66.66%\">\n<p class=\"has-medium-font-size\"><small>Acrylique sur Toile (41x33x2 cm)<\/small> \/ Acrylic on canvas <\/p>\n<\/div>\n\n\n\n<div class=\"wp-block-column is-layout-flow wp-block-column-is-layout-flow\" style=\"flex-basis:33.33%\">\n<p class=\"has-medium-font-size\">GBP or USD payments accepted<\/p>\n<\/div>\n<\/div>\n\n\n\n<p class=\"has-very-dark-gray-color has-text-color has-medium-font-size\">Un \u00e9t\u00e9 \u00e0 Paris-Passy  (Article in French and English&#8212;-)<\/p>\n\n\n\n<p class=\"has-medium-font-size\">Une journ\u00e9e d\u2019\u00e9t\u00e9 au soleil de Paris, les immeubles concentrent dans leurs murs blancs la chaleur qui monte du bitume. Le ciel est presque blanc de cette chaleur lourde et collante.<\/p>\n\n\n\n<p class=\"has-medium-font-size\">Les parisiens se refugient \u00e0 l\u2019ombre des terrasses, dans les bistrots. C\u2019est une sc\u00e8ne d\u2019avant confinement et coronavirus, une sc\u00e8ne de bonheur et d\u2019insouciance ; de rencontres et de partages.<\/p>\n\n\n\n<p class=\"has-medium-font-size\">Acrylique sur toile, chassis en bois; prot\u00e9g\u00e9e par un vernis acrylique brillant. Date, sign\u00e9, ruban blanc cache clous sur les bords , pr\u00eat \u00e0 accrocher au mur. Livr\u00e9e avec facture et certificat d&rsquo;authenticit\u00e9.<\/p>\n\n\n\n<p><\/p>\n\n\n\n<p class=\"has-vivid-cyan-blue-color has-text-color has-medium-font-size\">Passy is a quartier chic at the West part of the capitale; it is still a \u00ab&nbsp;little village&nbsp;\u00bb where there are little bistrots and restaurants, small buildings and bourgeois houses.<\/p>\n\n\n\n<p class=\"has-vivid-cyan-blue-color has-text-color has-medium-font-size\">It\u2019s a summer day, one of these days where the sky is almost white with heat, where the heat seems to come from the surrounding buildings and from the asphalt of the streets.<\/p>\n\n\n\n<p class=\"has-vivid-cyan-blue-color has-text-color has-medium-font-size\">Before the coronavirus, before the self-isolation periods it was one of these precious days of insouciance of pure happiness&nbsp;: a day to share a drink with friends and family at one the Parisian terrasses of a little bistrot protected from the scorching sun. <\/p>\n\n\n\n<p class=\"has-vivid-cyan-blue-color has-text-color has-medium-font-size\">Acrylic on wooden stretched canvas 2cm. Protected by a bright acrylic varnish ; ready to hang on a wall. Dated, signed, wrapped by a white ribbon on the sides: no need to frame. Delivered with an invoice and a certificate of authenticity<\/p>\n\n\n\n<figure class=\"wp-block-image size-medium is-resized\"><img loading=\"lazy\" decoding=\"async\" src=\"https:\/\/www.valerielemeur.com\/wp-content\/uploads\/2020\/09\/un-ete-a-Paris-passy-mur-08-2020-300x252.jpg\" alt=\"\" class=\"wp-image-3115\" width=\"485\" height=\"408\" srcset=\"https:\/\/www.valerielemeur.com\/wp-content\/uploads\/2020\/09\/un-ete-a-Paris-passy-mur-08-2020-300x252.jpg 300w, https:\/\/www.valerielemeur.com\/wp-content\/uploads\/2020\/09\/un-ete-a-Paris-passy-mur-08-2020-1024x860.jpg 1024w, https:\/\/www.valerielemeur.com\/wp-content\/uploads\/2020\/09\/un-ete-a-Paris-passy-mur-08-2020-768x645.jpg 768w, https:\/\/www.valerielemeur.com\/wp-content\/uploads\/2020\/09\/un-ete-a-Paris-passy-mur-08-2020-1536x1290.jpg 1536w, https:\/\/www.valerielemeur.com\/wp-content\/uploads\/2020\/09\/un-ete-a-Paris-passy-mur-08-2020-2048x1720.jpg 2048w\" sizes=\"auto, (max-width: 485px) 100vw, 485px\" \/><\/figure>\n\n\n\n<figure class=\"wp-block-image size-medium\"><img loading=\"lazy\" decoding=\"async\" width=\"300\" height=\"257\" src=\"https:\/\/www.valerielemeur.com\/wp-content\/uploads\/2020\/09\/un-ete-a-paris-passy-08-2020-1-300x257.jpg\" alt=\"\" class=\"wp-image-3116\" srcset=\"https:\/\/www.valerielemeur.com\/wp-content\/uploads\/2020\/09\/un-ete-a-paris-passy-08-2020-1-300x257.jpg 300w, https:\/\/www.valerielemeur.com\/wp-content\/uploads\/2020\/09\/un-ete-a-paris-passy-08-2020-1-1024x878.jpg 1024w, https:\/\/www.valerielemeur.com\/wp-content\/uploads\/2020\/09\/un-ete-a-paris-passy-08-2020-1-768x658.jpg 768w, https:\/\/www.valerielemeur.com\/wp-content\/uploads\/2020\/09\/un-ete-a-paris-passy-08-2020-1-1536x1316.jpg 1536w, https:\/\/www.valerielemeur.com\/wp-content\/uploads\/2020\/09\/un-ete-a-paris-passy-08-2020-1-2048x1755.jpg 2048w\" sizes=\"auto, (max-width: 300px) 100vw, 300px\" \/><\/figure>","protected":false},"excerpt":{"rendered":"<p>Acrylique sur Toile (41x33x2 cm) \/ Acrylic on canvas GBP or USD payments accepted Un \u00e9t\u00e9 \u00e0 Paris-Passy (Article in French and English&#8212;-) Une journ\u00e9e d\u2019\u00e9t\u00e9 au soleil de Paris, les immeubles concentrent dans leurs murs blancs la chaleur qui monte du bitume. Le ciel est presque blanc de cette chaleur lourde et collante. Les [&hellip;]<\/p>\n","protected":false},"author":1,"featured_media":3111,"comment_status":"closed","ping_status":"closed","sticky":false,"template":"","format":"gallery","meta":{"_uag_custom_page_level_css":"","site-sidebar-layout":"default","site-content-layout":null,"ast-site-content-layout":"default","site-content-style":"default","site-sidebar-style":"default","ast-global-header-display":"","ast-banner-title-visibility":"","ast-main-header-display":"","ast-hfb-above-header-display":null,"ast-hfb-below-header-display":null,"ast-hfb-mobile-header-display":null,"site-post-title":"enabled","ast-breadcrumbs-content":null,"ast-featured-img":"disabled","footer-sml-layout":"","ast-disable-related-posts":"","theme-transparent-header-meta":"enabled","adv-header-id-meta":null,"stick-header-meta":null,"header-above-stick-meta":null,"header-main-stick-meta":null,"header-below-stick-meta":null,"astra-migrate-meta-layouts":"default","ast-page-background-enabled":"default","ast-page-background-meta":{"desktop":{"background-color":"","background-image":"","background-repeat":"repeat","background-position":"center center","background-size":"auto","background-attachment":"scroll","background-type":"","background-media":"","overlay-type":"","overlay-color":"","overlay-opacity":"","overlay-gradient":""},"tablet":{"background-color":"","background-image":"","background-repeat":"repeat","background-position":"center center","background-size":"auto","background-attachment":"scroll","background-type":"","background-media":"","overlay-type":"","overlay-color":"","overlay-opacity":"","overlay-gradient":""},"mobile":{"background-color":"","background-image":"","background-repeat":"repeat","background-position":"center center","background-size":"auto","background-attachment":"scroll","background-type":"","background-media":"","overlay-type":"","overlay-color":"","overlay-opacity":"","overlay-gradient":""}},"ast-content-background-meta":{"desktop":{"background-color":"var(--ast-global-color-5)","background-image":"","background-repeat":"repeat","background-position":"center center","background-size":"auto","background-attachment":"scroll","background-type":"","background-media":"","overlay-type":"","overlay-color":"","overlay-opacity":"","overlay-gradient":""},"tablet":{"background-color":"var(--ast-global-color-5)","background-image":"","background-repeat":"repeat","background-position":"center center","background-size":"auto","background-attachment":"scroll","background-type":"","background-media":"","overlay-type":"","overlay-color":"","overlay-opacity":"","overlay-gradient":""},"mobile":{"background-color":"var(--ast-global-color-5)","background-image":"","background-repeat":"repeat","background-position":"center center","background-size":"auto","background-attachment":"scroll","background-type":"","background-media":"","overlay-type":"","overlay-color":"","overlay-opacity":"","overlay-gradient":""}},"_jetpack_memberships_contains_paid_content":false,"footnotes":""},"categories":[45,41,264],"tags":[106],"class_list":["post-2756","post","type-post","status-publish","format-gallery","has-post-thumbnail","hentry","category-paris","category-painting","category-tableaux-vendus","tag-470-e-livraison-incluse-shipping-included-contact-me-for-details-in-or","post_format-post-format-gallery"],"yoast_head":"<!-- This site is optimized with the Yoast SEO plugin v27.4 - https:\/\/yoast.com\/product\/yoast-seo-wordpress\/ -->\n<title>Un \u00e9t\u00e9 \u00e0 Paris-Passy- SOLD - Val\u00e9rie LE MEUR<\/title>\n<meta name=\"description\" content=\"Val\u00e9rie LE MEUR Un \u00e9t\u00e9 \u00e0 Paris-Passy- SOLD Tableau -\" \/>\n<meta name=\"robots\" content=\"index, follow, max-snippet:-1, max-image-preview:large, max-video-preview:-1\" \/>\n<link rel=\"canonical\" href=\"https:\/\/www.valerielemeur.com\/en\/un-ete-a-paris-passy\/\" \/>\n<meta property=\"og:locale\" content=\"en_GB\" \/>\n<meta property=\"og:type\" content=\"article\" \/>\n<meta property=\"og:title\" content=\"Un \u00e9t\u00e9 \u00e0 Paris-Passy- SOLD - Val\u00e9rie LE MEUR\" \/>\n<meta property=\"og:description\" content=\"Val\u00e9rie LE MEUR Un \u00e9t\u00e9 \u00e0 Paris-Passy- SOLD Tableau -\" \/>\n<meta property=\"og:url\" content=\"https:\/\/www.valerielemeur.com\/en\/un-ete-a-paris-passy\/\" \/>\n<meta property=\"og:site_name\" content=\"Val\u00e9rie LE MEUR\" \/>\n<meta property=\"article:published_time\" content=\"2020-07-29T07:38:22+00:00\" \/>\n<meta property=\"article:modified_time\" content=\"2025-09-27T14:59:07+00:00\" \/>\n<meta property=\"og:image\" content=\"https:\/\/www.valerielemeur.com\/wp-content\/uploads\/2020\/07\/un-ete-a-paris-passy-08-20-scaled.jpg\" \/>\n\t<meta property=\"og:image:width\" content=\"1929\" \/>\n\t<meta property=\"og:image:height\" content=\"2560\" \/>\n\t<meta property=\"og:image:type\" content=\"image\/jpeg\" \/>\n<meta name=\"author\" content=\"VLM\" \/>\n<meta name=\"twitter:card\" content=\"summary_large_image\" \/>\n<meta name=\"twitter:label1\" content=\"Written by\" \/>\n\t<meta name=\"twitter:data1\" content=\"VLM\" \/>\n\t<meta name=\"twitter:label2\" content=\"Estimated reading time\" \/>\n\t<meta name=\"twitter:data2\" content=\"1 minute\" \/>\n<script type=\"application\/ld+json\" class=\"yoast-schema-graph\">{\"@context\":\"https:\\\/\\\/schema.org\",\"@graph\":[{\"@type\":\"Article\",\"@id\":\"https:\\\/\\\/www.valerielemeur.com\\\/un-ete-a-paris-passy\\\/#article\",\"isPartOf\":{\"@id\":\"https:\\\/\\\/www.valerielemeur.com\\\/un-ete-a-paris-passy\\\/\"},\"author\":{\"name\":\"VLM\",\"@id\":\"https:\\\/\\\/www.valerielemeur.com\\\/#\\\/schema\\\/person\\\/988a7c5b4614f08d4a29788db12b10bb\"},\"headline\":\"Un \u00e9t\u00e9 \u00e0 Paris-Passy- SOLD\",\"datePublished\":\"2020-07-29T07:38:22+00:00\",\"dateModified\":\"2025-09-27T14:59:07+00:00\",\"mainEntityOfPage\":{\"@id\":\"https:\\\/\\\/www.valerielemeur.com\\\/un-ete-a-paris-passy\\\/\"},\"wordCount\":280,\"publisher\":{\"@id\":\"https:\\\/\\\/www.valerielemeur.com\\\/#organization\"},\"image\":{\"@id\":\"https:\\\/\\\/www.valerielemeur.com\\\/un-ete-a-paris-passy\\\/#primaryimage\"},\"thumbnailUrl\":\"https:\\\/\\\/www.valerielemeur.com\\\/wp-content\\\/uploads\\\/2020\\\/07\\\/un-ete-a-paris-passy-08-20-scaled.jpg\",\"keywords\":[\"470 E; livraison incluse \\\/Shipping included (contact me for details in \u00a3 or $)\"],\"articleSection\":[\"Paris\",\"Tableau\",\"Tableaux vendus\"],\"inLanguage\":\"en-GB\"},{\"@type\":\"WebPage\",\"@id\":\"https:\\\/\\\/www.valerielemeur.com\\\/un-ete-a-paris-passy\\\/\",\"url\":\"https:\\\/\\\/www.valerielemeur.com\\\/un-ete-a-paris-passy\\\/\",\"name\":\"Un \u00e9t\u00e9 \u00e0 Paris-Passy- SOLD - Val\u00e9rie LE MEUR\",\"isPartOf\":{\"@id\":\"https:\\\/\\\/www.valerielemeur.com\\\/#website\"},\"primaryImageOfPage\":{\"@id\":\"https:\\\/\\\/www.valerielemeur.com\\\/un-ete-a-paris-passy\\\/#primaryimage\"},\"image\":{\"@id\":\"https:\\\/\\\/www.valerielemeur.com\\\/un-ete-a-paris-passy\\\/#primaryimage\"},\"thumbnailUrl\":\"https:\\\/\\\/www.valerielemeur.com\\\/wp-content\\\/uploads\\\/2020\\\/07\\\/un-ete-a-paris-passy-08-20-scaled.jpg\",\"datePublished\":\"2020-07-29T07:38:22+00:00\",\"dateModified\":\"2025-09-27T14:59:07+00:00\",\"description\":\"Val\u00e9rie LE MEUR Un \u00e9t\u00e9 \u00e0 Paris-Passy- SOLD Tableau -\",\"breadcrumb\":{\"@id\":\"https:\\\/\\\/www.valerielemeur.com\\\/un-ete-a-paris-passy\\\/#breadcrumb\"},\"inLanguage\":\"en-GB\",\"potentialAction\":[{\"@type\":\"ReadAction\",\"target\":[\"https:\\\/\\\/www.valerielemeur.com\\\/un-ete-a-paris-passy\\\/\"]}]},{\"@type\":\"ImageObject\",\"inLanguage\":\"en-GB\",\"@id\":\"https:\\\/\\\/www.valerielemeur.com\\\/un-ete-a-paris-passy\\\/#primaryimage\",\"url\":\"https:\\\/\\\/www.valerielemeur.com\\\/wp-content\\\/uploads\\\/2020\\\/07\\\/un-ete-a-paris-passy-08-20-scaled.jpg\",\"contentUrl\":\"https:\\\/\\\/www.valerielemeur.com\\\/wp-content\\\/uploads\\\/2020\\\/07\\\/un-ete-a-paris-passy-08-20-scaled.jpg\",\"width\":1929,\"height\":2560},{\"@type\":\"BreadcrumbList\",\"@id\":\"https:\\\/\\\/www.valerielemeur.com\\\/un-ete-a-paris-passy\\\/#breadcrumb\",\"itemListElement\":[{\"@type\":\"ListItem\",\"position\":1,\"name\":\"Accueil\",\"item\":\"https:\\\/\\\/www.valerielemeur.com\\\/\"},{\"@type\":\"ListItem\",\"position\":2,\"name\":\"Un \u00e9t\u00e9 \u00e0 Paris-Passy- SOLD\"}]},{\"@type\":\"WebSite\",\"@id\":\"https:\\\/\\\/www.valerielemeur.com\\\/#website\",\"url\":\"https:\\\/\\\/www.valerielemeur.com\\\/\",\"name\":\"Val\u00e9rie LE MEUR\",\"description\":\"Artiste Peintre\",\"publisher\":{\"@id\":\"https:\\\/\\\/www.valerielemeur.com\\\/#organization\"},\"potentialAction\":[{\"@type\":\"SearchAction\",\"target\":{\"@type\":\"EntryPoint\",\"urlTemplate\":\"https:\\\/\\\/www.valerielemeur.com\\\/?s={search_term_string}\"},\"query-input\":{\"@type\":\"PropertyValueSpecification\",\"valueRequired\":true,\"valueName\":\"search_term_string\"}}],\"inLanguage\":\"en-GB\"},{\"@type\":\"Organization\",\"@id\":\"https:\\\/\\\/www.valerielemeur.com\\\/#organization\",\"name\":\"valerie le meur\",\"url\":\"https:\\\/\\\/www.valerielemeur.com\\\/\",\"logo\":{\"@type\":\"ImageObject\",\"inLanguage\":\"en-GB\",\"@id\":\"https:\\\/\\\/www.valerielemeur.com\\\/#\\\/schema\\\/logo\\\/image\\\/\",\"url\":\"https:\\\/\\\/www.valerielemeur.com\\\/wp-content\\\/uploads\\\/2020\\\/07\\\/photo-CV-sun.jpg\",\"contentUrl\":\"https:\\\/\\\/www.valerielemeur.com\\\/wp-content\\\/uploads\\\/2020\\\/07\\\/photo-CV-sun.jpg\",\"width\":2373,\"height\":2373,\"caption\":\"valerie le meur\"},\"image\":{\"@id\":\"https:\\\/\\\/www.valerielemeur.com\\\/#\\\/schema\\\/logo\\\/image\\\/\"}},{\"@type\":\"Person\",\"@id\":\"https:\\\/\\\/www.valerielemeur.com\\\/#\\\/schema\\\/person\\\/988a7c5b4614f08d4a29788db12b10bb\",\"name\":\"VLM\",\"image\":{\"@type\":\"ImageObject\",\"inLanguage\":\"en-GB\",\"@id\":\"https:\\\/\\\/secure.gravatar.com\\\/avatar\\\/5d623c2f60da6da613f8db4cef8422938a352a814a1ad2edc307f53256aa32c2?s=96&d=mm&r=g\",\"url\":\"https:\\\/\\\/secure.gravatar.com\\\/avatar\\\/5d623c2f60da6da613f8db4cef8422938a352a814a1ad2edc307f53256aa32c2?s=96&d=mm&r=g\",\"contentUrl\":\"https:\\\/\\\/secure.gravatar.com\\\/avatar\\\/5d623c2f60da6da613f8db4cef8422938a352a814a1ad2edc307f53256aa32c2?s=96&d=mm&r=g\",\"caption\":\"VLM\"},\"sameAs\":[\"https:\\\/\\\/www.valerielemeur.com\"],\"url\":\"https:\\\/\\\/www.valerielemeur.com\\\/en\\\/author\\\/vlm\\\/\"}]}<\/script>\n<!-- \/ Yoast SEO plugin. -->","yoast_head_json":{"title":"Un \u00e9t\u00e9 \u00e0 Paris-Passy- SOLD - Val\u00e9rie LE MEUR","description":"Val\u00e9rie LE MEUR Un \u00e9t\u00e9 \u00e0 Paris-Passy- SOLD Tableau -","robots":{"index":"index","follow":"follow","max-snippet":"max-snippet:-1","max-image-preview":"max-image-preview:large","max-video-preview":"max-video-preview:-1"},"canonical":"https:\/\/www.valerielemeur.com\/en\/un-ete-a-paris-passy\/","og_locale":"en_GB","og_type":"article","og_title":"Un \u00e9t\u00e9 \u00e0 Paris-Passy- SOLD - Val\u00e9rie LE MEUR","og_description":"Val\u00e9rie LE MEUR Un \u00e9t\u00e9 \u00e0 Paris-Passy- SOLD Tableau -","og_url":"https:\/\/www.valerielemeur.com\/en\/un-ete-a-paris-passy\/","og_site_name":"Val\u00e9rie LE MEUR","article_published_time":"2020-07-29T07:38:22+00:00","article_modified_time":"2025-09-27T14:59:07+00:00","og_image":[{"width":1929,"height":2560,"url":"https:\/\/www.valerielemeur.com\/wp-content\/uploads\/2020\/07\/un-ete-a-paris-passy-08-20-scaled.jpg","type":"image\/jpeg"}],"author":"VLM","twitter_card":"summary_large_image","twitter_misc":{"Written by":"VLM","Estimated reading time":"1 minute"},"schema":{"@context":"https:\/\/schema.org","@graph":[{"@type":"Article","@id":"https:\/\/www.valerielemeur.com\/un-ete-a-paris-passy\/#article","isPartOf":{"@id":"https:\/\/www.valerielemeur.com\/un-ete-a-paris-passy\/"},"author":{"name":"VLM","@id":"https:\/\/www.valerielemeur.com\/#\/schema\/person\/988a7c5b4614f08d4a29788db12b10bb"},"headline":"Un \u00e9t\u00e9 \u00e0 Paris-Passy- SOLD","datePublished":"2020-07-29T07:38:22+00:00","dateModified":"2025-09-27T14:59:07+00:00","mainEntityOfPage":{"@id":"https:\/\/www.valerielemeur.com\/un-ete-a-paris-passy\/"},"wordCount":280,"publisher":{"@id":"https:\/\/www.valerielemeur.com\/#organization"},"image":{"@id":"https:\/\/www.valerielemeur.com\/un-ete-a-paris-passy\/#primaryimage"},"thumbnailUrl":"https:\/\/www.valerielemeur.com\/wp-content\/uploads\/2020\/07\/un-ete-a-paris-passy-08-20-scaled.jpg","keywords":["470 E; livraison incluse \/Shipping included (contact me for details in \u00a3 or $)"],"articleSection":["Paris","Tableau","Tableaux vendus"],"inLanguage":"en-GB"},{"@type":"WebPage","@id":"https:\/\/www.valerielemeur.com\/un-ete-a-paris-passy\/","url":"https:\/\/www.valerielemeur.com\/un-ete-a-paris-passy\/","name":"Un \u00e9t\u00e9 \u00e0 Paris-Passy- SOLD - Val\u00e9rie LE MEUR","isPartOf":{"@id":"https:\/\/www.valerielemeur.com\/#website"},"primaryImageOfPage":{"@id":"https:\/\/www.valerielemeur.com\/un-ete-a-paris-passy\/#primaryimage"},"image":{"@id":"https:\/\/www.valerielemeur.com\/un-ete-a-paris-passy\/#primaryimage"},"thumbnailUrl":"https:\/\/www.valerielemeur.com\/wp-content\/uploads\/2020\/07\/un-ete-a-paris-passy-08-20-scaled.jpg","datePublished":"2020-07-29T07:38:22+00:00","dateModified":"2025-09-27T14:59:07+00:00","description":"Val\u00e9rie LE MEUR Un \u00e9t\u00e9 \u00e0 Paris-Passy- SOLD Tableau -","breadcrumb":{"@id":"https:\/\/www.valerielemeur.com\/un-ete-a-paris-passy\/#breadcrumb"},"inLanguage":"en-GB","potentialAction":[{"@type":"ReadAction","target":["https:\/\/www.valerielemeur.com\/un-ete-a-paris-passy\/"]}]},{"@type":"ImageObject","inLanguage":"en-GB","@id":"https:\/\/www.valerielemeur.com\/un-ete-a-paris-passy\/#primaryimage","url":"https:\/\/www.valerielemeur.com\/wp-content\/uploads\/2020\/07\/un-ete-a-paris-passy-08-20-scaled.jpg","contentUrl":"https:\/\/www.valerielemeur.com\/wp-content\/uploads\/2020\/07\/un-ete-a-paris-passy-08-20-scaled.jpg","width":1929,"height":2560},{"@type":"BreadcrumbList","@id":"https:\/\/www.valerielemeur.com\/un-ete-a-paris-passy\/#breadcrumb","itemListElement":[{"@type":"ListItem","position":1,"name":"Accueil","item":"https:\/\/www.valerielemeur.com\/"},{"@type":"ListItem","position":2,"name":"Un \u00e9t\u00e9 \u00e0 Paris-Passy- SOLD"}]},{"@type":"WebSite","@id":"https:\/\/www.valerielemeur.com\/#website","url":"https:\/\/www.valerielemeur.com\/","name":"Val\u00e9rie LE MEUR","description":"Painter","publisher":{"@id":"https:\/\/www.valerielemeur.com\/#organization"},"potentialAction":[{"@type":"SearchAction","target":{"@type":"EntryPoint","urlTemplate":"https:\/\/www.valerielemeur.com\/?s={search_term_string}"},"query-input":{"@type":"PropertyValueSpecification","valueRequired":true,"valueName":"search_term_string"}}],"inLanguage":"en-GB"},{"@type":"Organization","@id":"https:\/\/www.valerielemeur.com\/#organization","name":"valerie le meur","url":"https:\/\/www.valerielemeur.com\/","logo":{"@type":"ImageObject","inLanguage":"en-GB","@id":"https:\/\/www.valerielemeur.com\/#\/schema\/logo\/image\/","url":"https:\/\/www.valerielemeur.com\/wp-content\/uploads\/2020\/07\/photo-CV-sun.jpg","contentUrl":"https:\/\/www.valerielemeur.com\/wp-content\/uploads\/2020\/07\/photo-CV-sun.jpg","width":2373,"height":2373,"caption":"valerie le meur"},"image":{"@id":"https:\/\/www.valerielemeur.com\/#\/schema\/logo\/image\/"}},{"@type":"Person","@id":"https:\/\/www.valerielemeur.com\/#\/schema\/person\/988a7c5b4614f08d4a29788db12b10bb","name":"VLM","image":{"@type":"ImageObject","inLanguage":"en-GB","@id":"https:\/\/secure.gravatar.com\/avatar\/5d623c2f60da6da613f8db4cef8422938a352a814a1ad2edc307f53256aa32c2?s=96&d=mm&r=g","url":"https:\/\/secure.gravatar.com\/avatar\/5d623c2f60da6da613f8db4cef8422938a352a814a1ad2edc307f53256aa32c2?s=96&d=mm&r=g","contentUrl":"https:\/\/secure.gravatar.com\/avatar\/5d623c2f60da6da613f8db4cef8422938a352a814a1ad2edc307f53256aa32c2?s=96&d=mm&r=g","caption":"VLM"},"sameAs":["https:\/\/www.valerielemeur.com"],"url":"https:\/\/www.valerielemeur.com\/en\/author\/vlm\/"}]}},"jetpack_featured_media_url":"https:\/\/www.valerielemeur.com\/wp-content\/uploads\/2020\/07\/un-ete-a-paris-passy-08-20-scaled.jpg","uagb_featured_image_src":{"full":["https:\/\/www.valerielemeur.com\/wp-content\/uploads\/2020\/07\/un-ete-a-paris-passy-08-20-scaled.jpg",1929,2560,false],"thumbnail":["https:\/\/www.valerielemeur.com\/wp-content\/uploads\/2020\/07\/un-ete-a-paris-passy-08-20-150x150.jpg",150,150,true],"medium":["https:\/\/www.valerielemeur.com\/wp-content\/uploads\/2020\/07\/un-ete-a-paris-passy-08-20-226x300.jpg",226,300,true],"medium_large":["https:\/\/www.valerielemeur.com\/wp-content\/uploads\/2020\/07\/un-ete-a-paris-passy-08-20-768x1019.jpg",768,1019,true],"large":["https:\/\/www.valerielemeur.com\/wp-content\/uploads\/2020\/07\/un-ete-a-paris-passy-08-20-772x1024.jpg",772,1024,true],"1536x1536":["https:\/\/www.valerielemeur.com\/wp-content\/uploads\/2020\/07\/un-ete-a-paris-passy-08-20-1157x1536.jpg",1157,1536,true],"2048x2048":["https:\/\/www.valerielemeur.com\/wp-content\/uploads\/2020\/07\/un-ete-a-paris-passy-08-20-1543x2048.jpg",1543,2048,true],"trp-custom-language-flag":["https:\/\/www.valerielemeur.com\/wp-content\/uploads\/2020\/07\/un-ete-a-paris-passy-08-20-scaled.jpg",9,12,false]},"uagb_author_info":{"display_name":"VLM","author_link":"https:\/\/www.valerielemeur.com\/en\/author\/vlm\/"},"uagb_comment_info":0,"uagb_excerpt":"Acrylique sur Toile (41x33x2 cm) \/ Acrylic on canvas GBP or USD payments accepted Un \u00e9t\u00e9 \u00e0 Paris-Passy (Article in French and English&#8212;-) Une journ\u00e9e d\u2019\u00e9t\u00e9 au soleil de Paris, les immeubles concentrent dans leurs murs blancs la chaleur qui monte du bitume. Le ciel est presque blanc de cette chaleur lourde et collante. Les&hellip;","jetpack_sharing_enabled":true,"_links":{"self":[{"href":"https:\/\/www.valerielemeur.com\/en\/wp-json\/wp\/v2\/posts\/2756","targetHints":{"allow":["GET"]}}],"collection":[{"href":"https:\/\/www.valerielemeur.com\/en\/wp-json\/wp\/v2\/posts"}],"about":[{"href":"https:\/\/www.valerielemeur.com\/en\/wp-json\/wp\/v2\/types\/post"}],"author":[{"embeddable":true,"href":"https:\/\/www.valerielemeur.com\/en\/wp-json\/wp\/v2\/users\/1"}],"replies":[{"embeddable":true,"href":"https:\/\/www.valerielemeur.com\/en\/wp-json\/wp\/v2\/comments?post=2756"}],"version-history":[{"count":9,"href":"https:\/\/www.valerielemeur.com\/en\/wp-json\/wp\/v2\/posts\/2756\/revisions"}],"predecessor-version":[{"id":6083,"href":"https:\/\/www.valerielemeur.com\/en\/wp-json\/wp\/v2\/posts\/2756\/revisions\/6083"}],"wp:featuredmedia":[{"embeddable":true,"href":"https:\/\/www.valerielemeur.com\/en\/wp-json\/wp\/v2\/media\/3111"}],"wp:attachment":[{"href":"https:\/\/www.valerielemeur.com\/en\/wp-json\/wp\/v2\/media?parent=2756"}],"wp:term":[{"taxonomy":"category","embeddable":true,"href":"https:\/\/www.valerielemeur.com\/en\/wp-json\/wp\/v2\/categories?post=2756"},{"taxonomy":"post_tag","embeddable":true,"href":"https:\/\/www.valerielemeur.com\/en\/wp-json\/wp\/v2\/tags?post=2756"}],"curies":[{"name":"wp","href":"https:\/\/api.w.org\/{rel}","templated":true}]}}