{"id":3071,"date":"2020-08-26T17:51:43","date_gmt":"2020-08-26T17:51:43","guid":{"rendered":"https:\/\/www.valerielemeur.com\/?p=3071"},"modified":"2024-08-20T16:51:56","modified_gmt":"2024-08-20T16:51:56","slug":"la-serre-du-potager-2","status":"publish","type":"post","link":"https:\/\/www.valerielemeur.com\/en\/la-serre-du-potager-2\/","title":{"rendered":"La Serre du potager"},"content":{"rendered":"<figure class=\"wp-block-image size-full is-style-default\"><img loading=\"lazy\" decoding=\"async\" width=\"1286\" height=\"2560\" src=\"https:\/\/www.valerielemeur.com\/wp-content\/uploads\/2020\/08\/la-serre-du-potager-scaled.jpg\" alt=\"\" class=\"wp-image-3072\" srcset=\"https:\/\/www.valerielemeur.com\/wp-content\/uploads\/2020\/08\/la-serre-du-potager-scaled.jpg 1286w, https:\/\/www.valerielemeur.com\/wp-content\/uploads\/2020\/08\/la-serre-du-potager-151x300.jpg 151w, https:\/\/www.valerielemeur.com\/wp-content\/uploads\/2020\/08\/la-serre-du-potager-514x1024.jpg 514w, https:\/\/www.valerielemeur.com\/wp-content\/uploads\/2020\/08\/la-serre-du-potager-768x1529.jpg 768w, https:\/\/www.valerielemeur.com\/wp-content\/uploads\/2020\/08\/la-serre-du-potager-771x1536.jpg 771w\" sizes=\"auto, (max-width: 1286px) 100vw, 1286px\" \/><\/figure>\n\n\n\n<div class=\"wp-block-columns is-layout-flex wp-container-core-columns-is-layout-28f84493 wp-block-columns-is-layout-flex\">\n<div class=\"wp-block-column is-layout-flow wp-block-column-is-layout-flow\" style=\"flex-basis:66.66%\">\n<p class=\"has-normal-font-size\">Acrylique sur Toile (80x40x2 cm) 900\u20ac+TR<\/p>\n<\/div>\n\n\n\n<div class=\"wp-block-column is-layout-flow wp-block-column-is-layout-flow\" style=\"flex-basis:33.33%\">\n<p>contact me for payments in GBP or USD<\/p>\n<\/div>\n<\/div>\n\n\n\n<p class=\"has-medium-font-size\">La serre du potager<\/p>\n\n\n\n<p class=\"has-medium-font-size\">Au d\u00e9tour d\u2019une all\u00e9e de graviers jonch\u00e9e de pots renvers\u00e9s, il y a une serre envahie par les plantes sauvages et les fleurs odorantes.<\/p>\n\n\n\n<p class=\"has-medium-font-size\">Elle me renvoie \u00e0 de lointains souvenirs, souvenirs de vacances, d\u2019odeur de terre fraiche et de fleurs cultiv\u00e9es avec amour. Elle me renvoie \u00e0 une \u00e9poque lointaine et pass\u00e9e, sans doute en partie r\u00eav\u00e9e. Un souvenir d\u2019enfant, un parfum m\u00eal\u00e9 de fleurs et de terre normande. <\/p>\n\n\n\n<p class=\"has-medium-font-size\">De style impressionniste, cette serre, loin d&rsquo;\u00eatre normande est une serre du \u00ab\u00a0Potager du roi\u00a0\u00bb \u00e0 Versailles, peinte un soir d&rsquo;\u00e9t\u00e9 ensoleill\u00e9.<\/p>\n\n\n\n<p class=\"has-medium-font-size\">prot\u00e9g\u00e9 par un vernis brillant pour faire ressortir les couleurs,<br>ruban blanc cache clous sur les bords: pas besoin de cadre<br>pr\u00eat \u00e0 accrocher au mur<br>livr\u00e9 avec un certificat d\u2019authenticit\u00e9 et une facture<\/p>\n\n\n\n<p class=\"has-vivid-cyan-blue-color has-text-color has-medium-font-size\">The vegetable garden&rsquo;s greenhouse<\/p>\n\n\n\n<p class=\"has-vivid-cyan-blue-color has-text-color has-medium-font-size\">At the end of an alley, there is a greenhouse swamped by wild scented flowers and plants.<br>It reminds me of past holidays. The souvenir of the scented flowers grown with love and the strong smell of the grass and the rich Normandy earth.<br>It\u2019s a souvenir, perhaps a dream.<\/p>\n\n\n\n<p class=\"has-vivid-cyan-blue-color has-text-color has-medium-font-size\">Impressionist like, this painting depicts a greenhouse in \u00ab\u00a0Le Potager du roi\u00a0\u00bb (the King vegetable garden\u00a0\u00bb in Versailles, France on a summer day.<\/p>\n\n\n\n<p class=\"has-vivid-cyan-blue-color has-text-color has-medium-font-size\">&nbsp;Acrylic painting on wooden&nbsp; stretched canvas<br>protected by a bright acrylic varnish&nbsp;; white scotch tape on the sides&nbsp;: no need to frame&nbsp;;<br>ready to hang on a wall<br><br>dated, signed and delivered with an invoice and a certificate of authenticity<\/p>\n\n\n\n<p class=\"has-vivid-cyan-blue-color has-text-color has-medium-font-size\"><\/p>\n\n\n\n<figure class=\"wp-block-image size-medium\"><img loading=\"lazy\" decoding=\"async\" width=\"266\" height=\"300\" src=\"https:\/\/www.valerielemeur.com\/wp-content\/uploads\/2020\/08\/La-serre-detail1-266x300.jpg\" alt=\"\" class=\"wp-image-3074\" srcset=\"https:\/\/www.valerielemeur.com\/wp-content\/uploads\/2020\/08\/La-serre-detail1-266x300.jpg 266w, https:\/\/www.valerielemeur.com\/wp-content\/uploads\/2020\/08\/La-serre-detail1-909x1024.jpg 909w, https:\/\/www.valerielemeur.com\/wp-content\/uploads\/2020\/08\/La-serre-detail1-768x865.jpg 768w, https:\/\/www.valerielemeur.com\/wp-content\/uploads\/2020\/08\/La-serre-detail1-1364x1536.jpg 1364w, https:\/\/www.valerielemeur.com\/wp-content\/uploads\/2020\/08\/La-serre-detail1-1819x2048.jpg 1819w\" sizes=\"auto, (max-width: 266px) 100vw, 266px\" \/><\/figure>\n\n\n\n<figure class=\"wp-block-image size-medium\"><img loading=\"lazy\" decoding=\"async\" width=\"292\" height=\"300\" src=\"https:\/\/www.valerielemeur.com\/wp-content\/uploads\/2020\/08\/la-serre-du-potager-detail2-292x300.jpg\" alt=\"\" class=\"wp-image-3073\" srcset=\"https:\/\/www.valerielemeur.com\/wp-content\/uploads\/2020\/08\/la-serre-du-potager-detail2-292x300.jpg 292w, https:\/\/www.valerielemeur.com\/wp-content\/uploads\/2020\/08\/la-serre-du-potager-detail2-997x1024.jpg 997w, https:\/\/www.valerielemeur.com\/wp-content\/uploads\/2020\/08\/la-serre-du-potager-detail2-768x789.jpg 768w, https:\/\/www.valerielemeur.com\/wp-content\/uploads\/2020\/08\/la-serre-du-potager-detail2-1495x1536.jpg 1495w, https:\/\/www.valerielemeur.com\/wp-content\/uploads\/2020\/08\/la-serre-du-potager-detail2-1994x2048.jpg 1994w\" sizes=\"auto, (max-width: 292px) 100vw, 292px\" \/><\/figure>\n\n\n\n\n\n<h2 class=\"wp-block-heading\"><\/h2>","protected":false},"excerpt":{"rendered":"<p>Acrylique sur Toile (80x40x2 cm) 900\u20ac+TR contact me for payments in GBP or USD La serre du potager Au d\u00e9tour d\u2019une all\u00e9e de graviers jonch\u00e9e de pots renvers\u00e9s, il y a une serre envahie par les plantes sauvages et les fleurs odorantes. Elle me renvoie \u00e0 de lointains souvenirs, souvenirs de vacances, d\u2019odeur de terre [&hellip;]<\/p>\n","protected":false},"author":1,"featured_media":3072,"comment_status":"closed","ping_status":"closed","sticky":false,"template":"","format":"gallery","meta":{"_uag_custom_page_level_css":"","site-sidebar-layout":"default","site-content-layout":null,"ast-site-content-layout":"default","site-content-style":"default","site-sidebar-style":"default","ast-global-header-display":"","ast-banner-title-visibility":"","ast-main-header-display":"","ast-hfb-above-header-display":null,"ast-hfb-below-header-display":null,"ast-hfb-mobile-header-display":null,"site-post-title":"enabled","ast-breadcrumbs-content":null,"ast-featured-img":"disabled","footer-sml-layout":"","ast-disable-related-posts":"","theme-transparent-header-meta":"enabled","adv-header-id-meta":null,"stick-header-meta":null,"header-above-stick-meta":null,"header-main-stick-meta":null,"header-below-stick-meta":null,"astra-migrate-meta-layouts":"default","ast-page-background-enabled":"default","ast-page-background-meta":{"desktop":{"background-color":"","background-image":"","background-repeat":"repeat","background-position":"center center","background-size":"auto","background-attachment":"scroll","background-type":"","background-media":"","overlay-type":"","overlay-color":"","overlay-opacity":"","overlay-gradient":""},"tablet":{"background-color":"","background-image":"","background-repeat":"repeat","background-position":"center center","background-size":"auto","background-attachment":"scroll","background-type":"","background-media":"","overlay-type":"","overlay-color":"","overlay-opacity":"","overlay-gradient":""},"mobile":{"background-color":"","background-image":"","background-repeat":"repeat","background-position":"center center","background-size":"auto","background-attachment":"scroll","background-type":"","background-media":"","overlay-type":"","overlay-color":"","overlay-opacity":"","overlay-gradient":""}},"ast-content-background-meta":{"desktop":{"background-color":"var(--ast-global-color-5)","background-image":"","background-repeat":"repeat","background-position":"center center","background-size":"auto","background-attachment":"scroll","background-type":"","background-media":"","overlay-type":"","overlay-color":"","overlay-opacity":"","overlay-gradient":""},"tablet":{"background-color":"var(--ast-global-color-5)","background-image":"","background-repeat":"repeat","background-position":"center center","background-size":"auto","background-attachment":"scroll","background-type":"","background-media":"","overlay-type":"","overlay-color":"","overlay-opacity":"","overlay-gradient":""},"mobile":{"background-color":"var(--ast-global-color-5)","background-image":"","background-repeat":"repeat","background-position":"center center","background-size":"auto","background-attachment":"scroll","background-type":"","background-media":"","overlay-type":"","overlay-color":"","overlay-opacity":"","overlay-gradient":""}},"_jetpack_memberships_contains_paid_content":false,"footnotes":""},"categories":[51,41],"tags":[171],"class_list":["post-3071","post","type-post","status-publish","format-gallery","has-post-thumbnail","hentry","category-greenhouse","category-painting","tag-900tr","post_format-post-format-gallery"],"yoast_head":"<!-- This site is optimized with the Yoast SEO plugin v27.4 - https:\/\/yoast.com\/product\/yoast-seo-wordpress\/ -->\n<title>La Serre du potager - Val\u00e9rie LE MEUR<\/title>\n<meta name=\"description\" content=\"Val\u00e9rie LE MEUR La Serre du potager Tableau -\" \/>\n<meta name=\"robots\" content=\"index, follow, max-snippet:-1, max-image-preview:large, max-video-preview:-1\" \/>\n<link rel=\"canonical\" href=\"https:\/\/www.valerielemeur.com\/en\/la-serre-du-potager-2\/\" \/>\n<meta property=\"og:locale\" content=\"en_GB\" \/>\n<meta property=\"og:type\" content=\"article\" \/>\n<meta property=\"og:title\" content=\"La Serre du potager - Val\u00e9rie LE MEUR\" \/>\n<meta property=\"og:description\" content=\"Val\u00e9rie LE MEUR La Serre du potager Tableau -\" \/>\n<meta property=\"og:url\" content=\"https:\/\/www.valerielemeur.com\/en\/la-serre-du-potager-2\/\" \/>\n<meta property=\"og:site_name\" content=\"Val\u00e9rie LE MEUR\" \/>\n<meta property=\"article:published_time\" content=\"2020-08-26T17:51:43+00:00\" \/>\n<meta property=\"article:modified_time\" content=\"2024-08-20T16:51:56+00:00\" \/>\n<meta property=\"og:image\" content=\"https:\/\/www.valerielemeur.com\/wp-content\/uploads\/2020\/08\/la-serre-du-potager-scaled.jpg\" \/>\n\t<meta property=\"og:image:width\" content=\"1286\" \/>\n\t<meta property=\"og:image:height\" content=\"2560\" \/>\n\t<meta property=\"og:image:type\" content=\"image\/jpeg\" \/>\n<meta name=\"author\" content=\"VLM\" \/>\n<meta name=\"twitter:card\" content=\"summary_large_image\" \/>\n<meta name=\"twitter:label1\" content=\"Written by\" \/>\n\t<meta name=\"twitter:data1\" content=\"VLM\" \/>\n\t<meta name=\"twitter:label2\" content=\"Estimated reading time\" \/>\n\t<meta name=\"twitter:data2\" content=\"3 minutes\" \/>\n<script type=\"application\/ld+json\" class=\"yoast-schema-graph\">{\"@context\":\"https:\\\/\\\/schema.org\",\"@graph\":[{\"@type\":\"Article\",\"@id\":\"https:\\\/\\\/www.valerielemeur.com\\\/la-serre-du-potager-2\\\/#article\",\"isPartOf\":{\"@id\":\"https:\\\/\\\/www.valerielemeur.com\\\/la-serre-du-potager-2\\\/\"},\"author\":{\"name\":\"VLM\",\"@id\":\"https:\\\/\\\/www.valerielemeur.com\\\/#\\\/schema\\\/person\\\/988a7c5b4614f08d4a29788db12b10bb\"},\"headline\":\"La Serre du potager\",\"datePublished\":\"2020-08-26T17:51:43+00:00\",\"dateModified\":\"2024-08-20T16:51:56+00:00\",\"mainEntityOfPage\":{\"@id\":\"https:\\\/\\\/www.valerielemeur.com\\\/la-serre-du-potager-2\\\/\"},\"wordCount\":283,\"publisher\":{\"@id\":\"https:\\\/\\\/www.valerielemeur.com\\\/#organization\"},\"image\":{\"@id\":\"https:\\\/\\\/www.valerielemeur.com\\\/la-serre-du-potager-2\\\/#primaryimage\"},\"thumbnailUrl\":\"https:\\\/\\\/www.valerielemeur.com\\\/wp-content\\\/uploads\\\/2020\\\/08\\\/la-serre-du-potager-scaled.jpg\",\"keywords\":[\"900+tr\"],\"articleSection\":[\"Les serres\",\"Tableau\"],\"inLanguage\":\"en-GB\"},{\"@type\":\"WebPage\",\"@id\":\"https:\\\/\\\/www.valerielemeur.com\\\/la-serre-du-potager-2\\\/\",\"url\":\"https:\\\/\\\/www.valerielemeur.com\\\/la-serre-du-potager-2\\\/\",\"name\":\"La Serre du potager - Val\u00e9rie LE MEUR\",\"isPartOf\":{\"@id\":\"https:\\\/\\\/www.valerielemeur.com\\\/#website\"},\"primaryImageOfPage\":{\"@id\":\"https:\\\/\\\/www.valerielemeur.com\\\/la-serre-du-potager-2\\\/#primaryimage\"},\"image\":{\"@id\":\"https:\\\/\\\/www.valerielemeur.com\\\/la-serre-du-potager-2\\\/#primaryimage\"},\"thumbnailUrl\":\"https:\\\/\\\/www.valerielemeur.com\\\/wp-content\\\/uploads\\\/2020\\\/08\\\/la-serre-du-potager-scaled.jpg\",\"datePublished\":\"2020-08-26T17:51:43+00:00\",\"dateModified\":\"2024-08-20T16:51:56+00:00\",\"description\":\"Val\u00e9rie LE MEUR La Serre du potager Tableau -\",\"breadcrumb\":{\"@id\":\"https:\\\/\\\/www.valerielemeur.com\\\/la-serre-du-potager-2\\\/#breadcrumb\"},\"inLanguage\":\"en-GB\",\"potentialAction\":[{\"@type\":\"ReadAction\",\"target\":[\"https:\\\/\\\/www.valerielemeur.com\\\/la-serre-du-potager-2\\\/\"]}]},{\"@type\":\"ImageObject\",\"inLanguage\":\"en-GB\",\"@id\":\"https:\\\/\\\/www.valerielemeur.com\\\/la-serre-du-potager-2\\\/#primaryimage\",\"url\":\"https:\\\/\\\/www.valerielemeur.com\\\/wp-content\\\/uploads\\\/2020\\\/08\\\/la-serre-du-potager-scaled.jpg\",\"contentUrl\":\"https:\\\/\\\/www.valerielemeur.com\\\/wp-content\\\/uploads\\\/2020\\\/08\\\/la-serre-du-potager-scaled.jpg\",\"width\":1286,\"height\":2560},{\"@type\":\"BreadcrumbList\",\"@id\":\"https:\\\/\\\/www.valerielemeur.com\\\/la-serre-du-potager-2\\\/#breadcrumb\",\"itemListElement\":[{\"@type\":\"ListItem\",\"position\":1,\"name\":\"Accueil\",\"item\":\"https:\\\/\\\/www.valerielemeur.com\\\/\"},{\"@type\":\"ListItem\",\"position\":2,\"name\":\"La Serre du potager\"}]},{\"@type\":\"WebSite\",\"@id\":\"https:\\\/\\\/www.valerielemeur.com\\\/#website\",\"url\":\"https:\\\/\\\/www.valerielemeur.com\\\/\",\"name\":\"Val\u00e9rie LE MEUR\",\"description\":\"Artiste Peintre\",\"publisher\":{\"@id\":\"https:\\\/\\\/www.valerielemeur.com\\\/#organization\"},\"potentialAction\":[{\"@type\":\"SearchAction\",\"target\":{\"@type\":\"EntryPoint\",\"urlTemplate\":\"https:\\\/\\\/www.valerielemeur.com\\\/?s={search_term_string}\"},\"query-input\":{\"@type\":\"PropertyValueSpecification\",\"valueRequired\":true,\"valueName\":\"search_term_string\"}}],\"inLanguage\":\"en-GB\"},{\"@type\":\"Organization\",\"@id\":\"https:\\\/\\\/www.valerielemeur.com\\\/#organization\",\"name\":\"valerie le meur\",\"url\":\"https:\\\/\\\/www.valerielemeur.com\\\/\",\"logo\":{\"@type\":\"ImageObject\",\"inLanguage\":\"en-GB\",\"@id\":\"https:\\\/\\\/www.valerielemeur.com\\\/#\\\/schema\\\/logo\\\/image\\\/\",\"url\":\"https:\\\/\\\/www.valerielemeur.com\\\/wp-content\\\/uploads\\\/2020\\\/07\\\/photo-CV-sun.jpg\",\"contentUrl\":\"https:\\\/\\\/www.valerielemeur.com\\\/wp-content\\\/uploads\\\/2020\\\/07\\\/photo-CV-sun.jpg\",\"width\":2373,\"height\":2373,\"caption\":\"valerie le meur\"},\"image\":{\"@id\":\"https:\\\/\\\/www.valerielemeur.com\\\/#\\\/schema\\\/logo\\\/image\\\/\"}},{\"@type\":\"Person\",\"@id\":\"https:\\\/\\\/www.valerielemeur.com\\\/#\\\/schema\\\/person\\\/988a7c5b4614f08d4a29788db12b10bb\",\"name\":\"VLM\",\"image\":{\"@type\":\"ImageObject\",\"inLanguage\":\"en-GB\",\"@id\":\"https:\\\/\\\/secure.gravatar.com\\\/avatar\\\/5d623c2f60da6da613f8db4cef8422938a352a814a1ad2edc307f53256aa32c2?s=96&d=mm&r=g\",\"url\":\"https:\\\/\\\/secure.gravatar.com\\\/avatar\\\/5d623c2f60da6da613f8db4cef8422938a352a814a1ad2edc307f53256aa32c2?s=96&d=mm&r=g\",\"contentUrl\":\"https:\\\/\\\/secure.gravatar.com\\\/avatar\\\/5d623c2f60da6da613f8db4cef8422938a352a814a1ad2edc307f53256aa32c2?s=96&d=mm&r=g\",\"caption\":\"VLM\"},\"sameAs\":[\"https:\\\/\\\/www.valerielemeur.com\"],\"url\":\"https:\\\/\\\/www.valerielemeur.com\\\/en\\\/author\\\/vlm\\\/\"}]}<\/script>\n<!-- \/ Yoast SEO plugin. -->","yoast_head_json":{"title":"La Serre du potager - Val\u00e9rie LE MEUR","description":"Val\u00e9rie LE MEUR La Serre du potager Tableau -","robots":{"index":"index","follow":"follow","max-snippet":"max-snippet:-1","max-image-preview":"max-image-preview:large","max-video-preview":"max-video-preview:-1"},"canonical":"https:\/\/www.valerielemeur.com\/en\/la-serre-du-potager-2\/","og_locale":"en_GB","og_type":"article","og_title":"La Serre du potager - Val\u00e9rie LE MEUR","og_description":"Val\u00e9rie LE MEUR La Serre du potager Tableau -","og_url":"https:\/\/www.valerielemeur.com\/en\/la-serre-du-potager-2\/","og_site_name":"Val\u00e9rie LE MEUR","article_published_time":"2020-08-26T17:51:43+00:00","article_modified_time":"2024-08-20T16:51:56+00:00","og_image":[{"width":1286,"height":2560,"url":"https:\/\/www.valerielemeur.com\/wp-content\/uploads\/2020\/08\/la-serre-du-potager-scaled.jpg","type":"image\/jpeg"}],"author":"VLM","twitter_card":"summary_large_image","twitter_misc":{"Written by":"VLM","Estimated reading time":"3 minutes"},"schema":{"@context":"https:\/\/schema.org","@graph":[{"@type":"Article","@id":"https:\/\/www.valerielemeur.com\/la-serre-du-potager-2\/#article","isPartOf":{"@id":"https:\/\/www.valerielemeur.com\/la-serre-du-potager-2\/"},"author":{"name":"VLM","@id":"https:\/\/www.valerielemeur.com\/#\/schema\/person\/988a7c5b4614f08d4a29788db12b10bb"},"headline":"La Serre du potager","datePublished":"2020-08-26T17:51:43+00:00","dateModified":"2024-08-20T16:51:56+00:00","mainEntityOfPage":{"@id":"https:\/\/www.valerielemeur.com\/la-serre-du-potager-2\/"},"wordCount":283,"publisher":{"@id":"https:\/\/www.valerielemeur.com\/#organization"},"image":{"@id":"https:\/\/www.valerielemeur.com\/la-serre-du-potager-2\/#primaryimage"},"thumbnailUrl":"https:\/\/www.valerielemeur.com\/wp-content\/uploads\/2020\/08\/la-serre-du-potager-scaled.jpg","keywords":["900+tr"],"articleSection":["Les serres","Tableau"],"inLanguage":"en-GB"},{"@type":"WebPage","@id":"https:\/\/www.valerielemeur.com\/la-serre-du-potager-2\/","url":"https:\/\/www.valerielemeur.com\/la-serre-du-potager-2\/","name":"La Serre du potager - Val\u00e9rie LE MEUR","isPartOf":{"@id":"https:\/\/www.valerielemeur.com\/#website"},"primaryImageOfPage":{"@id":"https:\/\/www.valerielemeur.com\/la-serre-du-potager-2\/#primaryimage"},"image":{"@id":"https:\/\/www.valerielemeur.com\/la-serre-du-potager-2\/#primaryimage"},"thumbnailUrl":"https:\/\/www.valerielemeur.com\/wp-content\/uploads\/2020\/08\/la-serre-du-potager-scaled.jpg","datePublished":"2020-08-26T17:51:43+00:00","dateModified":"2024-08-20T16:51:56+00:00","description":"Val\u00e9rie LE MEUR La Serre du potager Tableau -","breadcrumb":{"@id":"https:\/\/www.valerielemeur.com\/la-serre-du-potager-2\/#breadcrumb"},"inLanguage":"en-GB","potentialAction":[{"@type":"ReadAction","target":["https:\/\/www.valerielemeur.com\/la-serre-du-potager-2\/"]}]},{"@type":"ImageObject","inLanguage":"en-GB","@id":"https:\/\/www.valerielemeur.com\/la-serre-du-potager-2\/#primaryimage","url":"https:\/\/www.valerielemeur.com\/wp-content\/uploads\/2020\/08\/la-serre-du-potager-scaled.jpg","contentUrl":"https:\/\/www.valerielemeur.com\/wp-content\/uploads\/2020\/08\/la-serre-du-potager-scaled.jpg","width":1286,"height":2560},{"@type":"BreadcrumbList","@id":"https:\/\/www.valerielemeur.com\/la-serre-du-potager-2\/#breadcrumb","itemListElement":[{"@type":"ListItem","position":1,"name":"Accueil","item":"https:\/\/www.valerielemeur.com\/"},{"@type":"ListItem","position":2,"name":"La Serre du potager"}]},{"@type":"WebSite","@id":"https:\/\/www.valerielemeur.com\/#website","url":"https:\/\/www.valerielemeur.com\/","name":"Val\u00e9rie LE MEUR","description":"Painter","publisher":{"@id":"https:\/\/www.valerielemeur.com\/#organization"},"potentialAction":[{"@type":"SearchAction","target":{"@type":"EntryPoint","urlTemplate":"https:\/\/www.valerielemeur.com\/?s={search_term_string}"},"query-input":{"@type":"PropertyValueSpecification","valueRequired":true,"valueName":"search_term_string"}}],"inLanguage":"en-GB"},{"@type":"Organization","@id":"https:\/\/www.valerielemeur.com\/#organization","name":"valerie le meur","url":"https:\/\/www.valerielemeur.com\/","logo":{"@type":"ImageObject","inLanguage":"en-GB","@id":"https:\/\/www.valerielemeur.com\/#\/schema\/logo\/image\/","url":"https:\/\/www.valerielemeur.com\/wp-content\/uploads\/2020\/07\/photo-CV-sun.jpg","contentUrl":"https:\/\/www.valerielemeur.com\/wp-content\/uploads\/2020\/07\/photo-CV-sun.jpg","width":2373,"height":2373,"caption":"valerie le meur"},"image":{"@id":"https:\/\/www.valerielemeur.com\/#\/schema\/logo\/image\/"}},{"@type":"Person","@id":"https:\/\/www.valerielemeur.com\/#\/schema\/person\/988a7c5b4614f08d4a29788db12b10bb","name":"VLM","image":{"@type":"ImageObject","inLanguage":"en-GB","@id":"https:\/\/secure.gravatar.com\/avatar\/5d623c2f60da6da613f8db4cef8422938a352a814a1ad2edc307f53256aa32c2?s=96&d=mm&r=g","url":"https:\/\/secure.gravatar.com\/avatar\/5d623c2f60da6da613f8db4cef8422938a352a814a1ad2edc307f53256aa32c2?s=96&d=mm&r=g","contentUrl":"https:\/\/secure.gravatar.com\/avatar\/5d623c2f60da6da613f8db4cef8422938a352a814a1ad2edc307f53256aa32c2?s=96&d=mm&r=g","caption":"VLM"},"sameAs":["https:\/\/www.valerielemeur.com"],"url":"https:\/\/www.valerielemeur.com\/en\/author\/vlm\/"}]}},"jetpack_featured_media_url":"https:\/\/www.valerielemeur.com\/wp-content\/uploads\/2020\/08\/la-serre-du-potager-scaled.jpg","uagb_featured_image_src":{"full":["https:\/\/www.valerielemeur.com\/wp-content\/uploads\/2020\/08\/la-serre-du-potager-scaled.jpg",1286,2560,false],"thumbnail":["https:\/\/www.valerielemeur.com\/wp-content\/uploads\/2020\/08\/la-serre-du-potager-150x150.jpg",150,150,true],"medium":["https:\/\/www.valerielemeur.com\/wp-content\/uploads\/2020\/08\/la-serre-du-potager-151x300.jpg",151,300,true],"medium_large":["https:\/\/www.valerielemeur.com\/wp-content\/uploads\/2020\/08\/la-serre-du-potager-768x1529.jpg",768,1529,true],"large":["https:\/\/www.valerielemeur.com\/wp-content\/uploads\/2020\/08\/la-serre-du-potager-514x1024.jpg",514,1024,true],"1536x1536":["https:\/\/www.valerielemeur.com\/wp-content\/uploads\/2020\/08\/la-serre-du-potager-771x1536.jpg",771,1536,true],"2048x2048":["https:\/\/www.valerielemeur.com\/wp-content\/uploads\/2020\/08\/la-serre-du-potager-1028x2048.jpg",1028,2048,true],"trp-custom-language-flag":["https:\/\/www.valerielemeur.com\/wp-content\/uploads\/2020\/08\/la-serre-du-potager-scaled.jpg",6,12,false]},"uagb_author_info":{"display_name":"VLM","author_link":"https:\/\/www.valerielemeur.com\/en\/author\/vlm\/"},"uagb_comment_info":0,"uagb_excerpt":"Acrylique sur Toile (80x40x2 cm) 900\u20ac+TR contact me for payments in GBP or USD La serre du potager Au d\u00e9tour d\u2019une all\u00e9e de graviers jonch\u00e9e de pots renvers\u00e9s, il y a une serre envahie par les plantes sauvages et les fleurs odorantes. Elle me renvoie \u00e0 de lointains souvenirs, souvenirs de vacances, d\u2019odeur de terre&hellip;","jetpack_sharing_enabled":true,"_links":{"self":[{"href":"https:\/\/www.valerielemeur.com\/en\/wp-json\/wp\/v2\/posts\/3071","targetHints":{"allow":["GET"]}}],"collection":[{"href":"https:\/\/www.valerielemeur.com\/en\/wp-json\/wp\/v2\/posts"}],"about":[{"href":"https:\/\/www.valerielemeur.com\/en\/wp-json\/wp\/v2\/types\/post"}],"author":[{"embeddable":true,"href":"https:\/\/www.valerielemeur.com\/en\/wp-json\/wp\/v2\/users\/1"}],"replies":[{"embeddable":true,"href":"https:\/\/www.valerielemeur.com\/en\/wp-json\/wp\/v2\/comments?post=3071"}],"version-history":[{"count":5,"href":"https:\/\/www.valerielemeur.com\/en\/wp-json\/wp\/v2\/posts\/3071\/revisions"}],"predecessor-version":[{"id":3915,"href":"https:\/\/www.valerielemeur.com\/en\/wp-json\/wp\/v2\/posts\/3071\/revisions\/3915"}],"wp:featuredmedia":[{"embeddable":true,"href":"https:\/\/www.valerielemeur.com\/en\/wp-json\/wp\/v2\/media\/3072"}],"wp:attachment":[{"href":"https:\/\/www.valerielemeur.com\/en\/wp-json\/wp\/v2\/media?parent=3071"}],"wp:term":[{"taxonomy":"category","embeddable":true,"href":"https:\/\/www.valerielemeur.com\/en\/wp-json\/wp\/v2\/categories?post=3071"},{"taxonomy":"post_tag","embeddable":true,"href":"https:\/\/www.valerielemeur.com\/en\/wp-json\/wp\/v2\/tags?post=3071"}],"curies":[{"name":"wp","href":"https:\/\/api.w.org\/{rel}","templated":true}]}}