{"id":3752,"date":"2021-09-10T15:37:43","date_gmt":"2021-09-10T15:37:43","guid":{"rendered":"https:\/\/www.valerielemeur.com\/?p=3752"},"modified":"2024-08-20T16:43:38","modified_gmt":"2024-08-20T16:43:38","slug":"avignon-le-cinema","status":"publish","type":"post","link":"https:\/\/www.valerielemeur.com\/en\/avignon-le-cinema\/","title":{"rendered":"Avignon: le cin\u00e9ma"},"content":{"rendered":"<figure class=\"wp-block-image size-full\"><img loading=\"lazy\" decoding=\"async\" width=\"2057\" height=\"2560\" src=\"https:\/\/www.valerielemeur.com\/wp-content\/uploads\/2021\/09\/Avi-scaled.jpg\" alt=\"\" class=\"wp-image-3754\" srcset=\"https:\/\/www.valerielemeur.com\/wp-content\/uploads\/2021\/09\/Avi-scaled.jpg 2057w, https:\/\/www.valerielemeur.com\/wp-content\/uploads\/2021\/09\/Avi-241x300.jpg 241w, https:\/\/www.valerielemeur.com\/wp-content\/uploads\/2021\/09\/Avi-823x1024.jpg 823w, https:\/\/www.valerielemeur.com\/wp-content\/uploads\/2021\/09\/Avi-768x956.jpg 768w, https:\/\/www.valerielemeur.com\/wp-content\/uploads\/2021\/09\/Avi-1234x1536.jpg 1234w, https:\/\/www.valerielemeur.com\/wp-content\/uploads\/2021\/09\/Avi-1645x2048.jpg 1645w, https:\/\/www.valerielemeur.com\/wp-content\/uploads\/2021\/09\/Avi-10x12.jpg 10w\" sizes=\"auto, (max-width: 2057px) 100vw, 2057px\" \/><\/figure>\n\n\n\n<div class=\"wp-block-columns is-layout-flex wp-container-core-columns-is-layout-28f84493 wp-block-columns-is-layout-flex\">\n<div class=\"wp-block-column is-layout-flow wp-block-column-is-layout-flow\"><\/div>\n\n\n\n<div class=\"wp-block-column is-layout-flow wp-block-column-is-layout-flow\">\n<p class=\"has-vivid-cyan-blue-color has-text-color has-medium-font-size\"><\/p>\n<\/div>\n<\/div>\n\n\n\n<div class=\"wp-block-columns is-layout-flex wp-container-core-columns-is-layout-28f84493 wp-block-columns-is-layout-flex\">\n<div class=\"wp-block-column is-layout-flow wp-block-column-is-layout-flow\">\n<p class=\"has-medium-font-size\">Acrylique sur toile tendue chassis bois: 500 \u20ac + livraison<\/p>\n\n\n\n<p class=\"has-medium-font-size\">Taille : 41\/33\/2 cm<\/p>\n\n\n\n<p class=\"has-medium-font-size\">Avignon: une s\u00e9ance de cin\u00e9ma. La temp\u00e9rature ext\u00e9rieure est brulante de soleil et le ciel est blanchi par la chaleur.<\/p>\n\n\n\n<p class=\"has-medium-font-size\">M\u00eame les ombres sont chaudes, il fait bon se r\u00e9fugier au cin\u00e9ma et profiter du calme d\u2019un apr\u00e8s-midi d\u2019\u00e9t\u00e9.<\/p>\n\n\n\n<p class=\"has-medium-font-size\">Les oranges chauds soulignent la chaleur ambiance, les taches de couleurs vives rappellent les affiches des cin\u00e9ma et celles du festival d\u2019Avignon.<\/p>\n\n\n\n<p class=\"has-medium-font-size\">Ces teintes tr\u00e8s color\u00e9es qui ressortent sont des marques de douceur qui soulignent le bien \u00eatre du lieu, son atmosph\u00e8re confortable et douillet.<\/p>\n\n\n\n<p class=\"has-medium-font-size\">Le style pictural est rapide, dynamique et audacieux. Il est fait de couches successives, rapides qui soulignent le fouillis ordonn\u00e9 de l\u2019entr\u00e9e du cin\u00e9ma&nbsp;; avec ses affiches qui se balancent, des tee-shirts et des sacs de promotion du Festival d\u2019Avignon.<\/p>\n\n\n\n<p class=\"has-medium-font-size\">N\u00e9anmoins, tout est en nuances, les couleurs sont vives mais les touches impr\u00e9cises, on est dans une atmosph\u00e8re pas une r\u00e9alit\u00e9 reproduite&nbsp;; je laisse \u00e0 l\u2019amateur d\u2019art une part de r\u00eave. &nbsp;<\/p>\n\n\n\n<p class=\"has-medium-font-size\">Le tableau est pr\u00eat \u00e0 accrocher au mur, il est prot\u00e9g\u00e9 par un vernis acrylique brillant qui fait ressortir l\u2019intensit\u00e9 des couleurs.<br>Il est dat\u00e9, sign\u00e9 et d\u00e9livr\u00e9 avec un certificat d\u2019authenticit\u00e9 et une facture.<br>Les bords du tableau sont prot\u00e9g\u00e9s par un ruban noir pas besoin d&rsquo;encadrement<\/p>\n<\/div>\n\n\n\n<div class=\"wp-block-column is-layout-flow wp-block-column-is-layout-flow\">\n<p class=\"has-vivid-cyan-blue-color has-text-color has-medium-font-size\">Acrylic on stretched canvas wooden frame<\/p>\n\n\n\n<p class=\"has-vivid-cyan-blue-color has-text-color has-medium-font-size\">Size: 41\/33\/2D cm    <\/p>\n\n\n\n<p class=\"has-vivid-cyan-blue-color has-text-color has-medium-font-size\">Avignon, South of France: The cinema (movie theatre)<\/p>\n\n\n\n<p class=\"has-vivid-cyan-blue-color has-text-color has-medium-font-size\">The exterior temperature is scorching, it\u2019s summer time, the sky is white with heat. Middle of the afternoon, rather than sitting in the shadows on a bench, what\u2019s better than to sit in a movie theatre and watch a film?<\/p>\n\n\n\n<p class=\"has-vivid-cyan-blue-color has-text-color has-medium-font-size\">The orange-brown are very bright, they represent the heat of the city. The blue green colours are a reminder of the posters of the movies.<\/p>\n\n\n\n<p class=\"has-vivid-cyan-blue-color has-text-color has-medium-font-size\">The atmosphere is bright and yet cosy, it\u2019s a refuse against the external heat of the town.<\/p>\n\n\n\n<p class=\"has-vivid-cyan-blue-color has-text-color has-medium-font-size\">The painting style is bold and dynamic, not precise to give an idea of an atmosphere not a reproduction of the reality.<\/p>\n\n\n\n<p class=\"has-vivid-cyan-blue-color has-text-color has-medium-font-size\">Acrylic on stretched canvas protected by an acrylic varnish, bright to enhance the colours.<\/p>\n\n\n\n<p class=\"has-vivid-cyan-blue-color has-text-color has-medium-font-size\">The sides of the painting are protected by a black ribbon: no need to frame.<br>Ready to hang on a wall. Delivered with a certificate of authenticity and an invoice.<\/p>\n<\/div>\n<\/div>\n\n\n\n<figure class=\"wp-block-image size-medium\"><img loading=\"lazy\" decoding=\"async\" width=\"225\" height=\"300\" src=\"https:\/\/www.valerielemeur.com\/wp-content\/uploads\/2021\/09\/Avignon-cinema-size-225x300.jpg\" alt=\"\" class=\"wp-image-3755\" srcset=\"https:\/\/www.valerielemeur.com\/wp-content\/uploads\/2021\/09\/Avignon-cinema-size-225x300.jpg 225w, https:\/\/www.valerielemeur.com\/wp-content\/uploads\/2021\/09\/Avignon-cinema-size-768x1024.jpg 768w, https:\/\/www.valerielemeur.com\/wp-content\/uploads\/2021\/09\/Avignon-cinema-size-1152x1536.jpg 1152w, https:\/\/www.valerielemeur.com\/wp-content\/uploads\/2021\/09\/Avignon-cinema-size-1536x2048.jpg 1536w, https:\/\/www.valerielemeur.com\/wp-content\/uploads\/2021\/09\/Avignon-cinema-size-9x12.jpg 9w, https:\/\/www.valerielemeur.com\/wp-content\/uploads\/2021\/09\/Avignon-cinema-size-scaled.jpg 1920w\" sizes=\"auto, (max-width: 225px) 100vw, 225px\" \/><figcaption class=\"wp-element-caption\">detail 1: taille du tableau\/ size of the painting<\/figcaption><\/figure>\n\n\n\n<figure class=\"wp-block-image size-medium\"><img loading=\"lazy\" decoding=\"async\" width=\"300\" height=\"287\" src=\"https:\/\/www.valerielemeur.com\/wp-content\/uploads\/2021\/09\/cinema-Avignon-detail-1-300x287.jpg\" alt=\"\" class=\"wp-image-3756\" srcset=\"https:\/\/www.valerielemeur.com\/wp-content\/uploads\/2021\/09\/cinema-Avignon-detail-1-300x287.jpg 300w, https:\/\/www.valerielemeur.com\/wp-content\/uploads\/2021\/09\/cinema-Avignon-detail-1-1024x979.jpg 1024w, https:\/\/www.valerielemeur.com\/wp-content\/uploads\/2021\/09\/cinema-Avignon-detail-1-768x735.jpg 768w, https:\/\/www.valerielemeur.com\/wp-content\/uploads\/2021\/09\/cinema-Avignon-detail-1-1536x1469.jpg 1536w, https:\/\/www.valerielemeur.com\/wp-content\/uploads\/2021\/09\/cinema-Avignon-detail-1-2048x1959.jpg 2048w, https:\/\/www.valerielemeur.com\/wp-content\/uploads\/2021\/09\/cinema-Avignon-detail-1-13x12.jpg 13w\" sizes=\"auto, (max-width: 300px) 100vw, 300px\" \/><figcaption class=\"wp-element-caption\">D\u00e9tail 2: et cot\u00e9 du tableau \/ detail and sides of the painting<\/figcaption><\/figure>","protected":false},"excerpt":{"rendered":"<p>Acrylique sur toile tendue chassis bois: 500 \u20ac + livraison Taille : 41\/33\/2 cm Avignon: une s\u00e9ance de cin\u00e9ma. La temp\u00e9rature ext\u00e9rieure est brulante de soleil et le ciel est blanchi par la chaleur. M\u00eame les ombres sont chaudes, il fait bon se r\u00e9fugier au cin\u00e9ma et profiter du calme d\u2019un apr\u00e8s-midi d\u2019\u00e9t\u00e9. Les oranges [&hellip;]<\/p>\n","protected":false},"author":1,"featured_media":3754,"comment_status":"closed","ping_status":"closed","sticky":false,"template":"","format":"gallery","meta":{"_uag_custom_page_level_css":"","site-sidebar-layout":"default","site-content-layout":null,"ast-site-content-layout":"default","site-content-style":"default","site-sidebar-style":"default","ast-global-header-display":"","ast-banner-title-visibility":"","ast-main-header-display":"","ast-hfb-above-header-display":null,"ast-hfb-below-header-display":null,"ast-hfb-mobile-header-display":null,"site-post-title":"enabled","ast-breadcrumbs-content":null,"ast-featured-img":"disabled","footer-sml-layout":"","ast-disable-related-posts":"","theme-transparent-header-meta":"enabled","adv-header-id-meta":null,"stick-header-meta":null,"header-above-stick-meta":null,"header-main-stick-meta":null,"header-below-stick-meta":null,"astra-migrate-meta-layouts":"default","ast-page-background-enabled":"default","ast-page-background-meta":{"desktop":{"background-color":"","background-image":"","background-repeat":"repeat","background-position":"center center","background-size":"auto","background-attachment":"scroll","background-type":"","background-media":"","overlay-type":"","overlay-color":"","overlay-opacity":"","overlay-gradient":""},"tablet":{"background-color":"","background-image":"","background-repeat":"repeat","background-position":"center center","background-size":"auto","background-attachment":"scroll","background-type":"","background-media":"","overlay-type":"","overlay-color":"","overlay-opacity":"","overlay-gradient":""},"mobile":{"background-color":"","background-image":"","background-repeat":"repeat","background-position":"center center","background-size":"auto","background-attachment":"scroll","background-type":"","background-media":"","overlay-type":"","overlay-color":"","overlay-opacity":"","overlay-gradient":""}},"ast-content-background-meta":{"desktop":{"background-color":"var(--ast-global-color-5)","background-image":"","background-repeat":"repeat","background-position":"center center","background-size":"auto","background-attachment":"scroll","background-type":"","background-media":"","overlay-type":"","overlay-color":"","overlay-opacity":"","overlay-gradient":""},"tablet":{"background-color":"var(--ast-global-color-5)","background-image":"","background-repeat":"repeat","background-position":"center center","background-size":"auto","background-attachment":"scroll","background-type":"","background-media":"","overlay-type":"","overlay-color":"","overlay-opacity":"","overlay-gradient":""},"mobile":{"background-color":"var(--ast-global-color-5)","background-image":"","background-repeat":"repeat","background-position":"center center","background-size":"auto","background-attachment":"scroll","background-type":"","background-media":"","overlay-type":"","overlay-color":"","overlay-opacity":"","overlay-gradient":""}},"_jetpack_memberships_contains_paid_content":false,"footnotes":""},"categories":[47,41],"tags":[157],"class_list":["post-3752","post","type-post","status-publish","format-gallery","has-post-thumbnail","hentry","category-show","category-painting","tag-510-tr-inclus","post_format-post-format-gallery"],"yoast_head":"<!-- This site is optimized with the Yoast SEO plugin v27.4 - https:\/\/yoast.com\/product\/yoast-seo-wordpress\/ -->\n<title>Avignon: le cin\u00e9ma - Val\u00e9rie LE MEUR<\/title>\n<meta name=\"description\" content=\"Val\u00e9rie LE MEUR Avignon: le cin\u00e9ma Tableau -\" \/>\n<meta name=\"robots\" content=\"index, follow, max-snippet:-1, max-image-preview:large, max-video-preview:-1\" \/>\n<link rel=\"canonical\" href=\"https:\/\/www.valerielemeur.com\/en\/avignon-le-cinema\/\" \/>\n<meta property=\"og:locale\" content=\"en_GB\" \/>\n<meta property=\"og:type\" content=\"article\" \/>\n<meta property=\"og:title\" content=\"Avignon: le cin\u00e9ma - Val\u00e9rie LE MEUR\" \/>\n<meta property=\"og:description\" content=\"Val\u00e9rie LE MEUR Avignon: le cin\u00e9ma Tableau -\" \/>\n<meta property=\"og:url\" content=\"https:\/\/www.valerielemeur.com\/en\/avignon-le-cinema\/\" \/>\n<meta property=\"og:site_name\" content=\"Val\u00e9rie LE MEUR\" \/>\n<meta property=\"article:published_time\" content=\"2021-09-10T15:37:43+00:00\" \/>\n<meta property=\"article:modified_time\" content=\"2024-08-20T16:43:38+00:00\" \/>\n<meta property=\"og:image\" content=\"https:\/\/www.valerielemeur.com\/wp-content\/uploads\/2021\/09\/Avi-scaled.jpg\" \/>\n\t<meta property=\"og:image:width\" content=\"2057\" \/>\n\t<meta property=\"og:image:height\" content=\"2560\" \/>\n\t<meta property=\"og:image:type\" content=\"image\/jpeg\" \/>\n<meta name=\"author\" content=\"VLM\" \/>\n<meta name=\"twitter:card\" content=\"summary_large_image\" \/>\n<meta name=\"twitter:label1\" content=\"Written by\" \/>\n\t<meta name=\"twitter:data1\" content=\"VLM\" \/>\n<script type=\"application\/ld+json\" class=\"yoast-schema-graph\">{\"@context\":\"https:\\\/\\\/schema.org\",\"@graph\":[{\"@type\":\"Article\",\"@id\":\"https:\\\/\\\/www.valerielemeur.com\\\/avignon-le-cinema\\\/#article\",\"isPartOf\":{\"@id\":\"https:\\\/\\\/www.valerielemeur.com\\\/avignon-le-cinema\\\/\"},\"author\":{\"name\":\"VLM\",\"@id\":\"https:\\\/\\\/www.valerielemeur.com\\\/#\\\/schema\\\/person\\\/988a7c5b4614f08d4a29788db12b10bb\"},\"headline\":\"Avignon: le cin\u00e9ma\",\"datePublished\":\"2021-09-10T15:37:43+00:00\",\"dateModified\":\"2024-08-20T16:43:38+00:00\",\"mainEntityOfPage\":{\"@id\":\"https:\\\/\\\/www.valerielemeur.com\\\/avignon-le-cinema\\\/\"},\"wordCount\":439,\"publisher\":{\"@id\":\"https:\\\/\\\/www.valerielemeur.com\\\/#organization\"},\"image\":{\"@id\":\"https:\\\/\\\/www.valerielemeur.com\\\/avignon-le-cinema\\\/#primaryimage\"},\"thumbnailUrl\":\"https:\\\/\\\/www.valerielemeur.com\\\/wp-content\\\/uploads\\\/2021\\\/09\\\/Avi-scaled.jpg\",\"keywords\":[\"510 TR Inclus\"],\"articleSection\":[\"Spectacle\",\"Tableau\"],\"inLanguage\":\"en-GB\"},{\"@type\":\"WebPage\",\"@id\":\"https:\\\/\\\/www.valerielemeur.com\\\/avignon-le-cinema\\\/\",\"url\":\"https:\\\/\\\/www.valerielemeur.com\\\/avignon-le-cinema\\\/\",\"name\":\"Avignon: le cin\u00e9ma - Val\u00e9rie LE MEUR\",\"isPartOf\":{\"@id\":\"https:\\\/\\\/www.valerielemeur.com\\\/#website\"},\"primaryImageOfPage\":{\"@id\":\"https:\\\/\\\/www.valerielemeur.com\\\/avignon-le-cinema\\\/#primaryimage\"},\"image\":{\"@id\":\"https:\\\/\\\/www.valerielemeur.com\\\/avignon-le-cinema\\\/#primaryimage\"},\"thumbnailUrl\":\"https:\\\/\\\/www.valerielemeur.com\\\/wp-content\\\/uploads\\\/2021\\\/09\\\/Avi-scaled.jpg\",\"datePublished\":\"2021-09-10T15:37:43+00:00\",\"dateModified\":\"2024-08-20T16:43:38+00:00\",\"description\":\"Val\u00e9rie LE MEUR Avignon: le cin\u00e9ma Tableau -\",\"breadcrumb\":{\"@id\":\"https:\\\/\\\/www.valerielemeur.com\\\/avignon-le-cinema\\\/#breadcrumb\"},\"inLanguage\":\"en-GB\",\"potentialAction\":[{\"@type\":\"ReadAction\",\"target\":[\"https:\\\/\\\/www.valerielemeur.com\\\/avignon-le-cinema\\\/\"]}]},{\"@type\":\"ImageObject\",\"inLanguage\":\"en-GB\",\"@id\":\"https:\\\/\\\/www.valerielemeur.com\\\/avignon-le-cinema\\\/#primaryimage\",\"url\":\"https:\\\/\\\/www.valerielemeur.com\\\/wp-content\\\/uploads\\\/2021\\\/09\\\/Avi-scaled.jpg\",\"contentUrl\":\"https:\\\/\\\/www.valerielemeur.com\\\/wp-content\\\/uploads\\\/2021\\\/09\\\/Avi-scaled.jpg\",\"width\":2057,\"height\":2560},{\"@type\":\"BreadcrumbList\",\"@id\":\"https:\\\/\\\/www.valerielemeur.com\\\/avignon-le-cinema\\\/#breadcrumb\",\"itemListElement\":[{\"@type\":\"ListItem\",\"position\":1,\"name\":\"Accueil\",\"item\":\"https:\\\/\\\/www.valerielemeur.com\\\/\"},{\"@type\":\"ListItem\",\"position\":2,\"name\":\"Avignon: le cin\u00e9ma\"}]},{\"@type\":\"WebSite\",\"@id\":\"https:\\\/\\\/www.valerielemeur.com\\\/#website\",\"url\":\"https:\\\/\\\/www.valerielemeur.com\\\/\",\"name\":\"Val\u00e9rie LE MEUR\",\"description\":\"Artiste Peintre\",\"publisher\":{\"@id\":\"https:\\\/\\\/www.valerielemeur.com\\\/#organization\"},\"potentialAction\":[{\"@type\":\"SearchAction\",\"target\":{\"@type\":\"EntryPoint\",\"urlTemplate\":\"https:\\\/\\\/www.valerielemeur.com\\\/?s={search_term_string}\"},\"query-input\":{\"@type\":\"PropertyValueSpecification\",\"valueRequired\":true,\"valueName\":\"search_term_string\"}}],\"inLanguage\":\"en-GB\"},{\"@type\":\"Organization\",\"@id\":\"https:\\\/\\\/www.valerielemeur.com\\\/#organization\",\"name\":\"valerie le meur\",\"url\":\"https:\\\/\\\/www.valerielemeur.com\\\/\",\"logo\":{\"@type\":\"ImageObject\",\"inLanguage\":\"en-GB\",\"@id\":\"https:\\\/\\\/www.valerielemeur.com\\\/#\\\/schema\\\/logo\\\/image\\\/\",\"url\":\"https:\\\/\\\/www.valerielemeur.com\\\/wp-content\\\/uploads\\\/2020\\\/07\\\/photo-CV-sun.jpg\",\"contentUrl\":\"https:\\\/\\\/www.valerielemeur.com\\\/wp-content\\\/uploads\\\/2020\\\/07\\\/photo-CV-sun.jpg\",\"width\":2373,\"height\":2373,\"caption\":\"valerie le meur\"},\"image\":{\"@id\":\"https:\\\/\\\/www.valerielemeur.com\\\/#\\\/schema\\\/logo\\\/image\\\/\"}},{\"@type\":\"Person\",\"@id\":\"https:\\\/\\\/www.valerielemeur.com\\\/#\\\/schema\\\/person\\\/988a7c5b4614f08d4a29788db12b10bb\",\"name\":\"VLM\",\"image\":{\"@type\":\"ImageObject\",\"inLanguage\":\"en-GB\",\"@id\":\"https:\\\/\\\/secure.gravatar.com\\\/avatar\\\/5d623c2f60da6da613f8db4cef8422938a352a814a1ad2edc307f53256aa32c2?s=96&d=mm&r=g\",\"url\":\"https:\\\/\\\/secure.gravatar.com\\\/avatar\\\/5d623c2f60da6da613f8db4cef8422938a352a814a1ad2edc307f53256aa32c2?s=96&d=mm&r=g\",\"contentUrl\":\"https:\\\/\\\/secure.gravatar.com\\\/avatar\\\/5d623c2f60da6da613f8db4cef8422938a352a814a1ad2edc307f53256aa32c2?s=96&d=mm&r=g\",\"caption\":\"VLM\"},\"sameAs\":[\"https:\\\/\\\/www.valerielemeur.com\"],\"url\":\"https:\\\/\\\/www.valerielemeur.com\\\/en\\\/author\\\/vlm\\\/\"}]}<\/script>\n<!-- \/ Yoast SEO plugin. -->","yoast_head_json":{"title":"Avignon: le cin\u00e9ma - Val\u00e9rie LE MEUR","description":"Val\u00e9rie LE MEUR Avignon: le cin\u00e9ma Tableau -","robots":{"index":"index","follow":"follow","max-snippet":"max-snippet:-1","max-image-preview":"max-image-preview:large","max-video-preview":"max-video-preview:-1"},"canonical":"https:\/\/www.valerielemeur.com\/en\/avignon-le-cinema\/","og_locale":"en_GB","og_type":"article","og_title":"Avignon: le cin\u00e9ma - Val\u00e9rie LE MEUR","og_description":"Val\u00e9rie LE MEUR Avignon: le cin\u00e9ma Tableau -","og_url":"https:\/\/www.valerielemeur.com\/en\/avignon-le-cinema\/","og_site_name":"Val\u00e9rie LE MEUR","article_published_time":"2021-09-10T15:37:43+00:00","article_modified_time":"2024-08-20T16:43:38+00:00","og_image":[{"width":2057,"height":2560,"url":"https:\/\/www.valerielemeur.com\/wp-content\/uploads\/2021\/09\/Avi-scaled.jpg","type":"image\/jpeg"}],"author":"VLM","twitter_card":"summary_large_image","twitter_misc":{"Written by":"VLM"},"schema":{"@context":"https:\/\/schema.org","@graph":[{"@type":"Article","@id":"https:\/\/www.valerielemeur.com\/avignon-le-cinema\/#article","isPartOf":{"@id":"https:\/\/www.valerielemeur.com\/avignon-le-cinema\/"},"author":{"name":"VLM","@id":"https:\/\/www.valerielemeur.com\/#\/schema\/person\/988a7c5b4614f08d4a29788db12b10bb"},"headline":"Avignon: le cin\u00e9ma","datePublished":"2021-09-10T15:37:43+00:00","dateModified":"2024-08-20T16:43:38+00:00","mainEntityOfPage":{"@id":"https:\/\/www.valerielemeur.com\/avignon-le-cinema\/"},"wordCount":439,"publisher":{"@id":"https:\/\/www.valerielemeur.com\/#organization"},"image":{"@id":"https:\/\/www.valerielemeur.com\/avignon-le-cinema\/#primaryimage"},"thumbnailUrl":"https:\/\/www.valerielemeur.com\/wp-content\/uploads\/2021\/09\/Avi-scaled.jpg","keywords":["510 TR Inclus"],"articleSection":["Spectacle","Tableau"],"inLanguage":"en-GB"},{"@type":"WebPage","@id":"https:\/\/www.valerielemeur.com\/avignon-le-cinema\/","url":"https:\/\/www.valerielemeur.com\/avignon-le-cinema\/","name":"Avignon: le cin\u00e9ma - Val\u00e9rie LE MEUR","isPartOf":{"@id":"https:\/\/www.valerielemeur.com\/#website"},"primaryImageOfPage":{"@id":"https:\/\/www.valerielemeur.com\/avignon-le-cinema\/#primaryimage"},"image":{"@id":"https:\/\/www.valerielemeur.com\/avignon-le-cinema\/#primaryimage"},"thumbnailUrl":"https:\/\/www.valerielemeur.com\/wp-content\/uploads\/2021\/09\/Avi-scaled.jpg","datePublished":"2021-09-10T15:37:43+00:00","dateModified":"2024-08-20T16:43:38+00:00","description":"Val\u00e9rie LE MEUR Avignon: le cin\u00e9ma Tableau -","breadcrumb":{"@id":"https:\/\/www.valerielemeur.com\/avignon-le-cinema\/#breadcrumb"},"inLanguage":"en-GB","potentialAction":[{"@type":"ReadAction","target":["https:\/\/www.valerielemeur.com\/avignon-le-cinema\/"]}]},{"@type":"ImageObject","inLanguage":"en-GB","@id":"https:\/\/www.valerielemeur.com\/avignon-le-cinema\/#primaryimage","url":"https:\/\/www.valerielemeur.com\/wp-content\/uploads\/2021\/09\/Avi-scaled.jpg","contentUrl":"https:\/\/www.valerielemeur.com\/wp-content\/uploads\/2021\/09\/Avi-scaled.jpg","width":2057,"height":2560},{"@type":"BreadcrumbList","@id":"https:\/\/www.valerielemeur.com\/avignon-le-cinema\/#breadcrumb","itemListElement":[{"@type":"ListItem","position":1,"name":"Accueil","item":"https:\/\/www.valerielemeur.com\/"},{"@type":"ListItem","position":2,"name":"Avignon: le cin\u00e9ma"}]},{"@type":"WebSite","@id":"https:\/\/www.valerielemeur.com\/#website","url":"https:\/\/www.valerielemeur.com\/","name":"Val\u00e9rie LE MEUR","description":"Painter","publisher":{"@id":"https:\/\/www.valerielemeur.com\/#organization"},"potentialAction":[{"@type":"SearchAction","target":{"@type":"EntryPoint","urlTemplate":"https:\/\/www.valerielemeur.com\/?s={search_term_string}"},"query-input":{"@type":"PropertyValueSpecification","valueRequired":true,"valueName":"search_term_string"}}],"inLanguage":"en-GB"},{"@type":"Organization","@id":"https:\/\/www.valerielemeur.com\/#organization","name":"valerie le meur","url":"https:\/\/www.valerielemeur.com\/","logo":{"@type":"ImageObject","inLanguage":"en-GB","@id":"https:\/\/www.valerielemeur.com\/#\/schema\/logo\/image\/","url":"https:\/\/www.valerielemeur.com\/wp-content\/uploads\/2020\/07\/photo-CV-sun.jpg","contentUrl":"https:\/\/www.valerielemeur.com\/wp-content\/uploads\/2020\/07\/photo-CV-sun.jpg","width":2373,"height":2373,"caption":"valerie le meur"},"image":{"@id":"https:\/\/www.valerielemeur.com\/#\/schema\/logo\/image\/"}},{"@type":"Person","@id":"https:\/\/www.valerielemeur.com\/#\/schema\/person\/988a7c5b4614f08d4a29788db12b10bb","name":"VLM","image":{"@type":"ImageObject","inLanguage":"en-GB","@id":"https:\/\/secure.gravatar.com\/avatar\/5d623c2f60da6da613f8db4cef8422938a352a814a1ad2edc307f53256aa32c2?s=96&d=mm&r=g","url":"https:\/\/secure.gravatar.com\/avatar\/5d623c2f60da6da613f8db4cef8422938a352a814a1ad2edc307f53256aa32c2?s=96&d=mm&r=g","contentUrl":"https:\/\/secure.gravatar.com\/avatar\/5d623c2f60da6da613f8db4cef8422938a352a814a1ad2edc307f53256aa32c2?s=96&d=mm&r=g","caption":"VLM"},"sameAs":["https:\/\/www.valerielemeur.com"],"url":"https:\/\/www.valerielemeur.com\/en\/author\/vlm\/"}]}},"jetpack_featured_media_url":"https:\/\/www.valerielemeur.com\/wp-content\/uploads\/2021\/09\/Avi-scaled.jpg","uagb_featured_image_src":{"full":["https:\/\/www.valerielemeur.com\/wp-content\/uploads\/2021\/09\/Avi-scaled.jpg",2057,2560,false],"thumbnail":["https:\/\/www.valerielemeur.com\/wp-content\/uploads\/2021\/09\/Avi-150x150.jpg",150,150,true],"medium":["https:\/\/www.valerielemeur.com\/wp-content\/uploads\/2021\/09\/Avi-241x300.jpg",241,300,true],"medium_large":["https:\/\/www.valerielemeur.com\/wp-content\/uploads\/2021\/09\/Avi-768x956.jpg",768,956,true],"large":["https:\/\/www.valerielemeur.com\/wp-content\/uploads\/2021\/09\/Avi-823x1024.jpg",823,1024,true],"1536x1536":["https:\/\/www.valerielemeur.com\/wp-content\/uploads\/2021\/09\/Avi-1234x1536.jpg",1234,1536,true],"2048x2048":["https:\/\/www.valerielemeur.com\/wp-content\/uploads\/2021\/09\/Avi-1645x2048.jpg",1645,2048,true],"trp-custom-language-flag":["https:\/\/www.valerielemeur.com\/wp-content\/uploads\/2021\/09\/Avi-10x12.jpg",10,12,true]},"uagb_author_info":{"display_name":"VLM","author_link":"https:\/\/www.valerielemeur.com\/en\/author\/vlm\/"},"uagb_comment_info":0,"uagb_excerpt":"Acrylique sur toile tendue chassis bois: 500 \u20ac + livraison Taille : 41\/33\/2 cm Avignon: une s\u00e9ance de cin\u00e9ma. La temp\u00e9rature ext\u00e9rieure est brulante de soleil et le ciel est blanchi par la chaleur. M\u00eame les ombres sont chaudes, il fait bon se r\u00e9fugier au cin\u00e9ma et profiter du calme d\u2019un apr\u00e8s-midi d\u2019\u00e9t\u00e9. Les oranges&hellip;","jetpack_sharing_enabled":true,"_links":{"self":[{"href":"https:\/\/www.valerielemeur.com\/en\/wp-json\/wp\/v2\/posts\/3752","targetHints":{"allow":["GET"]}}],"collection":[{"href":"https:\/\/www.valerielemeur.com\/en\/wp-json\/wp\/v2\/posts"}],"about":[{"href":"https:\/\/www.valerielemeur.com\/en\/wp-json\/wp\/v2\/types\/post"}],"author":[{"embeddable":true,"href":"https:\/\/www.valerielemeur.com\/en\/wp-json\/wp\/v2\/users\/1"}],"replies":[{"embeddable":true,"href":"https:\/\/www.valerielemeur.com\/en\/wp-json\/wp\/v2\/comments?post=3752"}],"version-history":[{"count":4,"href":"https:\/\/www.valerielemeur.com\/en\/wp-json\/wp\/v2\/posts\/3752\/revisions"}],"predecessor-version":[{"id":4812,"href":"https:\/\/www.valerielemeur.com\/en\/wp-json\/wp\/v2\/posts\/3752\/revisions\/4812"}],"wp:featuredmedia":[{"embeddable":true,"href":"https:\/\/www.valerielemeur.com\/en\/wp-json\/wp\/v2\/media\/3754"}],"wp:attachment":[{"href":"https:\/\/www.valerielemeur.com\/en\/wp-json\/wp\/v2\/media?parent=3752"}],"wp:term":[{"taxonomy":"category","embeddable":true,"href":"https:\/\/www.valerielemeur.com\/en\/wp-json\/wp\/v2\/categories?post=3752"},{"taxonomy":"post_tag","embeddable":true,"href":"https:\/\/www.valerielemeur.com\/en\/wp-json\/wp\/v2\/tags?post=3752"}],"curies":[{"name":"wp","href":"https:\/\/api.w.org\/{rel}","templated":true}]}}