{"id":3866,"date":"2022-01-19T09:06:39","date_gmt":"2022-01-19T09:06:39","guid":{"rendered":"https:\/\/www.valerielemeur.com\/?p=3866"},"modified":"2025-09-28T09:21:10","modified_gmt":"2025-09-28T09:21:10","slug":"une-nuit-a-lopera-2","status":"publish","type":"post","link":"https:\/\/www.valerielemeur.com\/en\/une-nuit-a-lopera-2\/","title":{"rendered":"Une nuit \u00e0 l&rsquo;Op\u00e9ra -2- SOLD"},"content":{"rendered":"<figure class=\"wp-block-image size-full\"><img loading=\"lazy\" decoding=\"async\" width=\"1875\" height=\"2560\" src=\"https:\/\/www.valerielemeur.com\/wp-content\/uploads\/2022\/01\/Une-nuit-a-lOpera-2-scaled.jpg\" alt=\"\" class=\"wp-image-3868\" srcset=\"https:\/\/www.valerielemeur.com\/wp-content\/uploads\/2022\/01\/Une-nuit-a-lOpera-2-scaled.jpg 1875w, https:\/\/www.valerielemeur.com\/wp-content\/uploads\/2022\/01\/Une-nuit-a-lOpera-2-220x300.jpg 220w, https:\/\/www.valerielemeur.com\/wp-content\/uploads\/2022\/01\/Une-nuit-a-lOpera-2-750x1024.jpg 750w, https:\/\/www.valerielemeur.com\/wp-content\/uploads\/2022\/01\/Une-nuit-a-lOpera-2-768x1049.jpg 768w, https:\/\/www.valerielemeur.com\/wp-content\/uploads\/2022\/01\/Une-nuit-a-lOpera-2-1125x1536.jpg 1125w, https:\/\/www.valerielemeur.com\/wp-content\/uploads\/2022\/01\/Une-nuit-a-lOpera-2-1500x2048.jpg 1500w, https:\/\/www.valerielemeur.com\/wp-content\/uploads\/2022\/01\/Une-nuit-a-lOpera-2-9x12.jpg 9w\" sizes=\"auto, (max-width: 1875px) 100vw, 1875px\" \/><\/figure>\n\n\n\n<div class=\"wp-block-columns is-layout-flex wp-container-core-columns-is-layout-28f84493 wp-block-columns-is-layout-flex\">\n<div class=\"wp-block-column is-layout-flow wp-block-column-is-layout-flow\"><\/div>\n\n\n\n<div class=\"wp-block-column is-layout-flow wp-block-column-is-layout-flow\">\n<p class=\"has-vivid-cyan-blue-color has-text-color has-medium-font-size\">Payments possible in USD and GBP<\/p>\n\n\n\n<p class=\"has-vivid-cyan-blue-color has-text-color has-medium-font-size\">A night at the Opera -2-(Opera Garnier, Paris)<\/p>\n<\/div>\n<\/div>\n\n\n\n<div class=\"wp-block-columns is-layout-flex wp-container-core-columns-is-layout-28f84493 wp-block-columns-is-layout-flex\">\n<div class=\"wp-block-column is-layout-flow wp-block-column-is-layout-flow\">\n<p class=\"has-medium-font-size\">Acrylique sur toile tendue chassis bois : 900\u20ac + livraison<\/p>\n\n\n\n<p class=\"has-medium-font-size\">Taille : 73\/54\/2.5 cm<\/p>\n\n\n\n<p class=\"has-medium-font-size\">Les lumi\u00e8res de l\u2019Op\u00e9ra un soir de d\u00e9cembre le font se d\u00e9tacher sur le ciel bleu rouge de la nuit.<\/p>\n\n\n\n<p class=\"has-medium-font-size\">Ce tableau est un hommage color\u00e9, gai \u00e0 cette institution. Hommage \u00e0 cette architecture un peu charg\u00e9e, extravagante mais tellement p\u00e9tillante et lumineuse d\u2019une architecture parisienne du 19\u00e8 si\u00e8cle.<\/p>\n\n\n\n<p class=\"has-medium-font-size\">J\u2019ai voulu dans ce deuxi\u00e8me tableau mettre l\u2019accent sur le contraste entre les lumi\u00e8res du b\u00e2timent et l\u2019atmosph\u00e8re sombre de la nuit.<\/p>\n\n\n\n<p class=\"has-medium-font-size\">Le style pictural est rapide, dynamique et audacieux. Il est fait de couches successives, rapides. Le tableau est fait de petites touches de couleur pour lui donner un dynamisme, on est dans une \u00ab&nbsp;impression&nbsp;\u00bb, je ne cherche pas la r\u00e9alit\u00e9 mais une atmosph\u00e8re.&nbsp;<\/p>\n\n\n\n<p class=\"has-medium-font-size\">Le tableau est pr\u00eat \u00e0 accrocher au mur, il est prot\u00e9g\u00e9 par un vernis acrylique brillant qui fait ressortir l\u2019intensit\u00e9 des couleurs.<\/p>\n\n\n\n<p class=\"has-medium-font-size\"><br>Il est dat\u00e9, sign\u00e9 et d\u00e9livr\u00e9 avec un certificat d\u2019authenticit\u00e9 et une facture.<br>Les bords du tableau sont prot\u00e9g\u00e9s par un ruban blanc: pas besoin d\u2019encadrement.<\/p>\n\n\n\n<p class=\"has-medium-font-size\"> <\/p>\n\n\n\n<p class=\"has-medium-font-size\"><\/p>\n\n\n\n<p class=\"has-medium-font-size\"><\/p>\n\n\n\n<p class=\"has-medium-font-size\"><\/p>\n<\/div>\n\n\n\n<div class=\"wp-block-column is-layout-flow wp-block-column-is-layout-flow\">\n<p class=\"has-vivid-cyan-blue-color has-text-color has-medium-font-size\">Acrylic on stretched canvas wooden frame  900\u20ac + delivery fees<\/p>\n\n\n\n<p class=\"has-vivid-cyan-blue-color has-text-color has-medium-font-size\">Size: 73H\/54W\/2.5D cm    <\/p>\n\n\n\n<p class=\"has-vivid-cyan-blue-color has-text-color has-medium-font-size\">I feel an unconditional awe for Parisian monuments from the 19th century for their architecture and beauty .<\/p>\n\n\n\n<p class=\"has-vivid-cyan-blue-color has-text-color has-medium-font-size\">The front lights of the Opera at night in December make it standing out from the blue-red sky of the night.<\/p>\n\n\n\n<p class=\"has-vivid-cyan-blue-color has-text-color has-medium-font-size\">This painting is a tribute to the Parisian monument I love the most. A tribute to its extravagant architecture from the 19<sup>th<\/sup> century, bold and flamboyant.\u00a0\u00a0<\/p>\n\n\n\n<p class=\"has-vivid-cyan-blue-color has-text-color has-medium-font-size\">This is one part of the Opera house, I wanted to focus on the contrast between the lights of the building with the sombre-blue of the night.<\/p>\n\n\n\n<p class=\"has-vivid-cyan-blue-color has-text-color has-medium-font-size\">My painting is made of thousands of multi-coloured touches of paint, sometimes imperceptible: these little impressionism touches give the painting an atmosphere. I don\u2019t want to make it realistic. &nbsp;&nbsp;&nbsp;<\/p>\n\n\n\n<p class=\"has-vivid-cyan-blue-color has-text-color has-medium-font-size\">Acrylic on stretched canvas on wooden frame, protected by an bright acrylic varnish, to enhance the colours.<\/p>\n\n\n\n<p class=\"has-vivid-cyan-blue-color has-text-color has-medium-font-size\">The sides of the painting are protected by a white ribbon: no need to frame.<\/p>\n\n\n\n<p class=\"has-vivid-cyan-blue-color has-text-color has-medium-font-size\"><br><\/p>\n\n\n\n<p class=\"has-vivid-cyan-blue-color has-text-color has-medium-font-size\"><\/p>\n\n\n\n<p class=\"has-vivid-cyan-blue-color has-text-color has-medium-font-size\"><\/p>\n\n\n\n<p class=\"has-vivid-cyan-blue-color has-text-color has-medium-font-size\"><\/p>\n\n\n\n<p class=\"has-vivid-cyan-blue-color has-text-color has-medium-font-size\"><br><\/p>\n\n\n\n<p class=\"has-vivid-cyan-blue-color has-text-color has-medium-font-size\">.<\/p>\n<\/div>\n<\/div>\n\n\n\n<figure class=\"wp-block-image size-medium\"><img loading=\"lazy\" decoding=\"async\" width=\"300\" height=\"269\" src=\"https:\/\/www.valerielemeur.com\/wp-content\/uploads\/2022\/01\/une-nuit-a-lopera-detail1-300x269.jpg\" alt=\"\" class=\"wp-image-3869\" srcset=\"https:\/\/www.valerielemeur.com\/wp-content\/uploads\/2022\/01\/une-nuit-a-lopera-detail1-300x269.jpg 300w, https:\/\/www.valerielemeur.com\/wp-content\/uploads\/2022\/01\/une-nuit-a-lopera-detail1-1024x919.jpg 1024w, https:\/\/www.valerielemeur.com\/wp-content\/uploads\/2022\/01\/une-nuit-a-lopera-detail1-768x690.jpg 768w, https:\/\/www.valerielemeur.com\/wp-content\/uploads\/2022\/01\/une-nuit-a-lopera-detail1-1536x1379.jpg 1536w, https:\/\/www.valerielemeur.com\/wp-content\/uploads\/2022\/01\/une-nuit-a-lopera-detail1-2048x1839.jpg 2048w, https:\/\/www.valerielemeur.com\/wp-content\/uploads\/2022\/01\/une-nuit-a-lopera-detail1-13x12.jpg 13w\" sizes=\"auto, (max-width: 300px) 100vw, 300px\" \/><figcaption>detail 1: d\u00e9tail du tableau<\/figcaption><\/figure>\n\n\n\n<figure class=\"wp-block-image size-medium\"><img loading=\"lazy\" decoding=\"async\" width=\"275\" height=\"300\" src=\"https:\/\/www.valerielemeur.com\/wp-content\/uploads\/2022\/01\/une-nuit-a-lopera-detail2-275x300.jpg\" alt=\"\" class=\"wp-image-3870\" srcset=\"https:\/\/www.valerielemeur.com\/wp-content\/uploads\/2022\/01\/une-nuit-a-lopera-detail2-275x300.jpg 275w, https:\/\/www.valerielemeur.com\/wp-content\/uploads\/2022\/01\/une-nuit-a-lopera-detail2-938x1024.jpg 938w, https:\/\/www.valerielemeur.com\/wp-content\/uploads\/2022\/01\/une-nuit-a-lopera-detail2-768x839.jpg 768w, https:\/\/www.valerielemeur.com\/wp-content\/uploads\/2022\/01\/une-nuit-a-lopera-detail2-1406x1536.jpg 1406w, https:\/\/www.valerielemeur.com\/wp-content\/uploads\/2022\/01\/une-nuit-a-lopera-detail2-1875x2048.jpg 1875w, https:\/\/www.valerielemeur.com\/wp-content\/uploads\/2022\/01\/une-nuit-a-lopera-detail2-11x12.jpg 11w\" sizes=\"auto, (max-width: 275px) 100vw, 275px\" \/><\/figure>","protected":false},"excerpt":{"rendered":"<p>Payments possible in USD and GBP A night at the Opera -2-(Opera Garnier, Paris) Acrylique sur toile tendue chassis bois : 900\u20ac + livraison Taille : 73\/54\/2.5 cm Les lumi\u00e8res de l\u2019Op\u00e9ra un soir de d\u00e9cembre le font se d\u00e9tacher sur le ciel bleu rouge de la nuit. Ce tableau est un hommage color\u00e9, gai [&hellip;]<\/p>\n","protected":false},"author":1,"featured_media":3868,"comment_status":"closed","ping_status":"closed","sticky":false,"template":"","format":"gallery","meta":{"_uag_custom_page_level_css":"","site-sidebar-layout":"default","site-content-layout":null,"ast-site-content-layout":"default","site-content-style":"default","site-sidebar-style":"default","ast-global-header-display":"","ast-banner-title-visibility":"","ast-main-header-display":"","ast-hfb-above-header-display":null,"ast-hfb-below-header-display":null,"ast-hfb-mobile-header-display":null,"site-post-title":"enabled","ast-breadcrumbs-content":null,"ast-featured-img":"disabled","footer-sml-layout":"","ast-disable-related-posts":"","theme-transparent-header-meta":"enabled","adv-header-id-meta":null,"stick-header-meta":null,"header-above-stick-meta":null,"header-main-stick-meta":null,"header-below-stick-meta":null,"astra-migrate-meta-layouts":"default","ast-page-background-enabled":"default","ast-page-background-meta":{"desktop":{"background-color":"","background-image":"","background-repeat":"repeat","background-position":"center center","background-size":"auto","background-attachment":"scroll","background-type":"","background-media":"","overlay-type":"","overlay-color":"","overlay-opacity":"","overlay-gradient":""},"tablet":{"background-color":"","background-image":"","background-repeat":"repeat","background-position":"center center","background-size":"auto","background-attachment":"scroll","background-type":"","background-media":"","overlay-type":"","overlay-color":"","overlay-opacity":"","overlay-gradient":""},"mobile":{"background-color":"","background-image":"","background-repeat":"repeat","background-position":"center center","background-size":"auto","background-attachment":"scroll","background-type":"","background-media":"","overlay-type":"","overlay-color":"","overlay-opacity":"","overlay-gradient":""}},"ast-content-background-meta":{"desktop":{"background-color":"var(--ast-global-color-5)","background-image":"","background-repeat":"repeat","background-position":"center center","background-size":"auto","background-attachment":"scroll","background-type":"","background-media":"","overlay-type":"","overlay-color":"","overlay-opacity":"","overlay-gradient":""},"tablet":{"background-color":"var(--ast-global-color-5)","background-image":"","background-repeat":"repeat","background-position":"center center","background-size":"auto","background-attachment":"scroll","background-type":"","background-media":"","overlay-type":"","overlay-color":"","overlay-opacity":"","overlay-gradient":""},"mobile":{"background-color":"var(--ast-global-color-5)","background-image":"","background-repeat":"repeat","background-position":"center center","background-size":"auto","background-attachment":"scroll","background-type":"","background-media":"","overlay-type":"","overlay-color":"","overlay-opacity":"","overlay-gradient":""}},"_jetpack_memberships_contains_paid_content":false,"footnotes":""},"categories":[41,264],"tags":[166],"class_list":["post-3866","post","type-post","status-publish","format-gallery","has-post-thumbnail","hentry","category-painting","category-tableaux-vendus","tag-900-tr","post_format-post-format-gallery"],"yoast_head":"<!-- This site is optimized with the Yoast SEO plugin v27.4 - https:\/\/yoast.com\/product\/yoast-seo-wordpress\/ -->\n<title>Une nuit \u00e0 l&#039;Op\u00e9ra -2- SOLD - Val\u00e9rie LE MEUR<\/title>\n<meta name=\"description\" content=\"Val\u00e9rie LE MEUR Une nuit \u00e0 l&#039;Op\u00e9ra -2- SOLD Tableau -\" \/>\n<meta name=\"robots\" content=\"index, follow, max-snippet:-1, max-image-preview:large, max-video-preview:-1\" \/>\n<link rel=\"canonical\" href=\"https:\/\/www.valerielemeur.com\/en\/une-nuit-a-lopera-2\/\" \/>\n<meta property=\"og:locale\" content=\"en_GB\" \/>\n<meta property=\"og:type\" content=\"article\" \/>\n<meta property=\"og:title\" content=\"Une nuit \u00e0 l&#039;Op\u00e9ra -2- SOLD - Val\u00e9rie LE MEUR\" \/>\n<meta property=\"og:description\" content=\"Val\u00e9rie LE MEUR Une nuit \u00e0 l&#039;Op\u00e9ra -2- SOLD Tableau -\" \/>\n<meta property=\"og:url\" content=\"https:\/\/www.valerielemeur.com\/en\/une-nuit-a-lopera-2\/\" \/>\n<meta property=\"og:site_name\" content=\"Val\u00e9rie LE MEUR\" \/>\n<meta property=\"article:published_time\" content=\"2022-01-19T09:06:39+00:00\" \/>\n<meta property=\"article:modified_time\" content=\"2025-09-28T09:21:10+00:00\" \/>\n<meta property=\"og:image\" content=\"https:\/\/www.valerielemeur.com\/wp-content\/uploads\/2022\/01\/Une-nuit-a-lOpera-2-scaled.jpg\" \/>\n\t<meta property=\"og:image:width\" content=\"1875\" \/>\n\t<meta property=\"og:image:height\" content=\"2560\" \/>\n\t<meta property=\"og:image:type\" content=\"image\/jpeg\" \/>\n<meta name=\"author\" content=\"VLM\" \/>\n<meta name=\"twitter:card\" content=\"summary_large_image\" \/>\n<meta name=\"twitter:label1\" content=\"Written by\" \/>\n\t<meta name=\"twitter:data1\" content=\"VLM\" \/>\n\t<meta name=\"twitter:label2\" content=\"Estimated reading time\" \/>\n\t<meta name=\"twitter:data2\" content=\"3 minutes\" \/>\n<script type=\"application\/ld+json\" class=\"yoast-schema-graph\">{\"@context\":\"https:\\\/\\\/schema.org\",\"@graph\":[{\"@type\":\"Article\",\"@id\":\"https:\\\/\\\/www.valerielemeur.com\\\/une-nuit-a-lopera-2\\\/#article\",\"isPartOf\":{\"@id\":\"https:\\\/\\\/www.valerielemeur.com\\\/une-nuit-a-lopera-2\\\/\"},\"author\":{\"name\":\"VLM\",\"@id\":\"https:\\\/\\\/www.valerielemeur.com\\\/#\\\/schema\\\/person\\\/988a7c5b4614f08d4a29788db12b10bb\"},\"headline\":\"Une nuit \u00e0 l&rsquo;Op\u00e9ra -2- SOLD\",\"datePublished\":\"2022-01-19T09:06:39+00:00\",\"dateModified\":\"2025-09-28T09:21:10+00:00\",\"mainEntityOfPage\":{\"@id\":\"https:\\\/\\\/www.valerielemeur.com\\\/une-nuit-a-lopera-2\\\/\"},\"wordCount\":394,\"publisher\":{\"@id\":\"https:\\\/\\\/www.valerielemeur.com\\\/#organization\"},\"image\":{\"@id\":\"https:\\\/\\\/www.valerielemeur.com\\\/une-nuit-a-lopera-2\\\/#primaryimage\"},\"thumbnailUrl\":\"https:\\\/\\\/www.valerielemeur.com\\\/wp-content\\\/uploads\\\/2022\\\/01\\\/Une-nuit-a-lOpera-2-scaled.jpg\",\"keywords\":[\"900 + TR\"],\"articleSection\":[\"Tableau\",\"Tableaux vendus\"],\"inLanguage\":\"en-GB\"},{\"@type\":\"WebPage\",\"@id\":\"https:\\\/\\\/www.valerielemeur.com\\\/une-nuit-a-lopera-2\\\/\",\"url\":\"https:\\\/\\\/www.valerielemeur.com\\\/une-nuit-a-lopera-2\\\/\",\"name\":\"Une nuit \u00e0 l'Op\u00e9ra -2- SOLD - Val\u00e9rie LE MEUR\",\"isPartOf\":{\"@id\":\"https:\\\/\\\/www.valerielemeur.com\\\/#website\"},\"primaryImageOfPage\":{\"@id\":\"https:\\\/\\\/www.valerielemeur.com\\\/une-nuit-a-lopera-2\\\/#primaryimage\"},\"image\":{\"@id\":\"https:\\\/\\\/www.valerielemeur.com\\\/une-nuit-a-lopera-2\\\/#primaryimage\"},\"thumbnailUrl\":\"https:\\\/\\\/www.valerielemeur.com\\\/wp-content\\\/uploads\\\/2022\\\/01\\\/Une-nuit-a-lOpera-2-scaled.jpg\",\"datePublished\":\"2022-01-19T09:06:39+00:00\",\"dateModified\":\"2025-09-28T09:21:10+00:00\",\"description\":\"Val\u00e9rie LE MEUR Une nuit \u00e0 l'Op\u00e9ra -2- SOLD Tableau -\",\"breadcrumb\":{\"@id\":\"https:\\\/\\\/www.valerielemeur.com\\\/une-nuit-a-lopera-2\\\/#breadcrumb\"},\"inLanguage\":\"en-GB\",\"potentialAction\":[{\"@type\":\"ReadAction\",\"target\":[\"https:\\\/\\\/www.valerielemeur.com\\\/une-nuit-a-lopera-2\\\/\"]}]},{\"@type\":\"ImageObject\",\"inLanguage\":\"en-GB\",\"@id\":\"https:\\\/\\\/www.valerielemeur.com\\\/une-nuit-a-lopera-2\\\/#primaryimage\",\"url\":\"https:\\\/\\\/www.valerielemeur.com\\\/wp-content\\\/uploads\\\/2022\\\/01\\\/Une-nuit-a-lOpera-2-scaled.jpg\",\"contentUrl\":\"https:\\\/\\\/www.valerielemeur.com\\\/wp-content\\\/uploads\\\/2022\\\/01\\\/Une-nuit-a-lOpera-2-scaled.jpg\",\"width\":1875,\"height\":2560},{\"@type\":\"BreadcrumbList\",\"@id\":\"https:\\\/\\\/www.valerielemeur.com\\\/une-nuit-a-lopera-2\\\/#breadcrumb\",\"itemListElement\":[{\"@type\":\"ListItem\",\"position\":1,\"name\":\"Accueil\",\"item\":\"https:\\\/\\\/www.valerielemeur.com\\\/\"},{\"@type\":\"ListItem\",\"position\":2,\"name\":\"Une nuit \u00e0 l&rsquo;Op\u00e9ra -2- SOLD\"}]},{\"@type\":\"WebSite\",\"@id\":\"https:\\\/\\\/www.valerielemeur.com\\\/#website\",\"url\":\"https:\\\/\\\/www.valerielemeur.com\\\/\",\"name\":\"Val\u00e9rie LE MEUR\",\"description\":\"Artiste Peintre\",\"publisher\":{\"@id\":\"https:\\\/\\\/www.valerielemeur.com\\\/#organization\"},\"potentialAction\":[{\"@type\":\"SearchAction\",\"target\":{\"@type\":\"EntryPoint\",\"urlTemplate\":\"https:\\\/\\\/www.valerielemeur.com\\\/?s={search_term_string}\"},\"query-input\":{\"@type\":\"PropertyValueSpecification\",\"valueRequired\":true,\"valueName\":\"search_term_string\"}}],\"inLanguage\":\"en-GB\"},{\"@type\":\"Organization\",\"@id\":\"https:\\\/\\\/www.valerielemeur.com\\\/#organization\",\"name\":\"valerie le meur\",\"url\":\"https:\\\/\\\/www.valerielemeur.com\\\/\",\"logo\":{\"@type\":\"ImageObject\",\"inLanguage\":\"en-GB\",\"@id\":\"https:\\\/\\\/www.valerielemeur.com\\\/#\\\/schema\\\/logo\\\/image\\\/\",\"url\":\"https:\\\/\\\/www.valerielemeur.com\\\/wp-content\\\/uploads\\\/2020\\\/07\\\/photo-CV-sun.jpg\",\"contentUrl\":\"https:\\\/\\\/www.valerielemeur.com\\\/wp-content\\\/uploads\\\/2020\\\/07\\\/photo-CV-sun.jpg\",\"width\":2373,\"height\":2373,\"caption\":\"valerie le meur\"},\"image\":{\"@id\":\"https:\\\/\\\/www.valerielemeur.com\\\/#\\\/schema\\\/logo\\\/image\\\/\"}},{\"@type\":\"Person\",\"@id\":\"https:\\\/\\\/www.valerielemeur.com\\\/#\\\/schema\\\/person\\\/988a7c5b4614f08d4a29788db12b10bb\",\"name\":\"VLM\",\"image\":{\"@type\":\"ImageObject\",\"inLanguage\":\"en-GB\",\"@id\":\"https:\\\/\\\/secure.gravatar.com\\\/avatar\\\/5d623c2f60da6da613f8db4cef8422938a352a814a1ad2edc307f53256aa32c2?s=96&d=mm&r=g\",\"url\":\"https:\\\/\\\/secure.gravatar.com\\\/avatar\\\/5d623c2f60da6da613f8db4cef8422938a352a814a1ad2edc307f53256aa32c2?s=96&d=mm&r=g\",\"contentUrl\":\"https:\\\/\\\/secure.gravatar.com\\\/avatar\\\/5d623c2f60da6da613f8db4cef8422938a352a814a1ad2edc307f53256aa32c2?s=96&d=mm&r=g\",\"caption\":\"VLM\"},\"sameAs\":[\"https:\\\/\\\/www.valerielemeur.com\"],\"url\":\"https:\\\/\\\/www.valerielemeur.com\\\/en\\\/author\\\/vlm\\\/\"}]}<\/script>\n<!-- \/ Yoast SEO plugin. -->","yoast_head_json":{"title":"Une nuit \u00e0 l'Op\u00e9ra -2- SOLD - Val\u00e9rie LE MEUR","description":"Val\u00e9rie LE MEUR Une nuit \u00e0 l'Op\u00e9ra -2- SOLD Tableau -","robots":{"index":"index","follow":"follow","max-snippet":"max-snippet:-1","max-image-preview":"max-image-preview:large","max-video-preview":"max-video-preview:-1"},"canonical":"https:\/\/www.valerielemeur.com\/en\/une-nuit-a-lopera-2\/","og_locale":"en_GB","og_type":"article","og_title":"Une nuit \u00e0 l'Op\u00e9ra -2- SOLD - Val\u00e9rie LE MEUR","og_description":"Val\u00e9rie LE MEUR Une nuit \u00e0 l'Op\u00e9ra -2- SOLD Tableau -","og_url":"https:\/\/www.valerielemeur.com\/en\/une-nuit-a-lopera-2\/","og_site_name":"Val\u00e9rie LE MEUR","article_published_time":"2022-01-19T09:06:39+00:00","article_modified_time":"2025-09-28T09:21:10+00:00","og_image":[{"width":1875,"height":2560,"url":"https:\/\/www.valerielemeur.com\/wp-content\/uploads\/2022\/01\/Une-nuit-a-lOpera-2-scaled.jpg","type":"image\/jpeg"}],"author":"VLM","twitter_card":"summary_large_image","twitter_misc":{"Written by":"VLM","Estimated reading time":"3 minutes"},"schema":{"@context":"https:\/\/schema.org","@graph":[{"@type":"Article","@id":"https:\/\/www.valerielemeur.com\/une-nuit-a-lopera-2\/#article","isPartOf":{"@id":"https:\/\/www.valerielemeur.com\/une-nuit-a-lopera-2\/"},"author":{"name":"VLM","@id":"https:\/\/www.valerielemeur.com\/#\/schema\/person\/988a7c5b4614f08d4a29788db12b10bb"},"headline":"Une nuit \u00e0 l&rsquo;Op\u00e9ra -2- SOLD","datePublished":"2022-01-19T09:06:39+00:00","dateModified":"2025-09-28T09:21:10+00:00","mainEntityOfPage":{"@id":"https:\/\/www.valerielemeur.com\/une-nuit-a-lopera-2\/"},"wordCount":394,"publisher":{"@id":"https:\/\/www.valerielemeur.com\/#organization"},"image":{"@id":"https:\/\/www.valerielemeur.com\/une-nuit-a-lopera-2\/#primaryimage"},"thumbnailUrl":"https:\/\/www.valerielemeur.com\/wp-content\/uploads\/2022\/01\/Une-nuit-a-lOpera-2-scaled.jpg","keywords":["900 + TR"],"articleSection":["Tableau","Tableaux vendus"],"inLanguage":"en-GB"},{"@type":"WebPage","@id":"https:\/\/www.valerielemeur.com\/une-nuit-a-lopera-2\/","url":"https:\/\/www.valerielemeur.com\/une-nuit-a-lopera-2\/","name":"Une nuit \u00e0 l'Op\u00e9ra -2- SOLD - Val\u00e9rie LE MEUR","isPartOf":{"@id":"https:\/\/www.valerielemeur.com\/#website"},"primaryImageOfPage":{"@id":"https:\/\/www.valerielemeur.com\/une-nuit-a-lopera-2\/#primaryimage"},"image":{"@id":"https:\/\/www.valerielemeur.com\/une-nuit-a-lopera-2\/#primaryimage"},"thumbnailUrl":"https:\/\/www.valerielemeur.com\/wp-content\/uploads\/2022\/01\/Une-nuit-a-lOpera-2-scaled.jpg","datePublished":"2022-01-19T09:06:39+00:00","dateModified":"2025-09-28T09:21:10+00:00","description":"Val\u00e9rie LE MEUR Une nuit \u00e0 l'Op\u00e9ra -2- SOLD Tableau -","breadcrumb":{"@id":"https:\/\/www.valerielemeur.com\/une-nuit-a-lopera-2\/#breadcrumb"},"inLanguage":"en-GB","potentialAction":[{"@type":"ReadAction","target":["https:\/\/www.valerielemeur.com\/une-nuit-a-lopera-2\/"]}]},{"@type":"ImageObject","inLanguage":"en-GB","@id":"https:\/\/www.valerielemeur.com\/une-nuit-a-lopera-2\/#primaryimage","url":"https:\/\/www.valerielemeur.com\/wp-content\/uploads\/2022\/01\/Une-nuit-a-lOpera-2-scaled.jpg","contentUrl":"https:\/\/www.valerielemeur.com\/wp-content\/uploads\/2022\/01\/Une-nuit-a-lOpera-2-scaled.jpg","width":1875,"height":2560},{"@type":"BreadcrumbList","@id":"https:\/\/www.valerielemeur.com\/une-nuit-a-lopera-2\/#breadcrumb","itemListElement":[{"@type":"ListItem","position":1,"name":"Accueil","item":"https:\/\/www.valerielemeur.com\/"},{"@type":"ListItem","position":2,"name":"Une nuit \u00e0 l&rsquo;Op\u00e9ra -2- SOLD"}]},{"@type":"WebSite","@id":"https:\/\/www.valerielemeur.com\/#website","url":"https:\/\/www.valerielemeur.com\/","name":"Val\u00e9rie LE MEUR","description":"Painter","publisher":{"@id":"https:\/\/www.valerielemeur.com\/#organization"},"potentialAction":[{"@type":"SearchAction","target":{"@type":"EntryPoint","urlTemplate":"https:\/\/www.valerielemeur.com\/?s={search_term_string}"},"query-input":{"@type":"PropertyValueSpecification","valueRequired":true,"valueName":"search_term_string"}}],"inLanguage":"en-GB"},{"@type":"Organization","@id":"https:\/\/www.valerielemeur.com\/#organization","name":"valerie le meur","url":"https:\/\/www.valerielemeur.com\/","logo":{"@type":"ImageObject","inLanguage":"en-GB","@id":"https:\/\/www.valerielemeur.com\/#\/schema\/logo\/image\/","url":"https:\/\/www.valerielemeur.com\/wp-content\/uploads\/2020\/07\/photo-CV-sun.jpg","contentUrl":"https:\/\/www.valerielemeur.com\/wp-content\/uploads\/2020\/07\/photo-CV-sun.jpg","width":2373,"height":2373,"caption":"valerie le meur"},"image":{"@id":"https:\/\/www.valerielemeur.com\/#\/schema\/logo\/image\/"}},{"@type":"Person","@id":"https:\/\/www.valerielemeur.com\/#\/schema\/person\/988a7c5b4614f08d4a29788db12b10bb","name":"VLM","image":{"@type":"ImageObject","inLanguage":"en-GB","@id":"https:\/\/secure.gravatar.com\/avatar\/5d623c2f60da6da613f8db4cef8422938a352a814a1ad2edc307f53256aa32c2?s=96&d=mm&r=g","url":"https:\/\/secure.gravatar.com\/avatar\/5d623c2f60da6da613f8db4cef8422938a352a814a1ad2edc307f53256aa32c2?s=96&d=mm&r=g","contentUrl":"https:\/\/secure.gravatar.com\/avatar\/5d623c2f60da6da613f8db4cef8422938a352a814a1ad2edc307f53256aa32c2?s=96&d=mm&r=g","caption":"VLM"},"sameAs":["https:\/\/www.valerielemeur.com"],"url":"https:\/\/www.valerielemeur.com\/en\/author\/vlm\/"}]}},"jetpack_featured_media_url":"https:\/\/www.valerielemeur.com\/wp-content\/uploads\/2022\/01\/Une-nuit-a-lOpera-2-scaled.jpg","uagb_featured_image_src":{"full":["https:\/\/www.valerielemeur.com\/wp-content\/uploads\/2022\/01\/Une-nuit-a-lOpera-2-scaled.jpg",1875,2560,false],"thumbnail":["https:\/\/www.valerielemeur.com\/wp-content\/uploads\/2022\/01\/Une-nuit-a-lOpera-2-150x150.jpg",150,150,true],"medium":["https:\/\/www.valerielemeur.com\/wp-content\/uploads\/2022\/01\/Une-nuit-a-lOpera-2-220x300.jpg",220,300,true],"medium_large":["https:\/\/www.valerielemeur.com\/wp-content\/uploads\/2022\/01\/Une-nuit-a-lOpera-2-768x1049.jpg",768,1049,true],"large":["https:\/\/www.valerielemeur.com\/wp-content\/uploads\/2022\/01\/Une-nuit-a-lOpera-2-750x1024.jpg",750,1024,true],"1536x1536":["https:\/\/www.valerielemeur.com\/wp-content\/uploads\/2022\/01\/Une-nuit-a-lOpera-2-1125x1536.jpg",1125,1536,true],"2048x2048":["https:\/\/www.valerielemeur.com\/wp-content\/uploads\/2022\/01\/Une-nuit-a-lOpera-2-1500x2048.jpg",1500,2048,true],"trp-custom-language-flag":["https:\/\/www.valerielemeur.com\/wp-content\/uploads\/2022\/01\/Une-nuit-a-lOpera-2-9x12.jpg",9,12,true]},"uagb_author_info":{"display_name":"VLM","author_link":"https:\/\/www.valerielemeur.com\/en\/author\/vlm\/"},"uagb_comment_info":0,"uagb_excerpt":"Payments possible in USD and GBP A night at the Opera -2-(Opera Garnier, Paris) Acrylique sur toile tendue chassis bois : 900\u20ac + livraison Taille : 73\/54\/2.5 cm Les lumi\u00e8res de l\u2019Op\u00e9ra un soir de d\u00e9cembre le font se d\u00e9tacher sur le ciel bleu rouge de la nuit. Ce tableau est un hommage color\u00e9, gai&hellip;","jetpack_sharing_enabled":true,"_links":{"self":[{"href":"https:\/\/www.valerielemeur.com\/en\/wp-json\/wp\/v2\/posts\/3866","targetHints":{"allow":["GET"]}}],"collection":[{"href":"https:\/\/www.valerielemeur.com\/en\/wp-json\/wp\/v2\/posts"}],"about":[{"href":"https:\/\/www.valerielemeur.com\/en\/wp-json\/wp\/v2\/types\/post"}],"author":[{"embeddable":true,"href":"https:\/\/www.valerielemeur.com\/en\/wp-json\/wp\/v2\/users\/1"}],"replies":[{"embeddable":true,"href":"https:\/\/www.valerielemeur.com\/en\/wp-json\/wp\/v2\/comments?post=3866"}],"version-history":[{"count":4,"href":"https:\/\/www.valerielemeur.com\/en\/wp-json\/wp\/v2\/posts\/3866\/revisions"}],"predecessor-version":[{"id":6090,"href":"https:\/\/www.valerielemeur.com\/en\/wp-json\/wp\/v2\/posts\/3866\/revisions\/6090"}],"wp:featuredmedia":[{"embeddable":true,"href":"https:\/\/www.valerielemeur.com\/en\/wp-json\/wp\/v2\/media\/3868"}],"wp:attachment":[{"href":"https:\/\/www.valerielemeur.com\/en\/wp-json\/wp\/v2\/media?parent=3866"}],"wp:term":[{"taxonomy":"category","embeddable":true,"href":"https:\/\/www.valerielemeur.com\/en\/wp-json\/wp\/v2\/categories?post=3866"},{"taxonomy":"post_tag","embeddable":true,"href":"https:\/\/www.valerielemeur.com\/en\/wp-json\/wp\/v2\/tags?post=3866"}],"curies":[{"name":"wp","href":"https:\/\/api.w.org\/{rel}","templated":true}]}}