{"id":3892,"date":"2022-08-04T18:07:59","date_gmt":"2022-08-04T18:07:59","guid":{"rendered":"https:\/\/www.valerielemeur.com\/?p=3892"},"modified":"2024-08-20T16:37:16","modified_gmt":"2024-08-20T16:37:16","slug":"expositions-2022","status":"publish","type":"post","link":"https:\/\/www.valerielemeur.com\/en\/expositions-2022\/","title":{"rendered":"Exhibitions 2022"},"content":{"rendered":"<p><\/p>\n\n\n\n<h3 class=\"has-luminous-vivid-orange-color has-pale-cyan-blue-background-color has-text-color has-background has-large-font-size wp-block-heading\" id=\"exposition-personnelle\">Expositions personnelles<strong>: <\/strong>\/Personal art show<\/h3>\n\n\n\n<p class=\"has-pale-pink-background-color has-background has-medium-font-size\"><strong>Du 12 septembre 2022 au 05 janvier 2023: THEATRE DU RANELAGH, 5 rue des vignes; 75016 Paris <\/strong> Exposition personnelle sur le th\u00e8me du th\u00e9\u00e2tre. (18 tableaux) <\/p>\n\n\n\n<p class=\"has-ast-global-color-8-color has-pale-pink-background-color has-text-color has-background has-medium-font-size\">Aux horaires d&rsquo;ouverture du th\u00e9\u00e2tre du Ranelagh. <strong>Le 18 septembre, le th\u00e9\u00e2tre est ouvert au public dans le cadre des \u00ab\u00a0Journ\u00e9es du patrimoine\u00a0\u00bb <\/strong><a href=\"http:\/\/www.theatre-ranelagh.com\/\">Th\u00e9\u00e2tre le Ranelagh &#8211; Paris 16e (theatre-ranelagh.com)<\/a><\/p>\n\n\n\n<p class=\"has-ast-global-color-0-color has-pale-pink-background-color has-text-color has-background has-medium-font-size\"><strong>Ranelagh Theatre: personal exhibition with my paintings from the entertainment series 12th September 2022 to 05th January 2023 Ranelagh Theatre: 5 rue des Vignes PARIS 16<\/strong>. The theatre will be opened for the \u00ab\u00a0Patrimoine days\u00a0\u00bb on Sunday 18th September. Site: www.ranelagh-theatre.com<\/p>\n\n\n\n<figure class=\"wp-block-image size-large\"><img loading=\"lazy\" decoding=\"async\" width=\"724\" height=\"1024\" src=\"https:\/\/www.valerielemeur.com\/wp-content\/uploads\/2022\/07\/Flyers-Ranelagh-724x1024.jpg\" alt=\"\" class=\"wp-image-4249\" srcset=\"https:\/\/www.valerielemeur.com\/wp-content\/uploads\/2022\/07\/Flyers-Ranelagh-724x1024.jpg 724w, https:\/\/www.valerielemeur.com\/wp-content\/uploads\/2022\/07\/Flyers-Ranelagh-212x300.jpg 212w, https:\/\/www.valerielemeur.com\/wp-content\/uploads\/2022\/07\/Flyers-Ranelagh-768x1086.jpg 768w, https:\/\/www.valerielemeur.com\/wp-content\/uploads\/2022\/07\/Flyers-Ranelagh-1086x1536.jpg 1086w, https:\/\/www.valerielemeur.com\/wp-content\/uploads\/2022\/07\/Flyers-Ranelagh-8x12.jpg 8w, https:\/\/www.valerielemeur.com\/wp-content\/uploads\/2022\/07\/Flyers-Ranelagh.jpg 1414w\" sizes=\"auto, (max-width: 724px) 100vw, 724px\" \/><\/figure>\n\n\n\n<p class=\"has-medium-font-size\"><strong>du 9 mars au 23 avril<\/strong>: MJC Cyrano, Gif -sur-Yvette <strong>&nbsp;<\/strong>160 av du G\u00e9n\u00e9ral Leclerc (91): exposition libre du mardi au samedi .<\/p>\n\n\n\n<p class=\"has-medium-font-size\">                                 <img loading=\"lazy\" decoding=\"async\" width=\"150\" height=\"212\" class=\"wp-image-3897\" style=\"width: 150px;\" src=\"https:\/\/www.valerielemeur.com\/wp-content\/uploads\/2022\/02\/affiche-Expo-MJC-.jpg\" alt=\"\" srcset=\"https:\/\/www.valerielemeur.com\/wp-content\/uploads\/2022\/02\/affiche-Expo-MJC-.jpg 882w, https:\/\/www.valerielemeur.com\/wp-content\/uploads\/2022\/02\/affiche-Expo-MJC--212x300.jpg 212w, https:\/\/www.valerielemeur.com\/wp-content\/uploads\/2022\/02\/affiche-Expo-MJC--724x1024.jpg 724w, https:\/\/www.valerielemeur.com\/wp-content\/uploads\/2022\/02\/affiche-Expo-MJC--768x1086.jpg 768w, https:\/\/www.valerielemeur.com\/wp-content\/uploads\/2022\/02\/affiche-Expo-MJC--8x12.jpg 8w\" sizes=\"auto, (max-width: 150px) 100vw, 150px\" \/><\/p>\n\n\n\n<p class=\"has-medium-font-size\">De Paris \u00e0 Miami en passant par S\u00e9ville et Londres. 21 tableaux r\u00e9cents sont pr\u00e9sent\u00e9s<\/p>\n\n\n\n<p class=\"has-ast-global-color-5-background-color has-background has-medium-font-size\">11 au 12 juin:<strong> Ouverture de mon atelier \u00e0 Gif-sur-Yvette (91) dans le cadre de la \u00ab\u00a0f\u00eate des artistes\u00a0\u00bb<\/strong>: les samedi et dimanche de 14h \u00e0 19h. Me contacter pour l&rsquo;adresse.<\/p>\n\n\n\n<p class=\"has-luminous-vivid-orange-color has-pale-cyan-blue-background-color has-text-color has-background has-large-font-size\"><strong>Expositions collectives :<\/strong><\/p>\n\n\n\n<p><\/p>\n\n\n\n<p class=\"has-vivid-red-color has-text-color has-medium-font-size\"><\/p>\n\n\n\n<p class=\"has-vivid-red-color has-text-color has-medium-font-size\"><strong>Du 20 au 23 octobre: Exposition au Salon d&rsquo;Automne \u00e0 la Halle de la Villette PARIS<\/strong><\/p>\n\n\n\n<p class=\"has-vivid-cyan-blue-color has-text-color has-medium-font-size\"><strong>20-23 October: Salon d&rsquo;Automne Paris: Art Fair in LA VILLETTE; PARIS <\/strong><\/p>\n\n\n\n<figure class=\"wp-block-image size-full\"><img loading=\"lazy\" decoding=\"async\" width=\"732\" height=\"515\" src=\"https:\/\/www.valerielemeur.com\/wp-content\/uploads\/2022\/07\/salon-dautomne-2023.jpg\" alt=\"\" class=\"wp-image-4253\" srcset=\"https:\/\/www.valerielemeur.com\/wp-content\/uploads\/2022\/07\/salon-dautomne-2023.jpg 732w, https:\/\/www.valerielemeur.com\/wp-content\/uploads\/2022\/07\/salon-dautomne-2023-300x211.jpg 300w, https:\/\/www.valerielemeur.com\/wp-content\/uploads\/2022\/07\/salon-dautomne-2023-18x12.jpg 18w\" sizes=\"auto, (max-width: 732px) 100vw, 732px\" \/><figcaption class=\"wp-element-caption\">Salon d&rsquo;Automne 2022<\/figcaption><\/figure>\n\n\n\n<p class=\"has-vivid-red-color has-text-color has-medium-font-size\"><strong>7-28 novembre : Salon des Beaux-arts de Boulogne-Billancourt (Espace Landowski) <\/strong><\/p>\n\n\n\n<figure class=\"wp-block-image size-medium\"><img loading=\"lazy\" decoding=\"async\" width=\"300\" height=\"300\" src=\"https:\/\/www.valerielemeur.com\/wp-content\/uploads\/2022\/08\/libertad-Sevillasalon-BB-2300E-300x300.jpg\" alt=\"\" class=\"wp-image-4286\" srcset=\"https:\/\/www.valerielemeur.com\/wp-content\/uploads\/2022\/08\/libertad-Sevillasalon-BB-2300E-300x300.jpg 300w, https:\/\/www.valerielemeur.com\/wp-content\/uploads\/2022\/08\/libertad-Sevillasalon-BB-2300E-1024x1024.jpg 1024w, https:\/\/www.valerielemeur.com\/wp-content\/uploads\/2022\/08\/libertad-Sevillasalon-BB-2300E-150x150.jpg 150w, https:\/\/www.valerielemeur.com\/wp-content\/uploads\/2022\/08\/libertad-Sevillasalon-BB-2300E-768x767.jpg 768w, https:\/\/www.valerielemeur.com\/wp-content\/uploads\/2022\/08\/libertad-Sevillasalon-BB-2300E-1536x1534.jpg 1536w, https:\/\/www.valerielemeur.com\/wp-content\/uploads\/2022\/08\/libertad-Sevillasalon-BB-2300E-2048x2046.jpg 2048w, https:\/\/www.valerielemeur.com\/wp-content\/uploads\/2022\/08\/libertad-Sevillasalon-BB-2300E-12x12.jpg 12w\" sizes=\"auto, (max-width: 300px) 100vw, 300px\" \/><figcaption class=\"wp-element-caption\">Salon des Beaux-arts de Boulogne-Billancourt , Novembre 2022<\/figcaption><\/figure>\n\n\n\n<p class=\"has-vivid-red-color has-text-color has-medium-font-size\"><strong>3-17 d\u00e9cembre: L&rsquo;art \u00e0 Fontenay<\/strong> : <strong>dans les salons de la M\u00e9diath\u00e8que,\u00a06, place du Ch\u00e2teau Sainte-Barbe 92260 Fontenay-aux-Roses<\/strong><\/p>\n\n\n\n<p><\/p>\n\n\n\n<p><\/p>\n\n\n\n<p class=\"has-medium-font-size\"><strong>31 mai-5 juin: exposition \u00e0 l&rsquo;Espace C\u00e9cilia: 4 rue des Guillemites Paris 4\u00e8me. <\/strong>De 11h \u00e0 19h30 tous les jours M\u00b0 Saint Paul, Vernissage le lundi 30 \u00e0 19h<\/p>\n\n\n\n<p class=\"has-medium-font-size\"><strong>31 mai-5 juin: exposition \u00e0 l&rsquo;Espace C\u00e9cilia: 4 rue des Guillemites Paris 4\u00e8me. <\/strong>De 11h \u00e0 19h30 tous les jours M\u00b0 Saint Paul, Vernissage le lundi 30 \u00e0 19h<\/p>\n\n\n\n<p class=\"has-medium-font-size\"><strong>samedi 25 juin: march\u00e9 de l&rsquo;art \u00e0 saint-Germain en Laye (toute la journ\u00e9e)<\/strong><\/p>\n\n\n\n<p class=\"has-medium-font-size\"><strong>30 avril-29 mai: Cercle des artistes de Paris: Parc floral- Bois de Vincennes Pavillon 18<\/strong>: Entr\u00e9e Nymph\u00e9as Pavillon 18 Horaires semaine: 13h30-19h; Week-end: 10h30-19h M\u00b0 Ch\u00e2teau de Vincennes<\/p>\n\n\n\n<p class=\"has-ast-global-color-1-color has-text-color has-medium-font-size\">2-10 avril:<strong> Salon de Printemps de Verri\u00e8res-le-Buisson<\/strong>: Espace Bernard Mantienne; 3 voie de l&rsquo;Aulne: Entr\u00e9e libre <\/p>\n\n\n\n<p class=\"has-medium-font-size\">30 janv. -10 f\u00e9vrier: Salon des <strong>Artistes de l&rsquo;AIVA, Ville D&rsquo;Avray (92) tous les jours de 15h \u00e0 19h, galerie l&rsquo;Entracte<\/strong><\/p>\n\n\n\n<p class=\"has-ast-global-color-1-color has-text-color has-medium-font-size\">22 janv. &#8211; 6 f\u00e9vrier: <strong>Bourg La Reine<\/strong> : espace Les colonnes (92) tous les jours de 14h \u00e0 19h.<\/p>\n\n\n\n<p class=\"has-ast-global-color-2-color has-text-color has-medium-font-size\">21-30 janvier: <strong>Salon Emergence S\u00e8vres<\/strong> (92) Galerie Le SEL, Grande rue<\/p>\n\n\n\n<p class=\"has-medium-font-size\"><\/p>\n\n\n\n<p class=\"has-black-color has-text-color has-medium-font-size\"><\/p>\n\n\n\n<p><\/p>","protected":false},"excerpt":{"rendered":"<p>Expositions personnelles: \/Personal art show Du 12 septembre 2022 au 05 janvier 2023: THEATRE DU RANELAGH, 5 rue des vignes; 75016 Paris Exposition personnelle sur le th\u00e8me du th\u00e9\u00e2tre. (18 tableaux) Aux horaires d&rsquo;ouverture du th\u00e9\u00e2tre du Ranelagh. Le 18 septembre, le th\u00e9\u00e2tre est ouvert au public dans le cadre des \u00ab\u00a0Journ\u00e9es du patrimoine\u00a0\u00bb Th\u00e9\u00e2tre [&hellip;]<\/p>\n","protected":false},"author":1,"featured_media":0,"comment_status":"open","ping_status":"open","sticky":false,"template":"","format":"standard","meta":{"_uag_custom_page_level_css":"","site-sidebar-layout":"default","site-content-layout":null,"ast-site-content-layout":"default","site-content-style":"default","site-sidebar-style":"default","ast-global-header-display":"","ast-banner-title-visibility":"","ast-main-header-display":"","ast-hfb-above-header-display":null,"ast-hfb-below-header-display":null,"ast-hfb-mobile-header-display":null,"site-post-title":"enabled","ast-breadcrumbs-content":null,"ast-featured-img":"disabled","footer-sml-layout":"","ast-disable-related-posts":"","theme-transparent-header-meta":"enabled","adv-header-id-meta":null,"stick-header-meta":null,"header-above-stick-meta":null,"header-main-stick-meta":null,"header-below-stick-meta":null,"astra-migrate-meta-layouts":"default","ast-page-background-enabled":"default","ast-page-background-meta":{"desktop":{"background-color":"","background-image":"","background-repeat":"repeat","background-position":"center center","background-size":"auto","background-attachment":"scroll","background-type":"","background-media":"","overlay-type":"","overlay-color":"","overlay-opacity":"","overlay-gradient":""},"tablet":{"background-color":"","background-image":"","background-repeat":"repeat","background-position":"center center","background-size":"auto","background-attachment":"scroll","background-type":"","background-media":"","overlay-type":"","overlay-color":"","overlay-opacity":"","overlay-gradient":""},"mobile":{"background-color":"","background-image":"","background-repeat":"repeat","background-position":"center center","background-size":"auto","background-attachment":"scroll","background-type":"","background-media":"","overlay-type":"","overlay-color":"","overlay-opacity":"","overlay-gradient":""}},"ast-content-background-meta":{"desktop":{"background-color":"var(--ast-global-color-5)","background-image":"","background-repeat":"repeat","background-position":"center center","background-size":"auto","background-attachment":"scroll","background-type":"","background-media":"","overlay-type":"","overlay-color":"","overlay-opacity":"","overlay-gradient":""},"tablet":{"background-color":"var(--ast-global-color-5)","background-image":"","background-repeat":"repeat","background-position":"center center","background-size":"auto","background-attachment":"scroll","background-type":"","background-media":"","overlay-type":"","overlay-color":"","overlay-opacity":"","overlay-gradient":""},"mobile":{"background-color":"var(--ast-global-color-5)","background-image":"","background-repeat":"repeat","background-position":"center center","background-size":"auto","background-attachment":"scroll","background-type":"","background-media":"","overlay-type":"","overlay-color":"","overlay-opacity":"","overlay-gradient":""}},"_jetpack_memberships_contains_paid_content":false,"footnotes":""},"categories":[40,53],"tags":[],"class_list":["post-3892","post","type-post","status-publish","format-standard","hentry","category-news","category-new"],"yoast_head":"<!-- This site is optimized with the Yoast SEO plugin v27.4 - https:\/\/yoast.com\/product\/yoast-seo-wordpress\/ -->\n<title>Expositions 2022 - Val\u00e9rie LE MEUR<\/title>\n<meta name=\"description\" content=\"Val\u00e9rie LE MEUR Expositions 2022 -\" \/>\n<meta name=\"robots\" content=\"index, follow, max-snippet:-1, max-image-preview:large, max-video-preview:-1\" \/>\n<link rel=\"canonical\" href=\"https:\/\/www.valerielemeur.com\/en\/expositions-2022\/\" \/>\n<meta property=\"og:locale\" content=\"en_GB\" \/>\n<meta property=\"og:type\" content=\"article\" \/>\n<meta property=\"og:title\" content=\"Expositions 2022 - Val\u00e9rie LE MEUR\" \/>\n<meta property=\"og:description\" content=\"Val\u00e9rie LE MEUR Expositions 2022 -\" \/>\n<meta property=\"og:url\" content=\"https:\/\/www.valerielemeur.com\/en\/expositions-2022\/\" \/>\n<meta property=\"og:site_name\" content=\"Val\u00e9rie LE MEUR\" \/>\n<meta property=\"article:published_time\" content=\"2022-08-04T18:07:59+00:00\" \/>\n<meta property=\"article:modified_time\" content=\"2024-08-20T16:37:16+00:00\" \/>\n<meta property=\"og:image\" content=\"https:\/\/www.valerielemeur.com\/wp-content\/uploads\/2022\/07\/Flyers-Ranelagh-724x1024.jpg\" \/>\n<meta name=\"author\" content=\"VLM\" \/>\n<meta name=\"twitter:card\" content=\"summary_large_image\" \/>\n<meta name=\"twitter:label1\" content=\"Written by\" \/>\n\t<meta name=\"twitter:data1\" content=\"VLM\" \/>\n\t<meta name=\"twitter:label2\" content=\"Estimated reading time\" \/>\n\t<meta name=\"twitter:data2\" content=\"3 minutes\" \/>\n<script type=\"application\/ld+json\" class=\"yoast-schema-graph\">{\"@context\":\"https:\\\/\\\/schema.org\",\"@graph\":[{\"@type\":\"Article\",\"@id\":\"https:\\\/\\\/www.valerielemeur.com\\\/expositions-2022\\\/#article\",\"isPartOf\":{\"@id\":\"https:\\\/\\\/www.valerielemeur.com\\\/expositions-2022\\\/\"},\"author\":{\"name\":\"VLM\",\"@id\":\"https:\\\/\\\/www.valerielemeur.com\\\/#\\\/schema\\\/person\\\/988a7c5b4614f08d4a29788db12b10bb\"},\"headline\":\"Expositions 2022\",\"datePublished\":\"2022-08-04T18:07:59+00:00\",\"dateModified\":\"2024-08-20T16:37:16+00:00\",\"mainEntityOfPage\":{\"@id\":\"https:\\\/\\\/www.valerielemeur.com\\\/expositions-2022\\\/\"},\"wordCount\":395,\"commentCount\":4,\"publisher\":{\"@id\":\"https:\\\/\\\/www.valerielemeur.com\\\/#organization\"},\"image\":{\"@id\":\"https:\\\/\\\/www.valerielemeur.com\\\/expositions-2022\\\/#primaryimage\"},\"thumbnailUrl\":\"https:\\\/\\\/www.valerielemeur.com\\\/wp-content\\\/uploads\\\/2022\\\/07\\\/Flyers-Ranelagh-724x1024.jpg\",\"articleSection\":[\"Actualit\u00e9\",\"news\"],\"inLanguage\":\"en-GB\",\"potentialAction\":[{\"@type\":\"CommentAction\",\"name\":\"Comment\",\"target\":[\"https:\\\/\\\/www.valerielemeur.com\\\/expositions-2022\\\/#respond\"]}]},{\"@type\":\"WebPage\",\"@id\":\"https:\\\/\\\/www.valerielemeur.com\\\/expositions-2022\\\/\",\"url\":\"https:\\\/\\\/www.valerielemeur.com\\\/expositions-2022\\\/\",\"name\":\"Expositions 2022 - Val\u00e9rie LE MEUR\",\"isPartOf\":{\"@id\":\"https:\\\/\\\/www.valerielemeur.com\\\/#website\"},\"primaryImageOfPage\":{\"@id\":\"https:\\\/\\\/www.valerielemeur.com\\\/expositions-2022\\\/#primaryimage\"},\"image\":{\"@id\":\"https:\\\/\\\/www.valerielemeur.com\\\/expositions-2022\\\/#primaryimage\"},\"thumbnailUrl\":\"https:\\\/\\\/www.valerielemeur.com\\\/wp-content\\\/uploads\\\/2022\\\/07\\\/Flyers-Ranelagh-724x1024.jpg\",\"datePublished\":\"2022-08-04T18:07:59+00:00\",\"dateModified\":\"2024-08-20T16:37:16+00:00\",\"description\":\"Val\u00e9rie LE MEUR Expositions 2022 -\",\"breadcrumb\":{\"@id\":\"https:\\\/\\\/www.valerielemeur.com\\\/expositions-2022\\\/#breadcrumb\"},\"inLanguage\":\"en-GB\",\"potentialAction\":[{\"@type\":\"ReadAction\",\"target\":[\"https:\\\/\\\/www.valerielemeur.com\\\/expositions-2022\\\/\"]}]},{\"@type\":\"ImageObject\",\"inLanguage\":\"en-GB\",\"@id\":\"https:\\\/\\\/www.valerielemeur.com\\\/expositions-2022\\\/#primaryimage\",\"url\":\"https:\\\/\\\/www.valerielemeur.com\\\/wp-content\\\/uploads\\\/2022\\\/07\\\/Flyers-Ranelagh-724x1024.jpg\",\"contentUrl\":\"https:\\\/\\\/www.valerielemeur.com\\\/wp-content\\\/uploads\\\/2022\\\/07\\\/Flyers-Ranelagh-724x1024.jpg\"},{\"@type\":\"BreadcrumbList\",\"@id\":\"https:\\\/\\\/www.valerielemeur.com\\\/expositions-2022\\\/#breadcrumb\",\"itemListElement\":[{\"@type\":\"ListItem\",\"position\":1,\"name\":\"Accueil\",\"item\":\"https:\\\/\\\/www.valerielemeur.com\\\/\"},{\"@type\":\"ListItem\",\"position\":2,\"name\":\"Expositions 2022\"}]},{\"@type\":\"WebSite\",\"@id\":\"https:\\\/\\\/www.valerielemeur.com\\\/#website\",\"url\":\"https:\\\/\\\/www.valerielemeur.com\\\/\",\"name\":\"Val\u00e9rie LE MEUR\",\"description\":\"Artiste Peintre\",\"publisher\":{\"@id\":\"https:\\\/\\\/www.valerielemeur.com\\\/#organization\"},\"potentialAction\":[{\"@type\":\"SearchAction\",\"target\":{\"@type\":\"EntryPoint\",\"urlTemplate\":\"https:\\\/\\\/www.valerielemeur.com\\\/?s={search_term_string}\"},\"query-input\":{\"@type\":\"PropertyValueSpecification\",\"valueRequired\":true,\"valueName\":\"search_term_string\"}}],\"inLanguage\":\"en-GB\"},{\"@type\":\"Organization\",\"@id\":\"https:\\\/\\\/www.valerielemeur.com\\\/#organization\",\"name\":\"valerie le meur\",\"url\":\"https:\\\/\\\/www.valerielemeur.com\\\/\",\"logo\":{\"@type\":\"ImageObject\",\"inLanguage\":\"en-GB\",\"@id\":\"https:\\\/\\\/www.valerielemeur.com\\\/#\\\/schema\\\/logo\\\/image\\\/\",\"url\":\"https:\\\/\\\/www.valerielemeur.com\\\/wp-content\\\/uploads\\\/2020\\\/07\\\/photo-CV-sun.jpg\",\"contentUrl\":\"https:\\\/\\\/www.valerielemeur.com\\\/wp-content\\\/uploads\\\/2020\\\/07\\\/photo-CV-sun.jpg\",\"width\":2373,\"height\":2373,\"caption\":\"valerie le meur\"},\"image\":{\"@id\":\"https:\\\/\\\/www.valerielemeur.com\\\/#\\\/schema\\\/logo\\\/image\\\/\"}},{\"@type\":\"Person\",\"@id\":\"https:\\\/\\\/www.valerielemeur.com\\\/#\\\/schema\\\/person\\\/988a7c5b4614f08d4a29788db12b10bb\",\"name\":\"VLM\",\"image\":{\"@type\":\"ImageObject\",\"inLanguage\":\"en-GB\",\"@id\":\"https:\\\/\\\/secure.gravatar.com\\\/avatar\\\/5d623c2f60da6da613f8db4cef8422938a352a814a1ad2edc307f53256aa32c2?s=96&d=mm&r=g\",\"url\":\"https:\\\/\\\/secure.gravatar.com\\\/avatar\\\/5d623c2f60da6da613f8db4cef8422938a352a814a1ad2edc307f53256aa32c2?s=96&d=mm&r=g\",\"contentUrl\":\"https:\\\/\\\/secure.gravatar.com\\\/avatar\\\/5d623c2f60da6da613f8db4cef8422938a352a814a1ad2edc307f53256aa32c2?s=96&d=mm&r=g\",\"caption\":\"VLM\"},\"sameAs\":[\"https:\\\/\\\/www.valerielemeur.com\"],\"url\":\"https:\\\/\\\/www.valerielemeur.com\\\/en\\\/author\\\/vlm\\\/\"}]}<\/script>\n<!-- \/ Yoast SEO plugin. -->","yoast_head_json":{"title":"Expositions 2022 - Val\u00e9rie LE MEUR","description":"Val\u00e9rie LE MEUR Expositions 2022 -","robots":{"index":"index","follow":"follow","max-snippet":"max-snippet:-1","max-image-preview":"max-image-preview:large","max-video-preview":"max-video-preview:-1"},"canonical":"https:\/\/www.valerielemeur.com\/en\/expositions-2022\/","og_locale":"en_GB","og_type":"article","og_title":"Expositions 2022 - Val\u00e9rie LE MEUR","og_description":"Val\u00e9rie LE MEUR Expositions 2022 -","og_url":"https:\/\/www.valerielemeur.com\/en\/expositions-2022\/","og_site_name":"Val\u00e9rie LE MEUR","article_published_time":"2022-08-04T18:07:59+00:00","article_modified_time":"2024-08-20T16:37:16+00:00","og_image":[{"url":"https:\/\/www.valerielemeur.com\/wp-content\/uploads\/2022\/07\/Flyers-Ranelagh-724x1024.jpg","type":"","width":"","height":""}],"author":"VLM","twitter_card":"summary_large_image","twitter_misc":{"Written by":"VLM","Estimated reading time":"3 minutes"},"schema":{"@context":"https:\/\/schema.org","@graph":[{"@type":"Article","@id":"https:\/\/www.valerielemeur.com\/expositions-2022\/#article","isPartOf":{"@id":"https:\/\/www.valerielemeur.com\/expositions-2022\/"},"author":{"name":"VLM","@id":"https:\/\/www.valerielemeur.com\/#\/schema\/person\/988a7c5b4614f08d4a29788db12b10bb"},"headline":"Expositions 2022","datePublished":"2022-08-04T18:07:59+00:00","dateModified":"2024-08-20T16:37:16+00:00","mainEntityOfPage":{"@id":"https:\/\/www.valerielemeur.com\/expositions-2022\/"},"wordCount":395,"commentCount":4,"publisher":{"@id":"https:\/\/www.valerielemeur.com\/#organization"},"image":{"@id":"https:\/\/www.valerielemeur.com\/expositions-2022\/#primaryimage"},"thumbnailUrl":"https:\/\/www.valerielemeur.com\/wp-content\/uploads\/2022\/07\/Flyers-Ranelagh-724x1024.jpg","articleSection":["Actualit\u00e9","news"],"inLanguage":"en-GB","potentialAction":[{"@type":"CommentAction","name":"Comment","target":["https:\/\/www.valerielemeur.com\/expositions-2022\/#respond"]}]},{"@type":"WebPage","@id":"https:\/\/www.valerielemeur.com\/expositions-2022\/","url":"https:\/\/www.valerielemeur.com\/expositions-2022\/","name":"Expositions 2022 - Val\u00e9rie LE MEUR","isPartOf":{"@id":"https:\/\/www.valerielemeur.com\/#website"},"primaryImageOfPage":{"@id":"https:\/\/www.valerielemeur.com\/expositions-2022\/#primaryimage"},"image":{"@id":"https:\/\/www.valerielemeur.com\/expositions-2022\/#primaryimage"},"thumbnailUrl":"https:\/\/www.valerielemeur.com\/wp-content\/uploads\/2022\/07\/Flyers-Ranelagh-724x1024.jpg","datePublished":"2022-08-04T18:07:59+00:00","dateModified":"2024-08-20T16:37:16+00:00","description":"Val\u00e9rie LE MEUR Expositions 2022 -","breadcrumb":{"@id":"https:\/\/www.valerielemeur.com\/expositions-2022\/#breadcrumb"},"inLanguage":"en-GB","potentialAction":[{"@type":"ReadAction","target":["https:\/\/www.valerielemeur.com\/expositions-2022\/"]}]},{"@type":"ImageObject","inLanguage":"en-GB","@id":"https:\/\/www.valerielemeur.com\/expositions-2022\/#primaryimage","url":"https:\/\/www.valerielemeur.com\/wp-content\/uploads\/2022\/07\/Flyers-Ranelagh-724x1024.jpg","contentUrl":"https:\/\/www.valerielemeur.com\/wp-content\/uploads\/2022\/07\/Flyers-Ranelagh-724x1024.jpg"},{"@type":"BreadcrumbList","@id":"https:\/\/www.valerielemeur.com\/expositions-2022\/#breadcrumb","itemListElement":[{"@type":"ListItem","position":1,"name":"Accueil","item":"https:\/\/www.valerielemeur.com\/"},{"@type":"ListItem","position":2,"name":"Expositions 2022"}]},{"@type":"WebSite","@id":"https:\/\/www.valerielemeur.com\/#website","url":"https:\/\/www.valerielemeur.com\/","name":"Val\u00e9rie LE MEUR","description":"Painter","publisher":{"@id":"https:\/\/www.valerielemeur.com\/#organization"},"potentialAction":[{"@type":"SearchAction","target":{"@type":"EntryPoint","urlTemplate":"https:\/\/www.valerielemeur.com\/?s={search_term_string}"},"query-input":{"@type":"PropertyValueSpecification","valueRequired":true,"valueName":"search_term_string"}}],"inLanguage":"en-GB"},{"@type":"Organization","@id":"https:\/\/www.valerielemeur.com\/#organization","name":"valerie le meur","url":"https:\/\/www.valerielemeur.com\/","logo":{"@type":"ImageObject","inLanguage":"en-GB","@id":"https:\/\/www.valerielemeur.com\/#\/schema\/logo\/image\/","url":"https:\/\/www.valerielemeur.com\/wp-content\/uploads\/2020\/07\/photo-CV-sun.jpg","contentUrl":"https:\/\/www.valerielemeur.com\/wp-content\/uploads\/2020\/07\/photo-CV-sun.jpg","width":2373,"height":2373,"caption":"valerie le meur"},"image":{"@id":"https:\/\/www.valerielemeur.com\/#\/schema\/logo\/image\/"}},{"@type":"Person","@id":"https:\/\/www.valerielemeur.com\/#\/schema\/person\/988a7c5b4614f08d4a29788db12b10bb","name":"VLM","image":{"@type":"ImageObject","inLanguage":"en-GB","@id":"https:\/\/secure.gravatar.com\/avatar\/5d623c2f60da6da613f8db4cef8422938a352a814a1ad2edc307f53256aa32c2?s=96&d=mm&r=g","url":"https:\/\/secure.gravatar.com\/avatar\/5d623c2f60da6da613f8db4cef8422938a352a814a1ad2edc307f53256aa32c2?s=96&d=mm&r=g","contentUrl":"https:\/\/secure.gravatar.com\/avatar\/5d623c2f60da6da613f8db4cef8422938a352a814a1ad2edc307f53256aa32c2?s=96&d=mm&r=g","caption":"VLM"},"sameAs":["https:\/\/www.valerielemeur.com"],"url":"https:\/\/www.valerielemeur.com\/en\/author\/vlm\/"}]}},"jetpack_featured_media_url":"","uagb_featured_image_src":{"full":false,"thumbnail":false,"medium":false,"medium_large":false,"large":false,"1536x1536":false,"2048x2048":false,"trp-custom-language-flag":false},"uagb_author_info":{"display_name":"VLM","author_link":"https:\/\/www.valerielemeur.com\/en\/author\/vlm\/"},"uagb_comment_info":4,"uagb_excerpt":"Expositions personnelles: \/Personal art show Du 12 septembre 2022 au 05 janvier 2023: THEATRE DU RANELAGH, 5 rue des vignes; 75016 Paris Exposition personnelle sur le th\u00e8me du th\u00e9\u00e2tre. (18 tableaux) Aux horaires d&rsquo;ouverture du th\u00e9\u00e2tre du Ranelagh. Le 18 septembre, le th\u00e9\u00e2tre est ouvert au public dans le cadre des \u00ab\u00a0Journ\u00e9es du patrimoine\u00a0\u00bb Th\u00e9\u00e2tre&hellip;","jetpack_sharing_enabled":true,"_links":{"self":[{"href":"https:\/\/www.valerielemeur.com\/en\/wp-json\/wp\/v2\/posts\/3892","targetHints":{"allow":["GET"]}}],"collection":[{"href":"https:\/\/www.valerielemeur.com\/en\/wp-json\/wp\/v2\/posts"}],"about":[{"href":"https:\/\/www.valerielemeur.com\/en\/wp-json\/wp\/v2\/types\/post"}],"author":[{"embeddable":true,"href":"https:\/\/www.valerielemeur.com\/en\/wp-json\/wp\/v2\/users\/1"}],"replies":[{"embeddable":true,"href":"https:\/\/www.valerielemeur.com\/en\/wp-json\/wp\/v2\/comments?post=3892"}],"version-history":[{"count":26,"href":"https:\/\/www.valerielemeur.com\/en\/wp-json\/wp\/v2\/posts\/3892\/revisions"}],"predecessor-version":[{"id":4500,"href":"https:\/\/www.valerielemeur.com\/en\/wp-json\/wp\/v2\/posts\/3892\/revisions\/4500"}],"wp:attachment":[{"href":"https:\/\/www.valerielemeur.com\/en\/wp-json\/wp\/v2\/media?parent=3892"}],"wp:term":[{"taxonomy":"category","embeddable":true,"href":"https:\/\/www.valerielemeur.com\/en\/wp-json\/wp\/v2\/categories?post=3892"},{"taxonomy":"post_tag","embeddable":true,"href":"https:\/\/www.valerielemeur.com\/en\/wp-json\/wp\/v2\/tags?post=3892"}],"curies":[{"name":"wp","href":"https:\/\/api.w.org\/{rel}","templated":true}]}}