{"id":3997,"date":"2022-03-17T10:47:30","date_gmt":"2022-03-17T10:47:30","guid":{"rendered":"https:\/\/www.valerielemeur.com\/?p=3997"},"modified":"2025-09-27T15:06:05","modified_gmt":"2025-09-27T15:06:05","slug":"un-chateau-en-espagne","status":"publish","type":"post","link":"https:\/\/www.valerielemeur.com\/en\/un-chateau-en-espagne\/","title":{"rendered":"Un ch\u00e2teau en Espagne- sold"},"content":{"rendered":"<figure class=\"wp-block-image size-full\"><img loading=\"lazy\" decoding=\"async\" width=\"2560\" height=\"2546\" src=\"https:\/\/www.valerielemeur.com\/wp-content\/uploads\/2023\/01\/Un-chateauLEMEUR-230228-2631-scaled.jpg\" alt=\"\" class=\"wp-image-4882\" srcset=\"https:\/\/www.valerielemeur.com\/wp-content\/uploads\/2023\/01\/Un-chateauLEMEUR-230228-2631-scaled.jpg 2560w, https:\/\/www.valerielemeur.com\/wp-content\/uploads\/2023\/01\/Un-chateauLEMEUR-230228-2631-300x298.jpg 300w, https:\/\/www.valerielemeur.com\/wp-content\/uploads\/2023\/01\/Un-chateauLEMEUR-230228-2631-1024x1019.jpg 1024w, https:\/\/www.valerielemeur.com\/wp-content\/uploads\/2023\/01\/Un-chateauLEMEUR-230228-2631-150x150.jpg 150w, https:\/\/www.valerielemeur.com\/wp-content\/uploads\/2023\/01\/Un-chateauLEMEUR-230228-2631-768x764.jpg 768w, https:\/\/www.valerielemeur.com\/wp-content\/uploads\/2023\/01\/Un-chateauLEMEUR-230228-2631-1536x1528.jpg 1536w, https:\/\/www.valerielemeur.com\/wp-content\/uploads\/2023\/01\/Un-chateauLEMEUR-230228-2631-2048x2037.jpg 2048w, https:\/\/www.valerielemeur.com\/wp-content\/uploads\/2023\/01\/Un-chateauLEMEUR-230228-2631-12x12.jpg 12w\" sizes=\"auto, (max-width: 2560px) 100vw, 2560px\" \/><\/figure>\n\n\n\n<div class=\"wp-block-columns is-layout-flex wp-container-core-columns-is-layout-28f84493 wp-block-columns-is-layout-flex\">\n<div class=\"wp-block-column is-layout-flow wp-block-column-is-layout-flow\"><\/div>\n\n\n\n<div class=\"wp-block-column is-layout-flow wp-block-column-is-layout-flow\">\n<p class=\"has-vivid-cyan-blue-color has-text-color has-medium-font-size\">Salon des Artistes Fran\u00e7ais 2023<\/p>\n<\/div>\n<\/div>\n\n\n\n<div class=\"wp-block-columns is-layout-flex wp-container-core-columns-is-layout-28f84493 wp-block-columns-is-layout-flex\">\n<div class=\"wp-block-column is-layout-flow wp-block-column-is-layout-flow\">\n<p class=\"has-medium-font-size\">Salon des Artistes Fran\u00e7ais -2023<\/p>\n\n\n\n<p class=\"has-medium-font-size\">Acrylique sur toile tendue chassis bois<\/p>\n\n\n\n<p class=\"has-medium-font-size\">Taille : 80 H\/80L\/2 cm   2000\u20ac +tr<\/p>\n\n\n\n<p class=\"has-medium-font-size\">Laissons entrer les couleurs, oublions tous nos soucis. R\u00eavons d\u2019un ch\u00e2teau en Espagne, au soleil, dans la lumi\u00e8re d\u2019une journ\u00e9e d\u2019\u00e9t\u00e9.<\/p>\n\n\n\n<p class=\"has-medium-font-size\">Dans une \u00e9poque toujours plus angoissante, o\u00f9 les mauvaises nouvelles se diffusent plus rapidement que les bonnes&nbsp;; o\u00f9 la haine se r\u00e9pand, ce tableau est un symbole de paix, une fa\u00e7on de dire non \u00e0 la violence et \u00e0 la haine.<\/p>\n\n\n\n<p class=\"has-medium-font-size\">Une fa\u00e7on de dire&nbsp;: laissez-nous en paix&nbsp;!<\/p>\n\n\n\n<p class=\"has-medium-font-size\">Les couleurs vives, les coups de pinceaux et de couteaux vifs sont une catharsis pour le peintre que je suis&nbsp;; une fa\u00e7on de me lib\u00e9rer dans la vitesse et la passion de toutes ces mauvaises ondes qui nous entourent et nous \u00e9touffent.<\/p>\n\n\n\n<p class=\"has-medium-font-size\">Avec toujours en t\u00eate cette libert\u00e9 de mouvement dans le style pictural ; plus libre, plus fluide.<\/p>\n\n\n\n<p class=\"has-medium-font-size\">Dans un style \u00ab Impressionnisme Flamboyant \u00bb : une impression, pas une reproduction, la flamboyance des couleurs, des petites touches vives et rapides de peinture conjugu\u00e9s \u00e0 de grands mouvements color\u00e9s<\/p>\n\n\n\n<p class=\"has-medium-font-size\">Le tableau est pr\u00eat \u00e0 accrocher au mur, il est prot\u00e9g\u00e9 par un vernis acrylique mat qui fait ressortir l\u2019intensit\u00e9 des couleurs.<br>Il est dat\u00e9, sign\u00e9 et d\u00e9livr\u00e9 avec un certificat d\u2019authenticit\u00e9 et une facture.<br>Les bords du tableau sont prot\u00e9g\u00e9s par un ruban cache-clous blanc: pas besoin d\u2019encadrement.<\/p>\n\n\n\n<p class=\"has-medium-font-size\"><br><\/p>\n\n\n\n<p class=\"has-medium-font-size\"><\/p>\n\n\n\n<p class=\"has-medium-font-size\"><\/p>\n\n\n\n<p class=\"has-medium-font-size\"><\/p>\n\n\n\n<p class=\"has-medium-font-size\"><\/p>\n<\/div>\n\n\n\n<div class=\"wp-block-column is-layout-flow wp-block-column-is-layout-flow\">\n<p class=\"has-vivid-cyan-blue-color has-text-color has-medium-font-size\">Acrylic on stretched canvas wooden frame<\/p>\n\n\n\n<p class=\"has-vivid-cyan-blue-color has-text-color has-medium-font-size\">Size: 80H\/80W\/2D cm  <\/p>\n\n\n\n<p class=\"has-vivid-cyan-blue-color has-text-color has-medium-font-size\">The parc of the palace of Alcazar, in Seville, Spain;<\/p>\n\n\n\n<p class=\"has-vivid-cyan-blue-color has-text-color has-medium-font-size\">Let the sunshine in&nbsp;; let\u2019s forget about bad news and hatred that seem to overwhelm our world.<\/p>\n\n\n\n<p class=\"has-vivid-cyan-blue-color has-text-color has-medium-font-size\">Let\u2019s dream about a castle in Spain, on the sun, in the summer light.<\/p>\n\n\n\n<p class=\"has-vivid-cyan-blue-color has-text-color has-medium-font-size\">This painting is a cry against the reality of life; between worldwide virus infection, endless wars and hatred perpetuated by politics, social networks\u2026<\/p>\n\n\n\n<p class=\"has-vivid-cyan-blue-color has-text-color has-medium-font-size\">It\u2019s also a painting about freedom; a catharsis for the painter who sees a way to get rid of her anger against wars, hate\u2026 The painting is freer from any pictural style: it\u2019s an Impressionism-flamboyant style. Impressionism because I want to convey a feeling rather than the reality of what we see. Flamboyant, because I want to break free of the imposed artistic conventions without tending to painting abstraction.<\/p>\n\n\n\n<p class=\"has-vivid-cyan-blue-color has-text-color has-medium-font-size\"><br>Acrylic on stretched canvas on wooden frame, protected by a mat acrylic varnish, to enhance the colours.<\/p>\n\n\n\n<p class=\"has-vivid-cyan-blue-color has-text-color has-medium-font-size\">The sides of the painting are protected by a white ribbon: no need to frame.<br>Ready to hang on a wall. Delivered with a certificate of authenticity and an invoice.<\/p>\n\n\n\n<p class=\"has-vivid-cyan-blue-color has-text-color has-medium-font-size\"><br><\/p>\n<\/div>\n<\/div>\n\n\n\n<figure class=\"wp-block-image size-medium\"><img loading=\"lazy\" decoding=\"async\" width=\"300\" height=\"276\" src=\"https:\/\/www.valerielemeur.com\/wp-content\/uploads\/2022\/03\/un-chateau-en-Espagne-2-300x276.jpg\" alt=\"\" class=\"wp-image-4000\" srcset=\"https:\/\/www.valerielemeur.com\/wp-content\/uploads\/2022\/03\/un-chateau-en-Espagne-2-300x276.jpg 300w, https:\/\/www.valerielemeur.com\/wp-content\/uploads\/2022\/03\/un-chateau-en-Espagne-2-1024x943.jpg 1024w, https:\/\/www.valerielemeur.com\/wp-content\/uploads\/2022\/03\/un-chateau-en-Espagne-2-768x707.jpg 768w, https:\/\/www.valerielemeur.com\/wp-content\/uploads\/2022\/03\/un-chateau-en-Espagne-2-1536x1414.jpg 1536w, https:\/\/www.valerielemeur.com\/wp-content\/uploads\/2022\/03\/un-chateau-en-Espagne-2-2048x1885.jpg 2048w, https:\/\/www.valerielemeur.com\/wp-content\/uploads\/2022\/03\/un-chateau-en-Espagne-2-13x12.jpg 13w\" sizes=\"auto, (max-width: 300px) 100vw, 300px\" \/><figcaption class=\"wp-element-caption\">detail 1<\/figcaption><\/figure>\n\n\n\n<figure class=\"wp-block-image size-medium\"><img loading=\"lazy\" decoding=\"async\" width=\"187\" height=\"300\" src=\"https:\/\/www.valerielemeur.com\/wp-content\/uploads\/2023\/02\/Un-chateau-en-Esapgna-dos-du-tableau-187x300.jpg\" alt=\"\" class=\"wp-image-4854\" srcset=\"https:\/\/www.valerielemeur.com\/wp-content\/uploads\/2023\/02\/Un-chateau-en-Esapgna-dos-du-tableau-187x300.jpg 187w, https:\/\/www.valerielemeur.com\/wp-content\/uploads\/2023\/02\/Un-chateau-en-Esapgna-dos-du-tableau-638x1024.jpg 638w, https:\/\/www.valerielemeur.com\/wp-content\/uploads\/2023\/02\/Un-chateau-en-Esapgna-dos-du-tableau-768x1232.jpg 768w, https:\/\/www.valerielemeur.com\/wp-content\/uploads\/2023\/02\/Un-chateau-en-Esapgna-dos-du-tableau-958x1536.jpg 958w, https:\/\/www.valerielemeur.com\/wp-content\/uploads\/2023\/02\/Un-chateau-en-Esapgna-dos-du-tableau-1277x2048.jpg 1277w, https:\/\/www.valerielemeur.com\/wp-content\/uploads\/2023\/02\/Un-chateau-en-Esapgna-dos-du-tableau-7x12.jpg 7w, https:\/\/www.valerielemeur.com\/wp-content\/uploads\/2023\/02\/Un-chateau-en-Esapgna-dos-du-tableau-scaled.jpg 1596w\" sizes=\"auto, (max-width: 187px) 100vw, 187px\" \/><figcaption class=\"wp-element-caption\">Tableau en situation <\/figcaption><\/figure>","protected":false},"excerpt":{"rendered":"<p>Salon des Artistes Fran\u00e7ais 2023 Salon des Artistes Fran\u00e7ais -2023 Acrylique sur toile tendue chassis bois Taille : 80 H\/80L\/2 cm 2000\u20ac +tr Laissons entrer les couleurs, oublions tous nos soucis. R\u00eavons d\u2019un ch\u00e2teau en Espagne, au soleil, dans la lumi\u00e8re d\u2019une journ\u00e9e d\u2019\u00e9t\u00e9. Dans une \u00e9poque toujours plus angoissante, o\u00f9 les mauvaises nouvelles se [&hellip;]<\/p>\n","protected":false},"author":1,"featured_media":4882,"comment_status":"closed","ping_status":"closed","sticky":false,"template":"","format":"gallery","meta":{"_uag_custom_page_level_css":"","site-sidebar-layout":"default","site-content-layout":null,"ast-site-content-layout":"default","site-content-style":"default","site-sidebar-style":"default","ast-global-header-display":"","ast-banner-title-visibility":"","ast-main-header-display":"","ast-hfb-above-header-display":null,"ast-hfb-below-header-display":null,"ast-hfb-mobile-header-display":null,"site-post-title":"enabled","ast-breadcrumbs-content":null,"ast-featured-img":"disabled","footer-sml-layout":"","ast-disable-related-posts":"","theme-transparent-header-meta":"enabled","adv-header-id-meta":null,"stick-header-meta":null,"header-above-stick-meta":null,"header-main-stick-meta":null,"header-below-stick-meta":null,"astra-migrate-meta-layouts":"default","ast-page-background-enabled":"default","ast-page-background-meta":{"desktop":{"background-color":"","background-image":"","background-repeat":"repeat","background-position":"center center","background-size":"auto","background-attachment":"scroll","background-type":"","background-media":"","overlay-type":"","overlay-color":"","overlay-opacity":"","overlay-gradient":""},"tablet":{"background-color":"","background-image":"","background-repeat":"repeat","background-position":"center center","background-size":"auto","background-attachment":"scroll","background-type":"","background-media":"","overlay-type":"","overlay-color":"","overlay-opacity":"","overlay-gradient":""},"mobile":{"background-color":"","background-image":"","background-repeat":"repeat","background-position":"center center","background-size":"auto","background-attachment":"scroll","background-type":"","background-media":"","overlay-type":"","overlay-color":"","overlay-opacity":"","overlay-gradient":""}},"ast-content-background-meta":{"desktop":{"background-color":"var(--ast-global-color-5)","background-image":"","background-repeat":"repeat","background-position":"center center","background-size":"auto","background-attachment":"scroll","background-type":"","background-media":"","overlay-type":"","overlay-color":"","overlay-opacity":"","overlay-gradient":""},"tablet":{"background-color":"var(--ast-global-color-5)","background-image":"","background-repeat":"repeat","background-position":"center center","background-size":"auto","background-attachment":"scroll","background-type":"","background-media":"","overlay-type":"","overlay-color":"","overlay-opacity":"","overlay-gradient":""},"mobile":{"background-color":"var(--ast-global-color-5)","background-image":"","background-repeat":"repeat","background-position":"center center","background-size":"auto","background-attachment":"scroll","background-type":"","background-media":"","overlay-type":"","overlay-color":"","overlay-opacity":"","overlay-gradient":""}},"_jetpack_memberships_contains_paid_content":false,"footnotes":""},"categories":[181,41,264],"tags":[193],"class_list":["post-3997","post","type-post","status-publish","format-gallery","has-post-thumbnail","hentry","category-seville-spain","category-painting","category-tableaux-vendus","tag-1800shipping","post_format-post-format-gallery"],"yoast_head":"<!-- This site is optimized with the Yoast SEO plugin v27.4 - https:\/\/yoast.com\/product\/yoast-seo-wordpress\/ -->\n<title>Un ch\u00e2teau en Espagne- sold - Val\u00e9rie LE MEUR<\/title>\n<meta name=\"description\" content=\"Val\u00e9rie LE MEUR Un ch\u00e2teau en Espagne- sold Tableau -\" \/>\n<meta name=\"robots\" content=\"index, follow, max-snippet:-1, max-image-preview:large, max-video-preview:-1\" \/>\n<link rel=\"canonical\" href=\"https:\/\/www.valerielemeur.com\/en\/un-chateau-en-espagne\/\" \/>\n<meta property=\"og:locale\" content=\"en_GB\" \/>\n<meta property=\"og:type\" content=\"article\" \/>\n<meta property=\"og:title\" content=\"Un ch\u00e2teau en Espagne- sold - Val\u00e9rie LE MEUR\" \/>\n<meta property=\"og:description\" content=\"Val\u00e9rie LE MEUR Un ch\u00e2teau en Espagne- sold Tableau -\" \/>\n<meta property=\"og:url\" content=\"https:\/\/www.valerielemeur.com\/en\/un-chateau-en-espagne\/\" \/>\n<meta property=\"og:site_name\" content=\"Val\u00e9rie LE MEUR\" \/>\n<meta property=\"article:published_time\" content=\"2022-03-17T10:47:30+00:00\" \/>\n<meta property=\"article:modified_time\" content=\"2025-09-27T15:06:05+00:00\" \/>\n<meta property=\"og:image\" content=\"https:\/\/www.valerielemeur.com\/wp-content\/uploads\/2023\/01\/Un-chateauLEMEUR-230228-2631-scaled.jpg\" \/>\n\t<meta property=\"og:image:width\" content=\"2560\" \/>\n\t<meta property=\"og:image:height\" content=\"2546\" \/>\n\t<meta property=\"og:image:type\" content=\"image\/jpeg\" \/>\n<meta name=\"author\" content=\"VLM\" \/>\n<meta name=\"twitter:card\" content=\"summary_large_image\" \/>\n<meta name=\"twitter:label1\" content=\"Written by\" \/>\n\t<meta name=\"twitter:data1\" content=\"VLM\" \/>\n<script type=\"application\/ld+json\" class=\"yoast-schema-graph\">{\"@context\":\"https:\\\/\\\/schema.org\",\"@graph\":[{\"@type\":\"Article\",\"@id\":\"https:\\\/\\\/www.valerielemeur.com\\\/un-chateau-en-espagne\\\/#article\",\"isPartOf\":{\"@id\":\"https:\\\/\\\/www.valerielemeur.com\\\/un-chateau-en-espagne\\\/\"},\"author\":{\"name\":\"VLM\",\"@id\":\"https:\\\/\\\/www.valerielemeur.com\\\/#\\\/schema\\\/person\\\/988a7c5b4614f08d4a29788db12b10bb\"},\"headline\":\"Un ch\u00e2teau en Espagne- sold\",\"datePublished\":\"2022-03-17T10:47:30+00:00\",\"dateModified\":\"2025-09-27T15:06:05+00:00\",\"mainEntityOfPage\":{\"@id\":\"https:\\\/\\\/www.valerielemeur.com\\\/un-chateau-en-espagne\\\/\"},\"wordCount\":455,\"publisher\":{\"@id\":\"https:\\\/\\\/www.valerielemeur.com\\\/#organization\"},\"image\":{\"@id\":\"https:\\\/\\\/www.valerielemeur.com\\\/un-chateau-en-espagne\\\/#primaryimage\"},\"thumbnailUrl\":\"https:\\\/\\\/www.valerielemeur.com\\\/wp-content\\\/uploads\\\/2023\\\/01\\\/Un-chateauLEMEUR-230228-2631-scaled.jpg\",\"keywords\":[\"1800+shipping\"],\"articleSection\":[\"S\u00e9ville, Spain\",\"Tableau\",\"Tableaux vendus\"],\"inLanguage\":\"en-GB\"},{\"@type\":\"WebPage\",\"@id\":\"https:\\\/\\\/www.valerielemeur.com\\\/un-chateau-en-espagne\\\/\",\"url\":\"https:\\\/\\\/www.valerielemeur.com\\\/un-chateau-en-espagne\\\/\",\"name\":\"Un ch\u00e2teau en Espagne- sold - Val\u00e9rie LE MEUR\",\"isPartOf\":{\"@id\":\"https:\\\/\\\/www.valerielemeur.com\\\/#website\"},\"primaryImageOfPage\":{\"@id\":\"https:\\\/\\\/www.valerielemeur.com\\\/un-chateau-en-espagne\\\/#primaryimage\"},\"image\":{\"@id\":\"https:\\\/\\\/www.valerielemeur.com\\\/un-chateau-en-espagne\\\/#primaryimage\"},\"thumbnailUrl\":\"https:\\\/\\\/www.valerielemeur.com\\\/wp-content\\\/uploads\\\/2023\\\/01\\\/Un-chateauLEMEUR-230228-2631-scaled.jpg\",\"datePublished\":\"2022-03-17T10:47:30+00:00\",\"dateModified\":\"2025-09-27T15:06:05+00:00\",\"description\":\"Val\u00e9rie LE MEUR Un ch\u00e2teau en Espagne- sold Tableau -\",\"breadcrumb\":{\"@id\":\"https:\\\/\\\/www.valerielemeur.com\\\/un-chateau-en-espagne\\\/#breadcrumb\"},\"inLanguage\":\"en-GB\",\"potentialAction\":[{\"@type\":\"ReadAction\",\"target\":[\"https:\\\/\\\/www.valerielemeur.com\\\/un-chateau-en-espagne\\\/\"]}]},{\"@type\":\"ImageObject\",\"inLanguage\":\"en-GB\",\"@id\":\"https:\\\/\\\/www.valerielemeur.com\\\/un-chateau-en-espagne\\\/#primaryimage\",\"url\":\"https:\\\/\\\/www.valerielemeur.com\\\/wp-content\\\/uploads\\\/2023\\\/01\\\/Un-chateauLEMEUR-230228-2631-scaled.jpg\",\"contentUrl\":\"https:\\\/\\\/www.valerielemeur.com\\\/wp-content\\\/uploads\\\/2023\\\/01\\\/Un-chateauLEMEUR-230228-2631-scaled.jpg\",\"width\":2560,\"height\":2546},{\"@type\":\"BreadcrumbList\",\"@id\":\"https:\\\/\\\/www.valerielemeur.com\\\/un-chateau-en-espagne\\\/#breadcrumb\",\"itemListElement\":[{\"@type\":\"ListItem\",\"position\":1,\"name\":\"Accueil\",\"item\":\"https:\\\/\\\/www.valerielemeur.com\\\/\"},{\"@type\":\"ListItem\",\"position\":2,\"name\":\"Un ch\u00e2teau en Espagne- sold\"}]},{\"@type\":\"WebSite\",\"@id\":\"https:\\\/\\\/www.valerielemeur.com\\\/#website\",\"url\":\"https:\\\/\\\/www.valerielemeur.com\\\/\",\"name\":\"Val\u00e9rie LE MEUR\",\"description\":\"Artiste Peintre\",\"publisher\":{\"@id\":\"https:\\\/\\\/www.valerielemeur.com\\\/#organization\"},\"potentialAction\":[{\"@type\":\"SearchAction\",\"target\":{\"@type\":\"EntryPoint\",\"urlTemplate\":\"https:\\\/\\\/www.valerielemeur.com\\\/?s={search_term_string}\"},\"query-input\":{\"@type\":\"PropertyValueSpecification\",\"valueRequired\":true,\"valueName\":\"search_term_string\"}}],\"inLanguage\":\"en-GB\"},{\"@type\":\"Organization\",\"@id\":\"https:\\\/\\\/www.valerielemeur.com\\\/#organization\",\"name\":\"valerie le meur\",\"url\":\"https:\\\/\\\/www.valerielemeur.com\\\/\",\"logo\":{\"@type\":\"ImageObject\",\"inLanguage\":\"en-GB\",\"@id\":\"https:\\\/\\\/www.valerielemeur.com\\\/#\\\/schema\\\/logo\\\/image\\\/\",\"url\":\"https:\\\/\\\/www.valerielemeur.com\\\/wp-content\\\/uploads\\\/2020\\\/07\\\/photo-CV-sun.jpg\",\"contentUrl\":\"https:\\\/\\\/www.valerielemeur.com\\\/wp-content\\\/uploads\\\/2020\\\/07\\\/photo-CV-sun.jpg\",\"width\":2373,\"height\":2373,\"caption\":\"valerie le meur\"},\"image\":{\"@id\":\"https:\\\/\\\/www.valerielemeur.com\\\/#\\\/schema\\\/logo\\\/image\\\/\"}},{\"@type\":\"Person\",\"@id\":\"https:\\\/\\\/www.valerielemeur.com\\\/#\\\/schema\\\/person\\\/988a7c5b4614f08d4a29788db12b10bb\",\"name\":\"VLM\",\"image\":{\"@type\":\"ImageObject\",\"inLanguage\":\"en-GB\",\"@id\":\"https:\\\/\\\/secure.gravatar.com\\\/avatar\\\/5d623c2f60da6da613f8db4cef8422938a352a814a1ad2edc307f53256aa32c2?s=96&d=mm&r=g\",\"url\":\"https:\\\/\\\/secure.gravatar.com\\\/avatar\\\/5d623c2f60da6da613f8db4cef8422938a352a814a1ad2edc307f53256aa32c2?s=96&d=mm&r=g\",\"contentUrl\":\"https:\\\/\\\/secure.gravatar.com\\\/avatar\\\/5d623c2f60da6da613f8db4cef8422938a352a814a1ad2edc307f53256aa32c2?s=96&d=mm&r=g\",\"caption\":\"VLM\"},\"sameAs\":[\"https:\\\/\\\/www.valerielemeur.com\"],\"url\":\"https:\\\/\\\/www.valerielemeur.com\\\/en\\\/author\\\/vlm\\\/\"}]}<\/script>\n<!-- \/ Yoast SEO plugin. -->","yoast_head_json":{"title":"Un ch\u00e2teau en Espagne- sold - Val\u00e9rie LE MEUR","description":"Val\u00e9rie LE MEUR Un ch\u00e2teau en Espagne- sold Tableau -","robots":{"index":"index","follow":"follow","max-snippet":"max-snippet:-1","max-image-preview":"max-image-preview:large","max-video-preview":"max-video-preview:-1"},"canonical":"https:\/\/www.valerielemeur.com\/en\/un-chateau-en-espagne\/","og_locale":"en_GB","og_type":"article","og_title":"Un ch\u00e2teau en Espagne- sold - Val\u00e9rie LE MEUR","og_description":"Val\u00e9rie LE MEUR Un ch\u00e2teau en Espagne- sold Tableau -","og_url":"https:\/\/www.valerielemeur.com\/en\/un-chateau-en-espagne\/","og_site_name":"Val\u00e9rie LE MEUR","article_published_time":"2022-03-17T10:47:30+00:00","article_modified_time":"2025-09-27T15:06:05+00:00","og_image":[{"width":2560,"height":2546,"url":"https:\/\/www.valerielemeur.com\/wp-content\/uploads\/2023\/01\/Un-chateauLEMEUR-230228-2631-scaled.jpg","type":"image\/jpeg"}],"author":"VLM","twitter_card":"summary_large_image","twitter_misc":{"Written by":"VLM"},"schema":{"@context":"https:\/\/schema.org","@graph":[{"@type":"Article","@id":"https:\/\/www.valerielemeur.com\/un-chateau-en-espagne\/#article","isPartOf":{"@id":"https:\/\/www.valerielemeur.com\/un-chateau-en-espagne\/"},"author":{"name":"VLM","@id":"https:\/\/www.valerielemeur.com\/#\/schema\/person\/988a7c5b4614f08d4a29788db12b10bb"},"headline":"Un ch\u00e2teau en Espagne- sold","datePublished":"2022-03-17T10:47:30+00:00","dateModified":"2025-09-27T15:06:05+00:00","mainEntityOfPage":{"@id":"https:\/\/www.valerielemeur.com\/un-chateau-en-espagne\/"},"wordCount":455,"publisher":{"@id":"https:\/\/www.valerielemeur.com\/#organization"},"image":{"@id":"https:\/\/www.valerielemeur.com\/un-chateau-en-espagne\/#primaryimage"},"thumbnailUrl":"https:\/\/www.valerielemeur.com\/wp-content\/uploads\/2023\/01\/Un-chateauLEMEUR-230228-2631-scaled.jpg","keywords":["1800+shipping"],"articleSection":["S\u00e9ville, Spain","Tableau","Tableaux vendus"],"inLanguage":"en-GB"},{"@type":"WebPage","@id":"https:\/\/www.valerielemeur.com\/un-chateau-en-espagne\/","url":"https:\/\/www.valerielemeur.com\/un-chateau-en-espagne\/","name":"Un ch\u00e2teau en Espagne- sold - Val\u00e9rie LE MEUR","isPartOf":{"@id":"https:\/\/www.valerielemeur.com\/#website"},"primaryImageOfPage":{"@id":"https:\/\/www.valerielemeur.com\/un-chateau-en-espagne\/#primaryimage"},"image":{"@id":"https:\/\/www.valerielemeur.com\/un-chateau-en-espagne\/#primaryimage"},"thumbnailUrl":"https:\/\/www.valerielemeur.com\/wp-content\/uploads\/2023\/01\/Un-chateauLEMEUR-230228-2631-scaled.jpg","datePublished":"2022-03-17T10:47:30+00:00","dateModified":"2025-09-27T15:06:05+00:00","description":"Val\u00e9rie LE MEUR Un ch\u00e2teau en Espagne- sold Tableau -","breadcrumb":{"@id":"https:\/\/www.valerielemeur.com\/un-chateau-en-espagne\/#breadcrumb"},"inLanguage":"en-GB","potentialAction":[{"@type":"ReadAction","target":["https:\/\/www.valerielemeur.com\/un-chateau-en-espagne\/"]}]},{"@type":"ImageObject","inLanguage":"en-GB","@id":"https:\/\/www.valerielemeur.com\/un-chateau-en-espagne\/#primaryimage","url":"https:\/\/www.valerielemeur.com\/wp-content\/uploads\/2023\/01\/Un-chateauLEMEUR-230228-2631-scaled.jpg","contentUrl":"https:\/\/www.valerielemeur.com\/wp-content\/uploads\/2023\/01\/Un-chateauLEMEUR-230228-2631-scaled.jpg","width":2560,"height":2546},{"@type":"BreadcrumbList","@id":"https:\/\/www.valerielemeur.com\/un-chateau-en-espagne\/#breadcrumb","itemListElement":[{"@type":"ListItem","position":1,"name":"Accueil","item":"https:\/\/www.valerielemeur.com\/"},{"@type":"ListItem","position":2,"name":"Un ch\u00e2teau en Espagne- sold"}]},{"@type":"WebSite","@id":"https:\/\/www.valerielemeur.com\/#website","url":"https:\/\/www.valerielemeur.com\/","name":"Val\u00e9rie LE MEUR","description":"Painter","publisher":{"@id":"https:\/\/www.valerielemeur.com\/#organization"},"potentialAction":[{"@type":"SearchAction","target":{"@type":"EntryPoint","urlTemplate":"https:\/\/www.valerielemeur.com\/?s={search_term_string}"},"query-input":{"@type":"PropertyValueSpecification","valueRequired":true,"valueName":"search_term_string"}}],"inLanguage":"en-GB"},{"@type":"Organization","@id":"https:\/\/www.valerielemeur.com\/#organization","name":"valerie le meur","url":"https:\/\/www.valerielemeur.com\/","logo":{"@type":"ImageObject","inLanguage":"en-GB","@id":"https:\/\/www.valerielemeur.com\/#\/schema\/logo\/image\/","url":"https:\/\/www.valerielemeur.com\/wp-content\/uploads\/2020\/07\/photo-CV-sun.jpg","contentUrl":"https:\/\/www.valerielemeur.com\/wp-content\/uploads\/2020\/07\/photo-CV-sun.jpg","width":2373,"height":2373,"caption":"valerie le meur"},"image":{"@id":"https:\/\/www.valerielemeur.com\/#\/schema\/logo\/image\/"}},{"@type":"Person","@id":"https:\/\/www.valerielemeur.com\/#\/schema\/person\/988a7c5b4614f08d4a29788db12b10bb","name":"VLM","image":{"@type":"ImageObject","inLanguage":"en-GB","@id":"https:\/\/secure.gravatar.com\/avatar\/5d623c2f60da6da613f8db4cef8422938a352a814a1ad2edc307f53256aa32c2?s=96&d=mm&r=g","url":"https:\/\/secure.gravatar.com\/avatar\/5d623c2f60da6da613f8db4cef8422938a352a814a1ad2edc307f53256aa32c2?s=96&d=mm&r=g","contentUrl":"https:\/\/secure.gravatar.com\/avatar\/5d623c2f60da6da613f8db4cef8422938a352a814a1ad2edc307f53256aa32c2?s=96&d=mm&r=g","caption":"VLM"},"sameAs":["https:\/\/www.valerielemeur.com"],"url":"https:\/\/www.valerielemeur.com\/en\/author\/vlm\/"}]}},"jetpack_featured_media_url":"https:\/\/www.valerielemeur.com\/wp-content\/uploads\/2023\/01\/Un-chateauLEMEUR-230228-2631-scaled.jpg","uagb_featured_image_src":{"full":["https:\/\/www.valerielemeur.com\/wp-content\/uploads\/2023\/01\/Un-chateauLEMEUR-230228-2631-scaled.jpg",2560,2546,false],"thumbnail":["https:\/\/www.valerielemeur.com\/wp-content\/uploads\/2023\/01\/Un-chateauLEMEUR-230228-2631-150x150.jpg",150,150,true],"medium":["https:\/\/www.valerielemeur.com\/wp-content\/uploads\/2023\/01\/Un-chateauLEMEUR-230228-2631-300x298.jpg",300,298,true],"medium_large":["https:\/\/www.valerielemeur.com\/wp-content\/uploads\/2023\/01\/Un-chateauLEMEUR-230228-2631-768x764.jpg",768,764,true],"large":["https:\/\/www.valerielemeur.com\/wp-content\/uploads\/2023\/01\/Un-chateauLEMEUR-230228-2631-1024x1019.jpg",1024,1019,true],"1536x1536":["https:\/\/www.valerielemeur.com\/wp-content\/uploads\/2023\/01\/Un-chateauLEMEUR-230228-2631-1536x1528.jpg",1536,1528,true],"2048x2048":["https:\/\/www.valerielemeur.com\/wp-content\/uploads\/2023\/01\/Un-chateauLEMEUR-230228-2631-2048x2037.jpg",2048,2037,true],"trp-custom-language-flag":["https:\/\/www.valerielemeur.com\/wp-content\/uploads\/2023\/01\/Un-chateauLEMEUR-230228-2631-12x12.jpg",12,12,true]},"uagb_author_info":{"display_name":"VLM","author_link":"https:\/\/www.valerielemeur.com\/en\/author\/vlm\/"},"uagb_comment_info":0,"uagb_excerpt":"Salon des Artistes Fran\u00e7ais 2023 Salon des Artistes Fran\u00e7ais -2023 Acrylique sur toile tendue chassis bois Taille : 80 H\/80L\/2 cm 2000\u20ac +tr Laissons entrer les couleurs, oublions tous nos soucis. R\u00eavons d\u2019un ch\u00e2teau en Espagne, au soleil, dans la lumi\u00e8re d\u2019une journ\u00e9e d\u2019\u00e9t\u00e9. Dans une \u00e9poque toujours plus angoissante, o\u00f9 les mauvaises nouvelles se&hellip;","jetpack_sharing_enabled":true,"_links":{"self":[{"href":"https:\/\/www.valerielemeur.com\/en\/wp-json\/wp\/v2\/posts\/3997","targetHints":{"allow":["GET"]}}],"collection":[{"href":"https:\/\/www.valerielemeur.com\/en\/wp-json\/wp\/v2\/posts"}],"about":[{"href":"https:\/\/www.valerielemeur.com\/en\/wp-json\/wp\/v2\/types\/post"}],"author":[{"embeddable":true,"href":"https:\/\/www.valerielemeur.com\/en\/wp-json\/wp\/v2\/users\/1"}],"replies":[{"embeddable":true,"href":"https:\/\/www.valerielemeur.com\/en\/wp-json\/wp\/v2\/comments?post=3997"}],"version-history":[{"count":9,"href":"https:\/\/www.valerielemeur.com\/en\/wp-json\/wp\/v2\/posts\/3997\/revisions"}],"predecessor-version":[{"id":5274,"href":"https:\/\/www.valerielemeur.com\/en\/wp-json\/wp\/v2\/posts\/3997\/revisions\/5274"}],"wp:featuredmedia":[{"embeddable":true,"href":"https:\/\/www.valerielemeur.com\/en\/wp-json\/wp\/v2\/media\/4882"}],"wp:attachment":[{"href":"https:\/\/www.valerielemeur.com\/en\/wp-json\/wp\/v2\/media?parent=3997"}],"wp:term":[{"taxonomy":"category","embeddable":true,"href":"https:\/\/www.valerielemeur.com\/en\/wp-json\/wp\/v2\/categories?post=3997"},{"taxonomy":"post_tag","embeddable":true,"href":"https:\/\/www.valerielemeur.com\/en\/wp-json\/wp\/v2\/tags?post=3997"}],"curies":[{"name":"wp","href":"https:\/\/api.w.org\/{rel}","templated":true}]}}