{"id":4098,"date":"2022-05-04T13:26:09","date_gmt":"2022-05-04T13:26:09","guid":{"rendered":"https:\/\/www.valerielemeur.com\/?p=4098"},"modified":"2025-09-28T09:21:01","modified_gmt":"2025-09-28T09:21:01","slug":"le-salut-final-sold","status":"publish","type":"post","link":"https:\/\/www.valerielemeur.com\/en\/le-salut-final-sold\/","title":{"rendered":"Le salut final- SOLD"},"content":{"rendered":"<figure class=\"wp-block-image size-full\"><img loading=\"lazy\" decoding=\"async\" width=\"2560\" height=\"1308\" src=\"https:\/\/www.valerielemeur.com\/wp-content\/uploads\/2022\/05\/6-le-salut-final-40-80-acryl-2022-800E-scaled.jpg\" alt=\"\" class=\"wp-image-4100\" srcset=\"https:\/\/www.valerielemeur.com\/wp-content\/uploads\/2022\/05\/6-le-salut-final-40-80-acryl-2022-800E-scaled.jpg 2560w, https:\/\/www.valerielemeur.com\/wp-content\/uploads\/2022\/05\/6-le-salut-final-40-80-acryl-2022-800E-300x153.jpg 300w, https:\/\/www.valerielemeur.com\/wp-content\/uploads\/2022\/05\/6-le-salut-final-40-80-acryl-2022-800E-1024x523.jpg 1024w, https:\/\/www.valerielemeur.com\/wp-content\/uploads\/2022\/05\/6-le-salut-final-40-80-acryl-2022-800E-768x392.jpg 768w, https:\/\/www.valerielemeur.com\/wp-content\/uploads\/2022\/05\/6-le-salut-final-40-80-acryl-2022-800E-1536x785.jpg 1536w, https:\/\/www.valerielemeur.com\/wp-content\/uploads\/2022\/05\/6-le-salut-final-40-80-acryl-2022-800E-2048x1046.jpg 2048w, https:\/\/www.valerielemeur.com\/wp-content\/uploads\/2022\/05\/6-le-salut-final-40-80-acryl-2022-800E-18x9.jpg 18w\" sizes=\"auto, (max-width: 2560px) 100vw, 2560px\" \/><\/figure>\n\n\n\n<div class=\"wp-block-columns is-layout-flex wp-container-core-columns-is-layout-28f84493 wp-block-columns-is-layout-flex\">\n<div class=\"wp-block-column is-layout-flow wp-block-column-is-layout-flow\"><\/div>\n\n\n\n<div class=\"wp-block-column is-layout-flow wp-block-column-is-layout-flow\">\n<p class=\"has-vivid-cyan-blue-color has-text-color has-medium-font-size\">Payments possible in USD and GBP<\/p>\n\n\n\n<p class=\"has-vivid-cyan-blue-color has-text-color has-medium-font-size\">A night at the Opera -2-(Opera Garnier, Paris)<\/p>\n<\/div>\n<\/div>\n\n\n\n<div class=\"wp-block-columns is-layout-flex wp-container-core-columns-is-layout-28f84493 wp-block-columns-is-layout-flex\">\n<div class=\"wp-block-column is-layout-flow wp-block-column-is-layout-flow\">\n<p class=\"has-medium-font-size\">Acrylique sur toile tendue chassis bois : 900\u20ac <\/p>\n\n\n\n<p class=\"has-medium-font-size\">Taille : 40\/80\/2 cm<\/p>\n\n\n\n<p class=\"has-medium-font-size\">Le salut final, celui qui signale la fin de la pi\u00e8ce pour les spectateurs, la fin d&rsquo;une histoire pour les com\u00e9diens.<\/p>\n\n\n\n<p class=\"has-medium-font-size\">Le moment \u00e0 la fois de rel\u00e2chement pour les com\u00e9diens et le dernier moment de partage avec les spectateurs. <\/p>\n\n\n\n<p class=\"has-medium-font-size\">Le style pictural est rapide, dynamique et audacieux. Il est fait de couches successives, rapides. Le tableau est fait de petites touches de couleur pour lui donner un dynamisme, on est dans une \u00ab&nbsp;impression&nbsp;\u00bb, je ne cherche pas la r\u00e9alit\u00e9 mais une atmosph\u00e8re.&nbsp;<\/p>\n\n\n\n<p class=\"has-medium-font-size\">Le tableau est pr\u00eat \u00e0 accrocher au mur, il est prot\u00e9g\u00e9 par un vernis acrylique brillant qui fait ressortir l\u2019intensit\u00e9 des couleurs.<\/p>\n\n\n\n<p class=\"has-medium-font-size\"><br>Il est dat\u00e9, sign\u00e9 et d\u00e9livr\u00e9 avec un certificat d\u2019authenticit\u00e9 et une facture.<br>Les bords du tableau sont peints et prot\u00e9g\u00e9s par un ruban noir: pas besoin d\u2019encadrement.<\/p>\n\n\n\n<p class=\"has-medium-font-size\"> <\/p>\n\n\n\n<p class=\"has-medium-font-size\"><\/p>\n\n\n\n<p class=\"has-medium-font-size\"><\/p>\n\n\n\n<p class=\"has-medium-font-size\"><\/p>\n<\/div>\n\n\n\n<div class=\"wp-block-column is-layout-flow wp-block-column-is-layout-flow\">\n<p class=\"has-vivid-cyan-blue-color has-text-color has-medium-font-size\">Acrylic on stretched canvas wooden frame  900\u20ac <\/p>\n\n\n\n<p class=\"has-vivid-cyan-blue-color has-text-color has-medium-font-size\">Size: 40\/80\/2 cm    <\/p>\n\n\n\n<p class=\"has-vivid-cyan-blue-color has-text-color has-medium-font-size\">The end of the play when the actors and actresses release their emotions.<\/p>\n\n\n\n<p class=\"has-vivid-cyan-blue-color has-text-color has-medium-font-size\">It&rsquo;s a time in a show when they share something with the audience;<br>You know that it&rsquo;s the end of the play, they all go back behind the scene, you come back to your flat.<br>This is it, the end of a show, the end of a dream.<\/p>\n\n\n\n<p class=\"has-vivid-cyan-blue-color has-text-color has-medium-font-size\">My painting is made of thousands of multi-coloured touches of paint, sometimes imperceptible: these little impressionism touches give the painting an atmosphere. I don\u2019t want to make it realistic. &nbsp;&nbsp;&nbsp;<\/p>\n\n\n\n<p class=\"has-vivid-cyan-blue-color has-text-color has-medium-font-size\">Acrylic on stretched canvas on wooden frame, protected by an bright acrylic varnish, to enhance the colours.<\/p>\n\n\n\n<p class=\"has-vivid-cyan-blue-color has-text-color has-medium-font-size\">The sides of the painting are painted and protected by a black ribbon: no need to frame.<\/p>\n\n\n\n<p class=\"has-vivid-cyan-blue-color has-text-color has-medium-font-size\"><br><\/p>\n\n\n\n<p class=\"has-vivid-cyan-blue-color has-text-color has-medium-font-size\"><\/p>\n\n\n\n<p class=\"has-vivid-cyan-blue-color has-text-color has-medium-font-size\"><\/p>\n\n\n\n<p class=\"has-vivid-cyan-blue-color has-text-color has-medium-font-size\"><\/p>\n\n\n\n<p class=\"has-vivid-cyan-blue-color has-text-color has-medium-font-size\"><br><\/p>\n\n\n\n<p class=\"has-vivid-cyan-blue-color has-text-color has-medium-font-size\">.<\/p>\n<\/div>\n<\/div>\n\n\n\n<figure class=\"wp-block-image size-medium\"><img loading=\"lazy\" decoding=\"async\" width=\"300\" height=\"269\" src=\"https:\/\/www.valerielemeur.com\/wp-content\/uploads\/2022\/01\/une-nuit-a-lopera-detail1-300x269.jpg\" alt=\"\" class=\"wp-image-3869\" srcset=\"https:\/\/www.valerielemeur.com\/wp-content\/uploads\/2022\/01\/une-nuit-a-lopera-detail1-300x269.jpg 300w, https:\/\/www.valerielemeur.com\/wp-content\/uploads\/2022\/01\/une-nuit-a-lopera-detail1-1024x919.jpg 1024w, https:\/\/www.valerielemeur.com\/wp-content\/uploads\/2022\/01\/une-nuit-a-lopera-detail1-768x690.jpg 768w, https:\/\/www.valerielemeur.com\/wp-content\/uploads\/2022\/01\/une-nuit-a-lopera-detail1-1536x1379.jpg 1536w, https:\/\/www.valerielemeur.com\/wp-content\/uploads\/2022\/01\/une-nuit-a-lopera-detail1-2048x1839.jpg 2048w, https:\/\/www.valerielemeur.com\/wp-content\/uploads\/2022\/01\/une-nuit-a-lopera-detail1-13x12.jpg 13w\" sizes=\"auto, (max-width: 300px) 100vw, 300px\" \/><figcaption>detail 1: d\u00e9tail du tableau<\/figcaption><\/figure>\n\n\n\n<figure class=\"wp-block-image size-medium\"><img loading=\"lazy\" decoding=\"async\" width=\"275\" height=\"300\" src=\"https:\/\/www.valerielemeur.com\/wp-content\/uploads\/2022\/01\/une-nuit-a-lopera-detail2-275x300.jpg\" alt=\"\" class=\"wp-image-3870\" srcset=\"https:\/\/www.valerielemeur.com\/wp-content\/uploads\/2022\/01\/une-nuit-a-lopera-detail2-275x300.jpg 275w, https:\/\/www.valerielemeur.com\/wp-content\/uploads\/2022\/01\/une-nuit-a-lopera-detail2-938x1024.jpg 938w, https:\/\/www.valerielemeur.com\/wp-content\/uploads\/2022\/01\/une-nuit-a-lopera-detail2-768x839.jpg 768w, https:\/\/www.valerielemeur.com\/wp-content\/uploads\/2022\/01\/une-nuit-a-lopera-detail2-1406x1536.jpg 1406w, https:\/\/www.valerielemeur.com\/wp-content\/uploads\/2022\/01\/une-nuit-a-lopera-detail2-1875x2048.jpg 1875w, https:\/\/www.valerielemeur.com\/wp-content\/uploads\/2022\/01\/une-nuit-a-lopera-detail2-11x12.jpg 11w\" sizes=\"auto, (max-width: 275px) 100vw, 275px\" \/><\/figure>","protected":false},"excerpt":{"rendered":"<p>Payments possible in USD and GBP A night at the Opera -2-(Opera Garnier, Paris) Acrylique sur toile tendue chassis bois : 900\u20ac Taille : 40\/80\/2 cm Le salut final, celui qui signale la fin de la pi\u00e8ce pour les spectateurs, la fin d&rsquo;une histoire pour les com\u00e9diens. Le moment \u00e0 la fois de rel\u00e2chement pour [&hellip;]<\/p>\n","protected":false},"author":1,"featured_media":4100,"comment_status":"closed","ping_status":"closed","sticky":false,"template":"","format":"gallery","meta":{"_uag_custom_page_level_css":"","site-sidebar-layout":"default","site-content-layout":null,"ast-site-content-layout":"default","site-content-style":"default","site-sidebar-style":"default","ast-global-header-display":"","ast-banner-title-visibility":"","ast-main-header-display":"","ast-hfb-above-header-display":null,"ast-hfb-below-header-display":null,"ast-hfb-mobile-header-display":null,"site-post-title":"enabled","ast-breadcrumbs-content":null,"ast-featured-img":"disabled","footer-sml-layout":"","ast-disable-related-posts":"","theme-transparent-header-meta":"enabled","adv-header-id-meta":null,"stick-header-meta":null,"header-above-stick-meta":null,"header-main-stick-meta":null,"header-below-stick-meta":null,"astra-migrate-meta-layouts":"default","ast-page-background-enabled":"default","ast-page-background-meta":{"desktop":{"background-color":"","background-image":"","background-repeat":"repeat","background-position":"center center","background-size":"auto","background-attachment":"scroll","background-type":"","background-media":"","overlay-type":"","overlay-color":"","overlay-opacity":"","overlay-gradient":""},"tablet":{"background-color":"","background-image":"","background-repeat":"repeat","background-position":"center center","background-size":"auto","background-attachment":"scroll","background-type":"","background-media":"","overlay-type":"","overlay-color":"","overlay-opacity":"","overlay-gradient":""},"mobile":{"background-color":"","background-image":"","background-repeat":"repeat","background-position":"center center","background-size":"auto","background-attachment":"scroll","background-type":"","background-media":"","overlay-type":"","overlay-color":"","overlay-opacity":"","overlay-gradient":""}},"ast-content-background-meta":{"desktop":{"background-color":"var(--ast-global-color-5)","background-image":"","background-repeat":"repeat","background-position":"center center","background-size":"auto","background-attachment":"scroll","background-type":"","background-media":"","overlay-type":"","overlay-color":"","overlay-opacity":"","overlay-gradient":""},"tablet":{"background-color":"var(--ast-global-color-5)","background-image":"","background-repeat":"repeat","background-position":"center center","background-size":"auto","background-attachment":"scroll","background-type":"","background-media":"","overlay-type":"","overlay-color":"","overlay-opacity":"","overlay-gradient":""},"mobile":{"background-color":"var(--ast-global-color-5)","background-image":"","background-repeat":"repeat","background-position":"center center","background-size":"auto","background-attachment":"scroll","background-type":"","background-media":"","overlay-type":"","overlay-color":"","overlay-opacity":"","overlay-gradient":""}},"_jetpack_memberships_contains_paid_content":false,"footnotes":""},"categories":[41,264],"tags":[187],"class_list":["post-4098","post","type-post","status-publish","format-gallery","has-post-thumbnail","hentry","category-painting","category-tableaux-vendus","tag-187","post_format-post-format-gallery"],"yoast_head":"<!-- This site is optimized with the Yoast SEO plugin v27.4 - https:\/\/yoast.com\/product\/yoast-seo-wordpress\/ -->\n<title>Le salut final- SOLD - Val\u00e9rie LE MEUR<\/title>\n<meta name=\"description\" content=\"Val\u00e9rie LE MEUR Le salut final- SOLD Tableau -\" \/>\n<meta name=\"robots\" content=\"index, follow, max-snippet:-1, max-image-preview:large, max-video-preview:-1\" \/>\n<link rel=\"canonical\" href=\"https:\/\/www.valerielemeur.com\/en\/le-salut-final-sold\/\" \/>\n<meta property=\"og:locale\" content=\"en_GB\" \/>\n<meta property=\"og:type\" content=\"article\" \/>\n<meta property=\"og:title\" content=\"Le salut final- SOLD - Val\u00e9rie LE MEUR\" \/>\n<meta property=\"og:description\" content=\"Val\u00e9rie LE MEUR Le salut final- SOLD Tableau -\" \/>\n<meta property=\"og:url\" content=\"https:\/\/www.valerielemeur.com\/en\/le-salut-final-sold\/\" \/>\n<meta property=\"og:site_name\" content=\"Val\u00e9rie LE MEUR\" \/>\n<meta property=\"article:published_time\" content=\"2022-05-04T13:26:09+00:00\" \/>\n<meta property=\"article:modified_time\" content=\"2025-09-28T09:21:01+00:00\" \/>\n<meta property=\"og:image\" content=\"https:\/\/www.valerielemeur.com\/wp-content\/uploads\/2022\/05\/6-le-salut-final-40-80-acryl-2022-800E-scaled.jpg\" \/>\n\t<meta property=\"og:image:width\" content=\"2560\" \/>\n\t<meta property=\"og:image:height\" content=\"1308\" \/>\n\t<meta property=\"og:image:type\" content=\"image\/jpeg\" \/>\n<meta name=\"author\" content=\"VLM\" \/>\n<meta name=\"twitter:card\" content=\"summary_large_image\" \/>\n<meta name=\"twitter:label1\" content=\"Written by\" \/>\n\t<meta name=\"twitter:data1\" content=\"VLM\" \/>\n\t<meta name=\"twitter:label2\" content=\"Estimated reading time\" \/>\n\t<meta name=\"twitter:data2\" content=\"3 minutes\" \/>\n<script type=\"application\/ld+json\" class=\"yoast-schema-graph\">{\"@context\":\"https:\\\/\\\/schema.org\",\"@graph\":[{\"@type\":\"Article\",\"@id\":\"https:\\\/\\\/www.valerielemeur.com\\\/le-salut-final-sold\\\/#article\",\"isPartOf\":{\"@id\":\"https:\\\/\\\/www.valerielemeur.com\\\/le-salut-final-sold\\\/\"},\"author\":{\"name\":\"VLM\",\"@id\":\"https:\\\/\\\/www.valerielemeur.com\\\/#\\\/schema\\\/person\\\/988a7c5b4614f08d4a29788db12b10bb\"},\"headline\":\"Le salut final- SOLD\",\"datePublished\":\"2022-05-04T13:26:09+00:00\",\"dateModified\":\"2025-09-28T09:21:01+00:00\",\"mainEntityOfPage\":{\"@id\":\"https:\\\/\\\/www.valerielemeur.com\\\/le-salut-final-sold\\\/\"},\"wordCount\":320,\"publisher\":{\"@id\":\"https:\\\/\\\/www.valerielemeur.com\\\/#organization\"},\"image\":{\"@id\":\"https:\\\/\\\/www.valerielemeur.com\\\/le-salut-final-sold\\\/#primaryimage\"},\"thumbnailUrl\":\"https:\\\/\\\/www.valerielemeur.com\\\/wp-content\\\/uploads\\\/2022\\\/05\\\/6-le-salut-final-40-80-acryl-2022-800E-scaled.jpg\",\"keywords\":[\"900\"],\"articleSection\":[\"Tableau\",\"Tableaux vendus\"],\"inLanguage\":\"en-GB\"},{\"@type\":\"WebPage\",\"@id\":\"https:\\\/\\\/www.valerielemeur.com\\\/le-salut-final-sold\\\/\",\"url\":\"https:\\\/\\\/www.valerielemeur.com\\\/le-salut-final-sold\\\/\",\"name\":\"Le salut final- SOLD - Val\u00e9rie LE MEUR\",\"isPartOf\":{\"@id\":\"https:\\\/\\\/www.valerielemeur.com\\\/#website\"},\"primaryImageOfPage\":{\"@id\":\"https:\\\/\\\/www.valerielemeur.com\\\/le-salut-final-sold\\\/#primaryimage\"},\"image\":{\"@id\":\"https:\\\/\\\/www.valerielemeur.com\\\/le-salut-final-sold\\\/#primaryimage\"},\"thumbnailUrl\":\"https:\\\/\\\/www.valerielemeur.com\\\/wp-content\\\/uploads\\\/2022\\\/05\\\/6-le-salut-final-40-80-acryl-2022-800E-scaled.jpg\",\"datePublished\":\"2022-05-04T13:26:09+00:00\",\"dateModified\":\"2025-09-28T09:21:01+00:00\",\"description\":\"Val\u00e9rie LE MEUR Le salut final- SOLD Tableau -\",\"breadcrumb\":{\"@id\":\"https:\\\/\\\/www.valerielemeur.com\\\/le-salut-final-sold\\\/#breadcrumb\"},\"inLanguage\":\"en-GB\",\"potentialAction\":[{\"@type\":\"ReadAction\",\"target\":[\"https:\\\/\\\/www.valerielemeur.com\\\/le-salut-final-sold\\\/\"]}]},{\"@type\":\"ImageObject\",\"inLanguage\":\"en-GB\",\"@id\":\"https:\\\/\\\/www.valerielemeur.com\\\/le-salut-final-sold\\\/#primaryimage\",\"url\":\"https:\\\/\\\/www.valerielemeur.com\\\/wp-content\\\/uploads\\\/2022\\\/05\\\/6-le-salut-final-40-80-acryl-2022-800E-scaled.jpg\",\"contentUrl\":\"https:\\\/\\\/www.valerielemeur.com\\\/wp-content\\\/uploads\\\/2022\\\/05\\\/6-le-salut-final-40-80-acryl-2022-800E-scaled.jpg\",\"width\":2560,\"height\":1308},{\"@type\":\"BreadcrumbList\",\"@id\":\"https:\\\/\\\/www.valerielemeur.com\\\/le-salut-final-sold\\\/#breadcrumb\",\"itemListElement\":[{\"@type\":\"ListItem\",\"position\":1,\"name\":\"Accueil\",\"item\":\"https:\\\/\\\/www.valerielemeur.com\\\/\"},{\"@type\":\"ListItem\",\"position\":2,\"name\":\"Le salut final- SOLD\"}]},{\"@type\":\"WebSite\",\"@id\":\"https:\\\/\\\/www.valerielemeur.com\\\/#website\",\"url\":\"https:\\\/\\\/www.valerielemeur.com\\\/\",\"name\":\"Val\u00e9rie LE MEUR\",\"description\":\"Artiste Peintre\",\"publisher\":{\"@id\":\"https:\\\/\\\/www.valerielemeur.com\\\/#organization\"},\"potentialAction\":[{\"@type\":\"SearchAction\",\"target\":{\"@type\":\"EntryPoint\",\"urlTemplate\":\"https:\\\/\\\/www.valerielemeur.com\\\/?s={search_term_string}\"},\"query-input\":{\"@type\":\"PropertyValueSpecification\",\"valueRequired\":true,\"valueName\":\"search_term_string\"}}],\"inLanguage\":\"en-GB\"},{\"@type\":\"Organization\",\"@id\":\"https:\\\/\\\/www.valerielemeur.com\\\/#organization\",\"name\":\"valerie le meur\",\"url\":\"https:\\\/\\\/www.valerielemeur.com\\\/\",\"logo\":{\"@type\":\"ImageObject\",\"inLanguage\":\"en-GB\",\"@id\":\"https:\\\/\\\/www.valerielemeur.com\\\/#\\\/schema\\\/logo\\\/image\\\/\",\"url\":\"https:\\\/\\\/www.valerielemeur.com\\\/wp-content\\\/uploads\\\/2020\\\/07\\\/photo-CV-sun.jpg\",\"contentUrl\":\"https:\\\/\\\/www.valerielemeur.com\\\/wp-content\\\/uploads\\\/2020\\\/07\\\/photo-CV-sun.jpg\",\"width\":2373,\"height\":2373,\"caption\":\"valerie le meur\"},\"image\":{\"@id\":\"https:\\\/\\\/www.valerielemeur.com\\\/#\\\/schema\\\/logo\\\/image\\\/\"}},{\"@type\":\"Person\",\"@id\":\"https:\\\/\\\/www.valerielemeur.com\\\/#\\\/schema\\\/person\\\/988a7c5b4614f08d4a29788db12b10bb\",\"name\":\"VLM\",\"image\":{\"@type\":\"ImageObject\",\"inLanguage\":\"en-GB\",\"@id\":\"https:\\\/\\\/secure.gravatar.com\\\/avatar\\\/5d623c2f60da6da613f8db4cef8422938a352a814a1ad2edc307f53256aa32c2?s=96&d=mm&r=g\",\"url\":\"https:\\\/\\\/secure.gravatar.com\\\/avatar\\\/5d623c2f60da6da613f8db4cef8422938a352a814a1ad2edc307f53256aa32c2?s=96&d=mm&r=g\",\"contentUrl\":\"https:\\\/\\\/secure.gravatar.com\\\/avatar\\\/5d623c2f60da6da613f8db4cef8422938a352a814a1ad2edc307f53256aa32c2?s=96&d=mm&r=g\",\"caption\":\"VLM\"},\"sameAs\":[\"https:\\\/\\\/www.valerielemeur.com\"],\"url\":\"https:\\\/\\\/www.valerielemeur.com\\\/en\\\/author\\\/vlm\\\/\"}]}<\/script>\n<!-- \/ Yoast SEO plugin. -->","yoast_head_json":{"title":"Le salut final- SOLD - Val\u00e9rie LE MEUR","description":"Val\u00e9rie LE MEUR Le salut final- SOLD Tableau -","robots":{"index":"index","follow":"follow","max-snippet":"max-snippet:-1","max-image-preview":"max-image-preview:large","max-video-preview":"max-video-preview:-1"},"canonical":"https:\/\/www.valerielemeur.com\/en\/le-salut-final-sold\/","og_locale":"en_GB","og_type":"article","og_title":"Le salut final- SOLD - Val\u00e9rie LE MEUR","og_description":"Val\u00e9rie LE MEUR Le salut final- SOLD Tableau -","og_url":"https:\/\/www.valerielemeur.com\/en\/le-salut-final-sold\/","og_site_name":"Val\u00e9rie LE MEUR","article_published_time":"2022-05-04T13:26:09+00:00","article_modified_time":"2025-09-28T09:21:01+00:00","og_image":[{"width":2560,"height":1308,"url":"https:\/\/www.valerielemeur.com\/wp-content\/uploads\/2022\/05\/6-le-salut-final-40-80-acryl-2022-800E-scaled.jpg","type":"image\/jpeg"}],"author":"VLM","twitter_card":"summary_large_image","twitter_misc":{"Written by":"VLM","Estimated reading time":"3 minutes"},"schema":{"@context":"https:\/\/schema.org","@graph":[{"@type":"Article","@id":"https:\/\/www.valerielemeur.com\/le-salut-final-sold\/#article","isPartOf":{"@id":"https:\/\/www.valerielemeur.com\/le-salut-final-sold\/"},"author":{"name":"VLM","@id":"https:\/\/www.valerielemeur.com\/#\/schema\/person\/988a7c5b4614f08d4a29788db12b10bb"},"headline":"Le salut final- SOLD","datePublished":"2022-05-04T13:26:09+00:00","dateModified":"2025-09-28T09:21:01+00:00","mainEntityOfPage":{"@id":"https:\/\/www.valerielemeur.com\/le-salut-final-sold\/"},"wordCount":320,"publisher":{"@id":"https:\/\/www.valerielemeur.com\/#organization"},"image":{"@id":"https:\/\/www.valerielemeur.com\/le-salut-final-sold\/#primaryimage"},"thumbnailUrl":"https:\/\/www.valerielemeur.com\/wp-content\/uploads\/2022\/05\/6-le-salut-final-40-80-acryl-2022-800E-scaled.jpg","keywords":["900"],"articleSection":["Tableau","Tableaux vendus"],"inLanguage":"en-GB"},{"@type":"WebPage","@id":"https:\/\/www.valerielemeur.com\/le-salut-final-sold\/","url":"https:\/\/www.valerielemeur.com\/le-salut-final-sold\/","name":"Le salut final- SOLD - Val\u00e9rie LE MEUR","isPartOf":{"@id":"https:\/\/www.valerielemeur.com\/#website"},"primaryImageOfPage":{"@id":"https:\/\/www.valerielemeur.com\/le-salut-final-sold\/#primaryimage"},"image":{"@id":"https:\/\/www.valerielemeur.com\/le-salut-final-sold\/#primaryimage"},"thumbnailUrl":"https:\/\/www.valerielemeur.com\/wp-content\/uploads\/2022\/05\/6-le-salut-final-40-80-acryl-2022-800E-scaled.jpg","datePublished":"2022-05-04T13:26:09+00:00","dateModified":"2025-09-28T09:21:01+00:00","description":"Val\u00e9rie LE MEUR Le salut final- SOLD Tableau -","breadcrumb":{"@id":"https:\/\/www.valerielemeur.com\/le-salut-final-sold\/#breadcrumb"},"inLanguage":"en-GB","potentialAction":[{"@type":"ReadAction","target":["https:\/\/www.valerielemeur.com\/le-salut-final-sold\/"]}]},{"@type":"ImageObject","inLanguage":"en-GB","@id":"https:\/\/www.valerielemeur.com\/le-salut-final-sold\/#primaryimage","url":"https:\/\/www.valerielemeur.com\/wp-content\/uploads\/2022\/05\/6-le-salut-final-40-80-acryl-2022-800E-scaled.jpg","contentUrl":"https:\/\/www.valerielemeur.com\/wp-content\/uploads\/2022\/05\/6-le-salut-final-40-80-acryl-2022-800E-scaled.jpg","width":2560,"height":1308},{"@type":"BreadcrumbList","@id":"https:\/\/www.valerielemeur.com\/le-salut-final-sold\/#breadcrumb","itemListElement":[{"@type":"ListItem","position":1,"name":"Accueil","item":"https:\/\/www.valerielemeur.com\/"},{"@type":"ListItem","position":2,"name":"Le salut final- SOLD"}]},{"@type":"WebSite","@id":"https:\/\/www.valerielemeur.com\/#website","url":"https:\/\/www.valerielemeur.com\/","name":"Val\u00e9rie LE MEUR","description":"Painter","publisher":{"@id":"https:\/\/www.valerielemeur.com\/#organization"},"potentialAction":[{"@type":"SearchAction","target":{"@type":"EntryPoint","urlTemplate":"https:\/\/www.valerielemeur.com\/?s={search_term_string}"},"query-input":{"@type":"PropertyValueSpecification","valueRequired":true,"valueName":"search_term_string"}}],"inLanguage":"en-GB"},{"@type":"Organization","@id":"https:\/\/www.valerielemeur.com\/#organization","name":"valerie le meur","url":"https:\/\/www.valerielemeur.com\/","logo":{"@type":"ImageObject","inLanguage":"en-GB","@id":"https:\/\/www.valerielemeur.com\/#\/schema\/logo\/image\/","url":"https:\/\/www.valerielemeur.com\/wp-content\/uploads\/2020\/07\/photo-CV-sun.jpg","contentUrl":"https:\/\/www.valerielemeur.com\/wp-content\/uploads\/2020\/07\/photo-CV-sun.jpg","width":2373,"height":2373,"caption":"valerie le meur"},"image":{"@id":"https:\/\/www.valerielemeur.com\/#\/schema\/logo\/image\/"}},{"@type":"Person","@id":"https:\/\/www.valerielemeur.com\/#\/schema\/person\/988a7c5b4614f08d4a29788db12b10bb","name":"VLM","image":{"@type":"ImageObject","inLanguage":"en-GB","@id":"https:\/\/secure.gravatar.com\/avatar\/5d623c2f60da6da613f8db4cef8422938a352a814a1ad2edc307f53256aa32c2?s=96&d=mm&r=g","url":"https:\/\/secure.gravatar.com\/avatar\/5d623c2f60da6da613f8db4cef8422938a352a814a1ad2edc307f53256aa32c2?s=96&d=mm&r=g","contentUrl":"https:\/\/secure.gravatar.com\/avatar\/5d623c2f60da6da613f8db4cef8422938a352a814a1ad2edc307f53256aa32c2?s=96&d=mm&r=g","caption":"VLM"},"sameAs":["https:\/\/www.valerielemeur.com"],"url":"https:\/\/www.valerielemeur.com\/en\/author\/vlm\/"}]}},"jetpack_featured_media_url":"https:\/\/www.valerielemeur.com\/wp-content\/uploads\/2022\/05\/6-le-salut-final-40-80-acryl-2022-800E-scaled.jpg","uagb_featured_image_src":{"full":["https:\/\/www.valerielemeur.com\/wp-content\/uploads\/2022\/05\/6-le-salut-final-40-80-acryl-2022-800E-scaled.jpg",2560,1308,false],"thumbnail":["https:\/\/www.valerielemeur.com\/wp-content\/uploads\/2022\/05\/6-le-salut-final-40-80-acryl-2022-800E-150x150.jpg",150,150,true],"medium":["https:\/\/www.valerielemeur.com\/wp-content\/uploads\/2022\/05\/6-le-salut-final-40-80-acryl-2022-800E-300x153.jpg",300,153,true],"medium_large":["https:\/\/www.valerielemeur.com\/wp-content\/uploads\/2022\/05\/6-le-salut-final-40-80-acryl-2022-800E-768x392.jpg",768,392,true],"large":["https:\/\/www.valerielemeur.com\/wp-content\/uploads\/2022\/05\/6-le-salut-final-40-80-acryl-2022-800E-1024x523.jpg",1024,523,true],"1536x1536":["https:\/\/www.valerielemeur.com\/wp-content\/uploads\/2022\/05\/6-le-salut-final-40-80-acryl-2022-800E-1536x785.jpg",1536,785,true],"2048x2048":["https:\/\/www.valerielemeur.com\/wp-content\/uploads\/2022\/05\/6-le-salut-final-40-80-acryl-2022-800E-2048x1046.jpg",2048,1046,true],"trp-custom-language-flag":["https:\/\/www.valerielemeur.com\/wp-content\/uploads\/2022\/05\/6-le-salut-final-40-80-acryl-2022-800E-18x9.jpg",18,9,true]},"uagb_author_info":{"display_name":"VLM","author_link":"https:\/\/www.valerielemeur.com\/en\/author\/vlm\/"},"uagb_comment_info":0,"uagb_excerpt":"Payments possible in USD and GBP A night at the Opera -2-(Opera Garnier, Paris) Acrylique sur toile tendue chassis bois : 900\u20ac Taille : 40\/80\/2 cm Le salut final, celui qui signale la fin de la pi\u00e8ce pour les spectateurs, la fin d&rsquo;une histoire pour les com\u00e9diens. Le moment \u00e0 la fois de rel\u00e2chement pour&hellip;","jetpack_sharing_enabled":true,"_links":{"self":[{"href":"https:\/\/www.valerielemeur.com\/en\/wp-json\/wp\/v2\/posts\/4098","targetHints":{"allow":["GET"]}}],"collection":[{"href":"https:\/\/www.valerielemeur.com\/en\/wp-json\/wp\/v2\/posts"}],"about":[{"href":"https:\/\/www.valerielemeur.com\/en\/wp-json\/wp\/v2\/types\/post"}],"author":[{"embeddable":true,"href":"https:\/\/www.valerielemeur.com\/en\/wp-json\/wp\/v2\/users\/1"}],"replies":[{"embeddable":true,"href":"https:\/\/www.valerielemeur.com\/en\/wp-json\/wp\/v2\/comments?post=4098"}],"version-history":[{"count":4,"href":"https:\/\/www.valerielemeur.com\/en\/wp-json\/wp\/v2\/posts\/4098\/revisions"}],"predecessor-version":[{"id":5076,"href":"https:\/\/www.valerielemeur.com\/en\/wp-json\/wp\/v2\/posts\/4098\/revisions\/5076"}],"wp:featuredmedia":[{"embeddable":true,"href":"https:\/\/www.valerielemeur.com\/en\/wp-json\/wp\/v2\/media\/4100"}],"wp:attachment":[{"href":"https:\/\/www.valerielemeur.com\/en\/wp-json\/wp\/v2\/media?parent=4098"}],"wp:term":[{"taxonomy":"category","embeddable":true,"href":"https:\/\/www.valerielemeur.com\/en\/wp-json\/wp\/v2\/categories?post=4098"},{"taxonomy":"post_tag","embeddable":true,"href":"https:\/\/www.valerielemeur.com\/en\/wp-json\/wp\/v2\/tags?post=4098"}],"curies":[{"name":"wp","href":"https:\/\/api.w.org\/{rel}","templated":true}]}}