{"id":4255,"date":"2022-08-04T12:19:53","date_gmt":"2022-08-04T12:19:53","guid":{"rendered":"https:\/\/www.valerielemeur.com\/?p=4255"},"modified":"2025-09-27T15:03:38","modified_gmt":"2025-09-27T15:03:38","slug":"une-nuit-a-lopera-3","status":"publish","type":"post","link":"https:\/\/www.valerielemeur.com\/en\/une-nuit-a-lopera-3\/","title":{"rendered":"Une nuit \u00e0 l&rsquo;Op\u00e9ra- SOLD"},"content":{"rendered":"<figure class=\"wp-block-image size-full\"><img loading=\"lazy\" decoding=\"async\" width=\"2560\" height=\"2051\" src=\"https:\/\/www.valerielemeur.com\/wp-content\/uploads\/2022\/01\/Une-nuit-a-lOpera-scaled.jpg\" alt=\"\" class=\"wp-image-3850\" srcset=\"https:\/\/www.valerielemeur.com\/wp-content\/uploads\/2022\/01\/Une-nuit-a-lOpera-scaled.jpg 2560w, https:\/\/www.valerielemeur.com\/wp-content\/uploads\/2022\/01\/Une-nuit-a-lOpera-300x240.jpg 300w, https:\/\/www.valerielemeur.com\/wp-content\/uploads\/2022\/01\/Une-nuit-a-lOpera-1024x820.jpg 1024w, https:\/\/www.valerielemeur.com\/wp-content\/uploads\/2022\/01\/Une-nuit-a-lOpera-768x615.jpg 768w, https:\/\/www.valerielemeur.com\/wp-content\/uploads\/2022\/01\/Une-nuit-a-lOpera-1536x1231.jpg 1536w, https:\/\/www.valerielemeur.com\/wp-content\/uploads\/2022\/01\/Une-nuit-a-lOpera-2048x1641.jpg 2048w, https:\/\/www.valerielemeur.com\/wp-content\/uploads\/2022\/01\/Une-nuit-a-lOpera-15x12.jpg 15w\" sizes=\"auto, (max-width: 2560px) 100vw, 2560px\" \/><\/figure>\n\n\n\n<div class=\"wp-block-columns is-layout-flex wp-container-core-columns-is-layout-28f84493 wp-block-columns-is-layout-flex\">\n<div class=\"wp-block-column is-layout-flow wp-block-column-is-layout-flow\"><\/div>\n\n\n\n<div class=\"wp-block-column is-layout-flow wp-block-column-is-layout-flow\">\n<p class=\"has-vivid-cyan-blue-color has-text-color has-medium-font-size\"><\/p>\n\n\n\n<p class=\"has-vivid-cyan-blue-color has-text-color has-medium-font-size\">A night at the Opera (Opera Garnier, Paris)<\/p>\n<\/div>\n<\/div>\n\n\n\n<div class=\"wp-block-columns is-layout-flex wp-container-core-columns-is-layout-28f84493 wp-block-columns-is-layout-flex\">\n<div class=\"wp-block-column is-layout-flow wp-block-column-is-layout-flow\">\n<p class=\"has-medium-font-size\">Acrylique sur toile tendue chassis bois <\/p>\n\n\n\n<p class=\"has-medium-font-size\">Taille : 65.5\/54.5\/2 cm<\/p>\n\n\n\n<p class=\"has-medium-font-size\">J\u2019ai un amour inconditionnel pour les monuments parisiens du 19\u00e8me,  pour l\u2019\u00e9l\u00e9gance de leur architecture et la beaut\u00e9 de leur d\u00e9coration.<\/p>\n\n\n\n<p class=\"has-medium-font-size\">Depuis des ann\u00e9es j\u2019ai photographi\u00e9 l&rsquo;Op\u00e9ra Garnier, pour moi le plus beau b\u00e2timent de Paris.<\/p>\n\n\n\n<p class=\"has-medium-font-size\">Je l\u2019ai pris en photo sous tous les angles pour chercher le cadre parfait. Il fallait pour le peindre trouver la lumi\u00e8re, l\u2019atmosph\u00e8re que je voulais reproduire. <\/p>\n\n\n\n<p class=\"has-medium-font-size\">Ce tableau est un hommage color\u00e9 et gai \u00e0 cette institution. Hommage \u00e0 cette architecture un peu charg\u00e9e, extravagante mais tellement p\u00e9tillante et lumineuse d\u2019une architecture parisienne du 19\u00e8 si\u00e8cle.<\/p>\n\n\n\n<p class=\"has-medium-font-size\">Les lumi\u00e8res de l\u2019Op\u00e9ra un soir de d\u00e9cembre le font se d\u00e9tacher sur le ciel bleu rouge de la nuit. La nuit n&rsquo;est jamais noire dans les grandes villes, les lumi\u00e8res des r\u00e9verb\u00e8res donnent cette lumi\u00e8re bleut\u00e9-rouge.<\/p>\n\n\n\n<p class=\"has-medium-font-size\">Les couleurs peintes correspondent \u00e0 toutes les \u00e9motions que l\u2019on ressent lorsqu\u2019on assiste \u00e0 une repr\u00e9sentation&nbsp;; Le rouge passion, les bleus et blancs des tutus, les noirs des collants masculins\u2026<\/p>\n\n\n\n<p class=\"has-medium-font-size\">Le style pictural est rapide, dynamique et audacieux. Il est fait de couches successives, rapides. Le tableau est fait de petites touches de couleur pour lui donner un dynamisme, on est dans une \u00ab&nbsp;impression&nbsp;\u00bb, je ne cherche pas la r\u00e9alit\u00e9 mais une atmosph\u00e8re.&nbsp;<\/p>\n\n\n\n<p class=\"has-medium-font-size\">Le tableau est pr\u00eat \u00e0 accrocher au mur, il est prot\u00e9g\u00e9 par un vernis acrylique brillant qui fait ressortir l\u2019intensit\u00e9 des couleurs.<br>Il est dat\u00e9, sign\u00e9 et d\u00e9livr\u00e9 avec un certificat d\u2019authenticit\u00e9 et une facture.<br>Les bords du tableau sont peints en bleu nuit: pas besoin d&rsquo;encadrement<\/p>\n<\/div>\n\n\n\n<div class=\"wp-block-column is-layout-flow wp-block-column-is-layout-flow\">\n<p class=\"has-vivid-cyan-blue-color has-text-color has-medium-font-size\">Acrylic on stretched canvas wooden frame <\/p>\n\n\n\n<p class=\"has-vivid-cyan-blue-color has-text-color has-medium-font-size\">Size: 65.5 H \/54.5 W\/2D cm    <\/p>\n\n\n\n<p class=\"has-vivid-cyan-blue-color has-text-color has-medium-font-size\">I feel an unconditional awe for Parisian monuments from the 19th century for their architecture and beauty .<\/p>\n\n\n\n<p class=\"has-vivid-cyan-blue-color has-text-color has-medium-font-size\">For some years I \u2018ve been photographing this building to have the best frame, the good atmosphere, the light.<\/p>\n\n\n\n<p class=\"has-vivid-cyan-blue-color has-text-color has-medium-font-size\">The front lights of the Opera at night in December make it standing out from the blue-red sky of the night.<\/p>\n\n\n\n<p class=\"has-vivid-cyan-blue-color has-text-color has-medium-font-size\">The colours I used symbolise the Opera: Red for Passion, white and blue for the dance tutus, black for the male tights\u2026<\/p>\n\n\n\n<p class=\"has-vivid-cyan-blue-color has-text-color has-medium-font-size\">This painting is a tribute to the Parisian monument I love the most. A tribute to its extravagant architecture from the 19<sup>th<\/sup> century, bold and flamboyant.&nbsp;&nbsp;<\/p>\n\n\n\n<p class=\"has-vivid-cyan-blue-color has-text-color has-medium-font-size\">The painting style is dynamic and bold. It is made up of successive, vivid and colourful brushstrokes that makes the painting lively. &nbsp;<\/p>\n\n\n\n<p class=\"has-vivid-cyan-blue-color has-text-color has-medium-font-size\">My painting is made of thousands of multi-coloured touches of paint, sometimes imperceptible: these little impressionism touches give the painting an atmosphere. I don\u2019t want to make it realistic. &nbsp;&nbsp;&nbsp;<\/p>\n\n\n\n<p class=\"has-vivid-cyan-blue-color has-text-color has-medium-font-size\">Acrylic on stretched canvas on wooden frame, protected by an bright acrylic varnish, to enhance the colours.<\/p>\n\n\n\n<p class=\"has-vivid-cyan-blue-color has-text-color has-medium-font-size\">The sides of the painting are painted in blue night: no need to frame.<\/p>\n\n\n\n<p class=\"has-vivid-cyan-blue-color has-text-color has-medium-font-size\"><br><\/p>\n\n\n\n<p class=\"has-vivid-cyan-blue-color has-text-color has-medium-font-size\"><\/p>\n\n\n\n<p class=\"has-vivid-cyan-blue-color has-text-color has-medium-font-size\"><\/p>\n\n\n\n<p class=\"has-vivid-cyan-blue-color has-text-color has-medium-font-size\"><\/p>\n\n\n\n<p class=\"has-vivid-cyan-blue-color has-text-color has-medium-font-size\"><br><\/p>\n\n\n\n<p class=\"has-vivid-cyan-blue-color has-text-color has-medium-font-size\">.<\/p>\n<\/div>\n<\/div>\n\n\n\n<figure class=\"wp-block-image size-medium\"><img loading=\"lazy\" decoding=\"async\" width=\"252\" height=\"300\" src=\"https:\/\/www.valerielemeur.com\/wp-content\/uploads\/2022\/01\/LOpera-Garnier-extrait-2-252x300.jpg\" alt=\"\" class=\"wp-image-3851\" srcset=\"https:\/\/www.valerielemeur.com\/wp-content\/uploads\/2022\/01\/LOpera-Garnier-extrait-2-252x300.jpg 252w, https:\/\/www.valerielemeur.com\/wp-content\/uploads\/2022\/01\/LOpera-Garnier-extrait-2-862x1024.jpg 862w, https:\/\/www.valerielemeur.com\/wp-content\/uploads\/2022\/01\/LOpera-Garnier-extrait-2-768x913.jpg 768w, https:\/\/www.valerielemeur.com\/wp-content\/uploads\/2022\/01\/LOpera-Garnier-extrait-2-1292x1536.jpg 1292w, https:\/\/www.valerielemeur.com\/wp-content\/uploads\/2022\/01\/LOpera-Garnier-extrait-2-10x12.jpg 10w, https:\/\/www.valerielemeur.com\/wp-content\/uploads\/2022\/01\/LOpera-Garnier-extrait-2.jpg 1575w\" sizes=\"auto, (max-width: 252px) 100vw, 252px\" \/><figcaption class=\"wp-element-caption\">detail 1: d\u00e9tail du tableau<\/figcaption><\/figure>\n\n\n\n<p><\/p>","protected":false},"excerpt":{"rendered":"<p>A night at the Opera (Opera Garnier, Paris) Acrylique sur toile tendue chassis bois Taille : 65.5\/54.5\/2 cm J\u2019ai un amour inconditionnel pour les monuments parisiens du 19\u00e8me, pour l\u2019\u00e9l\u00e9gance de leur architecture et la beaut\u00e9 de leur d\u00e9coration. Depuis des ann\u00e9es j\u2019ai photographi\u00e9 l&rsquo;Op\u00e9ra Garnier, pour moi le plus beau b\u00e2timent de Paris. Je [&hellip;]<\/p>\n","protected":false},"author":1,"featured_media":3848,"comment_status":"closed","ping_status":"closed","sticky":false,"template":"","format":"gallery","meta":{"_uag_custom_page_level_css":"","site-sidebar-layout":"default","site-content-layout":null,"ast-site-content-layout":"default","site-content-style":"default","site-sidebar-style":"default","ast-global-header-display":"","ast-banner-title-visibility":"","ast-main-header-display":"","ast-hfb-above-header-display":null,"ast-hfb-below-header-display":null,"ast-hfb-mobile-header-display":null,"site-post-title":"enabled","ast-breadcrumbs-content":null,"ast-featured-img":"disabled","footer-sml-layout":"","ast-disable-related-posts":"","theme-transparent-header-meta":"enabled","adv-header-id-meta":null,"stick-header-meta":null,"header-above-stick-meta":null,"header-main-stick-meta":null,"header-below-stick-meta":null,"astra-migrate-meta-layouts":"set","ast-page-background-enabled":"default","ast-page-background-meta":{"desktop":{"background-color":"","background-image":"","background-repeat":"repeat","background-position":"center center","background-size":"auto","background-attachment":"scroll","background-type":"","background-media":"","overlay-type":"","overlay-color":"","overlay-opacity":"","overlay-gradient":""},"tablet":{"background-color":"","background-image":"","background-repeat":"repeat","background-position":"center center","background-size":"auto","background-attachment":"scroll","background-type":"","background-media":"","overlay-type":"","overlay-color":"","overlay-opacity":"","overlay-gradient":""},"mobile":{"background-color":"","background-image":"","background-repeat":"repeat","background-position":"center center","background-size":"auto","background-attachment":"scroll","background-type":"","background-media":"","overlay-type":"","overlay-color":"","overlay-opacity":"","overlay-gradient":""}},"ast-content-background-meta":{"desktop":{"background-color":"var(--ast-global-color-5)","background-image":"","background-repeat":"repeat","background-position":"center center","background-size":"auto","background-attachment":"scroll","background-type":"","background-media":"","overlay-type":"","overlay-color":"","overlay-opacity":"","overlay-gradient":""},"tablet":{"background-color":"var(--ast-global-color-5)","background-image":"","background-repeat":"repeat","background-position":"center center","background-size":"auto","background-attachment":"scroll","background-type":"","background-media":"","overlay-type":"","overlay-color":"","overlay-opacity":"","overlay-gradient":""},"mobile":{"background-color":"var(--ast-global-color-5)","background-image":"","background-repeat":"repeat","background-position":"center center","background-size":"auto","background-attachment":"scroll","background-type":"","background-media":"","overlay-type":"","overlay-color":"","overlay-opacity":"","overlay-gradient":""}},"_jetpack_memberships_contains_paid_content":false,"footnotes":""},"categories":[47,41,264],"tags":[165],"class_list":["post-4255","post","type-post","status-publish","format-gallery","has-post-thumbnail","hentry","category-show","category-painting","category-tableaux-vendus","tag-800-tr","post_format-post-format-gallery"],"yoast_head":"<!-- This site is optimized with the Yoast SEO plugin v27.4 - https:\/\/yoast.com\/product\/yoast-seo-wordpress\/ -->\n<title>Une nuit \u00e0 l&#039;Op\u00e9ra- SOLD - Val\u00e9rie LE MEUR<\/title>\n<meta name=\"description\" content=\"Val\u00e9rie LE MEUR Une nuit \u00e0 l&#039;Op\u00e9ra- SOLD Tableau -\" \/>\n<meta name=\"robots\" content=\"index, follow, max-snippet:-1, max-image-preview:large, max-video-preview:-1\" \/>\n<link rel=\"canonical\" href=\"https:\/\/www.valerielemeur.com\/en\/une-nuit-a-lopera-3\/\" \/>\n<meta property=\"og:locale\" content=\"en_GB\" \/>\n<meta property=\"og:type\" content=\"article\" \/>\n<meta property=\"og:title\" content=\"Une nuit \u00e0 l&#039;Op\u00e9ra- SOLD - Val\u00e9rie LE MEUR\" \/>\n<meta property=\"og:description\" content=\"Val\u00e9rie LE MEUR Une nuit \u00e0 l&#039;Op\u00e9ra- SOLD Tableau -\" \/>\n<meta property=\"og:url\" content=\"https:\/\/www.valerielemeur.com\/en\/une-nuit-a-lopera-3\/\" \/>\n<meta property=\"og:site_name\" content=\"Val\u00e9rie LE MEUR\" \/>\n<meta property=\"article:published_time\" content=\"2022-08-04T12:19:53+00:00\" \/>\n<meta property=\"article:modified_time\" content=\"2025-09-27T15:03:38+00:00\" \/>\n<meta property=\"og:image\" content=\"https:\/\/www.valerielemeur.com\/wp-content\/uploads\/2022\/01\/Une-nuit-a-lOpera--scaled.jpg\" \/>\n\t<meta property=\"og:image:width\" content=\"2560\" \/>\n\t<meta property=\"og:image:height\" content=\"2051\" \/>\n\t<meta property=\"og:image:type\" content=\"image\/jpeg\" \/>\n<meta name=\"author\" content=\"VLM\" \/>\n<meta name=\"twitter:card\" content=\"summary_large_image\" \/>\n<meta name=\"twitter:label1\" content=\"Written by\" \/>\n\t<meta name=\"twitter:data1\" content=\"VLM\" \/>\n\t<meta name=\"twitter:label2\" content=\"Estimated reading time\" \/>\n\t<meta name=\"twitter:data2\" content=\"4 minutes\" \/>\n<script type=\"application\/ld+json\" class=\"yoast-schema-graph\">{\"@context\":\"https:\\\/\\\/schema.org\",\"@graph\":[{\"@type\":\"Article\",\"@id\":\"https:\\\/\\\/www.valerielemeur.com\\\/une-nuit-a-lopera-3\\\/#article\",\"isPartOf\":{\"@id\":\"https:\\\/\\\/www.valerielemeur.com\\\/une-nuit-a-lopera-3\\\/\"},\"author\":{\"name\":\"VLM\",\"@id\":\"https:\\\/\\\/www.valerielemeur.com\\\/#\\\/schema\\\/person\\\/988a7c5b4614f08d4a29788db12b10bb\"},\"headline\":\"Une nuit \u00e0 l&rsquo;Op\u00e9ra- SOLD\",\"datePublished\":\"2022-08-04T12:19:53+00:00\",\"dateModified\":\"2025-09-27T15:03:38+00:00\",\"mainEntityOfPage\":{\"@id\":\"https:\\\/\\\/www.valerielemeur.com\\\/une-nuit-a-lopera-3\\\/\"},\"wordCount\":519,\"publisher\":{\"@id\":\"https:\\\/\\\/www.valerielemeur.com\\\/#organization\"},\"image\":{\"@id\":\"https:\\\/\\\/www.valerielemeur.com\\\/une-nuit-a-lopera-3\\\/#primaryimage\"},\"thumbnailUrl\":\"https:\\\/\\\/www.valerielemeur.com\\\/wp-content\\\/uploads\\\/2022\\\/01\\\/Une-nuit-a-lOpera--scaled.jpg\",\"keywords\":[\"800 + TR\"],\"articleSection\":[\"Spectacle\",\"Tableau\",\"Tableaux vendus\"],\"inLanguage\":\"en-GB\"},{\"@type\":\"WebPage\",\"@id\":\"https:\\\/\\\/www.valerielemeur.com\\\/une-nuit-a-lopera-3\\\/\",\"url\":\"https:\\\/\\\/www.valerielemeur.com\\\/une-nuit-a-lopera-3\\\/\",\"name\":\"Une nuit \u00e0 l'Op\u00e9ra- SOLD - Val\u00e9rie LE MEUR\",\"isPartOf\":{\"@id\":\"https:\\\/\\\/www.valerielemeur.com\\\/#website\"},\"primaryImageOfPage\":{\"@id\":\"https:\\\/\\\/www.valerielemeur.com\\\/une-nuit-a-lopera-3\\\/#primaryimage\"},\"image\":{\"@id\":\"https:\\\/\\\/www.valerielemeur.com\\\/une-nuit-a-lopera-3\\\/#primaryimage\"},\"thumbnailUrl\":\"https:\\\/\\\/www.valerielemeur.com\\\/wp-content\\\/uploads\\\/2022\\\/01\\\/Une-nuit-a-lOpera--scaled.jpg\",\"datePublished\":\"2022-08-04T12:19:53+00:00\",\"dateModified\":\"2025-09-27T15:03:38+00:00\",\"description\":\"Val\u00e9rie LE MEUR Une nuit \u00e0 l'Op\u00e9ra- SOLD Tableau -\",\"breadcrumb\":{\"@id\":\"https:\\\/\\\/www.valerielemeur.com\\\/une-nuit-a-lopera-3\\\/#breadcrumb\"},\"inLanguage\":\"en-GB\",\"potentialAction\":[{\"@type\":\"ReadAction\",\"target\":[\"https:\\\/\\\/www.valerielemeur.com\\\/une-nuit-a-lopera-3\\\/\"]}]},{\"@type\":\"ImageObject\",\"inLanguage\":\"en-GB\",\"@id\":\"https:\\\/\\\/www.valerielemeur.com\\\/une-nuit-a-lopera-3\\\/#primaryimage\",\"url\":\"https:\\\/\\\/www.valerielemeur.com\\\/wp-content\\\/uploads\\\/2022\\\/01\\\/Une-nuit-a-lOpera--scaled.jpg\",\"contentUrl\":\"https:\\\/\\\/www.valerielemeur.com\\\/wp-content\\\/uploads\\\/2022\\\/01\\\/Une-nuit-a-lOpera--scaled.jpg\",\"width\":2560,\"height\":2051},{\"@type\":\"BreadcrumbList\",\"@id\":\"https:\\\/\\\/www.valerielemeur.com\\\/une-nuit-a-lopera-3\\\/#breadcrumb\",\"itemListElement\":[{\"@type\":\"ListItem\",\"position\":1,\"name\":\"Accueil\",\"item\":\"https:\\\/\\\/www.valerielemeur.com\\\/\"},{\"@type\":\"ListItem\",\"position\":2,\"name\":\"Une nuit \u00e0 l&rsquo;Op\u00e9ra- SOLD\"}]},{\"@type\":\"WebSite\",\"@id\":\"https:\\\/\\\/www.valerielemeur.com\\\/#website\",\"url\":\"https:\\\/\\\/www.valerielemeur.com\\\/\",\"name\":\"Val\u00e9rie LE MEUR\",\"description\":\"Artiste Peintre\",\"publisher\":{\"@id\":\"https:\\\/\\\/www.valerielemeur.com\\\/#organization\"},\"potentialAction\":[{\"@type\":\"SearchAction\",\"target\":{\"@type\":\"EntryPoint\",\"urlTemplate\":\"https:\\\/\\\/www.valerielemeur.com\\\/?s={search_term_string}\"},\"query-input\":{\"@type\":\"PropertyValueSpecification\",\"valueRequired\":true,\"valueName\":\"search_term_string\"}}],\"inLanguage\":\"en-GB\"},{\"@type\":\"Organization\",\"@id\":\"https:\\\/\\\/www.valerielemeur.com\\\/#organization\",\"name\":\"valerie le meur\",\"url\":\"https:\\\/\\\/www.valerielemeur.com\\\/\",\"logo\":{\"@type\":\"ImageObject\",\"inLanguage\":\"en-GB\",\"@id\":\"https:\\\/\\\/www.valerielemeur.com\\\/#\\\/schema\\\/logo\\\/image\\\/\",\"url\":\"https:\\\/\\\/www.valerielemeur.com\\\/wp-content\\\/uploads\\\/2020\\\/07\\\/photo-CV-sun.jpg\",\"contentUrl\":\"https:\\\/\\\/www.valerielemeur.com\\\/wp-content\\\/uploads\\\/2020\\\/07\\\/photo-CV-sun.jpg\",\"width\":2373,\"height\":2373,\"caption\":\"valerie le meur\"},\"image\":{\"@id\":\"https:\\\/\\\/www.valerielemeur.com\\\/#\\\/schema\\\/logo\\\/image\\\/\"}},{\"@type\":\"Person\",\"@id\":\"https:\\\/\\\/www.valerielemeur.com\\\/#\\\/schema\\\/person\\\/988a7c5b4614f08d4a29788db12b10bb\",\"name\":\"VLM\",\"image\":{\"@type\":\"ImageObject\",\"inLanguage\":\"en-GB\",\"@id\":\"https:\\\/\\\/secure.gravatar.com\\\/avatar\\\/5d623c2f60da6da613f8db4cef8422938a352a814a1ad2edc307f53256aa32c2?s=96&d=mm&r=g\",\"url\":\"https:\\\/\\\/secure.gravatar.com\\\/avatar\\\/5d623c2f60da6da613f8db4cef8422938a352a814a1ad2edc307f53256aa32c2?s=96&d=mm&r=g\",\"contentUrl\":\"https:\\\/\\\/secure.gravatar.com\\\/avatar\\\/5d623c2f60da6da613f8db4cef8422938a352a814a1ad2edc307f53256aa32c2?s=96&d=mm&r=g\",\"caption\":\"VLM\"},\"sameAs\":[\"https:\\\/\\\/www.valerielemeur.com\"],\"url\":\"https:\\\/\\\/www.valerielemeur.com\\\/en\\\/author\\\/vlm\\\/\"}]}<\/script>\n<!-- \/ Yoast SEO plugin. -->","yoast_head_json":{"title":"Une nuit \u00e0 l'Op\u00e9ra- SOLD - Val\u00e9rie LE MEUR","description":"Val\u00e9rie LE MEUR Une nuit \u00e0 l'Op\u00e9ra- SOLD Tableau -","robots":{"index":"index","follow":"follow","max-snippet":"max-snippet:-1","max-image-preview":"max-image-preview:large","max-video-preview":"max-video-preview:-1"},"canonical":"https:\/\/www.valerielemeur.com\/en\/une-nuit-a-lopera-3\/","og_locale":"en_GB","og_type":"article","og_title":"Une nuit \u00e0 l'Op\u00e9ra- SOLD - Val\u00e9rie LE MEUR","og_description":"Val\u00e9rie LE MEUR Une nuit \u00e0 l'Op\u00e9ra- SOLD Tableau -","og_url":"https:\/\/www.valerielemeur.com\/en\/une-nuit-a-lopera-3\/","og_site_name":"Val\u00e9rie LE MEUR","article_published_time":"2022-08-04T12:19:53+00:00","article_modified_time":"2025-09-27T15:03:38+00:00","og_image":[{"width":2560,"height":2051,"url":"https:\/\/www.valerielemeur.com\/wp-content\/uploads\/2022\/01\/Une-nuit-a-lOpera--scaled.jpg","type":"image\/jpeg"}],"author":"VLM","twitter_card":"summary_large_image","twitter_misc":{"Written by":"VLM","Estimated reading time":"4 minutes"},"schema":{"@context":"https:\/\/schema.org","@graph":[{"@type":"Article","@id":"https:\/\/www.valerielemeur.com\/une-nuit-a-lopera-3\/#article","isPartOf":{"@id":"https:\/\/www.valerielemeur.com\/une-nuit-a-lopera-3\/"},"author":{"name":"VLM","@id":"https:\/\/www.valerielemeur.com\/#\/schema\/person\/988a7c5b4614f08d4a29788db12b10bb"},"headline":"Une nuit \u00e0 l&rsquo;Op\u00e9ra- SOLD","datePublished":"2022-08-04T12:19:53+00:00","dateModified":"2025-09-27T15:03:38+00:00","mainEntityOfPage":{"@id":"https:\/\/www.valerielemeur.com\/une-nuit-a-lopera-3\/"},"wordCount":519,"publisher":{"@id":"https:\/\/www.valerielemeur.com\/#organization"},"image":{"@id":"https:\/\/www.valerielemeur.com\/une-nuit-a-lopera-3\/#primaryimage"},"thumbnailUrl":"https:\/\/www.valerielemeur.com\/wp-content\/uploads\/2022\/01\/Une-nuit-a-lOpera--scaled.jpg","keywords":["800 + TR"],"articleSection":["Spectacle","Tableau","Tableaux vendus"],"inLanguage":"en-GB"},{"@type":"WebPage","@id":"https:\/\/www.valerielemeur.com\/une-nuit-a-lopera-3\/","url":"https:\/\/www.valerielemeur.com\/une-nuit-a-lopera-3\/","name":"Une nuit \u00e0 l'Op\u00e9ra- SOLD - Val\u00e9rie LE MEUR","isPartOf":{"@id":"https:\/\/www.valerielemeur.com\/#website"},"primaryImageOfPage":{"@id":"https:\/\/www.valerielemeur.com\/une-nuit-a-lopera-3\/#primaryimage"},"image":{"@id":"https:\/\/www.valerielemeur.com\/une-nuit-a-lopera-3\/#primaryimage"},"thumbnailUrl":"https:\/\/www.valerielemeur.com\/wp-content\/uploads\/2022\/01\/Une-nuit-a-lOpera--scaled.jpg","datePublished":"2022-08-04T12:19:53+00:00","dateModified":"2025-09-27T15:03:38+00:00","description":"Val\u00e9rie LE MEUR Une nuit \u00e0 l'Op\u00e9ra- SOLD Tableau -","breadcrumb":{"@id":"https:\/\/www.valerielemeur.com\/une-nuit-a-lopera-3\/#breadcrumb"},"inLanguage":"en-GB","potentialAction":[{"@type":"ReadAction","target":["https:\/\/www.valerielemeur.com\/une-nuit-a-lopera-3\/"]}]},{"@type":"ImageObject","inLanguage":"en-GB","@id":"https:\/\/www.valerielemeur.com\/une-nuit-a-lopera-3\/#primaryimage","url":"https:\/\/www.valerielemeur.com\/wp-content\/uploads\/2022\/01\/Une-nuit-a-lOpera--scaled.jpg","contentUrl":"https:\/\/www.valerielemeur.com\/wp-content\/uploads\/2022\/01\/Une-nuit-a-lOpera--scaled.jpg","width":2560,"height":2051},{"@type":"BreadcrumbList","@id":"https:\/\/www.valerielemeur.com\/une-nuit-a-lopera-3\/#breadcrumb","itemListElement":[{"@type":"ListItem","position":1,"name":"Accueil","item":"https:\/\/www.valerielemeur.com\/"},{"@type":"ListItem","position":2,"name":"Une nuit \u00e0 l&rsquo;Op\u00e9ra- SOLD"}]},{"@type":"WebSite","@id":"https:\/\/www.valerielemeur.com\/#website","url":"https:\/\/www.valerielemeur.com\/","name":"Val\u00e9rie LE MEUR","description":"Painter","publisher":{"@id":"https:\/\/www.valerielemeur.com\/#organization"},"potentialAction":[{"@type":"SearchAction","target":{"@type":"EntryPoint","urlTemplate":"https:\/\/www.valerielemeur.com\/?s={search_term_string}"},"query-input":{"@type":"PropertyValueSpecification","valueRequired":true,"valueName":"search_term_string"}}],"inLanguage":"en-GB"},{"@type":"Organization","@id":"https:\/\/www.valerielemeur.com\/#organization","name":"valerie le meur","url":"https:\/\/www.valerielemeur.com\/","logo":{"@type":"ImageObject","inLanguage":"en-GB","@id":"https:\/\/www.valerielemeur.com\/#\/schema\/logo\/image\/","url":"https:\/\/www.valerielemeur.com\/wp-content\/uploads\/2020\/07\/photo-CV-sun.jpg","contentUrl":"https:\/\/www.valerielemeur.com\/wp-content\/uploads\/2020\/07\/photo-CV-sun.jpg","width":2373,"height":2373,"caption":"valerie le meur"},"image":{"@id":"https:\/\/www.valerielemeur.com\/#\/schema\/logo\/image\/"}},{"@type":"Person","@id":"https:\/\/www.valerielemeur.com\/#\/schema\/person\/988a7c5b4614f08d4a29788db12b10bb","name":"VLM","image":{"@type":"ImageObject","inLanguage":"en-GB","@id":"https:\/\/secure.gravatar.com\/avatar\/5d623c2f60da6da613f8db4cef8422938a352a814a1ad2edc307f53256aa32c2?s=96&d=mm&r=g","url":"https:\/\/secure.gravatar.com\/avatar\/5d623c2f60da6da613f8db4cef8422938a352a814a1ad2edc307f53256aa32c2?s=96&d=mm&r=g","contentUrl":"https:\/\/secure.gravatar.com\/avatar\/5d623c2f60da6da613f8db4cef8422938a352a814a1ad2edc307f53256aa32c2?s=96&d=mm&r=g","caption":"VLM"},"sameAs":["https:\/\/www.valerielemeur.com"],"url":"https:\/\/www.valerielemeur.com\/en\/author\/vlm\/"}]}},"jetpack_featured_media_url":"https:\/\/www.valerielemeur.com\/wp-content\/uploads\/2022\/01\/Une-nuit-a-lOpera--scaled.jpg","uagb_featured_image_src":{"full":["https:\/\/www.valerielemeur.com\/wp-content\/uploads\/2022\/01\/Une-nuit-a-lOpera--scaled.jpg",2560,2051,false],"thumbnail":["https:\/\/www.valerielemeur.com\/wp-content\/uploads\/2022\/01\/Une-nuit-a-lOpera--150x150.jpg",150,150,true],"medium":["https:\/\/www.valerielemeur.com\/wp-content\/uploads\/2022\/01\/Une-nuit-a-lOpera--300x240.jpg",300,240,true],"medium_large":["https:\/\/www.valerielemeur.com\/wp-content\/uploads\/2022\/01\/Une-nuit-a-lOpera--768x615.jpg",768,615,true],"large":["https:\/\/www.valerielemeur.com\/wp-content\/uploads\/2022\/01\/Une-nuit-a-lOpera--1024x820.jpg",1024,820,true],"1536x1536":["https:\/\/www.valerielemeur.com\/wp-content\/uploads\/2022\/01\/Une-nuit-a-lOpera--1536x1231.jpg",1536,1231,true],"2048x2048":["https:\/\/www.valerielemeur.com\/wp-content\/uploads\/2022\/01\/Une-nuit-a-lOpera--2048x1641.jpg",2048,1641,true],"trp-custom-language-flag":["https:\/\/www.valerielemeur.com\/wp-content\/uploads\/2022\/01\/Une-nuit-a-lOpera--15x12.jpg",15,12,true]},"uagb_author_info":{"display_name":"VLM","author_link":"https:\/\/www.valerielemeur.com\/en\/author\/vlm\/"},"uagb_comment_info":0,"uagb_excerpt":"A night at the Opera (Opera Garnier, Paris) Acrylique sur toile tendue chassis bois Taille : 65.5\/54.5\/2 cm J\u2019ai un amour inconditionnel pour les monuments parisiens du 19\u00e8me, pour l\u2019\u00e9l\u00e9gance de leur architecture et la beaut\u00e9 de leur d\u00e9coration. Depuis des ann\u00e9es j\u2019ai photographi\u00e9 l&rsquo;Op\u00e9ra Garnier, pour moi le plus beau b\u00e2timent de Paris. Je&hellip;","jetpack_sharing_enabled":true,"_links":{"self":[{"href":"https:\/\/www.valerielemeur.com\/en\/wp-json\/wp\/v2\/posts\/4255","targetHints":{"allow":["GET"]}}],"collection":[{"href":"https:\/\/www.valerielemeur.com\/en\/wp-json\/wp\/v2\/posts"}],"about":[{"href":"https:\/\/www.valerielemeur.com\/en\/wp-json\/wp\/v2\/types\/post"}],"author":[{"embeddable":true,"href":"https:\/\/www.valerielemeur.com\/en\/wp-json\/wp\/v2\/users\/1"}],"replies":[{"embeddable":true,"href":"https:\/\/www.valerielemeur.com\/en\/wp-json\/wp\/v2\/comments?post=4255"}],"version-history":[{"count":5,"href":"https:\/\/www.valerielemeur.com\/en\/wp-json\/wp\/v2\/posts\/4255\/revisions"}],"predecessor-version":[{"id":6112,"href":"https:\/\/www.valerielemeur.com\/en\/wp-json\/wp\/v2\/posts\/4255\/revisions\/6112"}],"wp:featuredmedia":[{"embeddable":true,"href":"https:\/\/www.valerielemeur.com\/en\/wp-json\/wp\/v2\/media\/3848"}],"wp:attachment":[{"href":"https:\/\/www.valerielemeur.com\/en\/wp-json\/wp\/v2\/media?parent=4255"}],"wp:term":[{"taxonomy":"category","embeddable":true,"href":"https:\/\/www.valerielemeur.com\/en\/wp-json\/wp\/v2\/categories?post=4255"},{"taxonomy":"post_tag","embeddable":true,"href":"https:\/\/www.valerielemeur.com\/en\/wp-json\/wp\/v2\/tags?post=4255"}],"curies":[{"name":"wp","href":"https:\/\/api.w.org\/{rel}","templated":true}]}}