{"id":4268,"date":"2022-08-04T12:35:32","date_gmt":"2022-08-04T12:35:32","guid":{"rendered":"https:\/\/www.valerielemeur.com\/?p=4268"},"modified":"2025-09-28T09:20:49","modified_gmt":"2025-09-28T09:20:49","slug":"les-balcons-de-theatre","status":"publish","type":"post","link":"https:\/\/www.valerielemeur.com\/en\/les-balcons-de-theatre\/","title":{"rendered":"Les balcons de th\u00e9\u00e2tre-SOLD"},"content":{"rendered":"<figure class=\"wp-block-image size-full\"><img loading=\"lazy\" decoding=\"async\" width=\"1260\" height=\"2560\" src=\"https:\/\/www.valerielemeur.com\/wp-content\/uploads\/2022\/12\/14-balcons-de-theatre-80-40-acryl-2022-900E-scaled.jpg\" alt=\"\" class=\"wp-image-4592\" srcset=\"https:\/\/www.valerielemeur.com\/wp-content\/uploads\/2022\/12\/14-balcons-de-theatre-80-40-acryl-2022-900E-scaled.jpg 1260w, https:\/\/www.valerielemeur.com\/wp-content\/uploads\/2022\/12\/14-balcons-de-theatre-80-40-acryl-2022-900E-148x300.jpg 148w, https:\/\/www.valerielemeur.com\/wp-content\/uploads\/2022\/12\/14-balcons-de-theatre-80-40-acryl-2022-900E-504x1024.jpg 504w, https:\/\/www.valerielemeur.com\/wp-content\/uploads\/2022\/12\/14-balcons-de-theatre-80-40-acryl-2022-900E-768x1560.jpg 768w, https:\/\/www.valerielemeur.com\/wp-content\/uploads\/2022\/12\/14-balcons-de-theatre-80-40-acryl-2022-900E-756x1536.jpg 756w, https:\/\/www.valerielemeur.com\/wp-content\/uploads\/2022\/12\/14-balcons-de-theatre-80-40-acryl-2022-900E-1008x2048.jpg 1008w, https:\/\/www.valerielemeur.com\/wp-content\/uploads\/2022\/12\/14-balcons-de-theatre-80-40-acryl-2022-900E-6x12.jpg 6w\" sizes=\"auto, (max-width: 1260px) 100vw, 1260px\" \/><\/figure>\n\n\n\n<div class=\"wp-block-columns is-layout-flex wp-container-core-columns-is-layout-28f84493 wp-block-columns-is-layout-flex\">\n<div class=\"wp-block-column is-layout-flow wp-block-column-is-layout-flow\">\n<p class=\"has-ast-global-color-1-color has-text-color has-medium-font-size\">Theatre \u00ab\u00a0La Renaissance\u00a0\u00bb Paris<\/p>\n<\/div>\n<\/div>\n\n\n\n<div class=\"wp-block-columns is-layout-flex wp-container-core-columns-is-layout-28f84493 wp-block-columns-is-layout-flex\">\n<div class=\"wp-block-column is-layout-flow wp-block-column-is-layout-flow\">\n<p class=\"has-medium-font-size\">Acrylique sur toile tendue chassis bois <\/p>\n\n\n\n<p class=\"has-medium-font-size\">Taille : 80\/40\/2 cm<\/p>\n\n\n\n<p class=\"has-vivid-red-color has-text-color has-medium-font-size\"><\/p>\n\n\n\n<p class=\"has-medium-font-size\">Le style pictural est rapide, dynamique et audacieux. Il est fait de couches successives, rapides. Le tableau est fait de petites touches de couleur pour lui donner un dynamisme, on est dans une \u00ab&nbsp;impression&nbsp;\u00bb, je ne cherche pas la r\u00e9alit\u00e9 mais une atmosph\u00e8re.&nbsp;<\/p>\n\n\n\n<p class=\"has-medium-font-size\">Le tableau est pr\u00eat \u00e0 accrocher au mur, il est prot\u00e9g\u00e9 par un vernis acrylique brillant qui fait ressortir l\u2019intensit\u00e9 des couleurs.<\/p>\n\n\n\n<p class=\"has-medium-font-size\"><br>Il est dat\u00e9, sign\u00e9 et d\u00e9livr\u00e9 avec un certificat d\u2019authenticit\u00e9 et une facture.<br>Les bords du tableau ont un cache clous noir: pas besoin d\u2019encadrement.<\/p>\n\n\n\n<p class=\"has-medium-font-size\"> <\/p>\n\n\n\n<p class=\"has-medium-font-size\"><\/p>\n\n\n\n<p class=\"has-medium-font-size\"><\/p>\n\n\n\n<p class=\"has-medium-font-size\"><\/p>\n<\/div>\n\n\n\n<div class=\"wp-block-column is-layout-flow wp-block-column-is-layout-flow\">\n<p class=\"has-vivid-cyan-blue-color has-text-color has-medium-font-size\">Acrylic on stretched canvas wooden frame  <\/p>\n\n\n\n<p class=\"has-vivid-cyan-blue-color has-text-color has-medium-font-size\">Size: 80\/40\/2 cm    <\/p>\n\n\n\n<p class=\"has-vivid-red-color has-text-color has-medium-font-size\"><\/p>\n\n\n\n<p class=\"has-vivid-red-color has-text-color has-medium-font-size\"><\/p>\n\n\n\n<p class=\"has-vivid-cyan-blue-color has-text-color has-medium-font-size\">My painting is made of thousands of multi-coloured touches of paint, sometimes imperceptible: these little impressionism touches give the painting an atmosphere. I don\u2019t want to make it realistic. &nbsp;&nbsp;&nbsp;<\/p>\n\n\n\n<p class=\"has-vivid-cyan-blue-color has-text-color has-medium-font-size\">Acrylic on stretched canvas on wooden frame, protected by an bright acrylic varnish, to enhance the colours.<\/p>\n\n\n\n<p class=\"has-vivid-cyan-blue-color has-text-color has-medium-font-size\">The sides of the painting are protected by a black ribbon: no need to frame. Delivered with a certificate of authenticity<\/p>\n\n\n\n<p class=\"has-vivid-cyan-blue-color has-text-color has-medium-font-size\"><br><\/p>\n\n\n\n<p class=\"has-vivid-cyan-blue-color has-text-color has-medium-font-size\"><\/p>\n\n\n\n<p class=\"has-vivid-cyan-blue-color has-text-color has-medium-font-size\"><\/p>\n\n\n\n<p class=\"has-vivid-cyan-blue-color has-text-color has-medium-font-size\"><\/p>\n\n\n\n<p class=\"has-vivid-cyan-blue-color has-text-color has-medium-font-size\"><br><\/p>\n\n\n\n<p class=\"has-vivid-cyan-blue-color has-text-color has-medium-font-size\">.<\/p>\n<\/div>\n<\/div>\n\n\n\n<div class=\"wp-block-uagb-image uagb-block-de7126e0 wp-block-uagb-image--layout-default wp-block-uagb-image--effect-static wp-block-uagb-image--align-none\"><figure class=\"wp-block-uagb-image__figure\"><\/figure><\/div>","protected":false},"excerpt":{"rendered":"<p>Theatre \u00ab\u00a0La Renaissance\u00a0\u00bb Paris Acrylique sur toile tendue chassis bois Taille : 80\/40\/2 cm Le style pictural est rapide, dynamique et audacieux. Il est fait de couches successives, rapides. Le tableau est fait de petites touches de couleur pour lui donner un dynamisme, on est dans une \u00ab&nbsp;impression&nbsp;\u00bb, je ne cherche pas la r\u00e9alit\u00e9 mais [&hellip;]<\/p>\n","protected":false},"author":1,"featured_media":4270,"comment_status":"closed","ping_status":"closed","sticky":false,"template":"","format":"gallery","meta":{"_uag_custom_page_level_css":"","site-sidebar-layout":"default","site-content-layout":null,"ast-site-content-layout":"default","site-content-style":"default","site-sidebar-style":"default","ast-global-header-display":"","ast-banner-title-visibility":"","ast-main-header-display":"","ast-hfb-above-header-display":null,"ast-hfb-below-header-display":null,"ast-hfb-mobile-header-display":null,"site-post-title":"enabled","ast-breadcrumbs-content":null,"ast-featured-img":"disabled","footer-sml-layout":"","ast-disable-related-posts":"","theme-transparent-header-meta":"enabled","adv-header-id-meta":null,"stick-header-meta":null,"header-above-stick-meta":null,"header-main-stick-meta":null,"header-below-stick-meta":null,"astra-migrate-meta-layouts":"set","ast-page-background-enabled":"default","ast-page-background-meta":{"desktop":{"background-color":"","background-image":"","background-repeat":"repeat","background-position":"center center","background-size":"auto","background-attachment":"scroll","background-type":"","background-media":"","overlay-type":"","overlay-color":"","overlay-opacity":"","overlay-gradient":""},"tablet":{"background-color":"","background-image":"","background-repeat":"repeat","background-position":"center center","background-size":"auto","background-attachment":"scroll","background-type":"","background-media":"","overlay-type":"","overlay-color":"","overlay-opacity":"","overlay-gradient":""},"mobile":{"background-color":"","background-image":"","background-repeat":"repeat","background-position":"center center","background-size":"auto","background-attachment":"scroll","background-type":"","background-media":"","overlay-type":"","overlay-color":"","overlay-opacity":"","overlay-gradient":""}},"ast-content-background-meta":{"desktop":{"background-color":"var(--ast-global-color-5)","background-image":"","background-repeat":"repeat","background-position":"center center","background-size":"auto","background-attachment":"scroll","background-type":"","background-media":"","overlay-type":"","overlay-color":"","overlay-opacity":"","overlay-gradient":""},"tablet":{"background-color":"var(--ast-global-color-5)","background-image":"","background-repeat":"repeat","background-position":"center center","background-size":"auto","background-attachment":"scroll","background-type":"","background-media":"","overlay-type":"","overlay-color":"","overlay-opacity":"","overlay-gradient":""},"mobile":{"background-color":"var(--ast-global-color-5)","background-image":"","background-repeat":"repeat","background-position":"center center","background-size":"auto","background-attachment":"scroll","background-type":"","background-media":"","overlay-type":"","overlay-color":"","overlay-opacity":"","overlay-gradient":""}},"_jetpack_memberships_contains_paid_content":false,"footnotes":""},"categories":[41,264],"tags":[201],"class_list":["post-4268","post","type-post","status-publish","format-gallery","has-post-thumbnail","hentry","category-painting","category-tableaux-vendus","tag-900-livraison-incluse","post_format-post-format-gallery"],"yoast_head":"<!-- This site is optimized with the Yoast SEO plugin v27.4 - https:\/\/yoast.com\/product\/yoast-seo-wordpress\/ -->\n<title>Les balcons de th\u00e9\u00e2tre-SOLD - Val\u00e9rie LE MEUR<\/title>\n<meta name=\"description\" content=\"Val\u00e9rie LE MEUR Les balcons de th\u00e9\u00e2tre-SOLD Tableau -\" \/>\n<meta name=\"robots\" content=\"index, follow, max-snippet:-1, max-image-preview:large, max-video-preview:-1\" \/>\n<link rel=\"canonical\" href=\"https:\/\/www.valerielemeur.com\/en\/les-balcons-de-theatre\/\" \/>\n<meta property=\"og:locale\" content=\"en_GB\" \/>\n<meta property=\"og:type\" content=\"article\" \/>\n<meta property=\"og:title\" content=\"Les balcons de th\u00e9\u00e2tre-SOLD - Val\u00e9rie LE MEUR\" \/>\n<meta property=\"og:description\" content=\"Val\u00e9rie LE MEUR Les balcons de th\u00e9\u00e2tre-SOLD Tableau -\" \/>\n<meta property=\"og:url\" content=\"https:\/\/www.valerielemeur.com\/en\/les-balcons-de-theatre\/\" \/>\n<meta property=\"og:site_name\" content=\"Val\u00e9rie LE MEUR\" \/>\n<meta property=\"article:published_time\" content=\"2022-08-04T12:35:32+00:00\" \/>\n<meta property=\"article:modified_time\" content=\"2025-09-28T09:20:49+00:00\" \/>\n<meta property=\"og:image\" content=\"https:\/\/www.valerielemeur.com\/wp-content\/uploads\/2022\/08\/14-balcons-de-theatre-80-40-acryl-2022-2-scaled.jpg\" \/>\n\t<meta property=\"og:image:width\" content=\"1260\" \/>\n\t<meta property=\"og:image:height\" content=\"2560\" \/>\n\t<meta property=\"og:image:type\" content=\"image\/jpeg\" \/>\n<meta name=\"author\" content=\"VLM\" \/>\n<meta name=\"twitter:card\" content=\"summary_large_image\" \/>\n<meta name=\"twitter:label1\" content=\"Written by\" \/>\n\t<meta name=\"twitter:data1\" content=\"VLM\" \/>\n\t<meta name=\"twitter:label2\" content=\"Estimated reading time\" \/>\n\t<meta name=\"twitter:data2\" content=\"2 minutes\" \/>\n<script type=\"application\/ld+json\" class=\"yoast-schema-graph\">{\"@context\":\"https:\\\/\\\/schema.org\",\"@graph\":[{\"@type\":\"Article\",\"@id\":\"https:\\\/\\\/www.valerielemeur.com\\\/les-balcons-de-theatre\\\/#article\",\"isPartOf\":{\"@id\":\"https:\\\/\\\/www.valerielemeur.com\\\/les-balcons-de-theatre\\\/\"},\"author\":{\"name\":\"VLM\",\"@id\":\"https:\\\/\\\/www.valerielemeur.com\\\/#\\\/schema\\\/person\\\/988a7c5b4614f08d4a29788db12b10bb\"},\"headline\":\"Les balcons de th\u00e9\u00e2tre-SOLD\",\"datePublished\":\"2022-08-04T12:35:32+00:00\",\"dateModified\":\"2025-09-28T09:20:49+00:00\",\"mainEntityOfPage\":{\"@id\":\"https:\\\/\\\/www.valerielemeur.com\\\/les-balcons-de-theatre\\\/\"},\"wordCount\":196,\"publisher\":{\"@id\":\"https:\\\/\\\/www.valerielemeur.com\\\/#organization\"},\"image\":{\"@id\":\"https:\\\/\\\/www.valerielemeur.com\\\/les-balcons-de-theatre\\\/#primaryimage\"},\"thumbnailUrl\":\"https:\\\/\\\/www.valerielemeur.com\\\/wp-content\\\/uploads\\\/2022\\\/08\\\/14-balcons-de-theatre-80-40-acryl-2022-2-scaled.jpg\",\"keywords\":[\"900 livraison incluse\"],\"articleSection\":[\"Tableau\",\"Tableaux vendus\"],\"inLanguage\":\"en-GB\"},{\"@type\":\"WebPage\",\"@id\":\"https:\\\/\\\/www.valerielemeur.com\\\/les-balcons-de-theatre\\\/\",\"url\":\"https:\\\/\\\/www.valerielemeur.com\\\/les-balcons-de-theatre\\\/\",\"name\":\"Les balcons de th\u00e9\u00e2tre-SOLD - Val\u00e9rie LE MEUR\",\"isPartOf\":{\"@id\":\"https:\\\/\\\/www.valerielemeur.com\\\/#website\"},\"primaryImageOfPage\":{\"@id\":\"https:\\\/\\\/www.valerielemeur.com\\\/les-balcons-de-theatre\\\/#primaryimage\"},\"image\":{\"@id\":\"https:\\\/\\\/www.valerielemeur.com\\\/les-balcons-de-theatre\\\/#primaryimage\"},\"thumbnailUrl\":\"https:\\\/\\\/www.valerielemeur.com\\\/wp-content\\\/uploads\\\/2022\\\/08\\\/14-balcons-de-theatre-80-40-acryl-2022-2-scaled.jpg\",\"datePublished\":\"2022-08-04T12:35:32+00:00\",\"dateModified\":\"2025-09-28T09:20:49+00:00\",\"description\":\"Val\u00e9rie LE MEUR Les balcons de th\u00e9\u00e2tre-SOLD Tableau -\",\"breadcrumb\":{\"@id\":\"https:\\\/\\\/www.valerielemeur.com\\\/les-balcons-de-theatre\\\/#breadcrumb\"},\"inLanguage\":\"en-GB\",\"potentialAction\":[{\"@type\":\"ReadAction\",\"target\":[\"https:\\\/\\\/www.valerielemeur.com\\\/les-balcons-de-theatre\\\/\"]}]},{\"@type\":\"ImageObject\",\"inLanguage\":\"en-GB\",\"@id\":\"https:\\\/\\\/www.valerielemeur.com\\\/les-balcons-de-theatre\\\/#primaryimage\",\"url\":\"https:\\\/\\\/www.valerielemeur.com\\\/wp-content\\\/uploads\\\/2022\\\/08\\\/14-balcons-de-theatre-80-40-acryl-2022-2-scaled.jpg\",\"contentUrl\":\"https:\\\/\\\/www.valerielemeur.com\\\/wp-content\\\/uploads\\\/2022\\\/08\\\/14-balcons-de-theatre-80-40-acryl-2022-2-scaled.jpg\",\"width\":1260,\"height\":2560},{\"@type\":\"BreadcrumbList\",\"@id\":\"https:\\\/\\\/www.valerielemeur.com\\\/les-balcons-de-theatre\\\/#breadcrumb\",\"itemListElement\":[{\"@type\":\"ListItem\",\"position\":1,\"name\":\"Accueil\",\"item\":\"https:\\\/\\\/www.valerielemeur.com\\\/\"},{\"@type\":\"ListItem\",\"position\":2,\"name\":\"Les balcons de th\u00e9\u00e2tre-SOLD\"}]},{\"@type\":\"WebSite\",\"@id\":\"https:\\\/\\\/www.valerielemeur.com\\\/#website\",\"url\":\"https:\\\/\\\/www.valerielemeur.com\\\/\",\"name\":\"Val\u00e9rie LE MEUR\",\"description\":\"Artiste Peintre\",\"publisher\":{\"@id\":\"https:\\\/\\\/www.valerielemeur.com\\\/#organization\"},\"potentialAction\":[{\"@type\":\"SearchAction\",\"target\":{\"@type\":\"EntryPoint\",\"urlTemplate\":\"https:\\\/\\\/www.valerielemeur.com\\\/?s={search_term_string}\"},\"query-input\":{\"@type\":\"PropertyValueSpecification\",\"valueRequired\":true,\"valueName\":\"search_term_string\"}}],\"inLanguage\":\"en-GB\"},{\"@type\":\"Organization\",\"@id\":\"https:\\\/\\\/www.valerielemeur.com\\\/#organization\",\"name\":\"valerie le meur\",\"url\":\"https:\\\/\\\/www.valerielemeur.com\\\/\",\"logo\":{\"@type\":\"ImageObject\",\"inLanguage\":\"en-GB\",\"@id\":\"https:\\\/\\\/www.valerielemeur.com\\\/#\\\/schema\\\/logo\\\/image\\\/\",\"url\":\"https:\\\/\\\/www.valerielemeur.com\\\/wp-content\\\/uploads\\\/2020\\\/07\\\/photo-CV-sun.jpg\",\"contentUrl\":\"https:\\\/\\\/www.valerielemeur.com\\\/wp-content\\\/uploads\\\/2020\\\/07\\\/photo-CV-sun.jpg\",\"width\":2373,\"height\":2373,\"caption\":\"valerie le meur\"},\"image\":{\"@id\":\"https:\\\/\\\/www.valerielemeur.com\\\/#\\\/schema\\\/logo\\\/image\\\/\"}},{\"@type\":\"Person\",\"@id\":\"https:\\\/\\\/www.valerielemeur.com\\\/#\\\/schema\\\/person\\\/988a7c5b4614f08d4a29788db12b10bb\",\"name\":\"VLM\",\"image\":{\"@type\":\"ImageObject\",\"inLanguage\":\"en-GB\",\"@id\":\"https:\\\/\\\/secure.gravatar.com\\\/avatar\\\/5d623c2f60da6da613f8db4cef8422938a352a814a1ad2edc307f53256aa32c2?s=96&d=mm&r=g\",\"url\":\"https:\\\/\\\/secure.gravatar.com\\\/avatar\\\/5d623c2f60da6da613f8db4cef8422938a352a814a1ad2edc307f53256aa32c2?s=96&d=mm&r=g\",\"contentUrl\":\"https:\\\/\\\/secure.gravatar.com\\\/avatar\\\/5d623c2f60da6da613f8db4cef8422938a352a814a1ad2edc307f53256aa32c2?s=96&d=mm&r=g\",\"caption\":\"VLM\"},\"sameAs\":[\"https:\\\/\\\/www.valerielemeur.com\"],\"url\":\"https:\\\/\\\/www.valerielemeur.com\\\/en\\\/author\\\/vlm\\\/\"}]}<\/script>\n<!-- \/ Yoast SEO plugin. -->","yoast_head_json":{"title":"Les balcons de th\u00e9\u00e2tre-SOLD - Val\u00e9rie LE MEUR","description":"Val\u00e9rie LE MEUR Les balcons de th\u00e9\u00e2tre-SOLD Tableau -","robots":{"index":"index","follow":"follow","max-snippet":"max-snippet:-1","max-image-preview":"max-image-preview:large","max-video-preview":"max-video-preview:-1"},"canonical":"https:\/\/www.valerielemeur.com\/en\/les-balcons-de-theatre\/","og_locale":"en_GB","og_type":"article","og_title":"Les balcons de th\u00e9\u00e2tre-SOLD - Val\u00e9rie LE MEUR","og_description":"Val\u00e9rie LE MEUR Les balcons de th\u00e9\u00e2tre-SOLD Tableau -","og_url":"https:\/\/www.valerielemeur.com\/en\/les-balcons-de-theatre\/","og_site_name":"Val\u00e9rie LE MEUR","article_published_time":"2022-08-04T12:35:32+00:00","article_modified_time":"2025-09-28T09:20:49+00:00","og_image":[{"width":1260,"height":2560,"url":"https:\/\/www.valerielemeur.com\/wp-content\/uploads\/2022\/08\/14-balcons-de-theatre-80-40-acryl-2022-2-scaled.jpg","type":"image\/jpeg"}],"author":"VLM","twitter_card":"summary_large_image","twitter_misc":{"Written by":"VLM","Estimated reading time":"2 minutes"},"schema":{"@context":"https:\/\/schema.org","@graph":[{"@type":"Article","@id":"https:\/\/www.valerielemeur.com\/les-balcons-de-theatre\/#article","isPartOf":{"@id":"https:\/\/www.valerielemeur.com\/les-balcons-de-theatre\/"},"author":{"name":"VLM","@id":"https:\/\/www.valerielemeur.com\/#\/schema\/person\/988a7c5b4614f08d4a29788db12b10bb"},"headline":"Les balcons de th\u00e9\u00e2tre-SOLD","datePublished":"2022-08-04T12:35:32+00:00","dateModified":"2025-09-28T09:20:49+00:00","mainEntityOfPage":{"@id":"https:\/\/www.valerielemeur.com\/les-balcons-de-theatre\/"},"wordCount":196,"publisher":{"@id":"https:\/\/www.valerielemeur.com\/#organization"},"image":{"@id":"https:\/\/www.valerielemeur.com\/les-balcons-de-theatre\/#primaryimage"},"thumbnailUrl":"https:\/\/www.valerielemeur.com\/wp-content\/uploads\/2022\/08\/14-balcons-de-theatre-80-40-acryl-2022-2-scaled.jpg","keywords":["900 livraison incluse"],"articleSection":["Tableau","Tableaux vendus"],"inLanguage":"en-GB"},{"@type":"WebPage","@id":"https:\/\/www.valerielemeur.com\/les-balcons-de-theatre\/","url":"https:\/\/www.valerielemeur.com\/les-balcons-de-theatre\/","name":"Les balcons de th\u00e9\u00e2tre-SOLD - Val\u00e9rie LE MEUR","isPartOf":{"@id":"https:\/\/www.valerielemeur.com\/#website"},"primaryImageOfPage":{"@id":"https:\/\/www.valerielemeur.com\/les-balcons-de-theatre\/#primaryimage"},"image":{"@id":"https:\/\/www.valerielemeur.com\/les-balcons-de-theatre\/#primaryimage"},"thumbnailUrl":"https:\/\/www.valerielemeur.com\/wp-content\/uploads\/2022\/08\/14-balcons-de-theatre-80-40-acryl-2022-2-scaled.jpg","datePublished":"2022-08-04T12:35:32+00:00","dateModified":"2025-09-28T09:20:49+00:00","description":"Val\u00e9rie LE MEUR Les balcons de th\u00e9\u00e2tre-SOLD Tableau -","breadcrumb":{"@id":"https:\/\/www.valerielemeur.com\/les-balcons-de-theatre\/#breadcrumb"},"inLanguage":"en-GB","potentialAction":[{"@type":"ReadAction","target":["https:\/\/www.valerielemeur.com\/les-balcons-de-theatre\/"]}]},{"@type":"ImageObject","inLanguage":"en-GB","@id":"https:\/\/www.valerielemeur.com\/les-balcons-de-theatre\/#primaryimage","url":"https:\/\/www.valerielemeur.com\/wp-content\/uploads\/2022\/08\/14-balcons-de-theatre-80-40-acryl-2022-2-scaled.jpg","contentUrl":"https:\/\/www.valerielemeur.com\/wp-content\/uploads\/2022\/08\/14-balcons-de-theatre-80-40-acryl-2022-2-scaled.jpg","width":1260,"height":2560},{"@type":"BreadcrumbList","@id":"https:\/\/www.valerielemeur.com\/les-balcons-de-theatre\/#breadcrumb","itemListElement":[{"@type":"ListItem","position":1,"name":"Accueil","item":"https:\/\/www.valerielemeur.com\/"},{"@type":"ListItem","position":2,"name":"Les balcons de th\u00e9\u00e2tre-SOLD"}]},{"@type":"WebSite","@id":"https:\/\/www.valerielemeur.com\/#website","url":"https:\/\/www.valerielemeur.com\/","name":"Val\u00e9rie LE MEUR","description":"Painter","publisher":{"@id":"https:\/\/www.valerielemeur.com\/#organization"},"potentialAction":[{"@type":"SearchAction","target":{"@type":"EntryPoint","urlTemplate":"https:\/\/www.valerielemeur.com\/?s={search_term_string}"},"query-input":{"@type":"PropertyValueSpecification","valueRequired":true,"valueName":"search_term_string"}}],"inLanguage":"en-GB"},{"@type":"Organization","@id":"https:\/\/www.valerielemeur.com\/#organization","name":"valerie le meur","url":"https:\/\/www.valerielemeur.com\/","logo":{"@type":"ImageObject","inLanguage":"en-GB","@id":"https:\/\/www.valerielemeur.com\/#\/schema\/logo\/image\/","url":"https:\/\/www.valerielemeur.com\/wp-content\/uploads\/2020\/07\/photo-CV-sun.jpg","contentUrl":"https:\/\/www.valerielemeur.com\/wp-content\/uploads\/2020\/07\/photo-CV-sun.jpg","width":2373,"height":2373,"caption":"valerie le meur"},"image":{"@id":"https:\/\/www.valerielemeur.com\/#\/schema\/logo\/image\/"}},{"@type":"Person","@id":"https:\/\/www.valerielemeur.com\/#\/schema\/person\/988a7c5b4614f08d4a29788db12b10bb","name":"VLM","image":{"@type":"ImageObject","inLanguage":"en-GB","@id":"https:\/\/secure.gravatar.com\/avatar\/5d623c2f60da6da613f8db4cef8422938a352a814a1ad2edc307f53256aa32c2?s=96&d=mm&r=g","url":"https:\/\/secure.gravatar.com\/avatar\/5d623c2f60da6da613f8db4cef8422938a352a814a1ad2edc307f53256aa32c2?s=96&d=mm&r=g","contentUrl":"https:\/\/secure.gravatar.com\/avatar\/5d623c2f60da6da613f8db4cef8422938a352a814a1ad2edc307f53256aa32c2?s=96&d=mm&r=g","caption":"VLM"},"sameAs":["https:\/\/www.valerielemeur.com"],"url":"https:\/\/www.valerielemeur.com\/en\/author\/vlm\/"}]}},"jetpack_featured_media_url":"https:\/\/www.valerielemeur.com\/wp-content\/uploads\/2022\/08\/14-balcons-de-theatre-80-40-acryl-2022-2-scaled.jpg","uagb_featured_image_src":{"full":["https:\/\/www.valerielemeur.com\/wp-content\/uploads\/2022\/08\/14-balcons-de-theatre-80-40-acryl-2022-2-scaled.jpg",1260,2560,false],"thumbnail":["https:\/\/www.valerielemeur.com\/wp-content\/uploads\/2022\/08\/14-balcons-de-theatre-80-40-acryl-2022-2-150x150.jpg",150,150,true],"medium":["https:\/\/www.valerielemeur.com\/wp-content\/uploads\/2022\/08\/14-balcons-de-theatre-80-40-acryl-2022-2-148x300.jpg",148,300,true],"medium_large":["https:\/\/www.valerielemeur.com\/wp-content\/uploads\/2022\/08\/14-balcons-de-theatre-80-40-acryl-2022-2-768x1561.jpg",768,1561,true],"large":["https:\/\/www.valerielemeur.com\/wp-content\/uploads\/2022\/08\/14-balcons-de-theatre-80-40-acryl-2022-2-504x1024.jpg",504,1024,true],"1536x1536":["https:\/\/www.valerielemeur.com\/wp-content\/uploads\/2022\/08\/14-balcons-de-theatre-80-40-acryl-2022-2-756x1536.jpg",756,1536,true],"2048x2048":["https:\/\/www.valerielemeur.com\/wp-content\/uploads\/2022\/08\/14-balcons-de-theatre-80-40-acryl-2022-2-1008x2048.jpg",1008,2048,true],"trp-custom-language-flag":["https:\/\/www.valerielemeur.com\/wp-content\/uploads\/2022\/08\/14-balcons-de-theatre-80-40-acryl-2022-2-6x12.jpg",6,12,true]},"uagb_author_info":{"display_name":"VLM","author_link":"https:\/\/www.valerielemeur.com\/en\/author\/vlm\/"},"uagb_comment_info":0,"uagb_excerpt":"Theatre \u00ab\u00a0La Renaissance\u00a0\u00bb Paris Acrylique sur toile tendue chassis bois Taille : 80\/40\/2 cm Le style pictural est rapide, dynamique et audacieux. Il est fait de couches successives, rapides. Le tableau est fait de petites touches de couleur pour lui donner un dynamisme, on est dans une \u00ab&nbsp;impression&nbsp;\u00bb, je ne cherche pas la r\u00e9alit\u00e9 mais&hellip;","jetpack_sharing_enabled":true,"_links":{"self":[{"href":"https:\/\/www.valerielemeur.com\/en\/wp-json\/wp\/v2\/posts\/4268","targetHints":{"allow":["GET"]}}],"collection":[{"href":"https:\/\/www.valerielemeur.com\/en\/wp-json\/wp\/v2\/posts"}],"about":[{"href":"https:\/\/www.valerielemeur.com\/en\/wp-json\/wp\/v2\/types\/post"}],"author":[{"embeddable":true,"href":"https:\/\/www.valerielemeur.com\/en\/wp-json\/wp\/v2\/users\/1"}],"replies":[{"embeddable":true,"href":"https:\/\/www.valerielemeur.com\/en\/wp-json\/wp\/v2\/comments?post=4268"}],"version-history":[{"count":9,"href":"https:\/\/www.valerielemeur.com\/en\/wp-json\/wp\/v2\/posts\/4268\/revisions"}],"predecessor-version":[{"id":6110,"href":"https:\/\/www.valerielemeur.com\/en\/wp-json\/wp\/v2\/posts\/4268\/revisions\/6110"}],"wp:featuredmedia":[{"embeddable":true,"href":"https:\/\/www.valerielemeur.com\/en\/wp-json\/wp\/v2\/media\/4270"}],"wp:attachment":[{"href":"https:\/\/www.valerielemeur.com\/en\/wp-json\/wp\/v2\/media?parent=4268"}],"wp:term":[{"taxonomy":"category","embeddable":true,"href":"https:\/\/www.valerielemeur.com\/en\/wp-json\/wp\/v2\/categories?post=4268"},{"taxonomy":"post_tag","embeddable":true,"href":"https:\/\/www.valerielemeur.com\/en\/wp-json\/wp\/v2\/tags?post=4268"}],"curies":[{"name":"wp","href":"https:\/\/api.w.org\/{rel}","templated":true}]}}