{"id":4272,"date":"2022-08-04T12:37:44","date_gmt":"2022-08-04T12:37:44","guid":{"rendered":"https:\/\/www.valerielemeur.com\/?p=4272"},"modified":"2024-08-20T16:37:59","modified_gmt":"2024-08-20T16:37:59","slug":"les-fauteuils-de-theatre-2","status":"publish","type":"post","link":"https:\/\/www.valerielemeur.com\/en\/les-fauteuils-de-theatre-2\/","title":{"rendered":"Les fauteuils de th\u00e9\u00e2tre-2-"},"content":{"rendered":"<figure class=\"wp-block-image size-full\"><img loading=\"lazy\" decoding=\"async\" width=\"2560\" height=\"1677\" src=\"https:\/\/www.valerielemeur.com\/wp-content\/uploads\/2022\/08\/9-les-fauteuils-de-theatre-2-scaled.jpg\" alt=\"\" class=\"wp-image-4274\" srcset=\"https:\/\/www.valerielemeur.com\/wp-content\/uploads\/2022\/08\/9-les-fauteuils-de-theatre-2-scaled.jpg 2560w, https:\/\/www.valerielemeur.com\/wp-content\/uploads\/2022\/08\/9-les-fauteuils-de-theatre-2-300x197.jpg 300w, https:\/\/www.valerielemeur.com\/wp-content\/uploads\/2022\/08\/9-les-fauteuils-de-theatre-2-1024x671.jpg 1024w, https:\/\/www.valerielemeur.com\/wp-content\/uploads\/2022\/08\/9-les-fauteuils-de-theatre-2-768x503.jpg 768w, https:\/\/www.valerielemeur.com\/wp-content\/uploads\/2022\/08\/9-les-fauteuils-de-theatre-2-1536x1006.jpg 1536w, https:\/\/www.valerielemeur.com\/wp-content\/uploads\/2022\/08\/9-les-fauteuils-de-theatre-2-2048x1342.jpg 2048w, https:\/\/www.valerielemeur.com\/wp-content\/uploads\/2022\/08\/9-les-fauteuils-de-theatre-2-18x12.jpg 18w\" sizes=\"auto, (max-width: 2560px) 100vw, 2560px\" \/><\/figure>\n\n\n\n<div class=\"wp-block-columns is-layout-flex wp-container-core-columns-is-layout-28f84493 wp-block-columns-is-layout-flex\">\n<div class=\"wp-block-column is-layout-flow wp-block-column-is-layout-flow\"><\/div>\n\n\n\n<div class=\"wp-block-column is-layout-flow wp-block-column-is-layout-flow\">\n<p class=\"has-vivid-cyan-blue-color has-text-color has-medium-font-size\"><\/p>\n\n\n\n<p class=\"has-vivid-cyan-blue-color has-text-color has-medium-font-size\">Theatre \u00ab\u00a0La Renaissance\u00a0\u00bb Paris<\/p>\n<\/div>\n<\/div>\n\n\n\n<div class=\"wp-block-columns is-layout-flex wp-container-core-columns-is-layout-28f84493 wp-block-columns-is-layout-flex\">\n<div class=\"wp-block-column is-layout-flow wp-block-column-is-layout-flow\">\n<p class=\"has-medium-font-size\">Acrylique sur toile tendue ch\u00e2ssis bois : 1300\u20ac + livraison <\/p>\n\n\n\n<p class=\"has-medium-font-size\">Taille : 54\/81\/2 cm<\/p>\n\n\n\n<p class=\"has-ast-global-color-1-color has-text-color has-medium-font-size\">Dans le cadre de la s\u00e9rie des spectacles; voici le th\u00e9\u00e2tre et ses fauteuils. Sujet iconique par excellence, les fauteuils de th\u00e9\u00e2tre rouges sont une image que l&rsquo;on a du th\u00e9\u00e2tre, ils font partie de la magie du th\u00e9\u00e2tre, au m\u00eame titre que les rideaux de sc\u00e8nes; les trois coups&#8230; Le th\u00e9\u00e2tre est vide, mais il est vivant, les d\u00e9cors \u00e0 peine visibles signalent qu&rsquo;une pi\u00e8ce va bient\u00f4t se jouer. C&rsquo;est un moment de calme avant la temp\u00eate.<\/p>\n\n\n\n<p class=\"has-medium-font-size\">Le style pictural est rapide, dynamique et audacieux. Il est fait de couches successives, rapides. Le tableau est fait de petites touches de couleur pour lui donner un dynamisme, on est dans une \u00ab&nbsp;impression&nbsp;\u00bb, je ne cherche pas la r\u00e9alit\u00e9 mais une atmosph\u00e8re.&nbsp;<\/p>\n\n\n\n<p class=\"has-medium-font-size\">Le tableau est pr\u00eat \u00e0 accrocher au mur, il est prot\u00e9g\u00e9 par un vernis acrylique brillant qui fait ressortir l\u2019intensit\u00e9 des couleurs.<\/p>\n\n\n\n<p class=\"has-medium-font-size\"><br>Il est dat\u00e9, sign\u00e9 et d\u00e9livr\u00e9 avec un certificat d\u2019authenticit\u00e9 et une facture.<br>Les bords du tableau ont un cache clous noir: pas besoin d\u2019encadrement.<\/p>\n\n\n\n<p class=\"has-medium-font-size\"> <\/p>\n\n\n\n<p class=\"has-medium-font-size\"><\/p>\n\n\n\n<p class=\"has-medium-font-size\"><\/p>\n\n\n\n<p class=\"has-medium-font-size\"><\/p>\n<\/div>\n\n\n\n<div class=\"wp-block-column is-layout-flow wp-block-column-is-layout-flow\">\n<p class=\"has-vivid-cyan-blue-color has-text-color has-medium-font-size\"><\/p>\n\n\n\n<p class=\"has-vivid-cyan-blue-color has-text-color has-medium-font-size\">Size: 54\/81\/2 cm    <\/p>\n\n\n\n<p class=\"has-vivid-cyan-blue-color has-text-color has-medium-font-size\">In the series of theatre and shows, this painting shows the theatre before a new play. It&rsquo;s quiet and calm but it&rsquo;s just a moment before another storm comes on the room and the stage. The red color of the theatre is a caracteristic of French theatre as well as the curtains or the three knocks before the play starts. It&rsquo;s part of the magic. <\/p>\n\n\n\n<p>the red color<\/p>\n\n\n\n<p class=\"has-vivid-cyan-blue-color has-text-color has-medium-font-size\">My painting is made of thousands of multi-coloured touches of paint, sometimes imperceptible: these little impressionism touches give the painting an atmosphere. I don\u2019t want to make it realistic. &nbsp;&nbsp;&nbsp;<\/p>\n\n\n\n<p class=\"has-vivid-cyan-blue-color has-text-color has-medium-font-size\">Acrylic on stretched canvas on wooden frame, protected by an bright acrylic varnish, to enhance the colours.<\/p>\n\n\n\n<p class=\"has-vivid-cyan-blue-color has-text-color has-medium-font-size\">The sides of the painting are protected by a black ribbon: no need to frame. Delivered with a certificate of authenticity<\/p>\n\n\n\n<p class=\"has-vivid-cyan-blue-color has-text-color has-medium-font-size\"><br><\/p>\n\n\n\n<p class=\"has-vivid-cyan-blue-color has-text-color has-medium-font-size\"><\/p>\n\n\n\n<p class=\"has-vivid-cyan-blue-color has-text-color has-medium-font-size\"><\/p>\n\n\n\n<p class=\"has-vivid-cyan-blue-color has-text-color has-medium-font-size\"><\/p>\n\n\n\n<p class=\"has-vivid-cyan-blue-color has-text-color has-medium-font-size\"><br><\/p>\n\n\n\n<p class=\"has-vivid-cyan-blue-color has-text-color has-medium-font-size\">.<\/p>\n<\/div>\n<\/div>","protected":false},"excerpt":{"rendered":"<p>Theatre \u00ab\u00a0La Renaissance\u00a0\u00bb Paris Acrylique sur toile tendue ch\u00e2ssis bois : 1300\u20ac + livraison Taille : 54\/81\/2 cm Dans le cadre de la s\u00e9rie des spectacles; voici le th\u00e9\u00e2tre et ses fauteuils. Sujet iconique par excellence, les fauteuils de th\u00e9\u00e2tre rouges sont une image que l&rsquo;on a du th\u00e9\u00e2tre, ils font partie de la magie [&hellip;]<\/p>\n","protected":false},"author":1,"featured_media":4274,"comment_status":"closed","ping_status":"closed","sticky":false,"template":"","format":"gallery","meta":{"_uag_custom_page_level_css":"","site-sidebar-layout":"default","site-content-layout":null,"ast-site-content-layout":"default","site-content-style":"default","site-sidebar-style":"default","ast-global-header-display":"","ast-banner-title-visibility":"","ast-main-header-display":"","ast-hfb-above-header-display":null,"ast-hfb-below-header-display":null,"ast-hfb-mobile-header-display":null,"site-post-title":"enabled","ast-breadcrumbs-content":null,"ast-featured-img":"disabled","footer-sml-layout":"","ast-disable-related-posts":"","theme-transparent-header-meta":"enabled","adv-header-id-meta":null,"stick-header-meta":null,"header-above-stick-meta":null,"header-main-stick-meta":null,"header-below-stick-meta":null,"astra-migrate-meta-layouts":"default","ast-page-background-enabled":"default","ast-page-background-meta":{"desktop":{"background-color":"","background-image":"","background-repeat":"repeat","background-position":"center center","background-size":"auto","background-attachment":"scroll","background-type":"","background-media":"","overlay-type":"","overlay-color":"","overlay-opacity":"","overlay-gradient":""},"tablet":{"background-color":"","background-image":"","background-repeat":"repeat","background-position":"center center","background-size":"auto","background-attachment":"scroll","background-type":"","background-media":"","overlay-type":"","overlay-color":"","overlay-opacity":"","overlay-gradient":""},"mobile":{"background-color":"","background-image":"","background-repeat":"repeat","background-position":"center center","background-size":"auto","background-attachment":"scroll","background-type":"","background-media":"","overlay-type":"","overlay-color":"","overlay-opacity":"","overlay-gradient":""}},"ast-content-background-meta":{"desktop":{"background-color":"var(--ast-global-color-5)","background-image":"","background-repeat":"repeat","background-position":"center center","background-size":"auto","background-attachment":"scroll","background-type":"","background-media":"","overlay-type":"","overlay-color":"","overlay-opacity":"","overlay-gradient":""},"tablet":{"background-color":"var(--ast-global-color-5)","background-image":"","background-repeat":"repeat","background-position":"center center","background-size":"auto","background-attachment":"scroll","background-type":"","background-media":"","overlay-type":"","overlay-color":"","overlay-opacity":"","overlay-gradient":""},"mobile":{"background-color":"var(--ast-global-color-5)","background-image":"","background-repeat":"repeat","background-position":"center center","background-size":"auto","background-attachment":"scroll","background-type":"","background-media":"","overlay-type":"","overlay-color":"","overlay-opacity":"","overlay-gradient":""}},"_jetpack_memberships_contains_paid_content":false,"footnotes":""},"categories":[47,41],"tags":[200],"class_list":["post-4272","post","type-post","status-publish","format-gallery","has-post-thumbnail","hentry","category-show","category-painting","tag-1200-livraison-incluse","post_format-post-format-gallery"],"yoast_head":"<!-- This site is optimized with the Yoast SEO plugin v27.4 - https:\/\/yoast.com\/product\/yoast-seo-wordpress\/ -->\n<title>Les fauteuils de th\u00e9\u00e2tre-2- Val\u00e9rie LE MEUR<\/title>\n<meta name=\"description\" content=\"Val\u00e9rie LE MEUR Les fauteuils de th\u00e9\u00e2tre-2- Tableau -\" \/>\n<meta name=\"robots\" content=\"index, follow, max-snippet:-1, max-image-preview:large, max-video-preview:-1\" \/>\n<link rel=\"canonical\" href=\"https:\/\/www.valerielemeur.com\/en\/les-fauteuils-de-theatre-2\/\" \/>\n<meta property=\"og:locale\" content=\"en_GB\" \/>\n<meta property=\"og:type\" content=\"article\" \/>\n<meta property=\"og:title\" content=\"Les fauteuils de th\u00e9\u00e2tre-2- Val\u00e9rie LE MEUR\" \/>\n<meta property=\"og:description\" content=\"Val\u00e9rie LE MEUR Les fauteuils de th\u00e9\u00e2tre-2- Tableau -\" \/>\n<meta property=\"og:url\" content=\"https:\/\/www.valerielemeur.com\/en\/les-fauteuils-de-theatre-2\/\" \/>\n<meta property=\"og:site_name\" content=\"Val\u00e9rie LE MEUR\" \/>\n<meta property=\"article:published_time\" content=\"2022-08-04T12:37:44+00:00\" \/>\n<meta property=\"article:modified_time\" content=\"2024-08-20T16:37:59+00:00\" \/>\n<meta property=\"og:image\" content=\"https:\/\/www.valerielemeur.com\/wp-content\/uploads\/2022\/08\/9-les-fauteuils-de-theatre-2-scaled.jpg\" \/>\n\t<meta property=\"og:image:width\" content=\"2560\" \/>\n\t<meta property=\"og:image:height\" content=\"1677\" \/>\n\t<meta property=\"og:image:type\" content=\"image\/jpeg\" \/>\n<meta name=\"author\" content=\"VLM\" \/>\n<meta name=\"twitter:card\" content=\"summary_large_image\" \/>\n<meta name=\"twitter:label1\" content=\"Written by\" \/>\n\t<meta name=\"twitter:data1\" content=\"VLM\" \/>\n\t<meta name=\"twitter:label2\" content=\"Estimated reading time\" \/>\n\t<meta name=\"twitter:data2\" content=\"2 minutes\" \/>\n<script type=\"application\/ld+json\" class=\"yoast-schema-graph\">{\"@context\":\"https:\\\/\\\/schema.org\",\"@graph\":[{\"@type\":\"Article\",\"@id\":\"https:\\\/\\\/www.valerielemeur.com\\\/les-fauteuils-de-theatre-2\\\/#article\",\"isPartOf\":{\"@id\":\"https:\\\/\\\/www.valerielemeur.com\\\/les-fauteuils-de-theatre-2\\\/\"},\"author\":{\"name\":\"VLM\",\"@id\":\"https:\\\/\\\/www.valerielemeur.com\\\/#\\\/schema\\\/person\\\/988a7c5b4614f08d4a29788db12b10bb\"},\"headline\":\"Les fauteuils de th\u00e9\u00e2tre-2-\",\"datePublished\":\"2022-08-04T12:37:44+00:00\",\"dateModified\":\"2024-08-20T16:37:59+00:00\",\"mainEntityOfPage\":{\"@id\":\"https:\\\/\\\/www.valerielemeur.com\\\/les-fauteuils-de-theatre-2\\\/\"},\"wordCount\":356,\"publisher\":{\"@id\":\"https:\\\/\\\/www.valerielemeur.com\\\/#organization\"},\"image\":{\"@id\":\"https:\\\/\\\/www.valerielemeur.com\\\/les-fauteuils-de-theatre-2\\\/#primaryimage\"},\"thumbnailUrl\":\"https:\\\/\\\/www.valerielemeur.com\\\/wp-content\\\/uploads\\\/2022\\\/08\\\/9-les-fauteuils-de-theatre-2-scaled.jpg\",\"keywords\":[\"1200 livraison incluse\"],\"articleSection\":[\"Spectacle\",\"Tableau\"],\"inLanguage\":\"en-GB\"},{\"@type\":\"WebPage\",\"@id\":\"https:\\\/\\\/www.valerielemeur.com\\\/les-fauteuils-de-theatre-2\\\/\",\"url\":\"https:\\\/\\\/www.valerielemeur.com\\\/les-fauteuils-de-theatre-2\\\/\",\"name\":\"Les fauteuils de th\u00e9\u00e2tre-2- Val\u00e9rie LE MEUR\",\"isPartOf\":{\"@id\":\"https:\\\/\\\/www.valerielemeur.com\\\/#website\"},\"primaryImageOfPage\":{\"@id\":\"https:\\\/\\\/www.valerielemeur.com\\\/les-fauteuils-de-theatre-2\\\/#primaryimage\"},\"image\":{\"@id\":\"https:\\\/\\\/www.valerielemeur.com\\\/les-fauteuils-de-theatre-2\\\/#primaryimage\"},\"thumbnailUrl\":\"https:\\\/\\\/www.valerielemeur.com\\\/wp-content\\\/uploads\\\/2022\\\/08\\\/9-les-fauteuils-de-theatre-2-scaled.jpg\",\"datePublished\":\"2022-08-04T12:37:44+00:00\",\"dateModified\":\"2024-08-20T16:37:59+00:00\",\"description\":\"Val\u00e9rie LE MEUR Les fauteuils de th\u00e9\u00e2tre-2- Tableau -\",\"breadcrumb\":{\"@id\":\"https:\\\/\\\/www.valerielemeur.com\\\/les-fauteuils-de-theatre-2\\\/#breadcrumb\"},\"inLanguage\":\"en-GB\",\"potentialAction\":[{\"@type\":\"ReadAction\",\"target\":[\"https:\\\/\\\/www.valerielemeur.com\\\/les-fauteuils-de-theatre-2\\\/\"]}]},{\"@type\":\"ImageObject\",\"inLanguage\":\"en-GB\",\"@id\":\"https:\\\/\\\/www.valerielemeur.com\\\/les-fauteuils-de-theatre-2\\\/#primaryimage\",\"url\":\"https:\\\/\\\/www.valerielemeur.com\\\/wp-content\\\/uploads\\\/2022\\\/08\\\/9-les-fauteuils-de-theatre-2-scaled.jpg\",\"contentUrl\":\"https:\\\/\\\/www.valerielemeur.com\\\/wp-content\\\/uploads\\\/2022\\\/08\\\/9-les-fauteuils-de-theatre-2-scaled.jpg\",\"width\":2560,\"height\":1677},{\"@type\":\"BreadcrumbList\",\"@id\":\"https:\\\/\\\/www.valerielemeur.com\\\/les-fauteuils-de-theatre-2\\\/#breadcrumb\",\"itemListElement\":[{\"@type\":\"ListItem\",\"position\":1,\"name\":\"Accueil\",\"item\":\"https:\\\/\\\/www.valerielemeur.com\\\/\"},{\"@type\":\"ListItem\",\"position\":2,\"name\":\"Les fauteuils de th\u00e9\u00e2tre-2-\"}]},{\"@type\":\"WebSite\",\"@id\":\"https:\\\/\\\/www.valerielemeur.com\\\/#website\",\"url\":\"https:\\\/\\\/www.valerielemeur.com\\\/\",\"name\":\"Val\u00e9rie LE MEUR\",\"description\":\"Artiste Peintre\",\"publisher\":{\"@id\":\"https:\\\/\\\/www.valerielemeur.com\\\/#organization\"},\"potentialAction\":[{\"@type\":\"SearchAction\",\"target\":{\"@type\":\"EntryPoint\",\"urlTemplate\":\"https:\\\/\\\/www.valerielemeur.com\\\/?s={search_term_string}\"},\"query-input\":{\"@type\":\"PropertyValueSpecification\",\"valueRequired\":true,\"valueName\":\"search_term_string\"}}],\"inLanguage\":\"en-GB\"},{\"@type\":\"Organization\",\"@id\":\"https:\\\/\\\/www.valerielemeur.com\\\/#organization\",\"name\":\"valerie le meur\",\"url\":\"https:\\\/\\\/www.valerielemeur.com\\\/\",\"logo\":{\"@type\":\"ImageObject\",\"inLanguage\":\"en-GB\",\"@id\":\"https:\\\/\\\/www.valerielemeur.com\\\/#\\\/schema\\\/logo\\\/image\\\/\",\"url\":\"https:\\\/\\\/www.valerielemeur.com\\\/wp-content\\\/uploads\\\/2020\\\/07\\\/photo-CV-sun.jpg\",\"contentUrl\":\"https:\\\/\\\/www.valerielemeur.com\\\/wp-content\\\/uploads\\\/2020\\\/07\\\/photo-CV-sun.jpg\",\"width\":2373,\"height\":2373,\"caption\":\"valerie le meur\"},\"image\":{\"@id\":\"https:\\\/\\\/www.valerielemeur.com\\\/#\\\/schema\\\/logo\\\/image\\\/\"}},{\"@type\":\"Person\",\"@id\":\"https:\\\/\\\/www.valerielemeur.com\\\/#\\\/schema\\\/person\\\/988a7c5b4614f08d4a29788db12b10bb\",\"name\":\"VLM\",\"image\":{\"@type\":\"ImageObject\",\"inLanguage\":\"en-GB\",\"@id\":\"https:\\\/\\\/secure.gravatar.com\\\/avatar\\\/5d623c2f60da6da613f8db4cef8422938a352a814a1ad2edc307f53256aa32c2?s=96&d=mm&r=g\",\"url\":\"https:\\\/\\\/secure.gravatar.com\\\/avatar\\\/5d623c2f60da6da613f8db4cef8422938a352a814a1ad2edc307f53256aa32c2?s=96&d=mm&r=g\",\"contentUrl\":\"https:\\\/\\\/secure.gravatar.com\\\/avatar\\\/5d623c2f60da6da613f8db4cef8422938a352a814a1ad2edc307f53256aa32c2?s=96&d=mm&r=g\",\"caption\":\"VLM\"},\"sameAs\":[\"https:\\\/\\\/www.valerielemeur.com\"],\"url\":\"https:\\\/\\\/www.valerielemeur.com\\\/en\\\/author\\\/vlm\\\/\"}]}<\/script>\n<!-- \/ Yoast SEO plugin. -->","yoast_head_json":{"title":"Les fauteuils de th\u00e9\u00e2tre-2- Val\u00e9rie LE MEUR","description":"Val\u00e9rie LE MEUR Les fauteuils de th\u00e9\u00e2tre-2- Tableau -","robots":{"index":"index","follow":"follow","max-snippet":"max-snippet:-1","max-image-preview":"max-image-preview:large","max-video-preview":"max-video-preview:-1"},"canonical":"https:\/\/www.valerielemeur.com\/en\/les-fauteuils-de-theatre-2\/","og_locale":"en_GB","og_type":"article","og_title":"Les fauteuils de th\u00e9\u00e2tre-2- Val\u00e9rie LE MEUR","og_description":"Val\u00e9rie LE MEUR Les fauteuils de th\u00e9\u00e2tre-2- Tableau -","og_url":"https:\/\/www.valerielemeur.com\/en\/les-fauteuils-de-theatre-2\/","og_site_name":"Val\u00e9rie LE MEUR","article_published_time":"2022-08-04T12:37:44+00:00","article_modified_time":"2024-08-20T16:37:59+00:00","og_image":[{"width":2560,"height":1677,"url":"https:\/\/www.valerielemeur.com\/wp-content\/uploads\/2022\/08\/9-les-fauteuils-de-theatre-2-scaled.jpg","type":"image\/jpeg"}],"author":"VLM","twitter_card":"summary_large_image","twitter_misc":{"Written by":"VLM","Estimated reading time":"2 minutes"},"schema":{"@context":"https:\/\/schema.org","@graph":[{"@type":"Article","@id":"https:\/\/www.valerielemeur.com\/les-fauteuils-de-theatre-2\/#article","isPartOf":{"@id":"https:\/\/www.valerielemeur.com\/les-fauteuils-de-theatre-2\/"},"author":{"name":"VLM","@id":"https:\/\/www.valerielemeur.com\/#\/schema\/person\/988a7c5b4614f08d4a29788db12b10bb"},"headline":"Les fauteuils de th\u00e9\u00e2tre-2-","datePublished":"2022-08-04T12:37:44+00:00","dateModified":"2024-08-20T16:37:59+00:00","mainEntityOfPage":{"@id":"https:\/\/www.valerielemeur.com\/les-fauteuils-de-theatre-2\/"},"wordCount":356,"publisher":{"@id":"https:\/\/www.valerielemeur.com\/#organization"},"image":{"@id":"https:\/\/www.valerielemeur.com\/les-fauteuils-de-theatre-2\/#primaryimage"},"thumbnailUrl":"https:\/\/www.valerielemeur.com\/wp-content\/uploads\/2022\/08\/9-les-fauteuils-de-theatre-2-scaled.jpg","keywords":["1200 livraison incluse"],"articleSection":["Spectacle","Tableau"],"inLanguage":"en-GB"},{"@type":"WebPage","@id":"https:\/\/www.valerielemeur.com\/les-fauteuils-de-theatre-2\/","url":"https:\/\/www.valerielemeur.com\/les-fauteuils-de-theatre-2\/","name":"Les fauteuils de th\u00e9\u00e2tre-2- Val\u00e9rie LE MEUR","isPartOf":{"@id":"https:\/\/www.valerielemeur.com\/#website"},"primaryImageOfPage":{"@id":"https:\/\/www.valerielemeur.com\/les-fauteuils-de-theatre-2\/#primaryimage"},"image":{"@id":"https:\/\/www.valerielemeur.com\/les-fauteuils-de-theatre-2\/#primaryimage"},"thumbnailUrl":"https:\/\/www.valerielemeur.com\/wp-content\/uploads\/2022\/08\/9-les-fauteuils-de-theatre-2-scaled.jpg","datePublished":"2022-08-04T12:37:44+00:00","dateModified":"2024-08-20T16:37:59+00:00","description":"Val\u00e9rie LE MEUR Les fauteuils de th\u00e9\u00e2tre-2- Tableau -","breadcrumb":{"@id":"https:\/\/www.valerielemeur.com\/les-fauteuils-de-theatre-2\/#breadcrumb"},"inLanguage":"en-GB","potentialAction":[{"@type":"ReadAction","target":["https:\/\/www.valerielemeur.com\/les-fauteuils-de-theatre-2\/"]}]},{"@type":"ImageObject","inLanguage":"en-GB","@id":"https:\/\/www.valerielemeur.com\/les-fauteuils-de-theatre-2\/#primaryimage","url":"https:\/\/www.valerielemeur.com\/wp-content\/uploads\/2022\/08\/9-les-fauteuils-de-theatre-2-scaled.jpg","contentUrl":"https:\/\/www.valerielemeur.com\/wp-content\/uploads\/2022\/08\/9-les-fauteuils-de-theatre-2-scaled.jpg","width":2560,"height":1677},{"@type":"BreadcrumbList","@id":"https:\/\/www.valerielemeur.com\/les-fauteuils-de-theatre-2\/#breadcrumb","itemListElement":[{"@type":"ListItem","position":1,"name":"Accueil","item":"https:\/\/www.valerielemeur.com\/"},{"@type":"ListItem","position":2,"name":"Les fauteuils de th\u00e9\u00e2tre-2-"}]},{"@type":"WebSite","@id":"https:\/\/www.valerielemeur.com\/#website","url":"https:\/\/www.valerielemeur.com\/","name":"Val\u00e9rie LE MEUR","description":"Painter","publisher":{"@id":"https:\/\/www.valerielemeur.com\/#organization"},"potentialAction":[{"@type":"SearchAction","target":{"@type":"EntryPoint","urlTemplate":"https:\/\/www.valerielemeur.com\/?s={search_term_string}"},"query-input":{"@type":"PropertyValueSpecification","valueRequired":true,"valueName":"search_term_string"}}],"inLanguage":"en-GB"},{"@type":"Organization","@id":"https:\/\/www.valerielemeur.com\/#organization","name":"valerie le meur","url":"https:\/\/www.valerielemeur.com\/","logo":{"@type":"ImageObject","inLanguage":"en-GB","@id":"https:\/\/www.valerielemeur.com\/#\/schema\/logo\/image\/","url":"https:\/\/www.valerielemeur.com\/wp-content\/uploads\/2020\/07\/photo-CV-sun.jpg","contentUrl":"https:\/\/www.valerielemeur.com\/wp-content\/uploads\/2020\/07\/photo-CV-sun.jpg","width":2373,"height":2373,"caption":"valerie le meur"},"image":{"@id":"https:\/\/www.valerielemeur.com\/#\/schema\/logo\/image\/"}},{"@type":"Person","@id":"https:\/\/www.valerielemeur.com\/#\/schema\/person\/988a7c5b4614f08d4a29788db12b10bb","name":"VLM","image":{"@type":"ImageObject","inLanguage":"en-GB","@id":"https:\/\/secure.gravatar.com\/avatar\/5d623c2f60da6da613f8db4cef8422938a352a814a1ad2edc307f53256aa32c2?s=96&d=mm&r=g","url":"https:\/\/secure.gravatar.com\/avatar\/5d623c2f60da6da613f8db4cef8422938a352a814a1ad2edc307f53256aa32c2?s=96&d=mm&r=g","contentUrl":"https:\/\/secure.gravatar.com\/avatar\/5d623c2f60da6da613f8db4cef8422938a352a814a1ad2edc307f53256aa32c2?s=96&d=mm&r=g","caption":"VLM"},"sameAs":["https:\/\/www.valerielemeur.com"],"url":"https:\/\/www.valerielemeur.com\/en\/author\/vlm\/"}]}},"jetpack_featured_media_url":"https:\/\/www.valerielemeur.com\/wp-content\/uploads\/2022\/08\/9-les-fauteuils-de-theatre-2-scaled.jpg","uagb_featured_image_src":{"full":["https:\/\/www.valerielemeur.com\/wp-content\/uploads\/2022\/08\/9-les-fauteuils-de-theatre-2-scaled.jpg",2560,1677,false],"thumbnail":["https:\/\/www.valerielemeur.com\/wp-content\/uploads\/2022\/08\/9-les-fauteuils-de-theatre-2-150x150.jpg",150,150,true],"medium":["https:\/\/www.valerielemeur.com\/wp-content\/uploads\/2022\/08\/9-les-fauteuils-de-theatre-2-300x197.jpg",300,197,true],"medium_large":["https:\/\/www.valerielemeur.com\/wp-content\/uploads\/2022\/08\/9-les-fauteuils-de-theatre-2-768x503.jpg",768,503,true],"large":["https:\/\/www.valerielemeur.com\/wp-content\/uploads\/2022\/08\/9-les-fauteuils-de-theatre-2-1024x671.jpg",1024,671,true],"1536x1536":["https:\/\/www.valerielemeur.com\/wp-content\/uploads\/2022\/08\/9-les-fauteuils-de-theatre-2-1536x1006.jpg",1536,1006,true],"2048x2048":["https:\/\/www.valerielemeur.com\/wp-content\/uploads\/2022\/08\/9-les-fauteuils-de-theatre-2-2048x1342.jpg",2048,1342,true],"trp-custom-language-flag":["https:\/\/www.valerielemeur.com\/wp-content\/uploads\/2022\/08\/9-les-fauteuils-de-theatre-2-18x12.jpg",18,12,true]},"uagb_author_info":{"display_name":"VLM","author_link":"https:\/\/www.valerielemeur.com\/en\/author\/vlm\/"},"uagb_comment_info":0,"uagb_excerpt":"Theatre \u00ab\u00a0La Renaissance\u00a0\u00bb Paris Acrylique sur toile tendue ch\u00e2ssis bois : 1300\u20ac + livraison Taille : 54\/81\/2 cm Dans le cadre de la s\u00e9rie des spectacles; voici le th\u00e9\u00e2tre et ses fauteuils. Sujet iconique par excellence, les fauteuils de th\u00e9\u00e2tre rouges sont une image que l&rsquo;on a du th\u00e9\u00e2tre, ils font partie de la magie&hellip;","jetpack_sharing_enabled":true,"_links":{"self":[{"href":"https:\/\/www.valerielemeur.com\/en\/wp-json\/wp\/v2\/posts\/4272","targetHints":{"allow":["GET"]}}],"collection":[{"href":"https:\/\/www.valerielemeur.com\/en\/wp-json\/wp\/v2\/posts"}],"about":[{"href":"https:\/\/www.valerielemeur.com\/en\/wp-json\/wp\/v2\/types\/post"}],"author":[{"embeddable":true,"href":"https:\/\/www.valerielemeur.com\/en\/wp-json\/wp\/v2\/users\/1"}],"replies":[{"embeddable":true,"href":"https:\/\/www.valerielemeur.com\/en\/wp-json\/wp\/v2\/comments?post=4272"}],"version-history":[{"count":6,"href":"https:\/\/www.valerielemeur.com\/en\/wp-json\/wp\/v2\/posts\/4272\/revisions"}],"predecessor-version":[{"id":4731,"href":"https:\/\/www.valerielemeur.com\/en\/wp-json\/wp\/v2\/posts\/4272\/revisions\/4731"}],"wp:featuredmedia":[{"embeddable":true,"href":"https:\/\/www.valerielemeur.com\/en\/wp-json\/wp\/v2\/media\/4274"}],"wp:attachment":[{"href":"https:\/\/www.valerielemeur.com\/en\/wp-json\/wp\/v2\/media?parent=4272"}],"wp:term":[{"taxonomy":"category","embeddable":true,"href":"https:\/\/www.valerielemeur.com\/en\/wp-json\/wp\/v2\/categories?post=4272"},{"taxonomy":"post_tag","embeddable":true,"href":"https:\/\/www.valerielemeur.com\/en\/wp-json\/wp\/v2\/tags?post=4272"}],"curies":[{"name":"wp","href":"https:\/\/api.w.org\/{rel}","templated":true}]}}