{"id":4529,"date":"2022-11-24T14:34:40","date_gmt":"2022-11-24T14:34:40","guid":{"rendered":"https:\/\/www.valerielemeur.com\/?p=4529"},"modified":"2024-08-20T16:32:56","modified_gmt":"2024-08-20T16:32:56","slug":"expositions-2023","status":"publish","type":"post","link":"https:\/\/www.valerielemeur.com\/en\/expositions-2023\/","title":{"rendered":"EXPOSITIONS 2023\/ ART SHOWS 2023"},"content":{"rendered":"<p class=\"has-ast-global-color-1-color has-pale-pink-background-color has-text-color has-background has-large-font-size\"><strong>Expositions personnelles: Personal Art Shows<\/strong><\/p>\n\n\n\n<p class=\"has-vivid-purple-color has-text-color has-medium-font-size\"><strong>27-28 juin: exposition priv\u00e9e de mes tableaux lors de la convention de l&rsquo;entreprise fran\u00e7aise FREE Mobile \u00e0 la Bellevilloise, Paris 20\u00e8me <\/strong><\/p>\n\n\n\n<p class=\"has-ast-global-color-2-color has-text-color has-medium-font-size\"><strong>10 et 11 juin: Ouverture de mon atelier dans le cadre de la \u00ab\u00a0f\u00eate des artistes\u00a0\u00bb \u00e0 Gif-sur-Yvette (91): les samedi et dimanche de 14h \u00e0 19h. <\/strong> Workshop opening on Saturday and Sunday 11-11 June 2023 2-7 p.m.<\/p>\n\n\n\n<p class=\"has-ast-global-color-0-color has-text-color has-medium-font-size\">Du 12 septembre 2022 au 05 janvier 2023:<strong> THEATRE DU RANELAGH, 5 rue des vignes; 75016 Paris<\/strong> Exposition personnelle sur le th\u00e8me du th\u00e9\u00e2tre. Ranelagh Theatre; Paris: personal exhibition with my paintings from the entertainment series 12th September 2022 to 05th January 2023<\/p>\n\n\n\n<p class=\"has-ast-global-color-0-color has-text-color has-medium-font-size\"><\/p>\n\n\n\n<div class=\"wp-block-uagb-image uagb-block-d5a4f470 wp-block-uagb-image--layout-default wp-block-uagb-image--effect-static wp-block-uagb-image--align-none\"><figure class=\"wp-block-uagb-image__figure\"><img decoding=\"async\" srcset=\"https:\/\/www.valerielemeur.com\/wp-content\/uploads\/2023\/06\/le-salut-final-40-80-acryl-vendu-2022-2-300x167.jpg \" sizes=\"auto, (max-width: 480px) 150px\" src=\"https:\/\/www.valerielemeur.com\/wp-content\/uploads\/2023\/06\/le-salut-final-40-80-acryl-vendu-2022-2-300x167.jpg\" alt=\"\" class=\"uag-image-5068\" width=\"300\" height=\"167\" title=\"\" loading=\"lazy\"\/><\/figure><\/div>\n\n\n\n<p class=\"has-ast-global-color-2-color has-ast-global-color-4-background-color has-text-color has-background has-medium-font-size\"><strong>9-12 Mars\/ March<\/strong>: <strong>THE OTHER ART FAIR; London: The Old Truman Brewery  <\/strong> <\/p>\n\n\n\n<p class=\"has-pale-pink-color has-text-color has-medium-font-size\"><\/p>\n\n\n\n<p class=\"has-luminous-vivid-orange-color has-pale-cyan-blue-background-color has-text-color has-background has-large-font-size\"><strong>Expositions collectives \/ Group Art shows 2023:<\/strong><\/p>\n\n\n\n<p class=\"has-medium-font-size\"><strong>15-19<\/strong> <strong>F\u00e9vrier \/ February: 2023<\/strong>: <strong>Salon des Artistes Fran\u00e7ais: Grand Palais Eph\u00e9m\u00e8re<\/strong>\/ <strong>Paris Art Fair at the Grand Palais (Invalide Station Paris) <\/strong><\/p>\n\n\n\n<p class=\"has-medium-font-size\"><strong>9-12 Mars\/ March<\/strong>: <strong>THE OTHER ART FAIR; London: The Old Truman Brewery  <\/strong><\/p>\n\n\n\n<p class=\"has-medium-font-size\"><strong>Ao\u00fbt\/August 2023<\/strong>: <strong>Exposition collective au National Art Center, Tokyo<\/strong> avec le Salon d&rsquo;Automne; Collective show with \u00ab\u00a0Le Salon d&rsquo;Automne; Paris\u00a0\u00bb<\/p>\n\n\n\n<p class=\"has-medium-font-size\"><strong>Premi\u00e8re exposition de la rentr\u00e9e 2023: 4, rue des Guillemites, 75004 Paris. Galerie C\u00e9cilia F. Vernissage le lundi 11 sept \u00e0 18h30. Ouvert du mardi 12 sept. au 17 sept. de 11h \u00e0 19h tous les jours.<\/strong> <strong><em>Exposition collective avec le collectif d&rsquo;artistes: Bellaz&rsquo;art<\/em><\/strong><\/p>\n\n\n\n<p class=\"has-ast-global-color-2-color has-text-color has-medium-font-size\"><strong>23 Septembre \u00e0 Compi\u00e8gne (60) : Vente aux ench\u00e8res<\/strong> d&rsquo;un tableau \u00ab\u00a0Apr\u00e8s l&rsquo;orage \u00a0\u00bb pour l&rsquo;association <strong>PARTAGE OISE<\/strong>,   Salle Saint Nicolas avec le commissaire priseur Ma\u00eetre Vincent NYET.; Tableau vendu. <\/p>\n\n\n\n<p class=\"has-ast-global-color-8-color has-text-color has-medium-font-size\"><strong>Septembre:<\/strong> <strong>Soci\u00e9t\u00e9 des Artistes du Val de Marne <\/strong>: exposition \u00e0 Saint Maur des Foss\u00e9s du <strong>30 Sep. au 22 oct.<\/strong> <\/p>\n\n\n\n<p>Je serai sur place le samedi 30 septembre \u00e0 partir de 14H, vernissage le soir.<\/p>\n\n\n\n<p class=\"has-medium-font-size\"><strong>Dimanche 8 octobre: march\u00e9 de l&rsquo;art \u00e0 Ville d&rsquo;Avray (92) au Colombier de 11h \u00e0 18h<\/strong>. (En face de la biblioth\u00e8que municipale, place du march\u00e9) Tableaux, reproductions, cartes postales : tous les prix de 5\u20ac \u00e0 300\u20ac pour tous les amateurs d&rsquo;art.<\/p>\n\n\n\n<p class=\"has-ast-global-color-2-color has-text-color has-medium-font-size\"><strong>Octobre:<\/strong> <strong>Biennale de RAMBOUILLET (78)<\/strong>  <strong>7-22 octobre <\/strong> Salle Paten\u00f4tre, 64 rue Gambetta, Rambouillet<\/p>\n\n\n\n<p class=\"has-ast-global-color-8-color has-text-color has-medium-font-size\"><strong>Novembre:  du mercredi 8 nov. au lundi 13 novembre<\/strong>: Chartres (exposition avec le collectif d&rsquo;artistes Bellaz&rsquo;art<\/p>\n\n\n\n<p class=\"has-vivid-red-color has-text-color has-medium-font-size\"><\/p>\n\n\n\n<p><\/p>\n\n\n\n<p><\/p>\n\n\n\n<p class=\"has-ast-global-color-2-color has-text-color has-medium-font-size\"><\/p>\n\n\n\n<p class=\"has-medium-font-size\"><\/p>\n\n\n\n<p class=\"has-black-color has-text-color has-medium-font-size\"><\/p>\n\n\n\n<p><\/p>","protected":false},"excerpt":{"rendered":"<p>Expositions personnelles: Personal Art Shows 27-28 juin: exposition priv\u00e9e de mes tableaux lors de la convention de l&rsquo;entreprise fran\u00e7aise FREE Mobile \u00e0 la Bellevilloise, Paris 20\u00e8me 10 et 11 juin: Ouverture de mon atelier dans le cadre de la \u00ab\u00a0f\u00eate des artistes\u00a0\u00bb \u00e0 Gif-sur-Yvette (91): les samedi et dimanche de 14h \u00e0 19h. Workshop opening [&hellip;]<\/p>\n","protected":false},"author":1,"featured_media":0,"comment_status":"open","ping_status":"open","sticky":false,"template":"","format":"standard","meta":{"_uag_custom_page_level_css":"","site-sidebar-layout":"default","site-content-layout":null,"ast-site-content-layout":"default","site-content-style":"default","site-sidebar-style":"default","ast-global-header-display":"","ast-banner-title-visibility":"","ast-main-header-display":"","ast-hfb-above-header-display":null,"ast-hfb-below-header-display":null,"ast-hfb-mobile-header-display":null,"site-post-title":"enabled","ast-breadcrumbs-content":null,"ast-featured-img":"disabled","footer-sml-layout":"","ast-disable-related-posts":"","theme-transparent-header-meta":"enabled","adv-header-id-meta":null,"stick-header-meta":null,"header-above-stick-meta":null,"header-main-stick-meta":null,"header-below-stick-meta":null,"astra-migrate-meta-layouts":"set","ast-page-background-enabled":"default","ast-page-background-meta":{"desktop":{"background-color":"","background-image":"","background-repeat":"repeat","background-position":"center center","background-size":"auto","background-attachment":"scroll","background-type":"","background-media":"","overlay-type":"","overlay-color":"","overlay-opacity":"","overlay-gradient":""},"tablet":{"background-color":"","background-image":"","background-repeat":"repeat","background-position":"center center","background-size":"auto","background-attachment":"scroll","background-type":"","background-media":"","overlay-type":"","overlay-color":"","overlay-opacity":"","overlay-gradient":""},"mobile":{"background-color":"","background-image":"","background-repeat":"repeat","background-position":"center center","background-size":"auto","background-attachment":"scroll","background-type":"","background-media":"","overlay-type":"","overlay-color":"","overlay-opacity":"","overlay-gradient":""}},"ast-content-background-meta":{"desktop":{"background-color":"var(--ast-global-color-5)","background-image":"","background-repeat":"repeat","background-position":"center center","background-size":"auto","background-attachment":"scroll","background-type":"","background-media":"","overlay-type":"","overlay-color":"","overlay-opacity":"","overlay-gradient":""},"tablet":{"background-color":"var(--ast-global-color-5)","background-image":"","background-repeat":"repeat","background-position":"center center","background-size":"auto","background-attachment":"scroll","background-type":"","background-media":"","overlay-type":"","overlay-color":"","overlay-opacity":"","overlay-gradient":""},"mobile":{"background-color":"var(--ast-global-color-5)","background-image":"","background-repeat":"repeat","background-position":"center center","background-size":"auto","background-attachment":"scroll","background-type":"","background-media":"","overlay-type":"","overlay-color":"","overlay-opacity":"","overlay-gradient":""}},"_jetpack_memberships_contains_paid_content":false,"footnotes":""},"categories":[40,53],"tags":[],"class_list":["post-4529","post","type-post","status-publish","format-standard","hentry","category-news","category-new"],"yoast_head":"<!-- This site is optimized with the Yoast SEO plugin v27.4 - https:\/\/yoast.com\/product\/yoast-seo-wordpress\/ -->\n<title>EXPOSITIONS 2023\/ ART SHOWS 2023 - Val\u00e9rie LE MEUR<\/title>\n<meta name=\"description\" content=\"Val\u00e9rie LE MEUR EXPOSITIONS 2023\/ ART SHOWS 2023 -\" \/>\n<meta name=\"robots\" content=\"index, follow, max-snippet:-1, max-image-preview:large, max-video-preview:-1\" \/>\n<link rel=\"canonical\" href=\"https:\/\/www.valerielemeur.com\/en\/expositions-2023\/\" \/>\n<meta property=\"og:locale\" content=\"en_GB\" \/>\n<meta property=\"og:type\" content=\"article\" \/>\n<meta property=\"og:title\" content=\"EXPOSITIONS 2023\/ ART SHOWS 2023 - Val\u00e9rie LE MEUR\" \/>\n<meta property=\"og:description\" content=\"Val\u00e9rie LE MEUR EXPOSITIONS 2023\/ ART SHOWS 2023 -\" \/>\n<meta property=\"og:url\" content=\"https:\/\/www.valerielemeur.com\/en\/expositions-2023\/\" \/>\n<meta property=\"og:site_name\" content=\"Val\u00e9rie LE MEUR\" \/>\n<meta property=\"article:published_time\" content=\"2022-11-24T14:34:40+00:00\" \/>\n<meta property=\"article:modified_time\" content=\"2024-08-20T16:32:56+00:00\" \/>\n<meta property=\"og:image\" content=\"https:\/\/www.valerielemeur.com\/wp-content\/uploads\/2023\/06\/le-salut-final-40-80-acryl-vendu-2022-2-300x167.jpg\" \/>\n<meta name=\"author\" content=\"VLM\" \/>\n<meta name=\"twitter:card\" content=\"summary_large_image\" \/>\n<meta name=\"twitter:label1\" content=\"Written by\" \/>\n\t<meta name=\"twitter:data1\" content=\"VLM\" \/>\n\t<meta name=\"twitter:label2\" content=\"Estimated reading time\" \/>\n\t<meta name=\"twitter:data2\" content=\"3 minutes\" \/>\n<script type=\"application\/ld+json\" class=\"yoast-schema-graph\">{\"@context\":\"https:\\\/\\\/schema.org\",\"@graph\":[{\"@type\":\"Article\",\"@id\":\"https:\\\/\\\/www.valerielemeur.com\\\/expositions-2023\\\/#article\",\"isPartOf\":{\"@id\":\"https:\\\/\\\/www.valerielemeur.com\\\/expositions-2023\\\/\"},\"author\":{\"name\":\"VLM\",\"@id\":\"https:\\\/\\\/www.valerielemeur.com\\\/#\\\/schema\\\/person\\\/988a7c5b4614f08d4a29788db12b10bb\"},\"headline\":\"EXPOSITIONS 2023\\\/ ART SHOWS 2023\",\"datePublished\":\"2022-11-24T14:34:40+00:00\",\"dateModified\":\"2024-08-20T16:32:56+00:00\",\"mainEntityOfPage\":{\"@id\":\"https:\\\/\\\/www.valerielemeur.com\\\/expositions-2023\\\/\"},\"wordCount\":349,\"commentCount\":4,\"publisher\":{\"@id\":\"https:\\\/\\\/www.valerielemeur.com\\\/#organization\"},\"image\":{\"@id\":\"https:\\\/\\\/www.valerielemeur.com\\\/expositions-2023\\\/#primaryimage\"},\"thumbnailUrl\":\"https:\\\/\\\/www.valerielemeur.com\\\/wp-content\\\/uploads\\\/2023\\\/06\\\/le-salut-final-40-80-acryl-vendu-2022-2-300x167.jpg\",\"articleSection\":[\"Actualit\u00e9\",\"news\"],\"inLanguage\":\"en-GB\",\"potentialAction\":[{\"@type\":\"CommentAction\",\"name\":\"Comment\",\"target\":[\"https:\\\/\\\/www.valerielemeur.com\\\/expositions-2023\\\/#respond\"]}]},{\"@type\":\"WebPage\",\"@id\":\"https:\\\/\\\/www.valerielemeur.com\\\/expositions-2023\\\/\",\"url\":\"https:\\\/\\\/www.valerielemeur.com\\\/expositions-2023\\\/\",\"name\":\"EXPOSITIONS 2023\\\/ ART SHOWS 2023 - Val\u00e9rie LE MEUR\",\"isPartOf\":{\"@id\":\"https:\\\/\\\/www.valerielemeur.com\\\/#website\"},\"primaryImageOfPage\":{\"@id\":\"https:\\\/\\\/www.valerielemeur.com\\\/expositions-2023\\\/#primaryimage\"},\"image\":{\"@id\":\"https:\\\/\\\/www.valerielemeur.com\\\/expositions-2023\\\/#primaryimage\"},\"thumbnailUrl\":\"https:\\\/\\\/www.valerielemeur.com\\\/wp-content\\\/uploads\\\/2023\\\/06\\\/le-salut-final-40-80-acryl-vendu-2022-2-300x167.jpg\",\"datePublished\":\"2022-11-24T14:34:40+00:00\",\"dateModified\":\"2024-08-20T16:32:56+00:00\",\"description\":\"Val\u00e9rie LE MEUR EXPOSITIONS 2023\\\/ ART SHOWS 2023 -\",\"breadcrumb\":{\"@id\":\"https:\\\/\\\/www.valerielemeur.com\\\/expositions-2023\\\/#breadcrumb\"},\"inLanguage\":\"en-GB\",\"potentialAction\":[{\"@type\":\"ReadAction\",\"target\":[\"https:\\\/\\\/www.valerielemeur.com\\\/expositions-2023\\\/\"]}]},{\"@type\":\"ImageObject\",\"inLanguage\":\"en-GB\",\"@id\":\"https:\\\/\\\/www.valerielemeur.com\\\/expositions-2023\\\/#primaryimage\",\"url\":\"https:\\\/\\\/www.valerielemeur.com\\\/wp-content\\\/uploads\\\/2023\\\/06\\\/le-salut-final-40-80-acryl-vendu-2022-2-300x167.jpg\",\"contentUrl\":\"https:\\\/\\\/www.valerielemeur.com\\\/wp-content\\\/uploads\\\/2023\\\/06\\\/le-salut-final-40-80-acryl-vendu-2022-2-300x167.jpg\"},{\"@type\":\"BreadcrumbList\",\"@id\":\"https:\\\/\\\/www.valerielemeur.com\\\/expositions-2023\\\/#breadcrumb\",\"itemListElement\":[{\"@type\":\"ListItem\",\"position\":1,\"name\":\"Accueil\",\"item\":\"https:\\\/\\\/www.valerielemeur.com\\\/\"},{\"@type\":\"ListItem\",\"position\":2,\"name\":\"EXPOSITIONS 2023\\\/ ART SHOWS 2023\"}]},{\"@type\":\"WebSite\",\"@id\":\"https:\\\/\\\/www.valerielemeur.com\\\/#website\",\"url\":\"https:\\\/\\\/www.valerielemeur.com\\\/\",\"name\":\"Val\u00e9rie LE MEUR\",\"description\":\"Artiste Peintre\",\"publisher\":{\"@id\":\"https:\\\/\\\/www.valerielemeur.com\\\/#organization\"},\"potentialAction\":[{\"@type\":\"SearchAction\",\"target\":{\"@type\":\"EntryPoint\",\"urlTemplate\":\"https:\\\/\\\/www.valerielemeur.com\\\/?s={search_term_string}\"},\"query-input\":{\"@type\":\"PropertyValueSpecification\",\"valueRequired\":true,\"valueName\":\"search_term_string\"}}],\"inLanguage\":\"en-GB\"},{\"@type\":\"Organization\",\"@id\":\"https:\\\/\\\/www.valerielemeur.com\\\/#organization\",\"name\":\"valerie le meur\",\"url\":\"https:\\\/\\\/www.valerielemeur.com\\\/\",\"logo\":{\"@type\":\"ImageObject\",\"inLanguage\":\"en-GB\",\"@id\":\"https:\\\/\\\/www.valerielemeur.com\\\/#\\\/schema\\\/logo\\\/image\\\/\",\"url\":\"https:\\\/\\\/www.valerielemeur.com\\\/wp-content\\\/uploads\\\/2020\\\/07\\\/photo-CV-sun.jpg\",\"contentUrl\":\"https:\\\/\\\/www.valerielemeur.com\\\/wp-content\\\/uploads\\\/2020\\\/07\\\/photo-CV-sun.jpg\",\"width\":2373,\"height\":2373,\"caption\":\"valerie le meur\"},\"image\":{\"@id\":\"https:\\\/\\\/www.valerielemeur.com\\\/#\\\/schema\\\/logo\\\/image\\\/\"}},{\"@type\":\"Person\",\"@id\":\"https:\\\/\\\/www.valerielemeur.com\\\/#\\\/schema\\\/person\\\/988a7c5b4614f08d4a29788db12b10bb\",\"name\":\"VLM\",\"image\":{\"@type\":\"ImageObject\",\"inLanguage\":\"en-GB\",\"@id\":\"https:\\\/\\\/secure.gravatar.com\\\/avatar\\\/5d623c2f60da6da613f8db4cef8422938a352a814a1ad2edc307f53256aa32c2?s=96&d=mm&r=g\",\"url\":\"https:\\\/\\\/secure.gravatar.com\\\/avatar\\\/5d623c2f60da6da613f8db4cef8422938a352a814a1ad2edc307f53256aa32c2?s=96&d=mm&r=g\",\"contentUrl\":\"https:\\\/\\\/secure.gravatar.com\\\/avatar\\\/5d623c2f60da6da613f8db4cef8422938a352a814a1ad2edc307f53256aa32c2?s=96&d=mm&r=g\",\"caption\":\"VLM\"},\"sameAs\":[\"https:\\\/\\\/www.valerielemeur.com\"],\"url\":\"https:\\\/\\\/www.valerielemeur.com\\\/en\\\/author\\\/vlm\\\/\"}]}<\/script>\n<!-- \/ Yoast SEO plugin. -->","yoast_head_json":{"title":"EXPOSITIONS 2023\/ ART SHOWS 2023 - Val\u00e9rie LE MEUR","description":"Val\u00e9rie LE MEUR EXPOSITIONS 2023\/ ART SHOWS 2023 -","robots":{"index":"index","follow":"follow","max-snippet":"max-snippet:-1","max-image-preview":"max-image-preview:large","max-video-preview":"max-video-preview:-1"},"canonical":"https:\/\/www.valerielemeur.com\/en\/expositions-2023\/","og_locale":"en_GB","og_type":"article","og_title":"EXPOSITIONS 2023\/ ART SHOWS 2023 - Val\u00e9rie LE MEUR","og_description":"Val\u00e9rie LE MEUR EXPOSITIONS 2023\/ ART SHOWS 2023 -","og_url":"https:\/\/www.valerielemeur.com\/en\/expositions-2023\/","og_site_name":"Val\u00e9rie LE MEUR","article_published_time":"2022-11-24T14:34:40+00:00","article_modified_time":"2024-08-20T16:32:56+00:00","og_image":[{"url":"https:\/\/www.valerielemeur.com\/wp-content\/uploads\/2023\/06\/le-salut-final-40-80-acryl-vendu-2022-2-300x167.jpg","type":"","width":"","height":""}],"author":"VLM","twitter_card":"summary_large_image","twitter_misc":{"Written by":"VLM","Estimated reading time":"3 minutes"},"schema":{"@context":"https:\/\/schema.org","@graph":[{"@type":"Article","@id":"https:\/\/www.valerielemeur.com\/expositions-2023\/#article","isPartOf":{"@id":"https:\/\/www.valerielemeur.com\/expositions-2023\/"},"author":{"name":"VLM","@id":"https:\/\/www.valerielemeur.com\/#\/schema\/person\/988a7c5b4614f08d4a29788db12b10bb"},"headline":"EXPOSITIONS 2023\/ ART SHOWS 2023","datePublished":"2022-11-24T14:34:40+00:00","dateModified":"2024-08-20T16:32:56+00:00","mainEntityOfPage":{"@id":"https:\/\/www.valerielemeur.com\/expositions-2023\/"},"wordCount":349,"commentCount":4,"publisher":{"@id":"https:\/\/www.valerielemeur.com\/#organization"},"image":{"@id":"https:\/\/www.valerielemeur.com\/expositions-2023\/#primaryimage"},"thumbnailUrl":"https:\/\/www.valerielemeur.com\/wp-content\/uploads\/2023\/06\/le-salut-final-40-80-acryl-vendu-2022-2-300x167.jpg","articleSection":["Actualit\u00e9","news"],"inLanguage":"en-GB","potentialAction":[{"@type":"CommentAction","name":"Comment","target":["https:\/\/www.valerielemeur.com\/expositions-2023\/#respond"]}]},{"@type":"WebPage","@id":"https:\/\/www.valerielemeur.com\/expositions-2023\/","url":"https:\/\/www.valerielemeur.com\/expositions-2023\/","name":"EXPOSITIONS 2023\/ ART SHOWS 2023 - Val\u00e9rie LE MEUR","isPartOf":{"@id":"https:\/\/www.valerielemeur.com\/#website"},"primaryImageOfPage":{"@id":"https:\/\/www.valerielemeur.com\/expositions-2023\/#primaryimage"},"image":{"@id":"https:\/\/www.valerielemeur.com\/expositions-2023\/#primaryimage"},"thumbnailUrl":"https:\/\/www.valerielemeur.com\/wp-content\/uploads\/2023\/06\/le-salut-final-40-80-acryl-vendu-2022-2-300x167.jpg","datePublished":"2022-11-24T14:34:40+00:00","dateModified":"2024-08-20T16:32:56+00:00","description":"Val\u00e9rie LE MEUR EXPOSITIONS 2023\/ ART SHOWS 2023 -","breadcrumb":{"@id":"https:\/\/www.valerielemeur.com\/expositions-2023\/#breadcrumb"},"inLanguage":"en-GB","potentialAction":[{"@type":"ReadAction","target":["https:\/\/www.valerielemeur.com\/expositions-2023\/"]}]},{"@type":"ImageObject","inLanguage":"en-GB","@id":"https:\/\/www.valerielemeur.com\/expositions-2023\/#primaryimage","url":"https:\/\/www.valerielemeur.com\/wp-content\/uploads\/2023\/06\/le-salut-final-40-80-acryl-vendu-2022-2-300x167.jpg","contentUrl":"https:\/\/www.valerielemeur.com\/wp-content\/uploads\/2023\/06\/le-salut-final-40-80-acryl-vendu-2022-2-300x167.jpg"},{"@type":"BreadcrumbList","@id":"https:\/\/www.valerielemeur.com\/expositions-2023\/#breadcrumb","itemListElement":[{"@type":"ListItem","position":1,"name":"Accueil","item":"https:\/\/www.valerielemeur.com\/"},{"@type":"ListItem","position":2,"name":"EXPOSITIONS 2023\/ ART SHOWS 2023"}]},{"@type":"WebSite","@id":"https:\/\/www.valerielemeur.com\/#website","url":"https:\/\/www.valerielemeur.com\/","name":"Val\u00e9rie LE MEUR","description":"Painter","publisher":{"@id":"https:\/\/www.valerielemeur.com\/#organization"},"potentialAction":[{"@type":"SearchAction","target":{"@type":"EntryPoint","urlTemplate":"https:\/\/www.valerielemeur.com\/?s={search_term_string}"},"query-input":{"@type":"PropertyValueSpecification","valueRequired":true,"valueName":"search_term_string"}}],"inLanguage":"en-GB"},{"@type":"Organization","@id":"https:\/\/www.valerielemeur.com\/#organization","name":"valerie le meur","url":"https:\/\/www.valerielemeur.com\/","logo":{"@type":"ImageObject","inLanguage":"en-GB","@id":"https:\/\/www.valerielemeur.com\/#\/schema\/logo\/image\/","url":"https:\/\/www.valerielemeur.com\/wp-content\/uploads\/2020\/07\/photo-CV-sun.jpg","contentUrl":"https:\/\/www.valerielemeur.com\/wp-content\/uploads\/2020\/07\/photo-CV-sun.jpg","width":2373,"height":2373,"caption":"valerie le meur"},"image":{"@id":"https:\/\/www.valerielemeur.com\/#\/schema\/logo\/image\/"}},{"@type":"Person","@id":"https:\/\/www.valerielemeur.com\/#\/schema\/person\/988a7c5b4614f08d4a29788db12b10bb","name":"VLM","image":{"@type":"ImageObject","inLanguage":"en-GB","@id":"https:\/\/secure.gravatar.com\/avatar\/5d623c2f60da6da613f8db4cef8422938a352a814a1ad2edc307f53256aa32c2?s=96&d=mm&r=g","url":"https:\/\/secure.gravatar.com\/avatar\/5d623c2f60da6da613f8db4cef8422938a352a814a1ad2edc307f53256aa32c2?s=96&d=mm&r=g","contentUrl":"https:\/\/secure.gravatar.com\/avatar\/5d623c2f60da6da613f8db4cef8422938a352a814a1ad2edc307f53256aa32c2?s=96&d=mm&r=g","caption":"VLM"},"sameAs":["https:\/\/www.valerielemeur.com"],"url":"https:\/\/www.valerielemeur.com\/en\/author\/vlm\/"}]}},"jetpack_featured_media_url":"","uagb_featured_image_src":{"full":false,"thumbnail":false,"medium":false,"medium_large":false,"large":false,"1536x1536":false,"2048x2048":false,"trp-custom-language-flag":false},"uagb_author_info":{"display_name":"VLM","author_link":"https:\/\/www.valerielemeur.com\/en\/author\/vlm\/"},"uagb_comment_info":4,"uagb_excerpt":"Expositions personnelles: Personal Art Shows 27-28 juin: exposition priv\u00e9e de mes tableaux lors de la convention de l&rsquo;entreprise fran\u00e7aise FREE Mobile \u00e0 la Bellevilloise, Paris 20\u00e8me 10 et 11 juin: Ouverture de mon atelier dans le cadre de la \u00ab\u00a0f\u00eate des artistes\u00a0\u00bb \u00e0 Gif-sur-Yvette (91): les samedi et dimanche de 14h \u00e0 19h. Workshop opening&hellip;","jetpack_sharing_enabled":true,"_links":{"self":[{"href":"https:\/\/www.valerielemeur.com\/en\/wp-json\/wp\/v2\/posts\/4529","targetHints":{"allow":["GET"]}}],"collection":[{"href":"https:\/\/www.valerielemeur.com\/en\/wp-json\/wp\/v2\/posts"}],"about":[{"href":"https:\/\/www.valerielemeur.com\/en\/wp-json\/wp\/v2\/types\/post"}],"author":[{"embeddable":true,"href":"https:\/\/www.valerielemeur.com\/en\/wp-json\/wp\/v2\/users\/1"}],"replies":[{"embeddable":true,"href":"https:\/\/www.valerielemeur.com\/en\/wp-json\/wp\/v2\/comments?post=4529"}],"version-history":[{"count":27,"href":"https:\/\/www.valerielemeur.com\/en\/wp-json\/wp\/v2\/posts\/4529\/revisions"}],"predecessor-version":[{"id":5809,"href":"https:\/\/www.valerielemeur.com\/en\/wp-json\/wp\/v2\/posts\/4529\/revisions\/5809"}],"wp:attachment":[{"href":"https:\/\/www.valerielemeur.com\/en\/wp-json\/wp\/v2\/media?parent=4529"}],"wp:term":[{"taxonomy":"category","embeddable":true,"href":"https:\/\/www.valerielemeur.com\/en\/wp-json\/wp\/v2\/categories?post=4529"},{"taxonomy":"post_tag","embeddable":true,"href":"https:\/\/www.valerielemeur.com\/en\/wp-json\/wp\/v2\/tags?post=4529"}],"curies":[{"name":"wp","href":"https:\/\/api.w.org\/{rel}","templated":true}]}}