{"id":5137,"date":"2023-07-01T11:50:43","date_gmt":"2023-07-01T11:50:43","guid":{"rendered":"https:\/\/www.valerielemeur.com\/?p=5137"},"modified":"2024-08-20T16:28:02","modified_gmt":"2024-08-20T16:28:02","slug":"un-hotel-andalou","status":"publish","type":"post","link":"https:\/\/www.valerielemeur.com\/en\/un-hotel-andalou\/","title":{"rendered":"Un h\u00f4tel andalou"},"content":{"rendered":"<div class=\"wp-block-uagb-image uagb-block-2478ec69 wp-block-uagb-image--layout-default wp-block-uagb-image--effect-static wp-block-uagb-image--align-none\"><figure class=\"wp-block-uagb-image__figure\"><img decoding=\"async\" srcset=\"https:\/\/www.valerielemeur.com\/wp-content\/uploads\/2023\/07\/hotel-andalou-large-scaled.jpg \" sizes=\"auto, (max-width: 480px) 150px\" src=\"https:\/\/www.valerielemeur.com\/wp-content\/uploads\/2023\/07\/hotel-andalou-large-scaled.jpg\" alt=\"\" class=\"uag-image-5139\" width=\"2560\" height=\"2120\" title=\"\" loading=\"lazy\"\/><\/figure><\/div>\n\n\n\n<div class=\"wp-block-columns is-layout-flex wp-container-core-columns-is-layout-28f84493 wp-block-columns-is-layout-flex\">\n<div class=\"wp-block-column is-layout-flow wp-block-column-is-layout-flow\">\n<p><\/p>\n<\/div>\n\n\n\n<div class=\"wp-block-column is-layout-flow wp-block-column-is-layout-flow\">\n<p class=\"has-vivid-cyan-blue-color has-text-color has-medium-font-size\"><\/p>\n\n\n\n<p class=\"has-vivid-cyan-blue-color has-text-color has-medium-font-size\">For sale on Saatchiart.com\/VLM<\/p>\n<\/div>\n<\/div>\n\n\n\n<div class=\"wp-block-columns is-layout-flex wp-container-core-columns-is-layout-28f84493 wp-block-columns-is-layout-flex\">\n<div class=\"wp-block-column is-layout-flow wp-block-column-is-layout-flow\" style=\"flex-basis:100%\">\n<div class=\"wp-block-columns is-layout-flex wp-container-core-columns-is-layout-28f84493 wp-block-columns-is-layout-flex\">\n<div class=\"wp-block-column is-layout-flow wp-block-column-is-layout-flow\">\n<p class=\"has-medium-font-size\">Acrylique sur toile de lin \/ch\u00e2ssis bois: 54\/65\/2cm: 1000\u20ac <\/p>\n\n\n\n<p class=\"has-medium-font-size\">A premi\u00e8re vue ce tableau repr\u00e9sente un h\u00f4tel de luxe au soleil andalou, dans une maison bourgeoise transform\u00e9e en h\u00f4tel, un jour de vacances loin de tous les tracas de la vie quotidienne, une \u00e9chappatoire de r\u00eave pour oublier le quotidien. &nbsp;<\/p>\n\n\n\n<p class=\"has-medium-font-size\">Mais pas seulement.<\/p>\n\n\n\n<p class=\"has-medium-font-size\">On retrouve dans ce tableau des codes qui expliquent ma personnalit\u00e9&nbsp;:<\/p>\n\n\n\n<p class=\"has-medium-font-size\">La terre&nbsp;: mes racines, ce qui me relie \u00e0 la r\u00e9alit\u00e9 \u00e0 mon pass\u00e9.<\/p>\n\n\n\n<p class=\"has-medium-font-size\">La maison&nbsp;: la protection, le refuge.<\/p>\n\n\n\n<p class=\"has-medium-font-size\">Le soleil rendu par les couleurs vives, les ombres et les lumi\u00e8res&nbsp;: l\u2019\u00e9nergie et la cr\u00e9ativit\u00e9.<\/p>\n\n\n\n<p class=\"has-medium-font-size\">Le rouge&nbsp;: symbole de la passion, celle qui me fait avancer.<\/p>\n\n\n\n<p class=\"has-medium-font-size\">Les arbres fous qui volent au vent&nbsp;: la folie, mon non conformisme.<\/p>\n\n\n\n<p class=\"has-medium-font-size\">Il manque l\u2019eau qui repr\u00e9sente pour moi l\u2019apaisement, mais la couleur du ciel repr\u00e9sent\u00e9e par ce bleu lumineux, exprime la m\u00eame chose&nbsp;: l\u2019apaisement, le calme.<\/p>\n\n\n\n<p class=\"has-medium-font-size\">Ce tableau est donc une expression profonde de ce que je suis. Une mise \u00e0 nu devant le regard des autres.<\/p>\n\n\n\n<p class=\"has-medium-font-size\">Tableau acrylique sur toile; les cot\u00e9s ont un ruban blanc; il est prot\u00e9g\u00e9 par un vernis acrylique; pr\u00eat \u00e0 accrocher au mur.<\/p>\n\n\n\n<p class=\"has-medium-font-size\"><\/p>\n\n\n\n<p class=\"has-medium-font-size\"><\/p>\n\n\n\n<p class=\"has-medium-font-size\"><\/p>\n\n\n\n<p><\/p>\n\n\n\n<p class=\"has-medium-font-size\"><\/p>\n\n\n\n<p class=\"has-medium-font-size\"><\/p>\n\n\n\n<p class=\"has-medium-font-size\"><\/p>\n<\/div>\n\n\n\n<div class=\"wp-block-column is-layout-flow wp-block-column-is-layout-flow\">\n<p class=\"has-vivid-cyan-blue-color has-text-color has-medium-font-size\">Acrylic on stretched linen canvas wooden frame 54\/65\/2cm<\/p>\n\n\n\n<p class=\"has-vivid-cyan-blue-color has-text-color has-medium-font-size\"> &nbsp;<\/p>\n\n\n\n<p class=\"has-vivid-cyan-blue-color has-text-color has-medium-font-size\"><\/p>\n\n\n\n<p class=\"has-vivid-cyan-blue-color has-text-color has-medium-font-size\">An Andalousian hotel: At first glance this painting represents a bourgeois house made into a luxury hotel in the South of Spain, on a quiet and nice summer day.<\/p>\n\n\n\n<p class=\"has-vivid-cyan-blue-color has-text-color has-medium-font-size\">But it is not only that, it is above all the expression of my character; ma personnality that I put into this painting:<\/p>\n\n\n\n<p class=\"has-vivid-cyan-blue-color has-text-color has-medium-font-size\">The earth: a symbol of reality, my roots, my past.<\/p>\n\n\n\n<p class=\"has-vivid-cyan-blue-color has-text-color has-medium-font-size\">The house: symbol of refuge , of protection.<\/p>\n\n\n\n<p class=\"has-vivid-cyan-blue-color has-text-color has-medium-font-size\">the sun : represented by the bright lights and shadows, symbol of creativity and energy. <\/p>\n\n\n\n<p class=\"has-vivid-cyan-blue-color has-text-color has-medium-font-size\">The red colours: symbol of passion; what makes me go on in life&#8230;<\/p>\n\n\n\n<p class=\"has-vivid-cyan-blue-color has-text-color has-medium-font-size\">The crazy trees in the sun; not realistic, there express the craziness the non-conformism of the artist.<\/p>\n\n\n\n<p class=\"has-vivid-cyan-blue-color has-text-color has-medium-font-size\">Normally I should have put some blue swimming pool symbol of calm and peace, but the bright blue sky has the same function in this painting. <\/p>\n\n\n\n<p class=\"has-vivid-cyan-blue-color has-text-color has-medium-font-size\">So, this painting is a real expression of myself, of who I am, not just a painting of a house under the sun. I stand myself naked in front of the public!  <\/p>\n\n\n\n<p><\/p>\n\n\n\n<p class=\"has-vivid-cyan-blue-color has-text-color has-medium-font-size\">The painting has a white ribbon on the sides; it&rsquo;s protected by a bright acrylic varnish, ready to hang on a wall.<\/p>\n<\/div>\n<\/div>\n<\/div>\n<\/div>","protected":false},"excerpt":{"rendered":"<p>For sale on Saatchiart.com\/VLM Acrylique sur toile de lin \/ch\u00e2ssis bois: 54\/65\/2cm: 1000\u20ac A premi\u00e8re vue ce tableau repr\u00e9sente un h\u00f4tel de luxe au soleil andalou, dans une maison bourgeoise transform\u00e9e en h\u00f4tel, un jour de vacances loin de tous les tracas de la vie quotidienne, une \u00e9chappatoire de r\u00eave pour oublier le quotidien. &nbsp; [&hellip;]<\/p>\n","protected":false},"author":1,"featured_media":5139,"comment_status":"closed","ping_status":"closed","sticky":false,"template":"","format":"gallery","meta":{"_uag_custom_page_level_css":"","site-sidebar-layout":"default","site-content-layout":null,"ast-site-content-layout":"default","site-content-style":"default","site-sidebar-style":"default","ast-global-header-display":"","ast-banner-title-visibility":"","ast-main-header-display":"","ast-hfb-above-header-display":null,"ast-hfb-below-header-display":null,"ast-hfb-mobile-header-display":null,"site-post-title":"enabled","ast-breadcrumbs-content":null,"ast-featured-img":"disabled","footer-sml-layout":"","ast-disable-related-posts":"","theme-transparent-header-meta":"enabled","adv-header-id-meta":null,"stick-header-meta":null,"header-above-stick-meta":null,"header-main-stick-meta":null,"header-below-stick-meta":null,"astra-migrate-meta-layouts":"set","ast-page-background-enabled":"default","ast-page-background-meta":{"desktop":{"background-color":"","background-image":"","background-repeat":"repeat","background-position":"center center","background-size":"auto","background-attachment":"scroll","background-type":"","background-media":"","overlay-type":"","overlay-color":"","overlay-opacity":"","overlay-gradient":""},"tablet":{"background-color":"","background-image":"","background-repeat":"repeat","background-position":"center center","background-size":"auto","background-attachment":"scroll","background-type":"","background-media":"","overlay-type":"","overlay-color":"","overlay-opacity":"","overlay-gradient":""},"mobile":{"background-color":"","background-image":"","background-repeat":"repeat","background-position":"center center","background-size":"auto","background-attachment":"scroll","background-type":"","background-media":"","overlay-type":"","overlay-color":"","overlay-opacity":"","overlay-gradient":""}},"ast-content-background-meta":{"desktop":{"background-color":"var(--ast-global-color-5)","background-image":"","background-repeat":"repeat","background-position":"center center","background-size":"auto","background-attachment":"scroll","background-type":"","background-media":"","overlay-type":"","overlay-color":"","overlay-opacity":"","overlay-gradient":""},"tablet":{"background-color":"var(--ast-global-color-5)","background-image":"","background-repeat":"repeat","background-position":"center center","background-size":"auto","background-attachment":"scroll","background-type":"","background-media":"","overlay-type":"","overlay-color":"","overlay-opacity":"","overlay-gradient":""},"mobile":{"background-color":"var(--ast-global-color-5)","background-image":"","background-repeat":"repeat","background-position":"center center","background-size":"auto","background-attachment":"scroll","background-type":"","background-media":"","overlay-type":"","overlay-color":"","overlay-opacity":"","overlay-gradient":""}},"_jetpack_memberships_contains_paid_content":false,"footnotes":""},"categories":[181,41],"tags":[228],"class_list":["post-5137","post","type-post","status-publish","format-gallery","has-post-thumbnail","hentry","category-seville-spain","category-painting","tag-1000e-sh","post_format-post-format-gallery"],"yoast_head":"<!-- This site is optimized with the Yoast SEO plugin v27.4 - https:\/\/yoast.com\/product\/yoast-seo-wordpress\/ -->\n<title>Un h\u00f4tel andalou - Val\u00e9rie LE MEUR %<\/title>\n<meta name=\"description\" content=\"Val\u00e9rie LE MEUR Un h\u00f4tel andalou Tableau -\" \/>\n<meta name=\"robots\" content=\"index, follow, max-snippet:-1, max-image-preview:large, max-video-preview:-1\" \/>\n<link rel=\"canonical\" href=\"https:\/\/www.valerielemeur.com\/en\/un-hotel-andalou\/\" \/>\n<meta property=\"og:locale\" content=\"en_GB\" \/>\n<meta property=\"og:type\" content=\"article\" \/>\n<meta property=\"og:title\" content=\"Un h\u00f4tel andalou - Val\u00e9rie LE MEUR %\" \/>\n<meta property=\"og:description\" content=\"Val\u00e9rie LE MEUR Un h\u00f4tel andalou Tableau -\" \/>\n<meta property=\"og:url\" content=\"https:\/\/www.valerielemeur.com\/en\/un-hotel-andalou\/\" \/>\n<meta property=\"og:site_name\" content=\"Val\u00e9rie LE MEUR\" \/>\n<meta property=\"article:published_time\" content=\"2023-07-01T11:50:43+00:00\" \/>\n<meta property=\"article:modified_time\" content=\"2024-08-20T16:28:02+00:00\" \/>\n<meta property=\"og:image\" content=\"https:\/\/www.valerielemeur.com\/wp-content\/uploads\/2023\/07\/hotel-andalou-large-scaled.jpg\" \/>\n\t<meta property=\"og:image:width\" content=\"2560\" \/>\n\t<meta property=\"og:image:height\" content=\"2120\" \/>\n\t<meta property=\"og:image:type\" content=\"image\/jpeg\" \/>\n<meta name=\"author\" content=\"VLM\" \/>\n<meta name=\"twitter:card\" content=\"summary_large_image\" \/>\n<meta name=\"twitter:label1\" content=\"Written by\" \/>\n\t<meta name=\"twitter:data1\" content=\"VLM\" \/>\n\t<meta name=\"twitter:label2\" content=\"Estimated reading time\" \/>\n\t<meta name=\"twitter:data2\" content=\"3 minutes\" \/>\n<script type=\"application\/ld+json\" class=\"yoast-schema-graph\">{\"@context\":\"https:\\\/\\\/schema.org\",\"@graph\":[{\"@type\":\"Article\",\"@id\":\"https:\\\/\\\/www.valerielemeur.com\\\/un-hotel-andalou\\\/#article\",\"isPartOf\":{\"@id\":\"https:\\\/\\\/www.valerielemeur.com\\\/un-hotel-andalou\\\/\"},\"author\":{\"name\":\"VLM\",\"@id\":\"https:\\\/\\\/www.valerielemeur.com\\\/#\\\/schema\\\/person\\\/988a7c5b4614f08d4a29788db12b10bb\"},\"headline\":\"Un h\u00f4tel andalou\",\"datePublished\":\"2023-07-01T11:50:43+00:00\",\"dateModified\":\"2024-08-20T16:28:02+00:00\",\"mainEntityOfPage\":{\"@id\":\"https:\\\/\\\/www.valerielemeur.com\\\/un-hotel-andalou\\\/\"},\"wordCount\":428,\"publisher\":{\"@id\":\"https:\\\/\\\/www.valerielemeur.com\\\/#organization\"},\"image\":{\"@id\":\"https:\\\/\\\/www.valerielemeur.com\\\/un-hotel-andalou\\\/#primaryimage\"},\"thumbnailUrl\":\"https:\\\/\\\/www.valerielemeur.com\\\/wp-content\\\/uploads\\\/2023\\\/07\\\/hotel-andalou-large-scaled.jpg\",\"keywords\":[\"1000\u20ac +sh\"],\"articleSection\":[\"S\u00e9ville, Spain\",\"Tableau\"],\"inLanguage\":\"en-GB\"},{\"@type\":\"WebPage\",\"@id\":\"https:\\\/\\\/www.valerielemeur.com\\\/un-hotel-andalou\\\/\",\"url\":\"https:\\\/\\\/www.valerielemeur.com\\\/un-hotel-andalou\\\/\",\"name\":\"Un h\u00f4tel andalou - Val\u00e9rie LE MEUR %\",\"isPartOf\":{\"@id\":\"https:\\\/\\\/www.valerielemeur.com\\\/#website\"},\"primaryImageOfPage\":{\"@id\":\"https:\\\/\\\/www.valerielemeur.com\\\/un-hotel-andalou\\\/#primaryimage\"},\"image\":{\"@id\":\"https:\\\/\\\/www.valerielemeur.com\\\/un-hotel-andalou\\\/#primaryimage\"},\"thumbnailUrl\":\"https:\\\/\\\/www.valerielemeur.com\\\/wp-content\\\/uploads\\\/2023\\\/07\\\/hotel-andalou-large-scaled.jpg\",\"datePublished\":\"2023-07-01T11:50:43+00:00\",\"dateModified\":\"2024-08-20T16:28:02+00:00\",\"description\":\"Val\u00e9rie LE MEUR Un h\u00f4tel andalou Tableau -\",\"breadcrumb\":{\"@id\":\"https:\\\/\\\/www.valerielemeur.com\\\/un-hotel-andalou\\\/#breadcrumb\"},\"inLanguage\":\"en-GB\",\"potentialAction\":[{\"@type\":\"ReadAction\",\"target\":[\"https:\\\/\\\/www.valerielemeur.com\\\/un-hotel-andalou\\\/\"]}]},{\"@type\":\"ImageObject\",\"inLanguage\":\"en-GB\",\"@id\":\"https:\\\/\\\/www.valerielemeur.com\\\/un-hotel-andalou\\\/#primaryimage\",\"url\":\"https:\\\/\\\/www.valerielemeur.com\\\/wp-content\\\/uploads\\\/2023\\\/07\\\/hotel-andalou-large-scaled.jpg\",\"contentUrl\":\"https:\\\/\\\/www.valerielemeur.com\\\/wp-content\\\/uploads\\\/2023\\\/07\\\/hotel-andalou-large-scaled.jpg\",\"width\":2560,\"height\":2120},{\"@type\":\"BreadcrumbList\",\"@id\":\"https:\\\/\\\/www.valerielemeur.com\\\/un-hotel-andalou\\\/#breadcrumb\",\"itemListElement\":[{\"@type\":\"ListItem\",\"position\":1,\"name\":\"Accueil\",\"item\":\"https:\\\/\\\/www.valerielemeur.com\\\/\"},{\"@type\":\"ListItem\",\"position\":2,\"name\":\"Un h\u00f4tel andalou\"}]},{\"@type\":\"WebSite\",\"@id\":\"https:\\\/\\\/www.valerielemeur.com\\\/#website\",\"url\":\"https:\\\/\\\/www.valerielemeur.com\\\/\",\"name\":\"Val\u00e9rie LE MEUR\",\"description\":\"Artiste Peintre\",\"publisher\":{\"@id\":\"https:\\\/\\\/www.valerielemeur.com\\\/#organization\"},\"potentialAction\":[{\"@type\":\"SearchAction\",\"target\":{\"@type\":\"EntryPoint\",\"urlTemplate\":\"https:\\\/\\\/www.valerielemeur.com\\\/?s={search_term_string}\"},\"query-input\":{\"@type\":\"PropertyValueSpecification\",\"valueRequired\":true,\"valueName\":\"search_term_string\"}}],\"inLanguage\":\"en-GB\"},{\"@type\":\"Organization\",\"@id\":\"https:\\\/\\\/www.valerielemeur.com\\\/#organization\",\"name\":\"valerie le meur\",\"url\":\"https:\\\/\\\/www.valerielemeur.com\\\/\",\"logo\":{\"@type\":\"ImageObject\",\"inLanguage\":\"en-GB\",\"@id\":\"https:\\\/\\\/www.valerielemeur.com\\\/#\\\/schema\\\/logo\\\/image\\\/\",\"url\":\"https:\\\/\\\/www.valerielemeur.com\\\/wp-content\\\/uploads\\\/2020\\\/07\\\/photo-CV-sun.jpg\",\"contentUrl\":\"https:\\\/\\\/www.valerielemeur.com\\\/wp-content\\\/uploads\\\/2020\\\/07\\\/photo-CV-sun.jpg\",\"width\":2373,\"height\":2373,\"caption\":\"valerie le meur\"},\"image\":{\"@id\":\"https:\\\/\\\/www.valerielemeur.com\\\/#\\\/schema\\\/logo\\\/image\\\/\"}},{\"@type\":\"Person\",\"@id\":\"https:\\\/\\\/www.valerielemeur.com\\\/#\\\/schema\\\/person\\\/988a7c5b4614f08d4a29788db12b10bb\",\"name\":\"VLM\",\"image\":{\"@type\":\"ImageObject\",\"inLanguage\":\"en-GB\",\"@id\":\"https:\\\/\\\/secure.gravatar.com\\\/avatar\\\/5d623c2f60da6da613f8db4cef8422938a352a814a1ad2edc307f53256aa32c2?s=96&d=mm&r=g\",\"url\":\"https:\\\/\\\/secure.gravatar.com\\\/avatar\\\/5d623c2f60da6da613f8db4cef8422938a352a814a1ad2edc307f53256aa32c2?s=96&d=mm&r=g\",\"contentUrl\":\"https:\\\/\\\/secure.gravatar.com\\\/avatar\\\/5d623c2f60da6da613f8db4cef8422938a352a814a1ad2edc307f53256aa32c2?s=96&d=mm&r=g\",\"caption\":\"VLM\"},\"sameAs\":[\"https:\\\/\\\/www.valerielemeur.com\"],\"url\":\"https:\\\/\\\/www.valerielemeur.com\\\/en\\\/author\\\/vlm\\\/\"}]}<\/script>\n<!-- \/ Yoast SEO plugin. -->","yoast_head_json":{"title":"Un h\u00f4tel andalou - Val\u00e9rie LE MEUR %","description":"Val\u00e9rie LE MEUR Un h\u00f4tel andalou Tableau -","robots":{"index":"index","follow":"follow","max-snippet":"max-snippet:-1","max-image-preview":"max-image-preview:large","max-video-preview":"max-video-preview:-1"},"canonical":"https:\/\/www.valerielemeur.com\/en\/un-hotel-andalou\/","og_locale":"en_GB","og_type":"article","og_title":"Un h\u00f4tel andalou - Val\u00e9rie LE MEUR %","og_description":"Val\u00e9rie LE MEUR Un h\u00f4tel andalou Tableau -","og_url":"https:\/\/www.valerielemeur.com\/en\/un-hotel-andalou\/","og_site_name":"Val\u00e9rie LE MEUR","article_published_time":"2023-07-01T11:50:43+00:00","article_modified_time":"2024-08-20T16:28:02+00:00","og_image":[{"width":2560,"height":2120,"url":"https:\/\/www.valerielemeur.com\/wp-content\/uploads\/2023\/07\/hotel-andalou-large-scaled.jpg","type":"image\/jpeg"}],"author":"VLM","twitter_card":"summary_large_image","twitter_misc":{"Written by":"VLM","Estimated reading time":"3 minutes"},"schema":{"@context":"https:\/\/schema.org","@graph":[{"@type":"Article","@id":"https:\/\/www.valerielemeur.com\/un-hotel-andalou\/#article","isPartOf":{"@id":"https:\/\/www.valerielemeur.com\/un-hotel-andalou\/"},"author":{"name":"VLM","@id":"https:\/\/www.valerielemeur.com\/#\/schema\/person\/988a7c5b4614f08d4a29788db12b10bb"},"headline":"Un h\u00f4tel andalou","datePublished":"2023-07-01T11:50:43+00:00","dateModified":"2024-08-20T16:28:02+00:00","mainEntityOfPage":{"@id":"https:\/\/www.valerielemeur.com\/un-hotel-andalou\/"},"wordCount":428,"publisher":{"@id":"https:\/\/www.valerielemeur.com\/#organization"},"image":{"@id":"https:\/\/www.valerielemeur.com\/un-hotel-andalou\/#primaryimage"},"thumbnailUrl":"https:\/\/www.valerielemeur.com\/wp-content\/uploads\/2023\/07\/hotel-andalou-large-scaled.jpg","keywords":["1000\u20ac +sh"],"articleSection":["S\u00e9ville, Spain","Tableau"],"inLanguage":"en-GB"},{"@type":"WebPage","@id":"https:\/\/www.valerielemeur.com\/un-hotel-andalou\/","url":"https:\/\/www.valerielemeur.com\/un-hotel-andalou\/","name":"Un h\u00f4tel andalou - Val\u00e9rie LE MEUR %","isPartOf":{"@id":"https:\/\/www.valerielemeur.com\/#website"},"primaryImageOfPage":{"@id":"https:\/\/www.valerielemeur.com\/un-hotel-andalou\/#primaryimage"},"image":{"@id":"https:\/\/www.valerielemeur.com\/un-hotel-andalou\/#primaryimage"},"thumbnailUrl":"https:\/\/www.valerielemeur.com\/wp-content\/uploads\/2023\/07\/hotel-andalou-large-scaled.jpg","datePublished":"2023-07-01T11:50:43+00:00","dateModified":"2024-08-20T16:28:02+00:00","description":"Val\u00e9rie LE MEUR Un h\u00f4tel andalou Tableau -","breadcrumb":{"@id":"https:\/\/www.valerielemeur.com\/un-hotel-andalou\/#breadcrumb"},"inLanguage":"en-GB","potentialAction":[{"@type":"ReadAction","target":["https:\/\/www.valerielemeur.com\/un-hotel-andalou\/"]}]},{"@type":"ImageObject","inLanguage":"en-GB","@id":"https:\/\/www.valerielemeur.com\/un-hotel-andalou\/#primaryimage","url":"https:\/\/www.valerielemeur.com\/wp-content\/uploads\/2023\/07\/hotel-andalou-large-scaled.jpg","contentUrl":"https:\/\/www.valerielemeur.com\/wp-content\/uploads\/2023\/07\/hotel-andalou-large-scaled.jpg","width":2560,"height":2120},{"@type":"BreadcrumbList","@id":"https:\/\/www.valerielemeur.com\/un-hotel-andalou\/#breadcrumb","itemListElement":[{"@type":"ListItem","position":1,"name":"Accueil","item":"https:\/\/www.valerielemeur.com\/"},{"@type":"ListItem","position":2,"name":"Un h\u00f4tel andalou"}]},{"@type":"WebSite","@id":"https:\/\/www.valerielemeur.com\/#website","url":"https:\/\/www.valerielemeur.com\/","name":"Val\u00e9rie LE MEUR","description":"Painter","publisher":{"@id":"https:\/\/www.valerielemeur.com\/#organization"},"potentialAction":[{"@type":"SearchAction","target":{"@type":"EntryPoint","urlTemplate":"https:\/\/www.valerielemeur.com\/?s={search_term_string}"},"query-input":{"@type":"PropertyValueSpecification","valueRequired":true,"valueName":"search_term_string"}}],"inLanguage":"en-GB"},{"@type":"Organization","@id":"https:\/\/www.valerielemeur.com\/#organization","name":"valerie le meur","url":"https:\/\/www.valerielemeur.com\/","logo":{"@type":"ImageObject","inLanguage":"en-GB","@id":"https:\/\/www.valerielemeur.com\/#\/schema\/logo\/image\/","url":"https:\/\/www.valerielemeur.com\/wp-content\/uploads\/2020\/07\/photo-CV-sun.jpg","contentUrl":"https:\/\/www.valerielemeur.com\/wp-content\/uploads\/2020\/07\/photo-CV-sun.jpg","width":2373,"height":2373,"caption":"valerie le meur"},"image":{"@id":"https:\/\/www.valerielemeur.com\/#\/schema\/logo\/image\/"}},{"@type":"Person","@id":"https:\/\/www.valerielemeur.com\/#\/schema\/person\/988a7c5b4614f08d4a29788db12b10bb","name":"VLM","image":{"@type":"ImageObject","inLanguage":"en-GB","@id":"https:\/\/secure.gravatar.com\/avatar\/5d623c2f60da6da613f8db4cef8422938a352a814a1ad2edc307f53256aa32c2?s=96&d=mm&r=g","url":"https:\/\/secure.gravatar.com\/avatar\/5d623c2f60da6da613f8db4cef8422938a352a814a1ad2edc307f53256aa32c2?s=96&d=mm&r=g","contentUrl":"https:\/\/secure.gravatar.com\/avatar\/5d623c2f60da6da613f8db4cef8422938a352a814a1ad2edc307f53256aa32c2?s=96&d=mm&r=g","caption":"VLM"},"sameAs":["https:\/\/www.valerielemeur.com"],"url":"https:\/\/www.valerielemeur.com\/en\/author\/vlm\/"}]}},"jetpack_featured_media_url":"https:\/\/www.valerielemeur.com\/wp-content\/uploads\/2023\/07\/hotel-andalou-large-scaled.jpg","uagb_featured_image_src":{"full":["https:\/\/www.valerielemeur.com\/wp-content\/uploads\/2023\/07\/hotel-andalou-large-scaled.jpg",2560,2120,false],"thumbnail":["https:\/\/www.valerielemeur.com\/wp-content\/uploads\/2023\/07\/hotel-andalou-large-150x150.jpg",150,150,true],"medium":["https:\/\/www.valerielemeur.com\/wp-content\/uploads\/2023\/07\/hotel-andalou-large-300x248.jpg",300,248,true],"medium_large":["https:\/\/www.valerielemeur.com\/wp-content\/uploads\/2023\/07\/hotel-andalou-large-768x636.jpg",768,636,true],"large":["https:\/\/www.valerielemeur.com\/wp-content\/uploads\/2023\/07\/hotel-andalou-large-1024x848.jpg",1024,848,true],"1536x1536":["https:\/\/www.valerielemeur.com\/wp-content\/uploads\/2023\/07\/hotel-andalou-large-1536x1272.jpg",1536,1272,true],"2048x2048":["https:\/\/www.valerielemeur.com\/wp-content\/uploads\/2023\/07\/hotel-andalou-large-2048x1696.jpg",2048,1696,true],"trp-custom-language-flag":["https:\/\/www.valerielemeur.com\/wp-content\/uploads\/2023\/07\/hotel-andalou-large-14x12.jpg",14,12,true]},"uagb_author_info":{"display_name":"VLM","author_link":"https:\/\/www.valerielemeur.com\/en\/author\/vlm\/"},"uagb_comment_info":0,"uagb_excerpt":"For sale on Saatchiart.com\/VLM Acrylique sur toile de lin \/ch\u00e2ssis bois: 54\/65\/2cm: 1000\u20ac A premi\u00e8re vue ce tableau repr\u00e9sente un h\u00f4tel de luxe au soleil andalou, dans une maison bourgeoise transform\u00e9e en h\u00f4tel, un jour de vacances loin de tous les tracas de la vie quotidienne, une \u00e9chappatoire de r\u00eave pour oublier le quotidien. &nbsp;&hellip;","jetpack_sharing_enabled":true,"_links":{"self":[{"href":"https:\/\/www.valerielemeur.com\/en\/wp-json\/wp\/v2\/posts\/5137","targetHints":{"allow":["GET"]}}],"collection":[{"href":"https:\/\/www.valerielemeur.com\/en\/wp-json\/wp\/v2\/posts"}],"about":[{"href":"https:\/\/www.valerielemeur.com\/en\/wp-json\/wp\/v2\/types\/post"}],"author":[{"embeddable":true,"href":"https:\/\/www.valerielemeur.com\/en\/wp-json\/wp\/v2\/users\/1"}],"replies":[{"embeddable":true,"href":"https:\/\/www.valerielemeur.com\/en\/wp-json\/wp\/v2\/comments?post=5137"}],"version-history":[{"count":5,"href":"https:\/\/www.valerielemeur.com\/en\/wp-json\/wp\/v2\/posts\/5137\/revisions"}],"predecessor-version":[{"id":5744,"href":"https:\/\/www.valerielemeur.com\/en\/wp-json\/wp\/v2\/posts\/5137\/revisions\/5744"}],"wp:featuredmedia":[{"embeddable":true,"href":"https:\/\/www.valerielemeur.com\/en\/wp-json\/wp\/v2\/media\/5139"}],"wp:attachment":[{"href":"https:\/\/www.valerielemeur.com\/en\/wp-json\/wp\/v2\/media?parent=5137"}],"wp:term":[{"taxonomy":"category","embeddable":true,"href":"https:\/\/www.valerielemeur.com\/en\/wp-json\/wp\/v2\/categories?post=5137"},{"taxonomy":"post_tag","embeddable":true,"href":"https:\/\/www.valerielemeur.com\/en\/wp-json\/wp\/v2\/tags?post=5137"}],"curies":[{"name":"wp","href":"https:\/\/api.w.org\/{rel}","templated":true}]}}