{"id":5236,"date":"2023-10-01T13:15:32","date_gmt":"2023-10-01T13:15:32","guid":{"rendered":"https:\/\/www.valerielemeur.com\/?p=5236"},"modified":"2025-07-18T09:30:53","modified_gmt":"2025-07-18T09:30:53","slug":"petits-formats-le-marais-at-night-small-size-paintings-le-marais-at-night","status":"publish","type":"post","link":"https:\/\/www.valerielemeur.com\/en\/petits-formats-le-marais-at-night-small-size-paintings-le-marais-at-night\/","title":{"rendered":"Petits formats: S\u00e9rie de quatre tableaux: Le Marais at night\/\/ Series of 4 Small size paintings: Le Marais at night"},"content":{"rendered":"<div class=\"wp-block-uagb-image uagb-block-7bc0d934 wp-block-uagb-image--layout-default wp-block-uagb-image--effect-static wp-block-uagb-image--align-none\"><figure class=\"wp-block-uagb-image__figure\"><img decoding=\"async\" srcset=\"https:\/\/www.valerielemeur.com\/wp-content\/uploads\/2023\/11\/le-marais-at-night-parisian-cafe-scaled.jpg ,https:\/\/www.valerielemeur.com\/wp-content\/uploads\/2023\/11\/le-marais-at-night-parisian-cafe-scaled.jpg 780w, https:\/\/www.valerielemeur.com\/wp-content\/uploads\/2023\/11\/le-marais-at-night-parisian-cafe-scaled.jpg 360w\" sizes=\"auto, (max-width: 480px) 150px\" src=\"https:\/\/www.valerielemeur.com\/wp-content\/uploads\/2023\/11\/le-marais-at-night-parisian-cafe-scaled.jpg\" alt=\"\" class=\"uag-image-5289\" width=\"2008\" height=\"2560\" title=\"\" loading=\"lazy\" role=\"img\"\/><\/figure><\/div>\n\n\n\n<div class=\"wp-block-columns is-layout-flex wp-container-core-columns-is-layout-28f84493 wp-block-columns-is-layout-flex\">\n<div class=\"wp-block-column is-layout-flow wp-block-column-is-layout-flow\">\n<p>S\u00e9rie de petits formats : Paris quartier du Marais (4\u00e8me arrondissement) <\/p>\n<\/div>\n\n\n\n<div class=\"wp-block-column is-layout-flow wp-block-column-is-layout-flow\">\n<p class=\"has-vivid-cyan-blue-color has-text-color has-medium-font-size\">Small size paintings : Paris area of Le Marais (4th arrondissement)<\/p>\n\n\n\n<p class=\"has-vivid-cyan-blue-color has-text-color has-medium-font-size\"><\/p>\n<\/div>\n<\/div>\n\n\n\n<div class=\"wp-block-columns is-layout-flex wp-container-core-columns-is-layout-28f84493 wp-block-columns-is-layout-flex\">\n<div class=\"wp-block-column is-layout-flow wp-block-column-is-layout-flow\" style=\"flex-basis:100%\">\n<div class=\"wp-block-columns is-layout-flex wp-container-core-columns-is-layout-28f84493 wp-block-columns-is-layout-flex\">\n<div class=\"wp-block-column is-layout-flow wp-block-column-is-layout-flow\">\n<p class=\"has-medium-font-size\">Acrylique sur toile \/ch\u00e2ssis bois: 24\/19\/2cm<\/p>\n\n\n\n<p class=\"has-medium-font-size\">\u00ab\u00a0S\u00e9rie Le Marais de nuit\u00a0\u00bb dans un des quartiers historiques de de la capitale fran\u00e7aise, non loin de Beaubourg et de la Mairie de Paris. <\/p>\n\n\n\n<p class=\"has-medium-font-size\">S\u00e9rie de quatre tableaux :<\/p>\n\n\n\n<p class=\"has-medium-font-size\">Le BHV avenue de Rivoli, grand magasin de luxe. <\/p>\n\n\n\n<p class=\"has-medium-font-size\">Le Bar tabac<\/p>\n\n\n\n<p class=\"has-medium-font-size\">Archi &amp; bikes (architecture typique du quartier avec petits immeubles de 2\/3 \u00e9tages, et les v\u00e9los parisiens)<\/p>\n\n\n\n<p class=\"has-medium-font-size\">Le caf\u00e9 parisien avec sa terrasse.<\/p>\n\n\n\n<p class=\"has-medium-font-size\">J&rsquo;ai voulu saisir ce qui fait Paris, ses symboles. Ses grands magasins haussmanniens, son architecture, ses petites maisons basses qui n&rsquo;ont pas encore \u00e9t\u00e9 d\u00e9truites \u00e0 ce jour debout, ses v\u00e9los, et ses caf\u00e9s, restaurants et tabacs.<\/p>\n\n\n\n<p>Tableaux acryliques sur toile; les cot\u00e9s sont peins; ils sont  prot\u00e9g\u00e9s par un vernis acrylique; pr\u00eats \u00e0 accrocher au mur.<\/p>\n\n\n\n<figure class=\"wp-block-image size-large is-resized\"><img loading=\"lazy\" decoding=\"async\" width=\"843\" height=\"1024\" src=\"https:\/\/www.valerielemeur.com\/wp-content\/uploads\/2023\/10\/20250708_1643543-843x1024.jpg\" alt=\"\" class=\"wp-image-6333\" style=\"aspect-ratio:0.75;width:243px;height:auto\" srcset=\"https:\/\/www.valerielemeur.com\/wp-content\/uploads\/2023\/10\/20250708_1643543-843x1024.jpg 843w, https:\/\/www.valerielemeur.com\/wp-content\/uploads\/2023\/10\/20250708_1643543-247x300.jpg 247w, https:\/\/www.valerielemeur.com\/wp-content\/uploads\/2023\/10\/20250708_1643543-768x933.jpg 768w, https:\/\/www.valerielemeur.com\/wp-content\/uploads\/2023\/10\/20250708_1643543-1264x1536.jpg 1264w, https:\/\/www.valerielemeur.com\/wp-content\/uploads\/2023\/10\/20250708_1643543-1685x2048.jpg 1685w, https:\/\/www.valerielemeur.com\/wp-content\/uploads\/2023\/10\/20250708_1643543-10x12.jpg 10w\" sizes=\"auto, (max-width: 843px) 100vw, 843px\" \/><\/figure>\n\n\n\n<p class=\"has-medium-font-size\">Le Marais at night: Le BHV<\/p>\n\n\n\n<figure class=\"wp-block-image size-medium\"><img loading=\"lazy\" decoding=\"async\" width=\"245\" height=\"300\" src=\"https:\/\/www.valerielemeur.com\/wp-content\/uploads\/2023\/10\/54-Paris-bar-tabac-245x300.jpg\" alt=\"\" class=\"wp-image-6334\" srcset=\"https:\/\/www.valerielemeur.com\/wp-content\/uploads\/2023\/10\/54-Paris-bar-tabac-245x300.jpg 245w, https:\/\/www.valerielemeur.com\/wp-content\/uploads\/2023\/10\/54-Paris-bar-tabac-836x1024.jpg 836w, https:\/\/www.valerielemeur.com\/wp-content\/uploads\/2023\/10\/54-Paris-bar-tabac-768x941.jpg 768w, https:\/\/www.valerielemeur.com\/wp-content\/uploads\/2023\/10\/54-Paris-bar-tabac-1253x1536.jpg 1253w, https:\/\/www.valerielemeur.com\/wp-content\/uploads\/2023\/10\/54-Paris-bar-tabac-1671x2048.jpg 1671w, https:\/\/www.valerielemeur.com\/wp-content\/uploads\/2023\/10\/54-Paris-bar-tabac-10x12.jpg 10w\" sizes=\"auto, (max-width: 245px) 100vw, 245px\" \/><\/figure>\n\n\n\n<p class=\"has-medium-font-size\">Le Marais at night: Le Bar Tabac<\/p>\n\n\n\n<div class=\"wp-block-uagb-image uagb-block-092392f0 wp-block-uagb-image--layout-default wp-block-uagb-image--effect-static wp-block-uagb-image--align-none\"><figure class=\"wp-block-uagb-image__figure\"><img decoding=\"async\"  sizes=\"auto, (max-width: 480px) 150px\" src=\"https:\/\/www.valerielemeur.com\/wp-content\/uploads\/2023\/09\/le-marais-at-night-archi-n-bikes-783x1024.jpg\" alt=\"\" width=\"238\" height=\"713\" title=\"\" loading=\"lazy\" role=\"img\"\/><\/figure><\/div>\n\n\n\n<p class=\"has-vivid-red-color has-text-color has-link-color has-medium-font-size wp-elements-12c7578166f8ac80f397582400cc1f08\">Le Marais at night: archi &amp; bikes: SOLD<\/p>\n\n\n\n<p class=\"has-medium-font-size\"><\/p>\n\n\n\n<p><\/p>\n\n\n\n<p class=\"has-medium-font-size\">Le Marais at night: Parisian caf\u00e9<\/p>\n\n\n\n<div class=\"wp-block-uagb-image uagb-block-3d8d008c wp-block-uagb-image--layout-default wp-block-uagb-image--effect-static wp-block-uagb-image--align-none\"><figure class=\"wp-block-uagb-image__figure\"><img decoding=\"async\" srcset=\"https:\/\/www.valerielemeur.com\/wp-content\/uploads\/2023\/11\/paris4-768x1024.jpg ,https:\/\/www.valerielemeur.com\/wp-content\/uploads\/2023\/11\/paris4-scaled.jpg 780w, https:\/\/www.valerielemeur.com\/wp-content\/uploads\/2023\/11\/paris4-scaled.jpg 360w\" sizes=\"auto, (max-width: 480px) 150px\" src=\"https:\/\/www.valerielemeur.com\/wp-content\/uploads\/2023\/11\/paris4-768x1024.jpg\" alt=\"\" class=\"uag-image-5295\" width=\"277\" height=\"342\" title=\"\" loading=\"lazy\" role=\"img\"\/><\/figure><\/div>\n\n\n\n<div class=\"wp-block-uagb-image uagb-block-d7f9907a wp-block-uagb-image--layout-default wp-block-uagb-image--effect-static wp-block-uagb-image--align-none\"><figure class=\"wp-block-uagb-image__figure\"><img decoding=\"async\" srcset=\"https:\/\/www.valerielemeur.com\/wp-content\/uploads\/2024\/01\/serie-paris-marais-877x1024.jpg ,https:\/\/www.valerielemeur.com\/wp-content\/uploads\/2024\/01\/serie-paris-marais-scaled.jpg 780w, https:\/\/www.valerielemeur.com\/wp-content\/uploads\/2024\/01\/serie-paris-marais-scaled.jpg 360w\" sizes=\"auto, (max-width: 480px) 150px\" src=\"https:\/\/www.valerielemeur.com\/wp-content\/uploads\/2024\/01\/serie-paris-marais-877x1024.jpg\" alt=\"\" class=\"uag-image-5409\" width=\"2746\" height=\"3207\" title=\"\" loading=\"lazy\" role=\"img\"\/><\/figure><\/div>\n\n\n\n<p class=\"has-medium-font-size\">S\u00e9rie Paris Le Marais (same size paintings). Tableaux 24\/19\/2cm <\/p>\n\n\n\n<p class=\"has-medium-font-size\"><\/p>\n\n\n\n<p class=\"has-medium-font-size\"><\/p>\n<\/div>\n\n\n\n<div class=\"wp-block-column is-layout-flow wp-block-column-is-layout-flow\">\n<p class=\"has-vivid-cyan-blue-color has-text-color has-medium-font-size\">Acrylic on stretched canvas wooden frame 24\/19\/2cm<\/p>\n\n\n\n<p class=\"has-vivid-cyan-blue-color has-text-color has-medium-font-size\"> Series of four paintings about the Parisian area \u00ab\u00a0Le Marais\u00a0\u00bb, one of the oldest of the city. <br>I wanted to show what represents Paris: its symbols<\/p>\n\n\n\n<p class=\"has-vivid-cyan-blue-color has-text-color has-medium-font-size\">The famous luxury store: Le BHV on Rivoli Street<\/p>\n\n\n\n<p class=\"has-vivid-cyan-blue-color has-text-color has-medium-font-size\">A tabacconist <\/p>\n\n\n\n<p class=\"has-vivid-cyan-blue-color has-text-color has-medium-font-size\">architecture of small houses or buildings and bikes<\/p>\n\n\n\n<p class=\"has-vivid-cyan-blue-color has-text-color has-medium-font-size\">A Parisian caf\u00e9 with its terrasse<br><\/p>\n\n\n\n<p class=\"has-vivid-cyan-blue-color has-text-color has-medium-font-size\">The paintings are painted on the sides; protected by a bright acrylic varnish, ready to hang on a wall.<\/p>\n\n\n\n<p class=\"has-vivid-cyan-blue-color has-text-color has-medium-font-size\"><\/p>\n\n\n\n<p class=\"has-vivid-cyan-blue-color has-text-color has-medium-font-size\"><\/p>\n\n\n\n<p><\/p>\n\n\n\n<p class=\"has-vivid-cyan-blue-color has-text-color has-medium-font-size\"><\/p>\n<\/div>\n<\/div>\n<\/div>\n<\/div>","protected":false},"excerpt":{"rendered":"<p>S\u00e9rie de petits formats : Paris quartier du Marais (4\u00e8me arrondissement) Small size paintings : Paris area of Le Marais (4th arrondissement) Acrylique sur toile \/ch\u00e2ssis bois: 24\/19\/2cm \u00ab\u00a0S\u00e9rie Le Marais de nuit\u00a0\u00bb dans un des quartiers historiques de de la capitale fran\u00e7aise, non loin de Beaubourg et de la Mairie de Paris. S\u00e9rie de [&hellip;]<\/p>\n","protected":false},"author":1,"featured_media":5290,"comment_status":"closed","ping_status":"closed","sticky":false,"template":"","format":"gallery","meta":{"_uag_custom_page_level_css":"","site-sidebar-layout":"default","site-content-layout":null,"ast-site-content-layout":"default","site-content-style":"default","site-sidebar-style":"default","ast-global-header-display":"","ast-banner-title-visibility":"","ast-main-header-display":"","ast-hfb-above-header-display":null,"ast-hfb-below-header-display":null,"ast-hfb-mobile-header-display":null,"site-post-title":"enabled","ast-breadcrumbs-content":null,"ast-featured-img":"disabled","footer-sml-layout":"","ast-disable-related-posts":"","theme-transparent-header-meta":"enabled","adv-header-id-meta":null,"stick-header-meta":null,"header-above-stick-meta":null,"header-main-stick-meta":null,"header-below-stick-meta":null,"astra-migrate-meta-layouts":"set","ast-page-background-enabled":"default","ast-page-background-meta":{"desktop":{"background-color":"","background-image":"","background-repeat":"repeat","background-position":"center center","background-size":"auto","background-attachment":"scroll","background-type":"","background-media":"","overlay-type":"","overlay-color":"","overlay-opacity":"","overlay-gradient":""},"tablet":{"background-color":"","background-image":"","background-repeat":"repeat","background-position":"center center","background-size":"auto","background-attachment":"scroll","background-type":"","background-media":"","overlay-type":"","overlay-color":"","overlay-opacity":"","overlay-gradient":""},"mobile":{"background-color":"","background-image":"","background-repeat":"repeat","background-position":"center center","background-size":"auto","background-attachment":"scroll","background-type":"","background-media":"","overlay-type":"","overlay-color":"","overlay-opacity":"","overlay-gradient":""}},"ast-content-background-meta":{"desktop":{"background-color":"var(--ast-global-color-5)","background-image":"","background-repeat":"repeat","background-position":"center center","background-size":"auto","background-attachment":"scroll","background-type":"","background-media":"","overlay-type":"","overlay-color":"","overlay-opacity":"","overlay-gradient":""},"tablet":{"background-color":"var(--ast-global-color-5)","background-image":"","background-repeat":"repeat","background-position":"center center","background-size":"auto","background-attachment":"scroll","background-type":"","background-media":"","overlay-type":"","overlay-color":"","overlay-opacity":"","overlay-gradient":""},"mobile":{"background-color":"var(--ast-global-color-5)","background-image":"","background-repeat":"repeat","background-position":"center center","background-size":"auto","background-attachment":"scroll","background-type":"","background-media":"","overlay-type":"","overlay-color":"","overlay-opacity":"","overlay-gradient":""}},"_jetpack_memberships_contains_paid_content":false,"footnotes":""},"categories":[45,41],"tags":[232],"class_list":["post-5236","post","type-post","status-publish","format-gallery","has-post-thumbnail","hentry","category-paris","category-painting","tag-300e-shipping-included","post_format-post-format-gallery"],"yoast_head":"<!-- This site is optimized with the Yoast SEO plugin v27.4 - https:\/\/yoast.com\/product\/yoast-seo-wordpress\/ -->\n<title>Petits formats: S\u00e9rie de quatre tableaux: Le Marais at night\/\/ Series of 4 Small size paintings: Le Marais at night - Val\u00e9rie LE MEUR %<\/title>\n<meta name=\"description\" content=\"Val\u00e9rie LE MEUR Petits formats: S\u00e9rie de quatre tableaux: Le Marais at night\/\/ Series of 4 Small size paintings: Le Marais at night Tableau -\" \/>\n<meta name=\"robots\" content=\"index, follow, max-snippet:-1, max-image-preview:large, max-video-preview:-1\" \/>\n<link rel=\"canonical\" href=\"https:\/\/www.valerielemeur.com\/en\/petits-formats-le-marais-at-night-small-size-paintings-le-marais-at-night\/\" \/>\n<meta property=\"og:locale\" content=\"en_GB\" \/>\n<meta property=\"og:type\" content=\"article\" \/>\n<meta property=\"og:title\" content=\"Petits formats: S\u00e9rie de quatre tableaux: Le Marais at night\/\/ Series of 4 Small size paintings: Le Marais at night - Val\u00e9rie LE MEUR %\" \/>\n<meta property=\"og:description\" content=\"Val\u00e9rie LE MEUR Petits formats: S\u00e9rie de quatre tableaux: Le Marais at night\/\/ Series of 4 Small size paintings: Le Marais at night Tableau -\" \/>\n<meta property=\"og:url\" content=\"https:\/\/www.valerielemeur.com\/en\/petits-formats-le-marais-at-night-small-size-paintings-le-marais-at-night\/\" \/>\n<meta property=\"og:site_name\" content=\"Val\u00e9rie LE MEUR\" \/>\n<meta property=\"article:published_time\" content=\"2023-10-01T13:15:32+00:00\" \/>\n<meta property=\"article:modified_time\" content=\"2025-07-18T09:30:53+00:00\" \/>\n<meta property=\"og:image\" content=\"https:\/\/www.valerielemeur.com\/wp-content\/uploads\/2023\/10\/le-marais-at-night-parisian-cafe-scaled.jpg\" \/>\n\t<meta property=\"og:image:width\" content=\"2008\" \/>\n\t<meta property=\"og:image:height\" content=\"2560\" \/>\n\t<meta property=\"og:image:type\" content=\"image\/jpeg\" \/>\n<meta name=\"author\" content=\"VLM\" \/>\n<meta name=\"twitter:card\" content=\"summary_large_image\" \/>\n<meta name=\"twitter:label1\" content=\"Written by\" \/>\n\t<meta name=\"twitter:data1\" content=\"VLM\" \/>\n\t<meta name=\"twitter:label2\" content=\"Estimated reading time\" \/>\n\t<meta name=\"twitter:data2\" content=\"3 minutes\" \/>\n<script type=\"application\/ld+json\" class=\"yoast-schema-graph\">{\"@context\":\"https:\\\/\\\/schema.org\",\"@graph\":[{\"@type\":\"Article\",\"@id\":\"https:\\\/\\\/www.valerielemeur.com\\\/petits-formats-le-marais-at-night-small-size-paintings-le-marais-at-night\\\/#article\",\"isPartOf\":{\"@id\":\"https:\\\/\\\/www.valerielemeur.com\\\/petits-formats-le-marais-at-night-small-size-paintings-le-marais-at-night\\\/\"},\"author\":{\"name\":\"VLM\",\"@id\":\"https:\\\/\\\/www.valerielemeur.com\\\/#\\\/schema\\\/person\\\/988a7c5b4614f08d4a29788db12b10bb\"},\"headline\":\"Petits formats: S\u00e9rie de quatre tableaux: Le Marais at night\\\/\\\/ Series of 4 Small size paintings: Le Marais at night\",\"datePublished\":\"2023-10-01T13:15:32+00:00\",\"dateModified\":\"2025-07-18T09:30:53+00:00\",\"mainEntityOfPage\":{\"@id\":\"https:\\\/\\\/www.valerielemeur.com\\\/petits-formats-le-marais-at-night-small-size-paintings-le-marais-at-night\\\/\"},\"wordCount\":293,\"publisher\":{\"@id\":\"https:\\\/\\\/www.valerielemeur.com\\\/#organization\"},\"image\":{\"@id\":\"https:\\\/\\\/www.valerielemeur.com\\\/petits-formats-le-marais-at-night-small-size-paintings-le-marais-at-night\\\/#primaryimage\"},\"thumbnailUrl\":\"https:\\\/\\\/www.valerielemeur.com\\\/wp-content\\\/uploads\\\/2023\\\/10\\\/le-marais-at-night-parisian-cafe-scaled.jpg\",\"keywords\":[\"300\u20ac shipping included\"],\"articleSection\":[\"Paris\",\"Tableau\"],\"inLanguage\":\"en-GB\"},{\"@type\":\"WebPage\",\"@id\":\"https:\\\/\\\/www.valerielemeur.com\\\/petits-formats-le-marais-at-night-small-size-paintings-le-marais-at-night\\\/\",\"url\":\"https:\\\/\\\/www.valerielemeur.com\\\/petits-formats-le-marais-at-night-small-size-paintings-le-marais-at-night\\\/\",\"name\":\"Petits formats: S\u00e9rie de quatre tableaux: Le Marais at night\\\/\\\/ Series of 4 Small size paintings: Le Marais at night - Val\u00e9rie LE MEUR %\",\"isPartOf\":{\"@id\":\"https:\\\/\\\/www.valerielemeur.com\\\/#website\"},\"primaryImageOfPage\":{\"@id\":\"https:\\\/\\\/www.valerielemeur.com\\\/petits-formats-le-marais-at-night-small-size-paintings-le-marais-at-night\\\/#primaryimage\"},\"image\":{\"@id\":\"https:\\\/\\\/www.valerielemeur.com\\\/petits-formats-le-marais-at-night-small-size-paintings-le-marais-at-night\\\/#primaryimage\"},\"thumbnailUrl\":\"https:\\\/\\\/www.valerielemeur.com\\\/wp-content\\\/uploads\\\/2023\\\/10\\\/le-marais-at-night-parisian-cafe-scaled.jpg\",\"datePublished\":\"2023-10-01T13:15:32+00:00\",\"dateModified\":\"2025-07-18T09:30:53+00:00\",\"description\":\"Val\u00e9rie LE MEUR Petits formats: S\u00e9rie de quatre tableaux: Le Marais at night\\\/\\\/ Series of 4 Small size paintings: Le Marais at night Tableau -\",\"breadcrumb\":{\"@id\":\"https:\\\/\\\/www.valerielemeur.com\\\/petits-formats-le-marais-at-night-small-size-paintings-le-marais-at-night\\\/#breadcrumb\"},\"inLanguage\":\"en-GB\",\"potentialAction\":[{\"@type\":\"ReadAction\",\"target\":[\"https:\\\/\\\/www.valerielemeur.com\\\/petits-formats-le-marais-at-night-small-size-paintings-le-marais-at-night\\\/\"]}]},{\"@type\":\"ImageObject\",\"inLanguage\":\"en-GB\",\"@id\":\"https:\\\/\\\/www.valerielemeur.com\\\/petits-formats-le-marais-at-night-small-size-paintings-le-marais-at-night\\\/#primaryimage\",\"url\":\"https:\\\/\\\/www.valerielemeur.com\\\/wp-content\\\/uploads\\\/2023\\\/10\\\/le-marais-at-night-parisian-cafe-scaled.jpg\",\"contentUrl\":\"https:\\\/\\\/www.valerielemeur.com\\\/wp-content\\\/uploads\\\/2023\\\/10\\\/le-marais-at-night-parisian-cafe-scaled.jpg\",\"width\":2008,\"height\":2560},{\"@type\":\"BreadcrumbList\",\"@id\":\"https:\\\/\\\/www.valerielemeur.com\\\/petits-formats-le-marais-at-night-small-size-paintings-le-marais-at-night\\\/#breadcrumb\",\"itemListElement\":[{\"@type\":\"ListItem\",\"position\":1,\"name\":\"Accueil\",\"item\":\"https:\\\/\\\/www.valerielemeur.com\\\/\"},{\"@type\":\"ListItem\",\"position\":2,\"name\":\"Petits formats: S\u00e9rie de quatre tableaux: Le Marais at night\\\/\\\/ Series of 4 Small size paintings: Le Marais at night\"}]},{\"@type\":\"WebSite\",\"@id\":\"https:\\\/\\\/www.valerielemeur.com\\\/#website\",\"url\":\"https:\\\/\\\/www.valerielemeur.com\\\/\",\"name\":\"Val\u00e9rie LE MEUR\",\"description\":\"Artiste Peintre\",\"publisher\":{\"@id\":\"https:\\\/\\\/www.valerielemeur.com\\\/#organization\"},\"potentialAction\":[{\"@type\":\"SearchAction\",\"target\":{\"@type\":\"EntryPoint\",\"urlTemplate\":\"https:\\\/\\\/www.valerielemeur.com\\\/?s={search_term_string}\"},\"query-input\":{\"@type\":\"PropertyValueSpecification\",\"valueRequired\":true,\"valueName\":\"search_term_string\"}}],\"inLanguage\":\"en-GB\"},{\"@type\":\"Organization\",\"@id\":\"https:\\\/\\\/www.valerielemeur.com\\\/#organization\",\"name\":\"valerie le meur\",\"url\":\"https:\\\/\\\/www.valerielemeur.com\\\/\",\"logo\":{\"@type\":\"ImageObject\",\"inLanguage\":\"en-GB\",\"@id\":\"https:\\\/\\\/www.valerielemeur.com\\\/#\\\/schema\\\/logo\\\/image\\\/\",\"url\":\"https:\\\/\\\/www.valerielemeur.com\\\/wp-content\\\/uploads\\\/2020\\\/07\\\/photo-CV-sun.jpg\",\"contentUrl\":\"https:\\\/\\\/www.valerielemeur.com\\\/wp-content\\\/uploads\\\/2020\\\/07\\\/photo-CV-sun.jpg\",\"width\":2373,\"height\":2373,\"caption\":\"valerie le meur\"},\"image\":{\"@id\":\"https:\\\/\\\/www.valerielemeur.com\\\/#\\\/schema\\\/logo\\\/image\\\/\"}},{\"@type\":\"Person\",\"@id\":\"https:\\\/\\\/www.valerielemeur.com\\\/#\\\/schema\\\/person\\\/988a7c5b4614f08d4a29788db12b10bb\",\"name\":\"VLM\",\"image\":{\"@type\":\"ImageObject\",\"inLanguage\":\"en-GB\",\"@id\":\"https:\\\/\\\/secure.gravatar.com\\\/avatar\\\/5d623c2f60da6da613f8db4cef8422938a352a814a1ad2edc307f53256aa32c2?s=96&d=mm&r=g\",\"url\":\"https:\\\/\\\/secure.gravatar.com\\\/avatar\\\/5d623c2f60da6da613f8db4cef8422938a352a814a1ad2edc307f53256aa32c2?s=96&d=mm&r=g\",\"contentUrl\":\"https:\\\/\\\/secure.gravatar.com\\\/avatar\\\/5d623c2f60da6da613f8db4cef8422938a352a814a1ad2edc307f53256aa32c2?s=96&d=mm&r=g\",\"caption\":\"VLM\"},\"sameAs\":[\"https:\\\/\\\/www.valerielemeur.com\"],\"url\":\"https:\\\/\\\/www.valerielemeur.com\\\/en\\\/author\\\/vlm\\\/\"}]}<\/script>\n<!-- \/ Yoast SEO plugin. -->","yoast_head_json":{"title":"Petits formats: S\u00e9rie de quatre tableaux: Le Marais at night\/\/ Series of 4 Small size paintings: Le Marais at night - Val\u00e9rie LE MEUR %","description":"Val\u00e9rie LE MEUR Petits formats: S\u00e9rie de quatre tableaux: Le Marais at night\/\/ Series of 4 Small size paintings: Le Marais at night Tableau -","robots":{"index":"index","follow":"follow","max-snippet":"max-snippet:-1","max-image-preview":"max-image-preview:large","max-video-preview":"max-video-preview:-1"},"canonical":"https:\/\/www.valerielemeur.com\/en\/petits-formats-le-marais-at-night-small-size-paintings-le-marais-at-night\/","og_locale":"en_GB","og_type":"article","og_title":"Petits formats: S\u00e9rie de quatre tableaux: Le Marais at night\/\/ Series of 4 Small size paintings: Le Marais at night - Val\u00e9rie LE MEUR %","og_description":"Val\u00e9rie LE MEUR Petits formats: S\u00e9rie de quatre tableaux: Le Marais at night\/\/ Series of 4 Small size paintings: Le Marais at night Tableau -","og_url":"https:\/\/www.valerielemeur.com\/en\/petits-formats-le-marais-at-night-small-size-paintings-le-marais-at-night\/","og_site_name":"Val\u00e9rie LE MEUR","article_published_time":"2023-10-01T13:15:32+00:00","article_modified_time":"2025-07-18T09:30:53+00:00","og_image":[{"width":2008,"height":2560,"url":"https:\/\/www.valerielemeur.com\/wp-content\/uploads\/2023\/10\/le-marais-at-night-parisian-cafe-scaled.jpg","type":"image\/jpeg"}],"author":"VLM","twitter_card":"summary_large_image","twitter_misc":{"Written by":"VLM","Estimated reading time":"3 minutes"},"schema":{"@context":"https:\/\/schema.org","@graph":[{"@type":"Article","@id":"https:\/\/www.valerielemeur.com\/petits-formats-le-marais-at-night-small-size-paintings-le-marais-at-night\/#article","isPartOf":{"@id":"https:\/\/www.valerielemeur.com\/petits-formats-le-marais-at-night-small-size-paintings-le-marais-at-night\/"},"author":{"name":"VLM","@id":"https:\/\/www.valerielemeur.com\/#\/schema\/person\/988a7c5b4614f08d4a29788db12b10bb"},"headline":"Petits formats: S\u00e9rie de quatre tableaux: Le Marais at night\/\/ Series of 4 Small size paintings: Le Marais at night","datePublished":"2023-10-01T13:15:32+00:00","dateModified":"2025-07-18T09:30:53+00:00","mainEntityOfPage":{"@id":"https:\/\/www.valerielemeur.com\/petits-formats-le-marais-at-night-small-size-paintings-le-marais-at-night\/"},"wordCount":293,"publisher":{"@id":"https:\/\/www.valerielemeur.com\/#organization"},"image":{"@id":"https:\/\/www.valerielemeur.com\/petits-formats-le-marais-at-night-small-size-paintings-le-marais-at-night\/#primaryimage"},"thumbnailUrl":"https:\/\/www.valerielemeur.com\/wp-content\/uploads\/2023\/10\/le-marais-at-night-parisian-cafe-scaled.jpg","keywords":["300\u20ac shipping included"],"articleSection":["Paris","Tableau"],"inLanguage":"en-GB"},{"@type":"WebPage","@id":"https:\/\/www.valerielemeur.com\/petits-formats-le-marais-at-night-small-size-paintings-le-marais-at-night\/","url":"https:\/\/www.valerielemeur.com\/petits-formats-le-marais-at-night-small-size-paintings-le-marais-at-night\/","name":"Petits formats: S\u00e9rie de quatre tableaux: Le Marais at night\/\/ Series of 4 Small size paintings: Le Marais at night - Val\u00e9rie LE MEUR %","isPartOf":{"@id":"https:\/\/www.valerielemeur.com\/#website"},"primaryImageOfPage":{"@id":"https:\/\/www.valerielemeur.com\/petits-formats-le-marais-at-night-small-size-paintings-le-marais-at-night\/#primaryimage"},"image":{"@id":"https:\/\/www.valerielemeur.com\/petits-formats-le-marais-at-night-small-size-paintings-le-marais-at-night\/#primaryimage"},"thumbnailUrl":"https:\/\/www.valerielemeur.com\/wp-content\/uploads\/2023\/10\/le-marais-at-night-parisian-cafe-scaled.jpg","datePublished":"2023-10-01T13:15:32+00:00","dateModified":"2025-07-18T09:30:53+00:00","description":"Val\u00e9rie LE MEUR Petits formats: S\u00e9rie de quatre tableaux: Le Marais at night\/\/ Series of 4 Small size paintings: Le Marais at night Tableau -","breadcrumb":{"@id":"https:\/\/www.valerielemeur.com\/petits-formats-le-marais-at-night-small-size-paintings-le-marais-at-night\/#breadcrumb"},"inLanguage":"en-GB","potentialAction":[{"@type":"ReadAction","target":["https:\/\/www.valerielemeur.com\/petits-formats-le-marais-at-night-small-size-paintings-le-marais-at-night\/"]}]},{"@type":"ImageObject","inLanguage":"en-GB","@id":"https:\/\/www.valerielemeur.com\/petits-formats-le-marais-at-night-small-size-paintings-le-marais-at-night\/#primaryimage","url":"https:\/\/www.valerielemeur.com\/wp-content\/uploads\/2023\/10\/le-marais-at-night-parisian-cafe-scaled.jpg","contentUrl":"https:\/\/www.valerielemeur.com\/wp-content\/uploads\/2023\/10\/le-marais-at-night-parisian-cafe-scaled.jpg","width":2008,"height":2560},{"@type":"BreadcrumbList","@id":"https:\/\/www.valerielemeur.com\/petits-formats-le-marais-at-night-small-size-paintings-le-marais-at-night\/#breadcrumb","itemListElement":[{"@type":"ListItem","position":1,"name":"Accueil","item":"https:\/\/www.valerielemeur.com\/"},{"@type":"ListItem","position":2,"name":"Petits formats: S\u00e9rie de quatre tableaux: Le Marais at night\/\/ Series of 4 Small size paintings: Le Marais at night"}]},{"@type":"WebSite","@id":"https:\/\/www.valerielemeur.com\/#website","url":"https:\/\/www.valerielemeur.com\/","name":"Val\u00e9rie LE MEUR","description":"Painter","publisher":{"@id":"https:\/\/www.valerielemeur.com\/#organization"},"potentialAction":[{"@type":"SearchAction","target":{"@type":"EntryPoint","urlTemplate":"https:\/\/www.valerielemeur.com\/?s={search_term_string}"},"query-input":{"@type":"PropertyValueSpecification","valueRequired":true,"valueName":"search_term_string"}}],"inLanguage":"en-GB"},{"@type":"Organization","@id":"https:\/\/www.valerielemeur.com\/#organization","name":"valerie le meur","url":"https:\/\/www.valerielemeur.com\/","logo":{"@type":"ImageObject","inLanguage":"en-GB","@id":"https:\/\/www.valerielemeur.com\/#\/schema\/logo\/image\/","url":"https:\/\/www.valerielemeur.com\/wp-content\/uploads\/2020\/07\/photo-CV-sun.jpg","contentUrl":"https:\/\/www.valerielemeur.com\/wp-content\/uploads\/2020\/07\/photo-CV-sun.jpg","width":2373,"height":2373,"caption":"valerie le meur"},"image":{"@id":"https:\/\/www.valerielemeur.com\/#\/schema\/logo\/image\/"}},{"@type":"Person","@id":"https:\/\/www.valerielemeur.com\/#\/schema\/person\/988a7c5b4614f08d4a29788db12b10bb","name":"VLM","image":{"@type":"ImageObject","inLanguage":"en-GB","@id":"https:\/\/secure.gravatar.com\/avatar\/5d623c2f60da6da613f8db4cef8422938a352a814a1ad2edc307f53256aa32c2?s=96&d=mm&r=g","url":"https:\/\/secure.gravatar.com\/avatar\/5d623c2f60da6da613f8db4cef8422938a352a814a1ad2edc307f53256aa32c2?s=96&d=mm&r=g","contentUrl":"https:\/\/secure.gravatar.com\/avatar\/5d623c2f60da6da613f8db4cef8422938a352a814a1ad2edc307f53256aa32c2?s=96&d=mm&r=g","caption":"VLM"},"sameAs":["https:\/\/www.valerielemeur.com"],"url":"https:\/\/www.valerielemeur.com\/en\/author\/vlm\/"}]}},"jetpack_featured_media_url":"https:\/\/www.valerielemeur.com\/wp-content\/uploads\/2023\/10\/le-marais-at-night-parisian-cafe-scaled.jpg","uagb_featured_image_src":{"full":["https:\/\/www.valerielemeur.com\/wp-content\/uploads\/2023\/10\/le-marais-at-night-parisian-cafe-scaled.jpg",2008,2560,false],"thumbnail":["https:\/\/www.valerielemeur.com\/wp-content\/uploads\/2023\/10\/le-marais-at-night-parisian-cafe-150x150.jpg",150,150,true],"medium":["https:\/\/www.valerielemeur.com\/wp-content\/uploads\/2023\/10\/le-marais-at-night-parisian-cafe-235x300.jpg",235,300,true],"medium_large":["https:\/\/www.valerielemeur.com\/wp-content\/uploads\/2023\/10\/le-marais-at-night-parisian-cafe-768x979.jpg",768,979,true],"large":["https:\/\/www.valerielemeur.com\/wp-content\/uploads\/2023\/10\/le-marais-at-night-parisian-cafe-803x1024.jpg",803,1024,true],"1536x1536":["https:\/\/www.valerielemeur.com\/wp-content\/uploads\/2023\/10\/le-marais-at-night-parisian-cafe-1205x1536.jpg",1205,1536,true],"2048x2048":["https:\/\/www.valerielemeur.com\/wp-content\/uploads\/2023\/10\/le-marais-at-night-parisian-cafe-1606x2048.jpg",1606,2048,true],"trp-custom-language-flag":["https:\/\/www.valerielemeur.com\/wp-content\/uploads\/2023\/10\/le-marais-at-night-parisian-cafe-9x12.jpg",9,12,true]},"uagb_author_info":{"display_name":"VLM","author_link":"https:\/\/www.valerielemeur.com\/en\/author\/vlm\/"},"uagb_comment_info":0,"uagb_excerpt":"S\u00e9rie de petits formats : Paris quartier du Marais (4\u00e8me arrondissement) Small size paintings : Paris area of Le Marais (4th arrondissement) Acrylique sur toile \/ch\u00e2ssis bois: 24\/19\/2cm \u00ab\u00a0S\u00e9rie Le Marais de nuit\u00a0\u00bb dans un des quartiers historiques de de la capitale fran\u00e7aise, non loin de Beaubourg et de la Mairie de Paris. S\u00e9rie de&hellip;","jetpack_sharing_enabled":true,"_links":{"self":[{"href":"https:\/\/www.valerielemeur.com\/en\/wp-json\/wp\/v2\/posts\/5236","targetHints":{"allow":["GET"]}}],"collection":[{"href":"https:\/\/www.valerielemeur.com\/en\/wp-json\/wp\/v2\/posts"}],"about":[{"href":"https:\/\/www.valerielemeur.com\/en\/wp-json\/wp\/v2\/types\/post"}],"author":[{"embeddable":true,"href":"https:\/\/www.valerielemeur.com\/en\/wp-json\/wp\/v2\/users\/1"}],"replies":[{"embeddable":true,"href":"https:\/\/www.valerielemeur.com\/en\/wp-json\/wp\/v2\/comments?post=5236"}],"version-history":[{"count":10,"href":"https:\/\/www.valerielemeur.com\/en\/wp-json\/wp\/v2\/posts\/5236\/revisions"}],"predecessor-version":[{"id":6336,"href":"https:\/\/www.valerielemeur.com\/en\/wp-json\/wp\/v2\/posts\/5236\/revisions\/6336"}],"wp:featuredmedia":[{"embeddable":true,"href":"https:\/\/www.valerielemeur.com\/en\/wp-json\/wp\/v2\/media\/5290"}],"wp:attachment":[{"href":"https:\/\/www.valerielemeur.com\/en\/wp-json\/wp\/v2\/media?parent=5236"}],"wp:term":[{"taxonomy":"category","embeddable":true,"href":"https:\/\/www.valerielemeur.com\/en\/wp-json\/wp\/v2\/categories?post=5236"},{"taxonomy":"post_tag","embeddable":true,"href":"https:\/\/www.valerielemeur.com\/en\/wp-json\/wp\/v2\/tags?post=5236"}],"curies":[{"name":"wp","href":"https:\/\/api.w.org\/{rel}","templated":true}]}}