{"id":5348,"date":"2023-12-11T18:03:06","date_gmt":"2023-12-11T18:03:06","guid":{"rendered":"https:\/\/www.valerielemeur.com\/?p=5348"},"modified":"2024-11-07T09:54:15","modified_gmt":"2024-11-07T09:54:15","slug":"expositions-2024-art-shows-2024","status":"publish","type":"post","link":"https:\/\/www.valerielemeur.com\/en\/expositions-2024-art-shows-2024\/","title":{"rendered":"ART SHOWS 2024"},"content":{"rendered":"<p><\/p>\n\n\n\n<p><\/p>\n\n\n\n<p class=\"has-text-align-center has-ast-global-color-1-color has-pale-pink-background-color has-text-color has-background has-large-font-size\" style=\"padding-top:0;padding-right:0;padding-bottom:0;padding-left:0\"><strong>2024<\/strong><\/p>\n\n\n\n<p class=\"has-text-align-center has-ast-global-color-1-color has-pale-pink-background-color has-text-color has-background has-large-font-size\">Art shows\/Expositions<\/p>\n\n\n\n<p><\/p>\n\n\n\n<p class=\"has-text-align-center has-vivid-purple-color has-ast-global-color-4-background-color has-text-color has-background has-medium-font-size\"><strong>Du vendredi 6 d\u00e9cembre au vendredi 3 janvier<\/strong>: <strong>Exposition personnelle<\/strong><\/p>\n\n\n\n<p class=\"has-text-align-center has-vivid-purple-color has-ast-global-color-4-background-color has-text-color has-background has-medium-font-size\"><strong>Au Minist\u00e8re de l&rsquo;Economie et des Finances -BERCY <\/strong><\/p>\n\n\n\n<div class=\"wp-block-uagb-image uagb-block-2826a849 wp-block-uagb-image--layout-default wp-block-uagb-image--effect-static wp-block-uagb-image--align-none\"><figure class=\"wp-block-uagb-image__figure\"><img decoding=\"async\" srcset=\"https:\/\/www.valerielemeur.com\/wp-content\/uploads\/2024\/07\/le-petit-palais-paris-1024x904.jpg ,https:\/\/www.valerielemeur.com\/wp-content\/uploads\/2024\/07\/le-petit-palais-paris.jpg 780w, https:\/\/www.valerielemeur.com\/wp-content\/uploads\/2024\/07\/le-petit-palais-paris.jpg 360w\" sizes=\"auto, (max-width: 480px) 150px\" src=\"https:\/\/www.valerielemeur.com\/wp-content\/uploads\/2024\/07\/le-petit-palais-paris-1024x904.jpg\" alt=\"\" class=\"uag-image-5567\" width=\"591\" height=\"522\" title=\"le-petit-palais-paris\" loading=\"lazy\" role=\"img\"\/><\/figure><\/div>\n\n\n\n<p class=\"has-vivid-purple-color has-ast-global-color-4-background-color has-text-color has-background has-medium-font-size\"><strong>20 Septembre au 20 novembre: Exposition personnelle <\/strong><\/p>\n\n\n\n<p class=\"has-vivid-purple-color has-text-color has-medium-font-size\"><strong>Hall de la mairie d&rsquo;Orsay (91): exposition libre<\/strong> : <strong>ORSAY Town hall solo art show: Vernissage le jeudi 19 septembre \u00e0 18h30<\/strong>: <strong>entr\u00e9e libre<\/strong><\/p>\n\n\n\n<p class=\"has-vivid-purple-color has-text-color has-medium-font-size\"><\/p>\n\n\n\n<div class=\"wp-block-uagb-image uagb-block-b878be7c wp-block-uagb-image--layout-default wp-block-uagb-image--effect-static wp-block-uagb-image--align-none\"><figure class=\"wp-block-uagb-image__figure\"><img decoding=\"async\" srcset=\"https:\/\/www.valerielemeur.com\/wp-content\/uploads\/2023\/12\/Les-couleurs-de-la-ville-212x300.jpg ,https:\/\/www.valerielemeur.com\/wp-content\/uploads\/2023\/12\/Les-couleurs-de-la-ville.jpg 780w, https:\/\/www.valerielemeur.com\/wp-content\/uploads\/2023\/12\/Les-couleurs-de-la-ville.jpg 360w\" sizes=\"auto, (max-width: 480px) 150px\" src=\"https:\/\/www.valerielemeur.com\/wp-content\/uploads\/2023\/12\/Les-couleurs-de-la-ville-212x300.jpg\" alt=\"\" class=\"uag-image-5986\" width=\"212\" height=\"300\" title=\"Les couleurs de la ville\" loading=\"lazy\" role=\"img\"\/><\/figure><\/div>\n\n\n\n<p class=\"has-ast-global-color-0-color has-text-color has-link-color has-medium-font-size wp-elements-8672a94fb9972cd0880d0b4a8407e9e6\"><strong> <\/strong><\/p>\n\n\n\n<p class=\"has-ast-global-color-0-color has-text-color has-link-color has-medium-font-size wp-elements-ad7b94b29a5a1cb1cfdc5d75c0a42590\"><strong>Salon des Artistes du Val de Marne ( SAVM) du samedi 28 septembre au dimanche 20 octobre<\/strong> : <strong>Maison des arts et de la culture Villa Saint Hilaire; 5 rue Saint Hilaire; 94: La Varenne St Hilaire <\/strong>: <strong>du mardi au dimanche de 14h \u00e0 18h; entr\u00e9e libre<\/strong><\/p>\n\n\n\n<div class=\"wp-block-uagb-image uagb-block-80bd1446 wp-block-uagb-image--layout-default wp-block-uagb-image--effect-static wp-block-uagb-image--align-none\"><figure class=\"wp-block-uagb-image__figure\"><img decoding=\"async\" srcset=\"https:\/\/www.valerielemeur.com\/wp-content\/uploads\/2024\/03\/9-cam-river-2-300x296.jpg ,https:\/\/www.valerielemeur.com\/wp-content\/uploads\/2024\/03\/9-cam-river-2-scaled.jpg 780w, https:\/\/www.valerielemeur.com\/wp-content\/uploads\/2024\/03\/9-cam-river-2-scaled.jpg 360w\" sizes=\"auto, (max-width: 480px) 150px\" src=\"https:\/\/www.valerielemeur.com\/wp-content\/uploads\/2024\/03\/9-cam-river-2-300x296.jpg\" alt=\"\" class=\"uag-image-5482\" width=\"300\" height=\"296\" title=\"9-cam river 2\" loading=\"lazy\" role=\"img\"\/><\/figure><\/div>\n\n\n\n<p><\/p>\n\n\n\n<p class=\"has-ast-global-color-0-color has-text-color has-link-color has-medium-font-size wp-elements-fe7b745d363248f23f71df9ce2dc74f9\"><strong>Exposition collective avec l&rsquo;Association H\u00e9lium: les week-ends des 5-6 oct.  et 12-13 octobre \u00e0 la Chapelle Sainte-Anne de Bullion (78)<\/strong> <a href=\"https:\/\/helium-artistes.com\/20e-parcours-dartistes-helium-les-5-6-et-12-13-octobre-2024\/\">20e Parcours d&rsquo;Artistes H\u00e9lium &#8211; les 5-6 et 12-13 octobre 2024 &#8211; HELIUM (helium-artistes.com)<\/a><\/p>\n\n\n\n<p><\/p>\n\n\n\n<div class=\"wp-block-uagb-image uagb-block-94eb73b0 wp-block-uagb-image--layout-default wp-block-uagb-image--effect-static wp-block-uagb-image--align-none\"><figure class=\"wp-block-uagb-image__figure\"><img decoding=\"async\" srcset=\"https:\/\/www.valerielemeur.com\/wp-content\/uploads\/2023\/12\/20241002_131842-1024x576.jpg ,https:\/\/www.valerielemeur.com\/wp-content\/uploads\/2023\/12\/20241002_131842-scaled.jpg 780w, https:\/\/www.valerielemeur.com\/wp-content\/uploads\/2023\/12\/20241002_131842-scaled.jpg 360w\" sizes=\"auto, (max-width: 480px) 150px\" src=\"https:\/\/www.valerielemeur.com\/wp-content\/uploads\/2023\/12\/20241002_131842-1024x576.jpg\" alt=\"\" class=\"uag-image-6025\" width=\"1024\" height=\"753\" title=\"20241002_131842\" loading=\"lazy\" role=\"img\"\/><\/figure><\/div>\n\n\n\n<p><\/p>\n\n\n\n<p class=\"has-ast-global-color-0-color has-text-color has-link-color has-medium-font-size wp-elements-0c5a6e1f36278e4af6bccca6f62c4527\"><strong>Salon d&rsquo;Automne de Paris: Pavillon \u00e9ph\u00e9m\u00e8re avenue des Champs \u00c9lys\u00e9es: du mercredi 23 octobre au dimanche 27 octobre<\/strong>, <strong>vernissage le mardi 22 sur invitation. Entr\u00e9e payante<\/strong>  <\/p>\n\n\n\n<p class=\"has-ast-global-color-0-color has-text-color has-link-color has-medium-font-size wp-elements-888feb40e25fd7e9c21650c9602164e4\"><a href=\"https:\/\/www.salon-automne.com\/fr\">Le Salon d\u2019Automne | Accueil (salon-automne.com)<\/a><\/p>\n\n\n\n<div class=\"wp-block-uagb-image uagb-block-3dc01ec7 wp-block-uagb-image--layout-default wp-block-uagb-image--effect-static wp-block-uagb-image--align-none\"><figure class=\"wp-block-uagb-image__figure\"><img decoding=\"async\" srcset=\"https:\/\/www.valerielemeur.com\/wp-content\/uploads\/2024\/01\/le-vent-dans-les-saules-tableau-120-80-2400E-300x189.jpg ,https:\/\/www.valerielemeur.com\/wp-content\/uploads\/2024\/01\/le-vent-dans-les-saules-tableau-120-80-2400E-scaled.jpg 780w, https:\/\/www.valerielemeur.com\/wp-content\/uploads\/2024\/01\/le-vent-dans-les-saules-tableau-120-80-2400E-scaled.jpg 360w\" sizes=\"auto, (max-width: 480px) 150px\" src=\"https:\/\/www.valerielemeur.com\/wp-content\/uploads\/2024\/01\/le-vent-dans-les-saules-tableau-120-80-2400E-300x189.jpg\" alt=\"\" class=\"uag-image-5394\" width=\"338\" height=\"189\" title=\"le vent dans les saules tableau-120-80-2400\u20ac\" loading=\"lazy\" role=\"img\"\/><\/figure><\/div>\n\n\n\n<p><\/p>\n\n\n\n<p class=\"has-ast-global-color-0-color has-text-color has-link-color has-medium-font-size wp-elements-313d7ab94b0f2a6e9b212539c10272df\"><strong>Salon des Beaux-Arts de Boulogne-Billancourt du 04 novembre au 24 novembre: tous les jours de 8h \u00e0 21h, Espace Landowski, 28, Avenue Andr\u00e9 Morizet, 92 Boulogne Billancourt<\/strong><\/p>\n\n\n\n<p class=\"has-vivid-purple-color has-text-color has-medium-font-size\"><\/p>\n\n\n\n<div class=\"wp-block-uagb-image uagb-block-2fbc033b wp-block-uagb-image--layout-default wp-block-uagb-image--effect-static wp-block-uagb-image--align-none\"><figure class=\"wp-block-uagb-image__figure\"><img decoding=\"async\" srcset=\"https:\/\/www.valerielemeur.com\/wp-content\/uploads\/2024\/04\/le-vent-dans-les-saules-4-1-300x150.jpg ,https:\/\/www.valerielemeur.com\/wp-content\/uploads\/2024\/04\/le-vent-dans-les-saules-4-1-scaled.jpg 780w, https:\/\/www.valerielemeur.com\/wp-content\/uploads\/2024\/04\/le-vent-dans-les-saules-4-1-scaled.jpg 360w\" sizes=\"auto, (max-width: 480px) 150px\" src=\"https:\/\/www.valerielemeur.com\/wp-content\/uploads\/2024\/04\/le-vent-dans-les-saules-4-1-300x150.jpg\" alt=\"\" class=\"uag-image-5498\" width=\"300\" height=\"150\" title=\"le vent dans les saules-4\" loading=\"lazy\" role=\"img\"\/><\/figure><\/div>\n\n\n\n<p class=\"has-vivid-purple-color has-text-color has-medium-font-size\"><\/p>\n\n\n\n<p class=\"has-text-align-center has-ast-global-color-4-color has-vivid-purple-background-color has-text-color has-background has-large-font-size\"><strong>  Expositions pass\u00e9es <\/strong><\/p>\n\n\n\n<p class=\"has-text-align-center has-ast-global-color-4-color has-vivid-purple-background-color has-text-color has-background has-large-font-size\"><strong>Past exhibitions<\/strong><\/p>\n\n\n\n<p class=\"has-vivid-purple-color has-text-color has-medium-font-size\"><strong>11 Janvier \/ January : Collaboration avec la maison de Ladoucette, Paris 16.<\/strong> <strong>Exposition personnelle<\/strong><\/p>\n\n\n\n<p class=\"has-vivid-purple-color has-text-color has-medium-font-size\"><strong>Show of my recent London paintings at Maison de Ladoucette, Paris 16.<\/strong><\/p>\n\n\n\n<div class=\"wp-block-uagb-image uagb-block-cc7b4d39 wp-block-uagb-image--layout-default wp-block-uagb-image--effect-static wp-block-uagb-image--align-none\"><figure class=\"wp-block-uagb-image__figure\"><img decoding=\"async\" srcset=\"https:\/\/www.valerielemeur.com\/wp-content\/uploads\/2023\/12\/ladoucette-2-300x225.jpg ,https:\/\/www.valerielemeur.com\/wp-content\/uploads\/2023\/12\/ladoucette-2-scaled.jpg 780w, https:\/\/www.valerielemeur.com\/wp-content\/uploads\/2023\/12\/ladoucette-2-scaled.jpg 360w\" sizes=\"auto, (max-width: 480px) 150px\" src=\"https:\/\/www.valerielemeur.com\/wp-content\/uploads\/2023\/12\/ladoucette-2-300x225.jpg\" alt=\"\" class=\"uag-image-5987\" width=\"300\" height=\"225\" title=\"ladoucette 2\" loading=\"lazy\" role=\"img\"\/><\/figure><\/div>\n\n\n\n<p class=\"has-text-align-left has-ast-global-color-0-color has-text-color has-link-color has-medium-font-size wp-elements-27f490776f8043cefadb8944b7206cc3\"><strong>18-21 Janvier\/ January: Salon d&rsquo;Automne 2023, Paris; \u00e0 la grande Halle de la Villette.<\/strong><\/p>\n\n\n\n<p class=\"has-ast-global-color-0-color has-text-color has-link-color has-medium-font-size wp-elements-1470d4a0e02d55663cd6cc9d92f127b8\"><strong>14-18<\/strong> <strong>F\u00e9vrier \/ February: 2023<\/strong>: <strong>Salon des Artistes Fran\u00e7ais: Grand Palais Eph\u00e9m\u00e8re<\/strong>\/ <strong>Paris Art Fair at the Grand Palais <\/strong><\/p>\n\n\n\n<p class=\"has-ast-global-color-0-color has-text-color has-link-color has-medium-font-size wp-elements-5426fc354b6127dabf9f5ad0fe2e5e0a\"><strong>Mars\/ march : Centre d&rsquo;art contemporain, <strong>Chapelle de Clairefontaine : Association H\u00e9lium-vall\u00e9e de Chevreuse<\/strong><\/strong>; <strong>week-ends des 2-3; 9-10 et 16-17  mars <\/strong><\/p>\n\n\n\n<p class=\"has-text-align-center has-small-font-size\"><strong> <\/strong><\/p>\n\n\n\n<div class=\"wp-block-uagb-image uagb-block-172c6697 wp-block-uagb-image--layout-default wp-block-uagb-image--effect-static wp-block-uagb-image--align-none\"><figure class=\"wp-block-uagb-image__figure\"><img decoding=\"async\" srcset=\"https:\/\/www.valerielemeur.com\/wp-content\/uploads\/2023\/12\/Helium-20-ans-150x150.jpg ,https:\/\/www.valerielemeur.com\/wp-content\/uploads\/2023\/12\/Helium-20-ans.jpg 780w, https:\/\/www.valerielemeur.com\/wp-content\/uploads\/2023\/12\/Helium-20-ans.jpg 360w\" sizes=\"auto, (max-width: 480px) 150px\" src=\"https:\/\/www.valerielemeur.com\/wp-content\/uploads\/2023\/12\/Helium-20-ans-150x150.jpg\" alt=\"\" class=\"uag-image-5470\" width=\"150\" height=\"150\" title=\"Helium 20 ans\" loading=\"lazy\" role=\"img\"\/><\/figure><\/div>\n\n\n\n<p class=\"has-ast-global-color-0-color has-text-color has-link-color has-medium-font-size wp-elements-25108466e5f89541d3c4cc6dde4b354f\"><strong>Mars : Salon des artistes de Ville d&rsquo;Avray (92) <\/strong><\/p>\n\n\n\n<p class=\"has-ast-global-color-0-color has-text-color has-link-color has-medium-font-size wp-elements-0b79d68052b1c618c243cfb5207b2412\"><strong>26-31 mars\/ March:  Exposition avec Paul Stewart Gallery, \u00e0 Paris: 41<\/strong> <strong>Rue Vieille du temple<\/strong>, <strong>PARIS 4;<\/strong><\/p>\n\n\n\n<p class=\"has-text-align-center has-ast-global-color-5-background-color has-background has-medium-font-size\"><img loading=\"lazy\" decoding=\"async\" width=\"250\" height=\"353\" class=\"wp-image-5454\" style=\"width: 250px;\" src=\"https:\/\/www.valerielemeur.com\/wp-content\/uploads\/2023\/12\/Capture-decran-Paul-stewart-mars-2024.jpg\" alt=\"\" srcset=\"https:\/\/www.valerielemeur.com\/wp-content\/uploads\/2023\/12\/Capture-decran-Paul-stewart-mars-2024.jpg 733w, https:\/\/www.valerielemeur.com\/wp-content\/uploads\/2023\/12\/Capture-decran-Paul-stewart-mars-2024-212x300.jpg 212w, https:\/\/www.valerielemeur.com\/wp-content\/uploads\/2023\/12\/Capture-decran-Paul-stewart-mars-2024-725x1024.jpg 725w, https:\/\/www.valerielemeur.com\/wp-content\/uploads\/2023\/12\/Capture-decran-Paul-stewart-mars-2024-8x12.jpg 8w\" sizes=\"auto, (max-width: 250px) 100vw, 250px\" \/><\/p>\n\n\n\n<p class=\"has-vivid-purple-color has-text-color has-link-color has-medium-font-size wp-elements-dcd2c38a2a61cc5aed837334857f555a\"><strong>Chevreuse (78) : Exposition personnelle du 21 au 30 juin: S\u00e9choir \u00e0 peaux <\/strong><\/p>\n\n\n\n<p class=\"has-ast-global-color-0-color has-text-color has-link-color has-medium-font-size wp-elements-635f438d39647a1344902df4aed3cc60\"><\/p>\n\n\n\n<div class=\"wp-block-uagb-image uagb-block-0ea556b5 wp-block-uagb-image--layout-default wp-block-uagb-image--effect-static wp-block-uagb-image--align-none\"><figure class=\"wp-block-uagb-image__figure\"><img decoding=\"async\" srcset=\"https:\/\/www.valerielemeur.com\/wp-content\/uploads\/2024\/04\/Flyer-Chevreuse-expo-perso-213x300.jpg ,https:\/\/www.valerielemeur.com\/wp-content\/uploads\/2024\/04\/Flyer-Chevreuse-expo-perso.jpg 780w, https:\/\/www.valerielemeur.com\/wp-content\/uploads\/2024\/04\/Flyer-Chevreuse-expo-perso.jpg 360w\" sizes=\"auto, (max-width: 480px) 150px\" src=\"https:\/\/www.valerielemeur.com\/wp-content\/uploads\/2024\/04\/Flyer-Chevreuse-expo-perso-213x300.jpg\" alt=\"\" class=\"uag-image-5492\" width=\"213\" height=\"300\" title=\"Flyer-Chevreuse-expo-perso\" loading=\"lazy\" role=\"img\"\/><\/figure><\/div>\n\n\n\n<p class=\"has-ast-global-color-0-color has-text-color has-link-color has-medium-font-size wp-elements-22a066688fb1ed421feea01fe62d8014\"><strong>Juin<\/strong>: <strong>F\u00eate des artistes: ch\u00e2teau de Belleville, Gif-sur-Yvette (91190)  <\/strong><\/p>\n\n\n\n<p class=\"has-ast-global-color-0-color has-text-color has-link-color has-medium-font-size wp-elements-f35c65054e54061a918290af1b2bbdd1\"><strong>Juin-juillet\/ June July: Exposition collective \u00e0 la Galerie d&rsquo;Amandine Grapin; Le Colibri Orsay (91) <\/strong><\/p>\n\n\n\n<div class=\"wp-block-uagb-image aligncenter uagb-block-65777445 wp-block-uagb-image--layout-default wp-block-uagb-image--effect-static wp-block-uagb-image--align-center\"><figure class=\"wp-block-uagb-image__figure\"><img decoding=\"async\" srcset=\"https:\/\/www.valerielemeur.com\/wp-content\/uploads\/2024\/04\/Capture-decran-le-colibri-212x300.jpg ,https:\/\/www.valerielemeur.com\/wp-content\/uploads\/2024\/04\/Capture-decran-le-colibri.jpg 780w, https:\/\/www.valerielemeur.com\/wp-content\/uploads\/2024\/04\/Capture-decran-le-colibri.jpg 360w\" sizes=\"auto, (max-width: 480px) 150px\" src=\"https:\/\/www.valerielemeur.com\/wp-content\/uploads\/2024\/04\/Capture-decran-le-colibri-212x300.jpg\" alt=\"\" class=\"uag-image-5531\" width=\"212\" height=\"300\" title=\"Capture-decran-le-colibri\" loading=\"lazy\" role=\"img\"\/><\/figure><\/div>\n\n\n\n<p class=\"has-text-align-left has-medium-font-size\"><\/p>\n\n\n\n<p class=\"has-text-align-left has-medium-font-size\"><\/p>\n\n\n\n<p><\/p>\n\n\n\n<p class=\"has-medium-font-size\"><\/p>\n\n\n\n<p class=\"has-medium-font-size\"><\/p>\n\n\n\n<p class=\"has-black-color has-text-color has-medium-font-size\"><\/p>\n\n\n\n<p><\/p>","protected":false},"excerpt":{"rendered":"<p>2024 Art shows\/Expositions Du vendredi 6 d\u00e9cembre au vendredi 3 janvier: Exposition personnelle Au Minist\u00e8re de l&rsquo;Economie et des Finances -BERCY 20 Septembre au 20 novembre: Exposition personnelle Hall de la mairie d&rsquo;Orsay (91): exposition libre : ORSAY Town hall solo art show: Vernissage le jeudi 19 septembre \u00e0 18h30: entr\u00e9e libre Salon des Artistes [&hellip;]<\/p>\n","protected":false},"author":1,"featured_media":0,"comment_status":"open","ping_status":"open","sticky":false,"template":"","format":"standard","meta":{"_uag_custom_page_level_css":"","site-sidebar-layout":"default","site-content-layout":null,"ast-site-content-layout":"default","site-content-style":"default","site-sidebar-style":"default","ast-global-header-display":"","ast-banner-title-visibility":"","ast-main-header-display":"","ast-hfb-above-header-display":null,"ast-hfb-below-header-display":null,"ast-hfb-mobile-header-display":null,"site-post-title":"enabled","ast-breadcrumbs-content":null,"ast-featured-img":"disabled","footer-sml-layout":"disabled","ast-disable-related-posts":"","theme-transparent-header-meta":"enabled","adv-header-id-meta":null,"stick-header-meta":null,"header-above-stick-meta":null,"header-main-stick-meta":null,"header-below-stick-meta":null,"astra-migrate-meta-layouts":"set","ast-page-background-enabled":"default","ast-page-background-meta":{"desktop":{"background-color":"","background-image":"","background-repeat":"repeat","background-position":"center center","background-size":"auto","background-attachment":"scroll","background-type":"","background-media":"","overlay-type":"","overlay-color":"","overlay-opacity":"","overlay-gradient":""},"tablet":{"background-color":"","background-image":"","background-repeat":"repeat","background-position":"center center","background-size":"auto","background-attachment":"scroll","background-type":"","background-media":"","overlay-type":"","overlay-color":"","overlay-opacity":"","overlay-gradient":""},"mobile":{"background-color":"","background-image":"","background-repeat":"repeat","background-position":"center center","background-size":"auto","background-attachment":"scroll","background-type":"","background-media":"","overlay-type":"","overlay-color":"","overlay-opacity":"","overlay-gradient":""}},"ast-content-background-meta":{"desktop":{"background-color":"var(--ast-global-color-5)","background-image":"","background-repeat":"repeat","background-position":"center center","background-size":"auto","background-attachment":"scroll","background-type":"","background-media":"","overlay-type":"","overlay-color":"","overlay-opacity":"","overlay-gradient":""},"tablet":{"background-color":"var(--ast-global-color-5)","background-image":"","background-repeat":"repeat","background-position":"center center","background-size":"auto","background-attachment":"scroll","background-type":"","background-media":"","overlay-type":"","overlay-color":"","overlay-opacity":"","overlay-gradient":""},"mobile":{"background-color":"var(--ast-global-color-5)","background-image":"","background-repeat":"repeat","background-position":"center center","background-size":"auto","background-attachment":"scroll","background-type":"","background-media":"","overlay-type":"","overlay-color":"","overlay-opacity":"","overlay-gradient":""}},"_jetpack_memberships_contains_paid_content":false,"footnotes":""},"categories":[40,53],"tags":[],"class_list":["post-5348","post","type-post","status-publish","format-standard","hentry","category-news","category-new"],"yoast_head":"<!-- This site is optimized with the Yoast SEO plugin v27.4 - https:\/\/yoast.com\/product\/yoast-seo-wordpress\/ -->\n<title>ART SHOWS 2024 - Val\u00e9rie LE MEUR<\/title>\n<meta name=\"description\" content=\"Val\u00e9rie LE MEUR ART SHOWS 2024 -\" \/>\n<meta name=\"robots\" content=\"index, follow, max-snippet:-1, max-image-preview:large, max-video-preview:-1\" \/>\n<link rel=\"canonical\" href=\"https:\/\/www.valerielemeur.com\/en\/expositions-2024-art-shows-2024\/\" \/>\n<meta property=\"og:locale\" content=\"en_GB\" \/>\n<meta property=\"og:type\" content=\"article\" \/>\n<meta property=\"og:title\" content=\"ART SHOWS 2024 - Val\u00e9rie LE MEUR\" \/>\n<meta property=\"og:description\" content=\"Val\u00e9rie LE MEUR ART SHOWS 2024 -\" \/>\n<meta property=\"og:url\" content=\"https:\/\/www.valerielemeur.com\/en\/expositions-2024-art-shows-2024\/\" \/>\n<meta property=\"og:site_name\" content=\"Val\u00e9rie LE MEUR\" \/>\n<meta property=\"article:published_time\" content=\"2023-12-11T18:03:06+00:00\" \/>\n<meta property=\"article:modified_time\" content=\"2024-11-07T09:54:15+00:00\" \/>\n<meta property=\"og:image\" content=\"https:\/\/www.valerielemeur.com\/wp-content\/uploads\/2024\/07\/le-petit-palais-paris-1024x904.jpg\" \/>\n<meta name=\"author\" content=\"VLM\" \/>\n<meta name=\"twitter:card\" content=\"summary_large_image\" \/>\n<meta name=\"twitter:label1\" content=\"Written by\" \/>\n\t<meta name=\"twitter:data1\" content=\"VLM\" \/>\n\t<meta name=\"twitter:label2\" content=\"Estimated reading time\" \/>\n\t<meta name=\"twitter:data2\" content=\"4 minutes\" \/>\n<script type=\"application\/ld+json\" class=\"yoast-schema-graph\">{\"@context\":\"https:\\\/\\\/schema.org\",\"@graph\":[{\"@type\":\"Article\",\"@id\":\"https:\\\/\\\/www.valerielemeur.com\\\/expositions-2024-art-shows-2024\\\/#article\",\"isPartOf\":{\"@id\":\"https:\\\/\\\/www.valerielemeur.com\\\/expositions-2024-art-shows-2024\\\/\"},\"author\":{\"name\":\"VLM\",\"@id\":\"https:\\\/\\\/www.valerielemeur.com\\\/#\\\/schema\\\/person\\\/988a7c5b4614f08d4a29788db12b10bb\"},\"headline\":\"ART SHOWS 2024\",\"datePublished\":\"2023-12-11T18:03:06+00:00\",\"dateModified\":\"2024-11-07T09:54:15+00:00\",\"mainEntityOfPage\":{\"@id\":\"https:\\\/\\\/www.valerielemeur.com\\\/expositions-2024-art-shows-2024\\\/\"},\"wordCount\":322,\"commentCount\":0,\"publisher\":{\"@id\":\"https:\\\/\\\/www.valerielemeur.com\\\/#organization\"},\"image\":{\"@id\":\"https:\\\/\\\/www.valerielemeur.com\\\/expositions-2024-art-shows-2024\\\/#primaryimage\"},\"thumbnailUrl\":\"https:\\\/\\\/www.valerielemeur.com\\\/wp-content\\\/uploads\\\/2024\\\/07\\\/le-petit-palais-paris-1024x904.jpg\",\"articleSection\":[\"Actualit\u00e9\",\"news\"],\"inLanguage\":\"en-GB\",\"potentialAction\":[{\"@type\":\"CommentAction\",\"name\":\"Comment\",\"target\":[\"https:\\\/\\\/www.valerielemeur.com\\\/expositions-2024-art-shows-2024\\\/#respond\"]}]},{\"@type\":\"WebPage\",\"@id\":\"https:\\\/\\\/www.valerielemeur.com\\\/expositions-2024-art-shows-2024\\\/\",\"url\":\"https:\\\/\\\/www.valerielemeur.com\\\/expositions-2024-art-shows-2024\\\/\",\"name\":\"ART SHOWS 2024 - Val\u00e9rie LE MEUR\",\"isPartOf\":{\"@id\":\"https:\\\/\\\/www.valerielemeur.com\\\/#website\"},\"primaryImageOfPage\":{\"@id\":\"https:\\\/\\\/www.valerielemeur.com\\\/expositions-2024-art-shows-2024\\\/#primaryimage\"},\"image\":{\"@id\":\"https:\\\/\\\/www.valerielemeur.com\\\/expositions-2024-art-shows-2024\\\/#primaryimage\"},\"thumbnailUrl\":\"https:\\\/\\\/www.valerielemeur.com\\\/wp-content\\\/uploads\\\/2024\\\/07\\\/le-petit-palais-paris-1024x904.jpg\",\"datePublished\":\"2023-12-11T18:03:06+00:00\",\"dateModified\":\"2024-11-07T09:54:15+00:00\",\"description\":\"Val\u00e9rie LE MEUR ART SHOWS 2024 -\",\"breadcrumb\":{\"@id\":\"https:\\\/\\\/www.valerielemeur.com\\\/expositions-2024-art-shows-2024\\\/#breadcrumb\"},\"inLanguage\":\"en-GB\",\"potentialAction\":[{\"@type\":\"ReadAction\",\"target\":[\"https:\\\/\\\/www.valerielemeur.com\\\/expositions-2024-art-shows-2024\\\/\"]}]},{\"@type\":\"ImageObject\",\"inLanguage\":\"en-GB\",\"@id\":\"https:\\\/\\\/www.valerielemeur.com\\\/expositions-2024-art-shows-2024\\\/#primaryimage\",\"url\":\"https:\\\/\\\/www.valerielemeur.com\\\/wp-content\\\/uploads\\\/2024\\\/07\\\/le-petit-palais-paris-1024x904.jpg\",\"contentUrl\":\"https:\\\/\\\/www.valerielemeur.com\\\/wp-content\\\/uploads\\\/2024\\\/07\\\/le-petit-palais-paris-1024x904.jpg\"},{\"@type\":\"BreadcrumbList\",\"@id\":\"https:\\\/\\\/www.valerielemeur.com\\\/expositions-2024-art-shows-2024\\\/#breadcrumb\",\"itemListElement\":[{\"@type\":\"ListItem\",\"position\":1,\"name\":\"Accueil\",\"item\":\"https:\\\/\\\/www.valerielemeur.com\\\/\"},{\"@type\":\"ListItem\",\"position\":2,\"name\":\"ART SHOWS 2024\"}]},{\"@type\":\"WebSite\",\"@id\":\"https:\\\/\\\/www.valerielemeur.com\\\/#website\",\"url\":\"https:\\\/\\\/www.valerielemeur.com\\\/\",\"name\":\"Val\u00e9rie LE MEUR\",\"description\":\"Artiste Peintre\",\"publisher\":{\"@id\":\"https:\\\/\\\/www.valerielemeur.com\\\/#organization\"},\"potentialAction\":[{\"@type\":\"SearchAction\",\"target\":{\"@type\":\"EntryPoint\",\"urlTemplate\":\"https:\\\/\\\/www.valerielemeur.com\\\/?s={search_term_string}\"},\"query-input\":{\"@type\":\"PropertyValueSpecification\",\"valueRequired\":true,\"valueName\":\"search_term_string\"}}],\"inLanguage\":\"en-GB\"},{\"@type\":\"Organization\",\"@id\":\"https:\\\/\\\/www.valerielemeur.com\\\/#organization\",\"name\":\"valerie le meur\",\"url\":\"https:\\\/\\\/www.valerielemeur.com\\\/\",\"logo\":{\"@type\":\"ImageObject\",\"inLanguage\":\"en-GB\",\"@id\":\"https:\\\/\\\/www.valerielemeur.com\\\/#\\\/schema\\\/logo\\\/image\\\/\",\"url\":\"https:\\\/\\\/www.valerielemeur.com\\\/wp-content\\\/uploads\\\/2020\\\/07\\\/photo-CV-sun.jpg\",\"contentUrl\":\"https:\\\/\\\/www.valerielemeur.com\\\/wp-content\\\/uploads\\\/2020\\\/07\\\/photo-CV-sun.jpg\",\"width\":2373,\"height\":2373,\"caption\":\"valerie le meur\"},\"image\":{\"@id\":\"https:\\\/\\\/www.valerielemeur.com\\\/#\\\/schema\\\/logo\\\/image\\\/\"}},{\"@type\":\"Person\",\"@id\":\"https:\\\/\\\/www.valerielemeur.com\\\/#\\\/schema\\\/person\\\/988a7c5b4614f08d4a29788db12b10bb\",\"name\":\"VLM\",\"image\":{\"@type\":\"ImageObject\",\"inLanguage\":\"en-GB\",\"@id\":\"https:\\\/\\\/secure.gravatar.com\\\/avatar\\\/5d623c2f60da6da613f8db4cef8422938a352a814a1ad2edc307f53256aa32c2?s=96&d=mm&r=g\",\"url\":\"https:\\\/\\\/secure.gravatar.com\\\/avatar\\\/5d623c2f60da6da613f8db4cef8422938a352a814a1ad2edc307f53256aa32c2?s=96&d=mm&r=g\",\"contentUrl\":\"https:\\\/\\\/secure.gravatar.com\\\/avatar\\\/5d623c2f60da6da613f8db4cef8422938a352a814a1ad2edc307f53256aa32c2?s=96&d=mm&r=g\",\"caption\":\"VLM\"},\"sameAs\":[\"https:\\\/\\\/www.valerielemeur.com\"],\"url\":\"https:\\\/\\\/www.valerielemeur.com\\\/en\\\/author\\\/vlm\\\/\"}]}<\/script>\n<!-- \/ Yoast SEO plugin. -->","yoast_head_json":{"title":"ART SHOWS 2024 - Val\u00e9rie LE MEUR","description":"Val\u00e9rie LE MEUR ART SHOWS 2024 -","robots":{"index":"index","follow":"follow","max-snippet":"max-snippet:-1","max-image-preview":"max-image-preview:large","max-video-preview":"max-video-preview:-1"},"canonical":"https:\/\/www.valerielemeur.com\/en\/expositions-2024-art-shows-2024\/","og_locale":"en_GB","og_type":"article","og_title":"ART SHOWS 2024 - Val\u00e9rie LE MEUR","og_description":"Val\u00e9rie LE MEUR ART SHOWS 2024 -","og_url":"https:\/\/www.valerielemeur.com\/en\/expositions-2024-art-shows-2024\/","og_site_name":"Val\u00e9rie LE MEUR","article_published_time":"2023-12-11T18:03:06+00:00","article_modified_time":"2024-11-07T09:54:15+00:00","og_image":[{"url":"https:\/\/www.valerielemeur.com\/wp-content\/uploads\/2024\/07\/le-petit-palais-paris-1024x904.jpg","type":"","width":"","height":""}],"author":"VLM","twitter_card":"summary_large_image","twitter_misc":{"Written by":"VLM","Estimated reading time":"4 minutes"},"schema":{"@context":"https:\/\/schema.org","@graph":[{"@type":"Article","@id":"https:\/\/www.valerielemeur.com\/expositions-2024-art-shows-2024\/#article","isPartOf":{"@id":"https:\/\/www.valerielemeur.com\/expositions-2024-art-shows-2024\/"},"author":{"name":"VLM","@id":"https:\/\/www.valerielemeur.com\/#\/schema\/person\/988a7c5b4614f08d4a29788db12b10bb"},"headline":"ART SHOWS 2024","datePublished":"2023-12-11T18:03:06+00:00","dateModified":"2024-11-07T09:54:15+00:00","mainEntityOfPage":{"@id":"https:\/\/www.valerielemeur.com\/expositions-2024-art-shows-2024\/"},"wordCount":322,"commentCount":0,"publisher":{"@id":"https:\/\/www.valerielemeur.com\/#organization"},"image":{"@id":"https:\/\/www.valerielemeur.com\/expositions-2024-art-shows-2024\/#primaryimage"},"thumbnailUrl":"https:\/\/www.valerielemeur.com\/wp-content\/uploads\/2024\/07\/le-petit-palais-paris-1024x904.jpg","articleSection":["Actualit\u00e9","news"],"inLanguage":"en-GB","potentialAction":[{"@type":"CommentAction","name":"Comment","target":["https:\/\/www.valerielemeur.com\/expositions-2024-art-shows-2024\/#respond"]}]},{"@type":"WebPage","@id":"https:\/\/www.valerielemeur.com\/expositions-2024-art-shows-2024\/","url":"https:\/\/www.valerielemeur.com\/expositions-2024-art-shows-2024\/","name":"ART SHOWS 2024 - Val\u00e9rie LE MEUR","isPartOf":{"@id":"https:\/\/www.valerielemeur.com\/#website"},"primaryImageOfPage":{"@id":"https:\/\/www.valerielemeur.com\/expositions-2024-art-shows-2024\/#primaryimage"},"image":{"@id":"https:\/\/www.valerielemeur.com\/expositions-2024-art-shows-2024\/#primaryimage"},"thumbnailUrl":"https:\/\/www.valerielemeur.com\/wp-content\/uploads\/2024\/07\/le-petit-palais-paris-1024x904.jpg","datePublished":"2023-12-11T18:03:06+00:00","dateModified":"2024-11-07T09:54:15+00:00","description":"Val\u00e9rie LE MEUR ART SHOWS 2024 -","breadcrumb":{"@id":"https:\/\/www.valerielemeur.com\/expositions-2024-art-shows-2024\/#breadcrumb"},"inLanguage":"en-GB","potentialAction":[{"@type":"ReadAction","target":["https:\/\/www.valerielemeur.com\/expositions-2024-art-shows-2024\/"]}]},{"@type":"ImageObject","inLanguage":"en-GB","@id":"https:\/\/www.valerielemeur.com\/expositions-2024-art-shows-2024\/#primaryimage","url":"https:\/\/www.valerielemeur.com\/wp-content\/uploads\/2024\/07\/le-petit-palais-paris-1024x904.jpg","contentUrl":"https:\/\/www.valerielemeur.com\/wp-content\/uploads\/2024\/07\/le-petit-palais-paris-1024x904.jpg"},{"@type":"BreadcrumbList","@id":"https:\/\/www.valerielemeur.com\/expositions-2024-art-shows-2024\/#breadcrumb","itemListElement":[{"@type":"ListItem","position":1,"name":"Accueil","item":"https:\/\/www.valerielemeur.com\/"},{"@type":"ListItem","position":2,"name":"ART SHOWS 2024"}]},{"@type":"WebSite","@id":"https:\/\/www.valerielemeur.com\/#website","url":"https:\/\/www.valerielemeur.com\/","name":"Val\u00e9rie LE MEUR","description":"Painter","publisher":{"@id":"https:\/\/www.valerielemeur.com\/#organization"},"potentialAction":[{"@type":"SearchAction","target":{"@type":"EntryPoint","urlTemplate":"https:\/\/www.valerielemeur.com\/?s={search_term_string}"},"query-input":{"@type":"PropertyValueSpecification","valueRequired":true,"valueName":"search_term_string"}}],"inLanguage":"en-GB"},{"@type":"Organization","@id":"https:\/\/www.valerielemeur.com\/#organization","name":"valerie le meur","url":"https:\/\/www.valerielemeur.com\/","logo":{"@type":"ImageObject","inLanguage":"en-GB","@id":"https:\/\/www.valerielemeur.com\/#\/schema\/logo\/image\/","url":"https:\/\/www.valerielemeur.com\/wp-content\/uploads\/2020\/07\/photo-CV-sun.jpg","contentUrl":"https:\/\/www.valerielemeur.com\/wp-content\/uploads\/2020\/07\/photo-CV-sun.jpg","width":2373,"height":2373,"caption":"valerie le meur"},"image":{"@id":"https:\/\/www.valerielemeur.com\/#\/schema\/logo\/image\/"}},{"@type":"Person","@id":"https:\/\/www.valerielemeur.com\/#\/schema\/person\/988a7c5b4614f08d4a29788db12b10bb","name":"VLM","image":{"@type":"ImageObject","inLanguage":"en-GB","@id":"https:\/\/secure.gravatar.com\/avatar\/5d623c2f60da6da613f8db4cef8422938a352a814a1ad2edc307f53256aa32c2?s=96&d=mm&r=g","url":"https:\/\/secure.gravatar.com\/avatar\/5d623c2f60da6da613f8db4cef8422938a352a814a1ad2edc307f53256aa32c2?s=96&d=mm&r=g","contentUrl":"https:\/\/secure.gravatar.com\/avatar\/5d623c2f60da6da613f8db4cef8422938a352a814a1ad2edc307f53256aa32c2?s=96&d=mm&r=g","caption":"VLM"},"sameAs":["https:\/\/www.valerielemeur.com"],"url":"https:\/\/www.valerielemeur.com\/en\/author\/vlm\/"}]}},"jetpack_featured_media_url":"","uagb_featured_image_src":{"full":false,"thumbnail":false,"medium":false,"medium_large":false,"large":false,"1536x1536":false,"2048x2048":false,"trp-custom-language-flag":false},"uagb_author_info":{"display_name":"VLM","author_link":"https:\/\/www.valerielemeur.com\/en\/author\/vlm\/"},"uagb_comment_info":0,"uagb_excerpt":"2024 Art shows\/Expositions Du vendredi 6 d\u00e9cembre au vendredi 3 janvier: Exposition personnelle Au Minist\u00e8re de l&rsquo;Economie et des Finances -BERCY 20 Septembre au 20 novembre: Exposition personnelle Hall de la mairie d&rsquo;Orsay (91): exposition libre : ORSAY Town hall solo art show: Vernissage le jeudi 19 septembre \u00e0 18h30: entr\u00e9e libre Salon des Artistes&hellip;","jetpack_sharing_enabled":true,"_links":{"self":[{"href":"https:\/\/www.valerielemeur.com\/en\/wp-json\/wp\/v2\/posts\/5348","targetHints":{"allow":["GET"]}}],"collection":[{"href":"https:\/\/www.valerielemeur.com\/en\/wp-json\/wp\/v2\/posts"}],"about":[{"href":"https:\/\/www.valerielemeur.com\/en\/wp-json\/wp\/v2\/types\/post"}],"author":[{"embeddable":true,"href":"https:\/\/www.valerielemeur.com\/en\/wp-json\/wp\/v2\/users\/1"}],"replies":[{"embeddable":true,"href":"https:\/\/www.valerielemeur.com\/en\/wp-json\/wp\/v2\/comments?post=5348"}],"version-history":[{"count":39,"href":"https:\/\/www.valerielemeur.com\/en\/wp-json\/wp\/v2\/posts\/5348\/revisions"}],"predecessor-version":[{"id":6061,"href":"https:\/\/www.valerielemeur.com\/en\/wp-json\/wp\/v2\/posts\/5348\/revisions\/6061"}],"wp:attachment":[{"href":"https:\/\/www.valerielemeur.com\/en\/wp-json\/wp\/v2\/media?parent=5348"}],"wp:term":[{"taxonomy":"category","embeddable":true,"href":"https:\/\/www.valerielemeur.com\/en\/wp-json\/wp\/v2\/categories?post=5348"},{"taxonomy":"post_tag","embeddable":true,"href":"https:\/\/www.valerielemeur.com\/en\/wp-json\/wp\/v2\/tags?post=5348"}],"curies":[{"name":"wp","href":"https:\/\/api.w.org\/{rel}","templated":true}]}}