{"id":5359,"date":"2023-12-13T12:25:43","date_gmt":"2023-12-13T12:25:43","guid":{"rendered":"https:\/\/www.valerielemeur.com\/?p=5359"},"modified":"2025-09-27T15:18:25","modified_gmt":"2025-09-27T15:18:25","slug":"gif-sous-la-neige","status":"publish","type":"post","link":"https:\/\/www.valerielemeur.com\/en\/gif-sous-la-neige\/","title":{"rendered":"Gif sous la neige- SOLD"},"content":{"rendered":"<div class=\"wp-block-uagb-image uagb-block-7bc0d934 wp-block-uagb-image--layout-default wp-block-uagb-image--effect-static wp-block-uagb-image--align-none\"><figure class=\"wp-block-uagb-image__figure\"><img decoding=\"async\" srcset=\"https:\/\/www.valerielemeur.com\/wp-content\/uploads\/2023\/12\/gif-sous-la-neige-peinture-scaled.jpg ,https:\/\/www.valerielemeur.com\/wp-content\/uploads\/2023\/12\/gif-sous-la-neige-peinture-scaled.jpg 780w, https:\/\/www.valerielemeur.com\/wp-content\/uploads\/2023\/12\/gif-sous-la-neige-peinture-scaled.jpg 360w\" sizes=\"auto, (max-width: 480px) 150px\" src=\"https:\/\/www.valerielemeur.com\/wp-content\/uploads\/2023\/12\/gif-sous-la-neige-peinture-scaled.jpg\" alt=\"\" class=\"uag-image-5361\" width=\"2560\" height=\"1584\" title=\"\" loading=\"lazy\"\/><\/figure><\/div>\n\n\n\n<div class=\"wp-block-columns is-layout-flex wp-container-core-columns-is-layout-28f84493 wp-block-columns-is-layout-flex\">\n<div class=\"wp-block-column is-layout-flow wp-block-column-is-layout-flow\">\n<p><\/p>\n<\/div>\n\n\n\n<div class=\"wp-block-column is-layout-flow wp-block-column-is-layout-flow\">\n<p class=\"has-vivid-cyan-blue-color has-text-color has-medium-font-size\"><\/p>\n\n\n\n<p class=\"has-vivid-cyan-blue-color has-text-color has-medium-font-size\"><\/p>\n<\/div>\n<\/div>\n\n\n\n<div class=\"wp-block-columns is-layout-flex wp-container-core-columns-is-layout-28f84493 wp-block-columns-is-layout-flex\">\n<div class=\"wp-block-column is-layout-flow wp-block-column-is-layout-flow\" style=\"flex-basis:100%\">\n<div class=\"wp-block-columns is-layout-flex wp-container-core-columns-is-layout-28f84493 wp-block-columns-is-layout-flex\">\n<div class=\"wp-block-column is-layout-flow wp-block-column-is-layout-flow\">\n<p class=\"has-medium-font-size\">Acrylique sur toile \/ch\u00e2ssis bois: 61\/38\/2cm<\/p>\n\n\n\n<p class=\"has-medium-font-size\">La ville de Gif-sur-Yvette, dans l\u2019Essonne et sa gare de RER qui s\u2019endort tranquillement sous la neige.<\/p>\n\n\n\n<p class=\"has-medium-font-size\">Aucun bruit ne vient perturber ce calme, les oiseaux ne chantent plus, les avions sont bloqu\u00e9s dans les a\u00e9roports, les voitures roulent au pas, leurs bruits \u00e9touff\u00e9s par la neige.<\/p>\n\n\n\n<p class=\"has-medium-font-size\">Pourtant en banlieue la petite gare de Gif se transforme le temps d\u2019une journ\u00e9e en petite gare de province. La vie semble infiniment douce sous la neige. Le temps est en suspension.<\/p>\n\n\n\n<p class=\"has-medium-font-size\">Tableau acrylique sur toile; les c\u00f4t\u00e9s sont peints en gris. Le tableau est prot\u00e9g\u00e9 par un vernis acrylique mat. <\/p>\n\n\n\n<p class=\"has-medium-font-size\">Pr\u00eat \u00e0 accrocher au mur. <\/p>\n\n\n\n<p class=\"has-medium-font-size\"><\/p>\n\n\n\n<p class=\"has-medium-font-size\"><\/p>\n\n\n\n<p class=\"has-medium-font-size\"><\/p>\n\n\n\n<p class=\"has-medium-font-size\"><\/p>\n\n\n\n<p class=\"has-medium-font-size\"><\/p>\n\n\n\n<p class=\"has-medium-font-size\"><\/p>\n\n\n\n<p><\/p>\n\n\n\n<p><\/p>\n\n\n\n<p><\/p>\n\n\n\n<p class=\"has-medium-font-size\"><\/p>\n\n\n\n<p class=\"has-medium-font-size\"><\/p>\n\n\n\n<p class=\"has-medium-font-size\"><\/p>\n\n\n\n<p class=\"has-medium-font-size\"><\/p>\n\n\n\n<div class=\"wp-block-uagb-image uagb-block-6150f46d wp-block-uagb-image--layout-default wp-block-uagb-image--effect-static wp-block-uagb-image--align-none\"><figure class=\"wp-block-uagb-image__figure\"><img decoding=\"async\" srcset=\"https:\/\/www.valerielemeur.com\/wp-content\/uploads\/2023\/11\/Tempete-de-neige-NY-sur-un-mur-768x1024.jpg ,https:\/\/www.valerielemeur.com\/wp-content\/uploads\/2023\/11\/Tempete-de-neige-NY-sur-un-mur-scaled.jpg 780w, https:\/\/www.valerielemeur.com\/wp-content\/uploads\/2023\/11\/Tempete-de-neige-NY-sur-un-mur-scaled.jpg 360w\" sizes=\"auto, (max-width: 480px) 150px\" src=\"https:\/\/www.valerielemeur.com\/wp-content\/uploads\/2023\/11\/Tempete-de-neige-NY-sur-un-mur-768x1024.jpg\" alt=\"\" class=\"uag-image-5339\" width=\"3468\" height=\"4624\" title=\"\" loading=\"lazy\"\/><\/figure><\/div>\n\n\n\n<p class=\"has-medium-font-size\">The painting on a wall \/sur un mur<\/p>\n\n\n\n<p class=\"has-medium-font-size\"><\/p>\n\n\n\n<div class=\"wp-block-uagb-image uagb-block-554df4ff wp-block-uagb-image--layout-default wp-block-uagb-image--effect-static wp-block-uagb-image--align-none\"><figure class=\"wp-block-uagb-image__figure\"><img decoding=\"async\" srcset=\"https:\/\/www.valerielemeur.com\/wp-content\/uploads\/2023\/11\/tempete-de-neige-NY-detail-1024x678.jpg ,https:\/\/www.valerielemeur.com\/wp-content\/uploads\/2023\/11\/tempete-de-neige-NY-detail-scaled.jpg 780w, https:\/\/www.valerielemeur.com\/wp-content\/uploads\/2023\/11\/tempete-de-neige-NY-detail-scaled.jpg 360w\" sizes=\"auto, (max-width: 480px) 150px\" src=\"https:\/\/www.valerielemeur.com\/wp-content\/uploads\/2023\/11\/tempete-de-neige-NY-detail-1024x678.jpg\" alt=\"\" class=\"uag-image-5340\" width=\"768\" height=\"1024\" title=\"\" loading=\"lazy\"\/><\/figure><\/div>\n\n\n\n<p class=\"has-medium-font-size\">detail 1<\/p>\n\n\n\n<p><\/p>\n\n\n\n<p class=\"has-medium-font-size\"><\/p>\n\n\n\n<p><\/p>\n\n\n\n<p class=\"has-medium-font-size\"><\/p>\n\n\n\n<p class=\"has-medium-font-size\"><\/p>\n\n\n\n<p class=\"has-medium-font-size\"><\/p>\n<\/div>\n\n\n\n<div class=\"wp-block-column is-layout-flow wp-block-column-is-layout-flow\">\n<p class=\"has-vivid-cyan-blue-color has-text-color has-medium-font-size\">Acrylic on stretched canvas wooden frame 68\/31\/2cm<\/p>\n\n\n\n<p class=\"has-vivid-cyan-blue-color has-text-color has-medium-font-size\"> \u00ab\u00a0Gif-sur-yvette under the snow\u00a0\u00bb<\/p>\n\n\n\n<p class=\"has-vivid-cyan-blue-color has-text-color has-medium-font-size\">The small suburban of Gif-sur-Yvette near Paris, in under the snow.\u00a0 One\u2019s forget about it being a city, it looks like a small town under the snow, it\u2019s calm and peaceful. One\u2019s doesn\u2019t hear the sound of the cars passing nearby, nor the planes in the sky. Even the birds are quiet. The silence is very loud, but times goes by and we all enjoy the silence.<\/p>\n\n\n\n<p class=\"has-vivid-cyan-blue-color has-text-color has-medium-font-size\">This painting is painted grey on the sides ; protected by a mat  acrylic varnish. <\/p>\n\n\n\n<p class=\"has-vivid-cyan-blue-color has-text-color has-medium-font-size\">Ready to hang on a wall.<\/p>\n\n\n\n<p class=\"has-vivid-cyan-blue-color has-text-color has-medium-font-size\"><\/p>\n\n\n\n<p class=\"has-vivid-cyan-blue-color has-text-color has-medium-font-size\"><\/p>\n<\/div>\n<\/div>\n<\/div>\n<\/div>","protected":false},"excerpt":{"rendered":"<p>Acrylique sur toile \/ch\u00e2ssis bois: 61\/38\/2cm La ville de Gif-sur-Yvette, dans l\u2019Essonne et sa gare de RER qui s\u2019endort tranquillement sous la neige. Aucun bruit ne vient perturber ce calme, les oiseaux ne chantent plus, les avions sont bloqu\u00e9s dans les a\u00e9roports, les voitures roulent au pas, leurs bruits \u00e9touff\u00e9s par la neige. Pourtant en [&hellip;]<\/p>\n","protected":false},"author":1,"featured_media":5361,"comment_status":"closed","ping_status":"closed","sticky":false,"template":"","format":"gallery","meta":{"_uag_custom_page_level_css":"","site-sidebar-layout":"default","site-content-layout":null,"ast-site-content-layout":"default","site-content-style":"default","site-sidebar-style":"default","ast-global-header-display":"","ast-banner-title-visibility":"","ast-main-header-display":"","ast-hfb-above-header-display":null,"ast-hfb-below-header-display":null,"ast-hfb-mobile-header-display":null,"site-post-title":"enabled","ast-breadcrumbs-content":null,"ast-featured-img":"disabled","footer-sml-layout":"","ast-disable-related-posts":"","theme-transparent-header-meta":"enabled","adv-header-id-meta":null,"stick-header-meta":null,"header-above-stick-meta":null,"header-main-stick-meta":null,"header-below-stick-meta":null,"astra-migrate-meta-layouts":"set","ast-page-background-enabled":"default","ast-page-background-meta":{"desktop":{"background-color":"","background-image":"","background-repeat":"repeat","background-position":"center center","background-size":"auto","background-attachment":"scroll","background-type":"","background-media":"","overlay-type":"","overlay-color":"","overlay-opacity":"","overlay-gradient":""},"tablet":{"background-color":"","background-image":"","background-repeat":"repeat","background-position":"center center","background-size":"auto","background-attachment":"scroll","background-type":"","background-media":"","overlay-type":"","overlay-color":"","overlay-opacity":"","overlay-gradient":""},"mobile":{"background-color":"","background-image":"","background-repeat":"repeat","background-position":"center center","background-size":"auto","background-attachment":"scroll","background-type":"","background-media":"","overlay-type":"","overlay-color":"","overlay-opacity":"","overlay-gradient":""}},"ast-content-background-meta":{"desktop":{"background-color":"var(--ast-global-color-5)","background-image":"","background-repeat":"repeat","background-position":"center center","background-size":"auto","background-attachment":"scroll","background-type":"","background-media":"","overlay-type":"","overlay-color":"","overlay-opacity":"","overlay-gradient":""},"tablet":{"background-color":"var(--ast-global-color-5)","background-image":"","background-repeat":"repeat","background-position":"center center","background-size":"auto","background-attachment":"scroll","background-type":"","background-media":"","overlay-type":"","overlay-color":"","overlay-opacity":"","overlay-gradient":""},"mobile":{"background-color":"var(--ast-global-color-5)","background-image":"","background-repeat":"repeat","background-position":"center center","background-size":"auto","background-attachment":"scroll","background-type":"","background-media":"","overlay-type":"","overlay-color":"","overlay-opacity":"","overlay-gradient":""}},"_jetpack_memberships_contains_paid_content":false,"footnotes":""},"categories":[41,264],"tags":[233],"class_list":["post-5359","post","type-post","status-publish","format-gallery","has-post-thumbnail","hentry","category-painting","category-tableaux-vendus","tag-1000e-tr-compris","post_format-post-format-gallery"],"yoast_head":"<!-- This site is optimized with the Yoast SEO plugin v27.4 - https:\/\/yoast.com\/product\/yoast-seo-wordpress\/ -->\n<title>Gif sous la neige- SOLD - Val\u00e9rie LE MEUR %<\/title>\n<meta name=\"description\" content=\"Val\u00e9rie LE MEUR Gif sous la neige- SOLD Tableau -\" \/>\n<meta name=\"robots\" content=\"index, follow, max-snippet:-1, max-image-preview:large, max-video-preview:-1\" \/>\n<link rel=\"canonical\" href=\"https:\/\/www.valerielemeur.com\/en\/gif-sous-la-neige\/\" \/>\n<meta property=\"og:locale\" content=\"en_GB\" \/>\n<meta property=\"og:type\" content=\"article\" \/>\n<meta property=\"og:title\" content=\"Gif sous la neige- SOLD - Val\u00e9rie LE MEUR %\" \/>\n<meta property=\"og:description\" content=\"Val\u00e9rie LE MEUR Gif sous la neige- SOLD Tableau -\" \/>\n<meta property=\"og:url\" content=\"https:\/\/www.valerielemeur.com\/en\/gif-sous-la-neige\/\" \/>\n<meta property=\"og:site_name\" content=\"Val\u00e9rie LE MEUR\" \/>\n<meta property=\"article:published_time\" content=\"2023-12-13T12:25:43+00:00\" \/>\n<meta property=\"article:modified_time\" content=\"2025-09-27T15:18:25+00:00\" \/>\n<meta property=\"og:image\" content=\"https:\/\/www.valerielemeur.com\/wp-content\/uploads\/2023\/12\/gif-sous-la-neige-peinture-scaled.jpg\" \/>\n\t<meta property=\"og:image:width\" content=\"2560\" \/>\n\t<meta property=\"og:image:height\" content=\"1584\" \/>\n\t<meta property=\"og:image:type\" content=\"image\/jpeg\" \/>\n<meta name=\"author\" content=\"VLM\" \/>\n<meta name=\"twitter:card\" content=\"summary_large_image\" \/>\n<meta name=\"twitter:label1\" content=\"Written by\" \/>\n\t<meta name=\"twitter:data1\" content=\"VLM\" \/>\n\t<meta name=\"twitter:label2\" content=\"Estimated reading time\" \/>\n\t<meta name=\"twitter:data2\" content=\"2 minutes\" \/>\n<script type=\"application\/ld+json\" class=\"yoast-schema-graph\">{\"@context\":\"https:\\\/\\\/schema.org\",\"@graph\":[{\"@type\":\"Article\",\"@id\":\"https:\\\/\\\/www.valerielemeur.com\\\/gif-sous-la-neige\\\/#article\",\"isPartOf\":{\"@id\":\"https:\\\/\\\/www.valerielemeur.com\\\/gif-sous-la-neige\\\/\"},\"author\":{\"name\":\"VLM\",\"@id\":\"https:\\\/\\\/www.valerielemeur.com\\\/#\\\/schema\\\/person\\\/988a7c5b4614f08d4a29788db12b10bb\"},\"headline\":\"Gif sous la neige- SOLD\",\"datePublished\":\"2023-12-13T12:25:43+00:00\",\"dateModified\":\"2025-09-27T15:18:25+00:00\",\"mainEntityOfPage\":{\"@id\":\"https:\\\/\\\/www.valerielemeur.com\\\/gif-sous-la-neige\\\/\"},\"wordCount\":236,\"publisher\":{\"@id\":\"https:\\\/\\\/www.valerielemeur.com\\\/#organization\"},\"image\":{\"@id\":\"https:\\\/\\\/www.valerielemeur.com\\\/gif-sous-la-neige\\\/#primaryimage\"},\"thumbnailUrl\":\"https:\\\/\\\/www.valerielemeur.com\\\/wp-content\\\/uploads\\\/2023\\\/12\\\/gif-sous-la-neige-peinture-scaled.jpg\",\"keywords\":[\"1000\u20ac TR compris\"],\"articleSection\":[\"Tableau\",\"Tableaux vendus\"],\"inLanguage\":\"en-GB\"},{\"@type\":\"WebPage\",\"@id\":\"https:\\\/\\\/www.valerielemeur.com\\\/gif-sous-la-neige\\\/\",\"url\":\"https:\\\/\\\/www.valerielemeur.com\\\/gif-sous-la-neige\\\/\",\"name\":\"Gif sous la neige- SOLD - Val\u00e9rie LE MEUR %\",\"isPartOf\":{\"@id\":\"https:\\\/\\\/www.valerielemeur.com\\\/#website\"},\"primaryImageOfPage\":{\"@id\":\"https:\\\/\\\/www.valerielemeur.com\\\/gif-sous-la-neige\\\/#primaryimage\"},\"image\":{\"@id\":\"https:\\\/\\\/www.valerielemeur.com\\\/gif-sous-la-neige\\\/#primaryimage\"},\"thumbnailUrl\":\"https:\\\/\\\/www.valerielemeur.com\\\/wp-content\\\/uploads\\\/2023\\\/12\\\/gif-sous-la-neige-peinture-scaled.jpg\",\"datePublished\":\"2023-12-13T12:25:43+00:00\",\"dateModified\":\"2025-09-27T15:18:25+00:00\",\"description\":\"Val\u00e9rie LE MEUR Gif sous la neige- SOLD Tableau -\",\"breadcrumb\":{\"@id\":\"https:\\\/\\\/www.valerielemeur.com\\\/gif-sous-la-neige\\\/#breadcrumb\"},\"inLanguage\":\"en-GB\",\"potentialAction\":[{\"@type\":\"ReadAction\",\"target\":[\"https:\\\/\\\/www.valerielemeur.com\\\/gif-sous-la-neige\\\/\"]}]},{\"@type\":\"ImageObject\",\"inLanguage\":\"en-GB\",\"@id\":\"https:\\\/\\\/www.valerielemeur.com\\\/gif-sous-la-neige\\\/#primaryimage\",\"url\":\"https:\\\/\\\/www.valerielemeur.com\\\/wp-content\\\/uploads\\\/2023\\\/12\\\/gif-sous-la-neige-peinture-scaled.jpg\",\"contentUrl\":\"https:\\\/\\\/www.valerielemeur.com\\\/wp-content\\\/uploads\\\/2023\\\/12\\\/gif-sous-la-neige-peinture-scaled.jpg\",\"width\":2560,\"height\":1584},{\"@type\":\"BreadcrumbList\",\"@id\":\"https:\\\/\\\/www.valerielemeur.com\\\/gif-sous-la-neige\\\/#breadcrumb\",\"itemListElement\":[{\"@type\":\"ListItem\",\"position\":1,\"name\":\"Accueil\",\"item\":\"https:\\\/\\\/www.valerielemeur.com\\\/\"},{\"@type\":\"ListItem\",\"position\":2,\"name\":\"Gif sous la neige- SOLD\"}]},{\"@type\":\"WebSite\",\"@id\":\"https:\\\/\\\/www.valerielemeur.com\\\/#website\",\"url\":\"https:\\\/\\\/www.valerielemeur.com\\\/\",\"name\":\"Val\u00e9rie LE MEUR\",\"description\":\"Artiste Peintre\",\"publisher\":{\"@id\":\"https:\\\/\\\/www.valerielemeur.com\\\/#organization\"},\"potentialAction\":[{\"@type\":\"SearchAction\",\"target\":{\"@type\":\"EntryPoint\",\"urlTemplate\":\"https:\\\/\\\/www.valerielemeur.com\\\/?s={search_term_string}\"},\"query-input\":{\"@type\":\"PropertyValueSpecification\",\"valueRequired\":true,\"valueName\":\"search_term_string\"}}],\"inLanguage\":\"en-GB\"},{\"@type\":\"Organization\",\"@id\":\"https:\\\/\\\/www.valerielemeur.com\\\/#organization\",\"name\":\"valerie le meur\",\"url\":\"https:\\\/\\\/www.valerielemeur.com\\\/\",\"logo\":{\"@type\":\"ImageObject\",\"inLanguage\":\"en-GB\",\"@id\":\"https:\\\/\\\/www.valerielemeur.com\\\/#\\\/schema\\\/logo\\\/image\\\/\",\"url\":\"https:\\\/\\\/www.valerielemeur.com\\\/wp-content\\\/uploads\\\/2020\\\/07\\\/photo-CV-sun.jpg\",\"contentUrl\":\"https:\\\/\\\/www.valerielemeur.com\\\/wp-content\\\/uploads\\\/2020\\\/07\\\/photo-CV-sun.jpg\",\"width\":2373,\"height\":2373,\"caption\":\"valerie le meur\"},\"image\":{\"@id\":\"https:\\\/\\\/www.valerielemeur.com\\\/#\\\/schema\\\/logo\\\/image\\\/\"}},{\"@type\":\"Person\",\"@id\":\"https:\\\/\\\/www.valerielemeur.com\\\/#\\\/schema\\\/person\\\/988a7c5b4614f08d4a29788db12b10bb\",\"name\":\"VLM\",\"image\":{\"@type\":\"ImageObject\",\"inLanguage\":\"en-GB\",\"@id\":\"https:\\\/\\\/secure.gravatar.com\\\/avatar\\\/5d623c2f60da6da613f8db4cef8422938a352a814a1ad2edc307f53256aa32c2?s=96&d=mm&r=g\",\"url\":\"https:\\\/\\\/secure.gravatar.com\\\/avatar\\\/5d623c2f60da6da613f8db4cef8422938a352a814a1ad2edc307f53256aa32c2?s=96&d=mm&r=g\",\"contentUrl\":\"https:\\\/\\\/secure.gravatar.com\\\/avatar\\\/5d623c2f60da6da613f8db4cef8422938a352a814a1ad2edc307f53256aa32c2?s=96&d=mm&r=g\",\"caption\":\"VLM\"},\"sameAs\":[\"https:\\\/\\\/www.valerielemeur.com\"],\"url\":\"https:\\\/\\\/www.valerielemeur.com\\\/en\\\/author\\\/vlm\\\/\"}]}<\/script>\n<!-- \/ Yoast SEO plugin. -->","yoast_head_json":{"title":"Gif sous la neige- SOLD - Val\u00e9rie LE MEUR %","description":"Val\u00e9rie LE MEUR Gif sous la neige- SOLD Tableau -","robots":{"index":"index","follow":"follow","max-snippet":"max-snippet:-1","max-image-preview":"max-image-preview:large","max-video-preview":"max-video-preview:-1"},"canonical":"https:\/\/www.valerielemeur.com\/en\/gif-sous-la-neige\/","og_locale":"en_GB","og_type":"article","og_title":"Gif sous la neige- SOLD - Val\u00e9rie LE MEUR %","og_description":"Val\u00e9rie LE MEUR Gif sous la neige- SOLD Tableau -","og_url":"https:\/\/www.valerielemeur.com\/en\/gif-sous-la-neige\/","og_site_name":"Val\u00e9rie LE MEUR","article_published_time":"2023-12-13T12:25:43+00:00","article_modified_time":"2025-09-27T15:18:25+00:00","og_image":[{"width":2560,"height":1584,"url":"https:\/\/www.valerielemeur.com\/wp-content\/uploads\/2023\/12\/gif-sous-la-neige-peinture-scaled.jpg","type":"image\/jpeg"}],"author":"VLM","twitter_card":"summary_large_image","twitter_misc":{"Written by":"VLM","Estimated reading time":"2 minutes"},"schema":{"@context":"https:\/\/schema.org","@graph":[{"@type":"Article","@id":"https:\/\/www.valerielemeur.com\/gif-sous-la-neige\/#article","isPartOf":{"@id":"https:\/\/www.valerielemeur.com\/gif-sous-la-neige\/"},"author":{"name":"VLM","@id":"https:\/\/www.valerielemeur.com\/#\/schema\/person\/988a7c5b4614f08d4a29788db12b10bb"},"headline":"Gif sous la neige- SOLD","datePublished":"2023-12-13T12:25:43+00:00","dateModified":"2025-09-27T15:18:25+00:00","mainEntityOfPage":{"@id":"https:\/\/www.valerielemeur.com\/gif-sous-la-neige\/"},"wordCount":236,"publisher":{"@id":"https:\/\/www.valerielemeur.com\/#organization"},"image":{"@id":"https:\/\/www.valerielemeur.com\/gif-sous-la-neige\/#primaryimage"},"thumbnailUrl":"https:\/\/www.valerielemeur.com\/wp-content\/uploads\/2023\/12\/gif-sous-la-neige-peinture-scaled.jpg","keywords":["1000\u20ac TR compris"],"articleSection":["Tableau","Tableaux vendus"],"inLanguage":"en-GB"},{"@type":"WebPage","@id":"https:\/\/www.valerielemeur.com\/gif-sous-la-neige\/","url":"https:\/\/www.valerielemeur.com\/gif-sous-la-neige\/","name":"Gif sous la neige- SOLD - Val\u00e9rie LE MEUR %","isPartOf":{"@id":"https:\/\/www.valerielemeur.com\/#website"},"primaryImageOfPage":{"@id":"https:\/\/www.valerielemeur.com\/gif-sous-la-neige\/#primaryimage"},"image":{"@id":"https:\/\/www.valerielemeur.com\/gif-sous-la-neige\/#primaryimage"},"thumbnailUrl":"https:\/\/www.valerielemeur.com\/wp-content\/uploads\/2023\/12\/gif-sous-la-neige-peinture-scaled.jpg","datePublished":"2023-12-13T12:25:43+00:00","dateModified":"2025-09-27T15:18:25+00:00","description":"Val\u00e9rie LE MEUR Gif sous la neige- SOLD Tableau -","breadcrumb":{"@id":"https:\/\/www.valerielemeur.com\/gif-sous-la-neige\/#breadcrumb"},"inLanguage":"en-GB","potentialAction":[{"@type":"ReadAction","target":["https:\/\/www.valerielemeur.com\/gif-sous-la-neige\/"]}]},{"@type":"ImageObject","inLanguage":"en-GB","@id":"https:\/\/www.valerielemeur.com\/gif-sous-la-neige\/#primaryimage","url":"https:\/\/www.valerielemeur.com\/wp-content\/uploads\/2023\/12\/gif-sous-la-neige-peinture-scaled.jpg","contentUrl":"https:\/\/www.valerielemeur.com\/wp-content\/uploads\/2023\/12\/gif-sous-la-neige-peinture-scaled.jpg","width":2560,"height":1584},{"@type":"BreadcrumbList","@id":"https:\/\/www.valerielemeur.com\/gif-sous-la-neige\/#breadcrumb","itemListElement":[{"@type":"ListItem","position":1,"name":"Accueil","item":"https:\/\/www.valerielemeur.com\/"},{"@type":"ListItem","position":2,"name":"Gif sous la neige- SOLD"}]},{"@type":"WebSite","@id":"https:\/\/www.valerielemeur.com\/#website","url":"https:\/\/www.valerielemeur.com\/","name":"Val\u00e9rie LE MEUR","description":"Painter","publisher":{"@id":"https:\/\/www.valerielemeur.com\/#organization"},"potentialAction":[{"@type":"SearchAction","target":{"@type":"EntryPoint","urlTemplate":"https:\/\/www.valerielemeur.com\/?s={search_term_string}"},"query-input":{"@type":"PropertyValueSpecification","valueRequired":true,"valueName":"search_term_string"}}],"inLanguage":"en-GB"},{"@type":"Organization","@id":"https:\/\/www.valerielemeur.com\/#organization","name":"valerie le meur","url":"https:\/\/www.valerielemeur.com\/","logo":{"@type":"ImageObject","inLanguage":"en-GB","@id":"https:\/\/www.valerielemeur.com\/#\/schema\/logo\/image\/","url":"https:\/\/www.valerielemeur.com\/wp-content\/uploads\/2020\/07\/photo-CV-sun.jpg","contentUrl":"https:\/\/www.valerielemeur.com\/wp-content\/uploads\/2020\/07\/photo-CV-sun.jpg","width":2373,"height":2373,"caption":"valerie le meur"},"image":{"@id":"https:\/\/www.valerielemeur.com\/#\/schema\/logo\/image\/"}},{"@type":"Person","@id":"https:\/\/www.valerielemeur.com\/#\/schema\/person\/988a7c5b4614f08d4a29788db12b10bb","name":"VLM","image":{"@type":"ImageObject","inLanguage":"en-GB","@id":"https:\/\/secure.gravatar.com\/avatar\/5d623c2f60da6da613f8db4cef8422938a352a814a1ad2edc307f53256aa32c2?s=96&d=mm&r=g","url":"https:\/\/secure.gravatar.com\/avatar\/5d623c2f60da6da613f8db4cef8422938a352a814a1ad2edc307f53256aa32c2?s=96&d=mm&r=g","contentUrl":"https:\/\/secure.gravatar.com\/avatar\/5d623c2f60da6da613f8db4cef8422938a352a814a1ad2edc307f53256aa32c2?s=96&d=mm&r=g","caption":"VLM"},"sameAs":["https:\/\/www.valerielemeur.com"],"url":"https:\/\/www.valerielemeur.com\/en\/author\/vlm\/"}]}},"jetpack_featured_media_url":"https:\/\/www.valerielemeur.com\/wp-content\/uploads\/2023\/12\/gif-sous-la-neige-peinture-scaled.jpg","uagb_featured_image_src":{"full":["https:\/\/www.valerielemeur.com\/wp-content\/uploads\/2023\/12\/gif-sous-la-neige-peinture-scaled.jpg",2560,1584,false],"thumbnail":["https:\/\/www.valerielemeur.com\/wp-content\/uploads\/2023\/12\/gif-sous-la-neige-peinture-150x150.jpg",150,150,true],"medium":["https:\/\/www.valerielemeur.com\/wp-content\/uploads\/2023\/12\/gif-sous-la-neige-peinture-300x186.jpg",300,186,true],"medium_large":["https:\/\/www.valerielemeur.com\/wp-content\/uploads\/2023\/12\/gif-sous-la-neige-peinture-768x475.jpg",768,475,true],"large":["https:\/\/www.valerielemeur.com\/wp-content\/uploads\/2023\/12\/gif-sous-la-neige-peinture-1024x634.jpg",1024,634,true],"1536x1536":["https:\/\/www.valerielemeur.com\/wp-content\/uploads\/2023\/12\/gif-sous-la-neige-peinture-1536x951.jpg",1536,951,true],"2048x2048":["https:\/\/www.valerielemeur.com\/wp-content\/uploads\/2023\/12\/gif-sous-la-neige-peinture-2048x1268.jpg",2048,1268,true],"trp-custom-language-flag":["https:\/\/www.valerielemeur.com\/wp-content\/uploads\/2023\/12\/gif-sous-la-neige-peinture-18x12.jpg",18,12,true]},"uagb_author_info":{"display_name":"VLM","author_link":"https:\/\/www.valerielemeur.com\/en\/author\/vlm\/"},"uagb_comment_info":0,"uagb_excerpt":"Acrylique sur toile \/ch\u00e2ssis bois: 61\/38\/2cm La ville de Gif-sur-Yvette, dans l\u2019Essonne et sa gare de RER qui s\u2019endort tranquillement sous la neige. Aucun bruit ne vient perturber ce calme, les oiseaux ne chantent plus, les avions sont bloqu\u00e9s dans les a\u00e9roports, les voitures roulent au pas, leurs bruits \u00e9touff\u00e9s par la neige. Pourtant en&hellip;","jetpack_sharing_enabled":true,"_links":{"self":[{"href":"https:\/\/www.valerielemeur.com\/en\/wp-json\/wp\/v2\/posts\/5359","targetHints":{"allow":["GET"]}}],"collection":[{"href":"https:\/\/www.valerielemeur.com\/en\/wp-json\/wp\/v2\/posts"}],"about":[{"href":"https:\/\/www.valerielemeur.com\/en\/wp-json\/wp\/v2\/types\/post"}],"author":[{"embeddable":true,"href":"https:\/\/www.valerielemeur.com\/en\/wp-json\/wp\/v2\/users\/1"}],"replies":[{"embeddable":true,"href":"https:\/\/www.valerielemeur.com\/en\/wp-json\/wp\/v2\/comments?post=5359"}],"version-history":[{"count":4,"href":"https:\/\/www.valerielemeur.com\/en\/wp-json\/wp\/v2\/posts\/5359\/revisions"}],"predecessor-version":[{"id":5794,"href":"https:\/\/www.valerielemeur.com\/en\/wp-json\/wp\/v2\/posts\/5359\/revisions\/5794"}],"wp:featuredmedia":[{"embeddable":true,"href":"https:\/\/www.valerielemeur.com\/en\/wp-json\/wp\/v2\/media\/5361"}],"wp:attachment":[{"href":"https:\/\/www.valerielemeur.com\/en\/wp-json\/wp\/v2\/media?parent=5359"}],"wp:term":[{"taxonomy":"category","embeddable":true,"href":"https:\/\/www.valerielemeur.com\/en\/wp-json\/wp\/v2\/categories?post=5359"},{"taxonomy":"post_tag","embeddable":true,"href":"https:\/\/www.valerielemeur.com\/en\/wp-json\/wp\/v2\/tags?post=5359"}],"curies":[{"name":"wp","href":"https:\/\/api.w.org\/{rel}","templated":true}]}}