{"id":6195,"date":"2025-03-21T10:02:16","date_gmt":"2025-03-21T10:02:16","guid":{"rendered":"https:\/\/www.valerielemeur.com\/?p=6195"},"modified":"2025-03-21T10:09:34","modified_gmt":"2025-03-21T10:09:34","slug":"macys-and-yellow-cab","status":"publish","type":"post","link":"https:\/\/www.valerielemeur.com\/en\/macys-and-yellow-cab\/","title":{"rendered":"Macy&rsquo;s and yellow cab"},"content":{"rendered":"<div class=\"wp-block-columns is-layout-flex wp-container-core-columns-is-layout-28f84493 wp-block-columns-is-layout-flex\">\n<div class=\"wp-block-column is-layout-flow wp-block-column-is-layout-flow\"><\/div>\n\n\n\n<div class=\"wp-block-column is-layout-flow wp-block-column-is-layout-flow\">\n<p class=\"has-vivid-cyan-blue-color has-text-color has-medium-font-size\">Original painting on sale at : www.saatchiart.com\/VLM<\/p>\n\n\n\n<p class=\"has-vivid-cyan-blue-color has-text-color has-medium-font-size\"><\/p>\n<\/div>\n<\/div>\n\n\n\n<div class=\"wp-block-uagb-image uagb-block-d0a4cada wp-block-uagb-image--layout-default wp-block-uagb-image--effect-static wp-block-uagb-image--align-none\"><figure class=\"wp-block-uagb-image__figure\"><img decoding=\"async\" srcset=\"https:\/\/www.valerielemeur.com\/wp-content\/uploads\/2025\/03\/macys-and-yellow-cab3-scaled.jpg ,https:\/\/www.valerielemeur.com\/wp-content\/uploads\/2025\/03\/macys-and-yellow-cab3-scaled.jpg 780w, https:\/\/www.valerielemeur.com\/wp-content\/uploads\/2025\/03\/macys-and-yellow-cab3-scaled.jpg 360w\" sizes=\"auto, (max-width: 480px) 150px\" src=\"https:\/\/www.valerielemeur.com\/wp-content\/uploads\/2025\/03\/macys-and-yellow-cab3-scaled.jpg\" alt=\"\" class=\"uag-image-6197\" width=\"2142\" height=\"2560\" title=\"macy's and yellow cab~3\" loading=\"lazy\" role=\"img\"\/><\/figure><\/div>\n\n\n\n<div class=\"wp-block-columns is-layout-flex wp-container-core-columns-is-layout-28f84493 wp-block-columns-is-layout-flex\">\n<div class=\"wp-block-column is-layout-flow wp-block-column-is-layout-flow\">\n<p class=\"has-medium-font-size\">Acrylique sur toile \/ch\u00e2ssis bois :<\/p>\n\n\n\n<p class=\"has-medium-font-size\">65\/54\/2 cm: 2025<\/p>\n\n\n\n<p class=\"has-medium-font-size\">Manhattan, New-York.<\/p>\n\n\n\n<p class=\"has-medium-font-size\">New-York, vivante, vibrante et \u00e9nergique. Le bruit et la fureur rendus par des couleurs satur\u00e9es et contrast\u00e9es capturent l\u2019essence fr\u00e9n\u00e9tique de la ville.<\/p>\n\n\n\n<p class=\"has-medium-font-size\">Cette palette de couleurs vives et contrast\u00e9es&nbsp;: le rouge du b\u00e2timent, le bleu du ciel et le jaune des taxis rappellent le fauvisme. Les coups de pinceaux visibles et \u00e9nergiques, les gratte-ciels flout\u00e9s et les passages vides permettent de m\u2019\u00e9loigner de la r\u00e9alit\u00e9 pour donner une impression de mouvement, d\u2019irr\u00e9alit\u00e9. <\/p>\n\n\n\n<p class=\"has-medium-font-size\">Les coups de pinceau visibles ajoutent une touche d\u2019\u00e9nergie, rappelant le travail de peintres comme Hopper (pour son amour des sc\u00e8nes urbaines) ou m\u00eame les coloristes fauves comme Derain.<\/p>\n\n\n\n<p class=\"has-medium-font-size\"><\/p>\n\n\n\n<p class=\"has-medium-font-size\">Le tableau est pr\u00eat \u00e0 accrocher au mur, il est prot\u00e9g\u00e9 par un vernis acrylique brillant qui fait ressortir l\u2019intensit\u00e9 des couleurs, les cot\u00e9s sont peints en jaune (changement possible).<br>Il est dat\u00e9, sign\u00e9 et d\u00e9livr\u00e9 avec un certificat d\u2019authenticit\u00e9 et une facture.<\/p>\n\n\n\n<p class=\"has-medium-font-size\"><\/p>\n\n\n\n<p class=\"has-medium-font-size\"><\/p>\n\n\n\n<p class=\"has-medium-font-size\"><\/p>\n\n\n\n<p class=\"has-medium-font-size\"><\/p>\n\n\n\n<p class=\"has-medium-font-size\"><\/p>\n\n\n\n<p class=\"has-medium-font-size\"><\/p>\n\n\n\n<p class=\"has-medium-font-size\"><\/p>\n\n\n\n<p class=\"has-medium-font-size\"><\/p>\n\n\n\n<p class=\"has-medium-font-size\"><\/p>\n\n\n\n<p><\/p>\n\n\n\n<p class=\"has-medium-font-size\"><\/p>\n\n\n\n<p class=\"has-medium-font-size\"> <br><\/p>\n\n\n\n<p class=\"has-medium-font-size\"><\/p>\n<\/div>\n\n\n\n<div class=\"wp-block-column is-layout-flow wp-block-column-is-layout-flow\">\n<p class=\"has-vivid-cyan-blue-color has-text-color has-medium-font-size\">Acrylic on stretched canvas wooden frame<\/p>\n\n\n\n<p class=\"has-vivid-cyan-blue-color has-text-color has-medium-font-size\">65\/54\/2 cm: 2025<\/p>\n\n\n\n<p class=\"has-vivid-cyan-blue-color has-text-color has-medium-font-size\">&nbsp;Manhattan, New-York<\/p>\n\n\n\n<p class=\"has-vivid-cyan-blue-color has-text-color has-medium-font-size\">New York, alive, vibrant, and energetic. The noise and fury, rendered through saturated and contrasting colors, capture the city&rsquo;s frantic essence.<br>This palette of vivid and contrasting colors\u2014the red of the building, the blue of the sky, and the yellow of the taxis\u2014evokes Fauvism. The visible and energetic brushstrokes, the blurred skyscrapers, and the empty crosswalks allow me to step away from reality, creating an impression of movement and unreality.<\/p>\n\n\n\n<p class=\"has-vivid-cyan-blue-color has-text-color has-medium-font-size\"><br><br><\/p>\n\n\n\n<p class=\"has-vivid-cyan-blue-color has-text-color has-medium-font-size\">Acrylic on stretched linen canvas on wooden frame, protected by a bright acrylic varnish, to enhance the colours; the sides are painted in yellow (possible modification).<\/p>\n\n\n\n<p class=\"has-vivid-cyan-blue-color has-text-color has-medium-font-size\">Ready to hang on a wall. Delivered with a certificate of authenticity and an invoice.<\/p>\n\n\n\n<p class=\"has-vivid-cyan-blue-color has-text-color has-medium-font-size\"><\/p>\n\n\n\n<p class=\"has-vivid-cyan-blue-color has-text-color has-medium-font-size\"><\/p>\n\n\n\n<p class=\"has-vivid-cyan-blue-color has-text-color has-medium-font-size\"><br><\/p>\n\n\n\n<p class=\"has-vivid-cyan-blue-color has-text-color has-medium-font-size\"><\/p>\n\n\n\n<p class=\"has-vivid-cyan-blue-color has-text-color has-medium-font-size\"><br><\/p>\n\n\n\n<p class=\"has-vivid-cyan-blue-color has-text-color has-medium-font-size\">.<\/p>\n<\/div>\n<\/div>","protected":false},"excerpt":{"rendered":"<p>Original painting on sale at : www.saatchiart.com\/VLM Acrylique sur toile \/ch\u00e2ssis bois : 65\/54\/2 cm: 2025 Manhattan, New-York. New-York, vivante, vibrante et \u00e9nergique. Le bruit et la fureur rendus par des couleurs satur\u00e9es et contrast\u00e9es capturent l\u2019essence fr\u00e9n\u00e9tique de la ville. Cette palette de couleurs vives et contrast\u00e9es&nbsp;: le rouge du b\u00e2timent, le bleu du [&hellip;]<\/p>\n","protected":false},"author":1,"featured_media":6197,"comment_status":"closed","ping_status":"closed","sticky":false,"template":"","format":"gallery","meta":{"_uag_custom_page_level_css":"","site-sidebar-layout":"default","site-content-layout":null,"ast-site-content-layout":"default","site-content-style":"default","site-sidebar-style":"default","ast-global-header-display":"","ast-banner-title-visibility":"","ast-main-header-display":"disabled","ast-hfb-above-header-display":null,"ast-hfb-below-header-display":null,"ast-hfb-mobile-header-display":null,"site-post-title":"enabled","ast-breadcrumbs-content":"enabled","ast-featured-img":"disabled","footer-sml-layout":"enabled","ast-disable-related-posts":"","theme-transparent-header-meta":"enabled","adv-header-id-meta":null,"stick-header-meta":null,"header-above-stick-meta":null,"header-main-stick-meta":null,"header-below-stick-meta":null,"astra-migrate-meta-layouts":"set","ast-page-background-enabled":"default","ast-page-background-meta":{"desktop":{"background-color":"","background-image":"","background-repeat":"repeat","background-position":"center center","background-size":"auto","background-attachment":"scroll","background-type":"","background-media":"","overlay-type":"","overlay-color":"","overlay-opacity":"","overlay-gradient":""},"tablet":{"background-color":"","background-image":"","background-repeat":"repeat","background-position":"center center","background-size":"auto","background-attachment":"scroll","background-type":"","background-media":"","overlay-type":"","overlay-color":"","overlay-opacity":"","overlay-gradient":""},"mobile":{"background-color":"","background-image":"","background-repeat":"repeat","background-position":"center center","background-size":"auto","background-attachment":"scroll","background-type":"","background-media":"","overlay-type":"","overlay-color":"","overlay-opacity":"","overlay-gradient":""}},"ast-content-background-meta":{"desktop":{"background-color":"var(--ast-global-color-5)","background-image":"","background-repeat":"repeat","background-position":"center center","background-size":"auto","background-attachment":"scroll","background-type":"","background-media":"","overlay-type":"","overlay-color":"","overlay-opacity":"","overlay-gradient":""},"tablet":{"background-color":"var(--ast-global-color-5)","background-image":"","background-repeat":"repeat","background-position":"center center","background-size":"auto","background-attachment":"scroll","background-type":"","background-media":"","overlay-type":"","overlay-color":"","overlay-opacity":"","overlay-gradient":""},"mobile":{"background-color":"var(--ast-global-color-5)","background-image":"","background-repeat":"repeat","background-position":"center center","background-size":"auto","background-attachment":"scroll","background-type":"","background-media":"","overlay-type":"","overlay-color":"","overlay-opacity":"","overlay-gradient":""}},"_jetpack_memberships_contains_paid_content":false,"footnotes":""},"categories":[44,41],"tags":[213],"class_list":["post-6195","post","type-post","status-publish","format-gallery","has-post-thumbnail","hentry","category-new-york","category-painting","tag-1100-tr","post_format-post-format-gallery"],"yoast_head":"<!-- This site is optimized with the Yoast SEO plugin v27.4 - https:\/\/yoast.com\/product\/yoast-seo-wordpress\/ -->\n<title>Macy&#039;s and yellow cab - Val\u00e9rie LE MEUR<\/title>\n<meta name=\"description\" content=\"Val\u00e9rie LE MEUR Macy&#039;s and yellow cab Tableau -\" \/>\n<meta name=\"robots\" content=\"index, follow, max-snippet:-1, max-image-preview:large, max-video-preview:-1\" \/>\n<link rel=\"canonical\" href=\"https:\/\/www.valerielemeur.com\/en\/macys-and-yellow-cab\/\" \/>\n<meta property=\"og:locale\" content=\"en_GB\" \/>\n<meta property=\"og:type\" content=\"article\" \/>\n<meta property=\"og:title\" content=\"Macy&#039;s and yellow cab - Val\u00e9rie LE MEUR\" \/>\n<meta property=\"og:description\" content=\"Val\u00e9rie LE MEUR Macy&#039;s and yellow cab Tableau -\" \/>\n<meta property=\"og:url\" content=\"https:\/\/www.valerielemeur.com\/en\/macys-and-yellow-cab\/\" \/>\n<meta property=\"og:site_name\" content=\"Val\u00e9rie LE MEUR\" \/>\n<meta property=\"article:published_time\" content=\"2025-03-21T10:02:16+00:00\" \/>\n<meta property=\"article:modified_time\" content=\"2025-03-21T10:09:34+00:00\" \/>\n<meta property=\"og:image\" content=\"https:\/\/www.valerielemeur.com\/wp-content\/uploads\/2025\/03\/macys-and-yellow-cab3-scaled.jpg\" \/>\n\t<meta property=\"og:image:width\" content=\"2142\" \/>\n\t<meta property=\"og:image:height\" content=\"2560\" \/>\n\t<meta property=\"og:image:type\" content=\"image\/jpeg\" \/>\n<meta name=\"author\" content=\"VLM\" \/>\n<meta name=\"twitter:card\" content=\"summary_large_image\" \/>\n<meta name=\"twitter:label1\" content=\"Written by\" \/>\n\t<meta name=\"twitter:data1\" content=\"VLM\" \/>\n\t<meta name=\"twitter:label2\" content=\"Estimated reading time\" \/>\n\t<meta name=\"twitter:data2\" content=\"2 minutes\" \/>\n<script type=\"application\/ld+json\" class=\"yoast-schema-graph\">{\"@context\":\"https:\\\/\\\/schema.org\",\"@graph\":[{\"@type\":\"Article\",\"@id\":\"https:\\\/\\\/www.valerielemeur.com\\\/macys-and-yellow-cab\\\/#article\",\"isPartOf\":{\"@id\":\"https:\\\/\\\/www.valerielemeur.com\\\/macys-and-yellow-cab\\\/\"},\"author\":{\"name\":\"VLM\",\"@id\":\"https:\\\/\\\/www.valerielemeur.com\\\/#\\\/schema\\\/person\\\/988a7c5b4614f08d4a29788db12b10bb\"},\"headline\":\"Macy&rsquo;s and yellow cab\",\"datePublished\":\"2025-03-21T10:02:16+00:00\",\"dateModified\":\"2025-03-21T10:09:34+00:00\",\"mainEntityOfPage\":{\"@id\":\"https:\\\/\\\/www.valerielemeur.com\\\/macys-and-yellow-cab\\\/\"},\"wordCount\":313,\"publisher\":{\"@id\":\"https:\\\/\\\/www.valerielemeur.com\\\/#organization\"},\"image\":{\"@id\":\"https:\\\/\\\/www.valerielemeur.com\\\/macys-and-yellow-cab\\\/#primaryimage\"},\"thumbnailUrl\":\"https:\\\/\\\/www.valerielemeur.com\\\/wp-content\\\/uploads\\\/2025\\\/03\\\/macys-and-yellow-cab3-scaled.jpg\",\"keywords\":[\"1100 +tr\"],\"articleSection\":[\"New-York\",\"Tableau\"],\"inLanguage\":\"en-GB\"},{\"@type\":\"WebPage\",\"@id\":\"https:\\\/\\\/www.valerielemeur.com\\\/macys-and-yellow-cab\\\/\",\"url\":\"https:\\\/\\\/www.valerielemeur.com\\\/macys-and-yellow-cab\\\/\",\"name\":\"Macy's and yellow cab - Val\u00e9rie LE MEUR\",\"isPartOf\":{\"@id\":\"https:\\\/\\\/www.valerielemeur.com\\\/#website\"},\"primaryImageOfPage\":{\"@id\":\"https:\\\/\\\/www.valerielemeur.com\\\/macys-and-yellow-cab\\\/#primaryimage\"},\"image\":{\"@id\":\"https:\\\/\\\/www.valerielemeur.com\\\/macys-and-yellow-cab\\\/#primaryimage\"},\"thumbnailUrl\":\"https:\\\/\\\/www.valerielemeur.com\\\/wp-content\\\/uploads\\\/2025\\\/03\\\/macys-and-yellow-cab3-scaled.jpg\",\"datePublished\":\"2025-03-21T10:02:16+00:00\",\"dateModified\":\"2025-03-21T10:09:34+00:00\",\"description\":\"Val\u00e9rie LE MEUR Macy's and yellow cab Tableau -\",\"breadcrumb\":{\"@id\":\"https:\\\/\\\/www.valerielemeur.com\\\/macys-and-yellow-cab\\\/#breadcrumb\"},\"inLanguage\":\"en-GB\",\"potentialAction\":[{\"@type\":\"ReadAction\",\"target\":[\"https:\\\/\\\/www.valerielemeur.com\\\/macys-and-yellow-cab\\\/\"]}]},{\"@type\":\"ImageObject\",\"inLanguage\":\"en-GB\",\"@id\":\"https:\\\/\\\/www.valerielemeur.com\\\/macys-and-yellow-cab\\\/#primaryimage\",\"url\":\"https:\\\/\\\/www.valerielemeur.com\\\/wp-content\\\/uploads\\\/2025\\\/03\\\/macys-and-yellow-cab3-scaled.jpg\",\"contentUrl\":\"https:\\\/\\\/www.valerielemeur.com\\\/wp-content\\\/uploads\\\/2025\\\/03\\\/macys-and-yellow-cab3-scaled.jpg\",\"width\":2142,\"height\":2560},{\"@type\":\"BreadcrumbList\",\"@id\":\"https:\\\/\\\/www.valerielemeur.com\\\/macys-and-yellow-cab\\\/#breadcrumb\",\"itemListElement\":[{\"@type\":\"ListItem\",\"position\":1,\"name\":\"Accueil\",\"item\":\"https:\\\/\\\/www.valerielemeur.com\\\/\"},{\"@type\":\"ListItem\",\"position\":2,\"name\":\"Macy&rsquo;s and yellow cab\"}]},{\"@type\":\"WebSite\",\"@id\":\"https:\\\/\\\/www.valerielemeur.com\\\/#website\",\"url\":\"https:\\\/\\\/www.valerielemeur.com\\\/\",\"name\":\"Val\u00e9rie LE MEUR\",\"description\":\"Artiste Peintre\",\"publisher\":{\"@id\":\"https:\\\/\\\/www.valerielemeur.com\\\/#organization\"},\"potentialAction\":[{\"@type\":\"SearchAction\",\"target\":{\"@type\":\"EntryPoint\",\"urlTemplate\":\"https:\\\/\\\/www.valerielemeur.com\\\/?s={search_term_string}\"},\"query-input\":{\"@type\":\"PropertyValueSpecification\",\"valueRequired\":true,\"valueName\":\"search_term_string\"}}],\"inLanguage\":\"en-GB\"},{\"@type\":\"Organization\",\"@id\":\"https:\\\/\\\/www.valerielemeur.com\\\/#organization\",\"name\":\"valerie le meur\",\"url\":\"https:\\\/\\\/www.valerielemeur.com\\\/\",\"logo\":{\"@type\":\"ImageObject\",\"inLanguage\":\"en-GB\",\"@id\":\"https:\\\/\\\/www.valerielemeur.com\\\/#\\\/schema\\\/logo\\\/image\\\/\",\"url\":\"https:\\\/\\\/www.valerielemeur.com\\\/wp-content\\\/uploads\\\/2020\\\/07\\\/photo-CV-sun.jpg\",\"contentUrl\":\"https:\\\/\\\/www.valerielemeur.com\\\/wp-content\\\/uploads\\\/2020\\\/07\\\/photo-CV-sun.jpg\",\"width\":2373,\"height\":2373,\"caption\":\"valerie le meur\"},\"image\":{\"@id\":\"https:\\\/\\\/www.valerielemeur.com\\\/#\\\/schema\\\/logo\\\/image\\\/\"}},{\"@type\":\"Person\",\"@id\":\"https:\\\/\\\/www.valerielemeur.com\\\/#\\\/schema\\\/person\\\/988a7c5b4614f08d4a29788db12b10bb\",\"name\":\"VLM\",\"image\":{\"@type\":\"ImageObject\",\"inLanguage\":\"en-GB\",\"@id\":\"https:\\\/\\\/secure.gravatar.com\\\/avatar\\\/5d623c2f60da6da613f8db4cef8422938a352a814a1ad2edc307f53256aa32c2?s=96&d=mm&r=g\",\"url\":\"https:\\\/\\\/secure.gravatar.com\\\/avatar\\\/5d623c2f60da6da613f8db4cef8422938a352a814a1ad2edc307f53256aa32c2?s=96&d=mm&r=g\",\"contentUrl\":\"https:\\\/\\\/secure.gravatar.com\\\/avatar\\\/5d623c2f60da6da613f8db4cef8422938a352a814a1ad2edc307f53256aa32c2?s=96&d=mm&r=g\",\"caption\":\"VLM\"},\"sameAs\":[\"https:\\\/\\\/www.valerielemeur.com\"],\"url\":\"https:\\\/\\\/www.valerielemeur.com\\\/en\\\/author\\\/vlm\\\/\"}]}<\/script>\n<!-- \/ Yoast SEO plugin. -->","yoast_head_json":{"title":"Macy's and yellow cab - Val\u00e9rie LE MEUR","description":"Val\u00e9rie LE MEUR Macy's and yellow cab Tableau -","robots":{"index":"index","follow":"follow","max-snippet":"max-snippet:-1","max-image-preview":"max-image-preview:large","max-video-preview":"max-video-preview:-1"},"canonical":"https:\/\/www.valerielemeur.com\/en\/macys-and-yellow-cab\/","og_locale":"en_GB","og_type":"article","og_title":"Macy's and yellow cab - Val\u00e9rie LE MEUR","og_description":"Val\u00e9rie LE MEUR Macy's and yellow cab Tableau -","og_url":"https:\/\/www.valerielemeur.com\/en\/macys-and-yellow-cab\/","og_site_name":"Val\u00e9rie LE MEUR","article_published_time":"2025-03-21T10:02:16+00:00","article_modified_time":"2025-03-21T10:09:34+00:00","og_image":[{"width":2142,"height":2560,"url":"https:\/\/www.valerielemeur.com\/wp-content\/uploads\/2025\/03\/macys-and-yellow-cab3-scaled.jpg","type":"image\/jpeg"}],"author":"VLM","twitter_card":"summary_large_image","twitter_misc":{"Written by":"VLM","Estimated reading time":"2 minutes"},"schema":{"@context":"https:\/\/schema.org","@graph":[{"@type":"Article","@id":"https:\/\/www.valerielemeur.com\/macys-and-yellow-cab\/#article","isPartOf":{"@id":"https:\/\/www.valerielemeur.com\/macys-and-yellow-cab\/"},"author":{"name":"VLM","@id":"https:\/\/www.valerielemeur.com\/#\/schema\/person\/988a7c5b4614f08d4a29788db12b10bb"},"headline":"Macy&rsquo;s and yellow cab","datePublished":"2025-03-21T10:02:16+00:00","dateModified":"2025-03-21T10:09:34+00:00","mainEntityOfPage":{"@id":"https:\/\/www.valerielemeur.com\/macys-and-yellow-cab\/"},"wordCount":313,"publisher":{"@id":"https:\/\/www.valerielemeur.com\/#organization"},"image":{"@id":"https:\/\/www.valerielemeur.com\/macys-and-yellow-cab\/#primaryimage"},"thumbnailUrl":"https:\/\/www.valerielemeur.com\/wp-content\/uploads\/2025\/03\/macys-and-yellow-cab3-scaled.jpg","keywords":["1100 +tr"],"articleSection":["New-York","Tableau"],"inLanguage":"en-GB"},{"@type":"WebPage","@id":"https:\/\/www.valerielemeur.com\/macys-and-yellow-cab\/","url":"https:\/\/www.valerielemeur.com\/macys-and-yellow-cab\/","name":"Macy's and yellow cab - Val\u00e9rie LE MEUR","isPartOf":{"@id":"https:\/\/www.valerielemeur.com\/#website"},"primaryImageOfPage":{"@id":"https:\/\/www.valerielemeur.com\/macys-and-yellow-cab\/#primaryimage"},"image":{"@id":"https:\/\/www.valerielemeur.com\/macys-and-yellow-cab\/#primaryimage"},"thumbnailUrl":"https:\/\/www.valerielemeur.com\/wp-content\/uploads\/2025\/03\/macys-and-yellow-cab3-scaled.jpg","datePublished":"2025-03-21T10:02:16+00:00","dateModified":"2025-03-21T10:09:34+00:00","description":"Val\u00e9rie LE MEUR Macy's and yellow cab Tableau -","breadcrumb":{"@id":"https:\/\/www.valerielemeur.com\/macys-and-yellow-cab\/#breadcrumb"},"inLanguage":"en-GB","potentialAction":[{"@type":"ReadAction","target":["https:\/\/www.valerielemeur.com\/macys-and-yellow-cab\/"]}]},{"@type":"ImageObject","inLanguage":"en-GB","@id":"https:\/\/www.valerielemeur.com\/macys-and-yellow-cab\/#primaryimage","url":"https:\/\/www.valerielemeur.com\/wp-content\/uploads\/2025\/03\/macys-and-yellow-cab3-scaled.jpg","contentUrl":"https:\/\/www.valerielemeur.com\/wp-content\/uploads\/2025\/03\/macys-and-yellow-cab3-scaled.jpg","width":2142,"height":2560},{"@type":"BreadcrumbList","@id":"https:\/\/www.valerielemeur.com\/macys-and-yellow-cab\/#breadcrumb","itemListElement":[{"@type":"ListItem","position":1,"name":"Accueil","item":"https:\/\/www.valerielemeur.com\/"},{"@type":"ListItem","position":2,"name":"Macy&rsquo;s and yellow cab"}]},{"@type":"WebSite","@id":"https:\/\/www.valerielemeur.com\/#website","url":"https:\/\/www.valerielemeur.com\/","name":"Val\u00e9rie LE MEUR","description":"Painter","publisher":{"@id":"https:\/\/www.valerielemeur.com\/#organization"},"potentialAction":[{"@type":"SearchAction","target":{"@type":"EntryPoint","urlTemplate":"https:\/\/www.valerielemeur.com\/?s={search_term_string}"},"query-input":{"@type":"PropertyValueSpecification","valueRequired":true,"valueName":"search_term_string"}}],"inLanguage":"en-GB"},{"@type":"Organization","@id":"https:\/\/www.valerielemeur.com\/#organization","name":"valerie le meur","url":"https:\/\/www.valerielemeur.com\/","logo":{"@type":"ImageObject","inLanguage":"en-GB","@id":"https:\/\/www.valerielemeur.com\/#\/schema\/logo\/image\/","url":"https:\/\/www.valerielemeur.com\/wp-content\/uploads\/2020\/07\/photo-CV-sun.jpg","contentUrl":"https:\/\/www.valerielemeur.com\/wp-content\/uploads\/2020\/07\/photo-CV-sun.jpg","width":2373,"height":2373,"caption":"valerie le meur"},"image":{"@id":"https:\/\/www.valerielemeur.com\/#\/schema\/logo\/image\/"}},{"@type":"Person","@id":"https:\/\/www.valerielemeur.com\/#\/schema\/person\/988a7c5b4614f08d4a29788db12b10bb","name":"VLM","image":{"@type":"ImageObject","inLanguage":"en-GB","@id":"https:\/\/secure.gravatar.com\/avatar\/5d623c2f60da6da613f8db4cef8422938a352a814a1ad2edc307f53256aa32c2?s=96&d=mm&r=g","url":"https:\/\/secure.gravatar.com\/avatar\/5d623c2f60da6da613f8db4cef8422938a352a814a1ad2edc307f53256aa32c2?s=96&d=mm&r=g","contentUrl":"https:\/\/secure.gravatar.com\/avatar\/5d623c2f60da6da613f8db4cef8422938a352a814a1ad2edc307f53256aa32c2?s=96&d=mm&r=g","caption":"VLM"},"sameAs":["https:\/\/www.valerielemeur.com"],"url":"https:\/\/www.valerielemeur.com\/en\/author\/vlm\/"}]}},"jetpack_featured_media_url":"https:\/\/www.valerielemeur.com\/wp-content\/uploads\/2025\/03\/macys-and-yellow-cab3-scaled.jpg","uagb_featured_image_src":{"full":["https:\/\/www.valerielemeur.com\/wp-content\/uploads\/2025\/03\/macys-and-yellow-cab3-scaled.jpg",2142,2560,false],"thumbnail":["https:\/\/www.valerielemeur.com\/wp-content\/uploads\/2025\/03\/macys-and-yellow-cab3-150x150.jpg",150,150,true],"medium":["https:\/\/www.valerielemeur.com\/wp-content\/uploads\/2025\/03\/macys-and-yellow-cab3-251x300.jpg",251,300,true],"medium_large":["https:\/\/www.valerielemeur.com\/wp-content\/uploads\/2025\/03\/macys-and-yellow-cab3-768x918.jpg",768,918,true],"large":["https:\/\/www.valerielemeur.com\/wp-content\/uploads\/2025\/03\/macys-and-yellow-cab3-857x1024.jpg",857,1024,true],"1536x1536":["https:\/\/www.valerielemeur.com\/wp-content\/uploads\/2025\/03\/macys-and-yellow-cab3-1285x1536.jpg",1285,1536,true],"2048x2048":["https:\/\/www.valerielemeur.com\/wp-content\/uploads\/2025\/03\/macys-and-yellow-cab3-1714x2048.jpg",1714,2048,true],"trp-custom-language-flag":["https:\/\/www.valerielemeur.com\/wp-content\/uploads\/2025\/03\/macys-and-yellow-cab3-10x12.jpg",10,12,true]},"uagb_author_info":{"display_name":"VLM","author_link":"https:\/\/www.valerielemeur.com\/en\/author\/vlm\/"},"uagb_comment_info":0,"uagb_excerpt":"Original painting on sale at : www.saatchiart.com\/VLM Acrylique sur toile \/ch\u00e2ssis bois : 65\/54\/2 cm: 2025 Manhattan, New-York. New-York, vivante, vibrante et \u00e9nergique. Le bruit et la fureur rendus par des couleurs satur\u00e9es et contrast\u00e9es capturent l\u2019essence fr\u00e9n\u00e9tique de la ville. Cette palette de couleurs vives et contrast\u00e9es&nbsp;: le rouge du b\u00e2timent, le bleu du&hellip;","jetpack_sharing_enabled":true,"_links":{"self":[{"href":"https:\/\/www.valerielemeur.com\/en\/wp-json\/wp\/v2\/posts\/6195","targetHints":{"allow":["GET"]}}],"collection":[{"href":"https:\/\/www.valerielemeur.com\/en\/wp-json\/wp\/v2\/posts"}],"about":[{"href":"https:\/\/www.valerielemeur.com\/en\/wp-json\/wp\/v2\/types\/post"}],"author":[{"embeddable":true,"href":"https:\/\/www.valerielemeur.com\/en\/wp-json\/wp\/v2\/users\/1"}],"replies":[{"embeddable":true,"href":"https:\/\/www.valerielemeur.com\/en\/wp-json\/wp\/v2\/comments?post=6195"}],"version-history":[{"count":2,"href":"https:\/\/www.valerielemeur.com\/en\/wp-json\/wp\/v2\/posts\/6195\/revisions"}],"predecessor-version":[{"id":6198,"href":"https:\/\/www.valerielemeur.com\/en\/wp-json\/wp\/v2\/posts\/6195\/revisions\/6198"}],"wp:featuredmedia":[{"embeddable":true,"href":"https:\/\/www.valerielemeur.com\/en\/wp-json\/wp\/v2\/media\/6197"}],"wp:attachment":[{"href":"https:\/\/www.valerielemeur.com\/en\/wp-json\/wp\/v2\/media?parent=6195"}],"wp:term":[{"taxonomy":"category","embeddable":true,"href":"https:\/\/www.valerielemeur.com\/en\/wp-json\/wp\/v2\/categories?post=6195"},{"taxonomy":"post_tag","embeddable":true,"href":"https:\/\/www.valerielemeur.com\/en\/wp-json\/wp\/v2\/tags?post=6195"}],"curies":[{"name":"wp","href":"https:\/\/api.w.org\/{rel}","templated":true}]}}