{"id":6215,"date":"2025-03-28T09:42:50","date_gmt":"2025-03-28T09:42:50","guid":{"rendered":"https:\/\/www.valerielemeur.com\/?p=6215"},"modified":"2025-07-20T11:55:58","modified_gmt":"2025-07-20T11:55:58","slug":"terre-de-feu-et-doubli","status":"publish","type":"post","link":"https:\/\/www.valerielemeur.com\/en\/terre-de-feu-et-doubli\/","title":{"rendered":"Terre de feu et d&rsquo;oubli"},"content":{"rendered":"<div class=\"wp-block-columns is-layout-flex wp-container-core-columns-is-layout-28f84493 wp-block-columns-is-layout-flex\">\n<div class=\"wp-block-column is-layout-flow wp-block-column-is-layout-flow\"><\/div>\n\n\n\n<div class=\"wp-block-column is-layout-flow wp-block-column-is-layout-flow\">\n<p class=\"has-vivid-cyan-blue-color has-text-color has-medium-font-size\"><\/p>\n\n\n\n<p class=\"has-vivid-cyan-blue-color has-text-color has-medium-font-size\"><\/p>\n<\/div>\n<\/div>\n\n\n\n<div class=\"wp-block-uagb-image uagb-block-d0a4cada wp-block-uagb-image--layout-default wp-block-uagb-image--effect-static wp-block-uagb-image--align-none\"><figure class=\"wp-block-uagb-image__figure\"><img decoding=\"async\" srcset=\"https:\/\/www.valerielemeur.com\/wp-content\/uploads\/2025\/07\/terre-de-feu-et-doubli-1-scaled.jpg ,https:\/\/www.valerielemeur.com\/wp-content\/uploads\/2025\/07\/terre-de-feu-et-doubli-1-scaled.jpg 780w, https:\/\/www.valerielemeur.com\/wp-content\/uploads\/2025\/07\/terre-de-feu-et-doubli-1-scaled.jpg 360w\" sizes=\"auto, (max-width: 480px) 150px\" src=\"https:\/\/www.valerielemeur.com\/wp-content\/uploads\/2025\/07\/terre-de-feu-et-doubli-1-scaled.jpg\" alt=\"\" class=\"uag-image-6345\" width=\"2560\" height=\"2066\" title=\"terre de feu et d'oubli (1)\" loading=\"lazy\" role=\"img\"\/><\/figure><\/div>\n\n\n\n<div class=\"wp-block-columns is-layout-flex wp-container-core-columns-is-layout-28f84493 wp-block-columns-is-layout-flex\">\n<div class=\"wp-block-column is-layout-flow wp-block-column-is-layout-flow\">\n<p class=\"has-medium-font-size\">Acrylique sur toile de lin \/ch\u00e2ssis bois :<\/p>\n\n\n\n<p class=\"has-medium-font-size\">80\/100\/2 cm: 2025<\/p>\n\n\n\n<p class=\"has-medium-font-size\">Sicile: Italie; l&rsquo;Etna<\/p>\n\n\n\n<p class=\"has-medium-font-size\">Le ciel est bleu, mais pas tout \u00e0 fait bleu&nbsp;;<\/p>\n\n\n\n<p class=\"has-medium-font-size\">Le tableau est color\u00e9, mais pas tout \u00e0 fait gai&nbsp;; Ce tableau \u00e9voque une sc\u00e8ne rurale baign\u00e9e de contrastes saisissants, o\u00f9 la rudesse du paysage rencontre une lumi\u00e8re vibrante et dramatique.<\/p>\n\n\n\n<p class=\"has-medium-font-size\">La peinture en couches successives parfois brutes et dynamique conf\u00e8re au tableau une \u00e9nergie brute presque tourment\u00e9e.<\/p>\n\n\n\n<p class=\"has-medium-font-size\">Le ciel tourment\u00e9 accentue cette sensation d\u2019intemporalit\u00e9, comme si la nature et les \u00e9l\u00e9ments luttaient contre l\u2019abandon. L\u2019\u0153uvre oscille ainsi entre une certaine chaleur \u2013 par ses tons ardents \u2013 et une impression de rudesse et de silence.<\/p>\n\n\n\n<p class=\"has-medium-font-size\">Ce nouveau tableau parle de solitude, celle que l\u2019on s\u2019impose&nbsp;; une p\u00e9riode de respiration entre deux moments mouvement\u00e9s. Mais de la solitude de la vie aussi. Un sentiment d\u2019abandon, d\u2019oubli.<\/p>\n\n\n\n<p class=\"has-medium-font-size\">L\u2019incompr\u00e9hension, le d\u00e9calage parfois entre les mots et les sourires et le ressenti.<\/p>\n\n\n\n<p class=\"has-medium-font-size\">En m\u00eame temps, ce tableau parle du renouveau, de la vie qui red\u00e9marre par les quelques touches de vert sur le c\u00f4t\u00e9 gauche du tableau.<\/p>\n\n\n\n<p class=\"has-medium-font-size\">Apr\u00e8s la lave du volcan qui a engloutie la campagne, la nature revit petit \u00e0 petit. En attendant ces deux p\u00e9riodes elle se replie sur elle-m\u00eame, elle se pr\u00e9pare \u00e0 sa transformation.<\/p>\n\n\n\n<p class=\"has-medium-font-size\">La petite maison semble solitaire et abandonn\u00e9e, dernier vestige d\u2019un passage de l\u2019homme au bord d\u2019une voie ferr\u00e9e apparemment d\u00e9saffect\u00e9e.&nbsp; Est-ce une ancienne bergerie, un refuge, une cabane qui abrite du mat\u00e9riel encore aujourd\u2019hui&nbsp;?<\/p>\n\n\n\n<p class=\"has-medium-font-size\">L\u2019\u0153uvre semble s\u2019inscrire dans une approche expressionniste avec des touches de <strong>fauvisme<\/strong>. Les couleurs sont satur\u00e9es, presque irr\u00e9elles : les rouges intenses et les jaunes flamboyants des terres et du b\u00e2timent s\u2019opposent au bleu froid du ciel et de la porte. Cette libert\u00e9 chromatique rappelle les paysages de Vincent <strong>Van Gogh<\/strong> ou les audaces color\u00e9es d\u2019Henri <strong>Matisse<\/strong>, o\u00f9 l\u2019\u00e9motion prime sur la fid\u00e9lit\u00e9 au r\u00e9el.<\/p>\n\n\n\n<p class=\"has-medium-font-size\">Le tableau est pr\u00eat \u00e0 accrocher au mur, il est prot\u00e9g\u00e9 par un vernis acrylique brillant qui fait ressortir l\u2019intensit\u00e9 des couleurs, les cot\u00e9s sont peints.<br>Il est dat\u00e9, sign\u00e9 et d\u00e9livr\u00e9 avec un certificat d\u2019authenticit\u00e9 et une facture.<\/p>\n\n\n\n<p class=\"has-medium-font-size\"><\/p>\n\n\n\n<p class=\"has-medium-font-size\"><\/p>\n\n\n\n<p class=\"has-medium-font-size\"><\/p>\n\n\n\n<p class=\"has-medium-font-size\"><\/p>\n\n\n\n<p class=\"has-medium-font-size\"><\/p>\n\n\n\n<p class=\"has-medium-font-size\"><\/p>\n\n\n\n<p class=\"has-medium-font-size\"><\/p>\n\n\n\n<p class=\"has-medium-font-size\"><\/p>\n\n\n\n<p class=\"has-medium-font-size\"><\/p>\n\n\n\n<p class=\"has-medium-font-size\"><\/p>\n\n\n\n<p class=\"has-medium-font-size\"><\/p>\n\n\n\n<p class=\"has-medium-font-size\"><\/p>\n\n\n\n<p><\/p>\n\n\n\n<p class=\"has-medium-font-size\"><\/p>\n\n\n\n<p class=\"has-medium-font-size\"> <br><\/p>\n\n\n\n<p class=\"has-medium-font-size\"><\/p>\n<\/div>\n\n\n\n<div class=\"wp-block-column is-layout-flow wp-block-column-is-layout-flow\">\n<p class=\"has-vivid-cyan-blue-color has-text-color has-medium-font-size\">Acrylic on stretched linen canvas wooden frame<\/p>\n\n\n\n<p class=\"has-vivid-cyan-blue-color has-text-color has-medium-font-size\">80\/100\/2 cm: 2025<\/p>\n\n\n\n<p class=\"has-vivid-cyan-blue-color has-text-color has-medium-font-size\">\u00a0Sicily: Italy : Etna \u00ab\u00a0Land of Fire and Forgetfulness\u00a0\u00bb<\/p>\n\n\n\n<p class=\"has-vivid-cyan-blue-color has-text-color has-link-color has-medium-font-size wp-elements-0568378159c0f6863c4039b01cecf2ba\">The sky is blue, but not quite blue;<br>The painting is colorful, but not quite cheerful.<br>This painting evokes a rural scene bathed in striking contrasts, where the harshness of the landscape meets a vibrant and dramatic light.<\/p>\n\n\n\n<p class=\"has-vivid-cyan-blue-color has-text-color has-link-color has-medium-font-size wp-elements-4183abfce8fe3ea8d09932cc2c21aaf9\">The layered, sometimes raw and dynamic brushwork gives the painting a raw energy, almost tormented.<br>The stormy sky reinforces this sense of timelessness, as if nature and the elements were struggling against abandonment. The work oscillates between a certain warmth\u2014through its fiery tones\u2014and an impression of harshness and silence.<\/p>\n\n\n\n<p class=\"has-vivid-cyan-blue-color has-text-color has-link-color has-medium-font-size wp-elements-21178af01caadbe77c09b8bbf5364bc0\">This new painting speaks of solitude, the kind we impose on ourselves\u2014a moment to breathe between two tumultuous times. But it also speaks of the solitude of life. A feeling of abandonment, of being forgotten.<br>The misunderstanding, the disconnect that sometimes exists between words, smiles, and emotions.<\/p>\n\n\n\n<p class=\"has-vivid-cyan-blue-color has-text-color has-link-color has-medium-font-size wp-elements-0867512627481f588832158e1d650073\">At the same time, this painting speaks of renewal, of life beginning again, hinted at by the few touches of green on the left side of the canvas.<br>After the volcanic lava that engulfed the countryside, nature slowly comes back to life. In the meantime, between these two periods, it retreats into itself, preparing for its transformation.<\/p>\n\n\n\n<p class=\"has-vivid-cyan-blue-color has-text-color has-link-color has-medium-font-size wp-elements-d929a16183f3764d6292e8241e0339e5\">The small house appears lonely and abandoned, the last remnant of human presence near a seemingly disused railway. Was it once a sheepfold, a shelter, a cabin still storing tools to this day?<\/p>\n\n\n\n<p class=\"has-vivid-cyan-blue-color has-text-color has-link-color has-medium-font-size wp-elements-a093e0c253999ab9fbcea8144dab69f7\">The work seems to follow an <strong>expressionist<\/strong> approach with touches of <strong>fauvism<\/strong>. The colors are saturated, almost surreal: the intense reds and blazing yellows of the land and the building contrast with the cool blue of the sky and the door. This chromatic freedom recalls the landscapes of <strong>Vincent Van Gogh<\/strong> or the bold colors of <strong>Henri Matisse<\/strong>, where emotion takes precedence over fidelity to reality.<\/p>\n\n\n\n<p class=\"has-vivid-cyan-blue-color has-text-color has-medium-font-size\">Acrylic on stretched linen canvas on wooden frame, protected by a bright acrylic varnish, to enhance the colours; the sides are painted. Ready to hang on a wall. Delivered with a certificate of authenticity and an invoice.<br><\/p>\n\n\n\n<p class=\"has-vivid-cyan-blue-color has-text-color has-medium-font-size\"><\/p>\n\n\n\n<p class=\"has-vivid-cyan-blue-color has-text-color has-medium-font-size\"><\/p>\n\n\n\n<p class=\"has-vivid-cyan-blue-color has-text-color has-medium-font-size\"><\/p>\n\n\n\n<p class=\"has-vivid-cyan-blue-color has-text-color has-medium-font-size\"><\/p>\n\n\n\n<p class=\"has-vivid-cyan-blue-color has-text-color has-medium-font-size\"><br><\/p>\n\n\n\n<p class=\"has-vivid-cyan-blue-color has-text-color has-medium-font-size\"><\/p>\n\n\n\n<p class=\"has-vivid-cyan-blue-color has-text-color has-medium-font-size\"><br><\/p>\n\n\n\n<p class=\"has-vivid-cyan-blue-color has-text-color has-medium-font-size\">.<\/p>\n<\/div>\n<\/div>","protected":false},"excerpt":{"rendered":"<p>Acrylique sur toile de lin \/ch\u00e2ssis bois : 80\/100\/2 cm: 2025 Sicile: Italie; l&rsquo;Etna Le ciel est bleu, mais pas tout \u00e0 fait bleu&nbsp;; Le tableau est color\u00e9, mais pas tout \u00e0 fait gai&nbsp;; Ce tableau \u00e9voque une sc\u00e8ne rurale baign\u00e9e de contrastes saisissants, o\u00f9 la rudesse du paysage rencontre une lumi\u00e8re vibrante et dramatique. [&hellip;]<\/p>\n","protected":false},"author":1,"featured_media":6217,"comment_status":"closed","ping_status":"closed","sticky":false,"template":"","format":"gallery","meta":{"_uag_custom_page_level_css":"","site-sidebar-layout":"default","site-content-layout":null,"ast-site-content-layout":"default","site-content-style":"default","site-sidebar-style":"default","ast-global-header-display":"","ast-banner-title-visibility":"","ast-main-header-display":"disabled","ast-hfb-above-header-display":null,"ast-hfb-below-header-display":null,"ast-hfb-mobile-header-display":null,"site-post-title":"enabled","ast-breadcrumbs-content":"enabled","ast-featured-img":"disabled","footer-sml-layout":"enabled","ast-disable-related-posts":"","theme-transparent-header-meta":"enabled","adv-header-id-meta":null,"stick-header-meta":null,"header-above-stick-meta":null,"header-main-stick-meta":null,"header-below-stick-meta":null,"astra-migrate-meta-layouts":"set","ast-page-background-enabled":"default","ast-page-background-meta":{"desktop":{"background-color":"","background-image":"","background-repeat":"repeat","background-position":"center center","background-size":"auto","background-attachment":"scroll","background-type":"","background-media":"","overlay-type":"","overlay-color":"","overlay-opacity":"","overlay-gradient":""},"tablet":{"background-color":"","background-image":"","background-repeat":"repeat","background-position":"center center","background-size":"auto","background-attachment":"scroll","background-type":"","background-media":"","overlay-type":"","overlay-color":"","overlay-opacity":"","overlay-gradient":""},"mobile":{"background-color":"","background-image":"","background-repeat":"repeat","background-position":"center center","background-size":"auto","background-attachment":"scroll","background-type":"","background-media":"","overlay-type":"","overlay-color":"","overlay-opacity":"","overlay-gradient":""}},"ast-content-background-meta":{"desktop":{"background-color":"var(--ast-global-color-5)","background-image":"","background-repeat":"repeat","background-position":"center center","background-size":"auto","background-attachment":"scroll","background-type":"","background-media":"","overlay-type":"","overlay-color":"","overlay-opacity":"","overlay-gradient":""},"tablet":{"background-color":"var(--ast-global-color-5)","background-image":"","background-repeat":"repeat","background-position":"center center","background-size":"auto","background-attachment":"scroll","background-type":"","background-media":"","overlay-type":"","overlay-color":"","overlay-opacity":"","overlay-gradient":""},"mobile":{"background-color":"var(--ast-global-color-5)","background-image":"","background-repeat":"repeat","background-position":"center center","background-size":"auto","background-attachment":"scroll","background-type":"","background-media":"","overlay-type":"","overlay-color":"","overlay-opacity":"","overlay-gradient":""}},"_jetpack_memberships_contains_paid_content":false,"footnotes":""},"categories":[50,41],"tags":[213],"class_list":["post-6215","post","type-post","status-publish","format-gallery","has-post-thumbnail","hentry","category-italy","category-painting","tag-1100-tr","post_format-post-format-gallery"],"yoast_head":"<!-- This site is optimized with the Yoast SEO plugin v27.4 - https:\/\/yoast.com\/product\/yoast-seo-wordpress\/ -->\n<title>Terre de feu et d&#039;oubli - Val\u00e9rie LE MEUR<\/title>\n<meta name=\"description\" content=\"Val\u00e9rie LE MEUR Terre de feu et d&#039;oubli Tableau -\" \/>\n<meta name=\"robots\" content=\"index, follow, max-snippet:-1, max-image-preview:large, max-video-preview:-1\" \/>\n<link rel=\"canonical\" href=\"https:\/\/www.valerielemeur.com\/en\/terre-de-feu-et-doubli\/\" \/>\n<meta property=\"og:locale\" content=\"en_GB\" \/>\n<meta property=\"og:type\" content=\"article\" \/>\n<meta property=\"og:title\" content=\"Terre de feu et d&#039;oubli - Val\u00e9rie LE MEUR\" \/>\n<meta property=\"og:description\" content=\"Val\u00e9rie LE MEUR Terre de feu et d&#039;oubli Tableau -\" \/>\n<meta property=\"og:url\" content=\"https:\/\/www.valerielemeur.com\/en\/terre-de-feu-et-doubli\/\" \/>\n<meta property=\"og:site_name\" content=\"Val\u00e9rie LE MEUR\" \/>\n<meta property=\"article:published_time\" content=\"2025-03-28T09:42:50+00:00\" \/>\n<meta property=\"article:modified_time\" content=\"2025-07-20T11:55:58+00:00\" \/>\n<meta property=\"og:image\" content=\"https:\/\/www.valerielemeur.com\/wp-content\/uploads\/2025\/03\/Terre-de-feu-et-doubli-1-scaled.jpg\" \/>\n\t<meta property=\"og:image:width\" content=\"2560\" \/>\n\t<meta property=\"og:image:height\" content=\"2066\" \/>\n\t<meta property=\"og:image:type\" content=\"image\/jpeg\" \/>\n<meta name=\"author\" content=\"VLM\" \/>\n<meta name=\"twitter:card\" content=\"summary_large_image\" \/>\n<meta name=\"twitter:label1\" content=\"Written by\" \/>\n\t<meta name=\"twitter:data1\" content=\"VLM\" \/>\n\t<meta name=\"twitter:label2\" content=\"Estimated reading time\" \/>\n\t<meta name=\"twitter:data2\" content=\"4 minutes\" \/>\n<script type=\"application\/ld+json\" class=\"yoast-schema-graph\">{\"@context\":\"https:\\\/\\\/schema.org\",\"@graph\":[{\"@type\":\"Article\",\"@id\":\"https:\\\/\\\/www.valerielemeur.com\\\/terre-de-feu-et-doubli\\\/#article\",\"isPartOf\":{\"@id\":\"https:\\\/\\\/www.valerielemeur.com\\\/terre-de-feu-et-doubli\\\/\"},\"author\":{\"name\":\"VLM\",\"@id\":\"https:\\\/\\\/www.valerielemeur.com\\\/#\\\/schema\\\/person\\\/988a7c5b4614f08d4a29788db12b10bb\"},\"headline\":\"Terre de feu et d&rsquo;oubli\",\"datePublished\":\"2025-03-28T09:42:50+00:00\",\"dateModified\":\"2025-07-20T11:55:58+00:00\",\"mainEntityOfPage\":{\"@id\":\"https:\\\/\\\/www.valerielemeur.com\\\/terre-de-feu-et-doubli\\\/\"},\"wordCount\":747,\"publisher\":{\"@id\":\"https:\\\/\\\/www.valerielemeur.com\\\/#organization\"},\"image\":{\"@id\":\"https:\\\/\\\/www.valerielemeur.com\\\/terre-de-feu-et-doubli\\\/#primaryimage\"},\"thumbnailUrl\":\"https:\\\/\\\/www.valerielemeur.com\\\/wp-content\\\/uploads\\\/2025\\\/03\\\/Terre-de-feu-et-doubli-1-scaled.jpg\",\"keywords\":[\"1100 +tr\"],\"articleSection\":[\"Italie\",\"Tableau\"],\"inLanguage\":\"en-GB\"},{\"@type\":\"WebPage\",\"@id\":\"https:\\\/\\\/www.valerielemeur.com\\\/terre-de-feu-et-doubli\\\/\",\"url\":\"https:\\\/\\\/www.valerielemeur.com\\\/terre-de-feu-et-doubli\\\/\",\"name\":\"Terre de feu et d'oubli - Val\u00e9rie LE MEUR\",\"isPartOf\":{\"@id\":\"https:\\\/\\\/www.valerielemeur.com\\\/#website\"},\"primaryImageOfPage\":{\"@id\":\"https:\\\/\\\/www.valerielemeur.com\\\/terre-de-feu-et-doubli\\\/#primaryimage\"},\"image\":{\"@id\":\"https:\\\/\\\/www.valerielemeur.com\\\/terre-de-feu-et-doubli\\\/#primaryimage\"},\"thumbnailUrl\":\"https:\\\/\\\/www.valerielemeur.com\\\/wp-content\\\/uploads\\\/2025\\\/03\\\/Terre-de-feu-et-doubli-1-scaled.jpg\",\"datePublished\":\"2025-03-28T09:42:50+00:00\",\"dateModified\":\"2025-07-20T11:55:58+00:00\",\"description\":\"Val\u00e9rie LE MEUR Terre de feu et d'oubli Tableau -\",\"breadcrumb\":{\"@id\":\"https:\\\/\\\/www.valerielemeur.com\\\/terre-de-feu-et-doubli\\\/#breadcrumb\"},\"inLanguage\":\"en-GB\",\"potentialAction\":[{\"@type\":\"ReadAction\",\"target\":[\"https:\\\/\\\/www.valerielemeur.com\\\/terre-de-feu-et-doubli\\\/\"]}]},{\"@type\":\"ImageObject\",\"inLanguage\":\"en-GB\",\"@id\":\"https:\\\/\\\/www.valerielemeur.com\\\/terre-de-feu-et-doubli\\\/#primaryimage\",\"url\":\"https:\\\/\\\/www.valerielemeur.com\\\/wp-content\\\/uploads\\\/2025\\\/03\\\/Terre-de-feu-et-doubli-1-scaled.jpg\",\"contentUrl\":\"https:\\\/\\\/www.valerielemeur.com\\\/wp-content\\\/uploads\\\/2025\\\/03\\\/Terre-de-feu-et-doubli-1-scaled.jpg\",\"width\":2560,\"height\":2066},{\"@type\":\"BreadcrumbList\",\"@id\":\"https:\\\/\\\/www.valerielemeur.com\\\/terre-de-feu-et-doubli\\\/#breadcrumb\",\"itemListElement\":[{\"@type\":\"ListItem\",\"position\":1,\"name\":\"Accueil\",\"item\":\"https:\\\/\\\/www.valerielemeur.com\\\/\"},{\"@type\":\"ListItem\",\"position\":2,\"name\":\"Terre de feu et d&rsquo;oubli\"}]},{\"@type\":\"WebSite\",\"@id\":\"https:\\\/\\\/www.valerielemeur.com\\\/#website\",\"url\":\"https:\\\/\\\/www.valerielemeur.com\\\/\",\"name\":\"Val\u00e9rie LE MEUR\",\"description\":\"Artiste Peintre\",\"publisher\":{\"@id\":\"https:\\\/\\\/www.valerielemeur.com\\\/#organization\"},\"potentialAction\":[{\"@type\":\"SearchAction\",\"target\":{\"@type\":\"EntryPoint\",\"urlTemplate\":\"https:\\\/\\\/www.valerielemeur.com\\\/?s={search_term_string}\"},\"query-input\":{\"@type\":\"PropertyValueSpecification\",\"valueRequired\":true,\"valueName\":\"search_term_string\"}}],\"inLanguage\":\"en-GB\"},{\"@type\":\"Organization\",\"@id\":\"https:\\\/\\\/www.valerielemeur.com\\\/#organization\",\"name\":\"valerie le meur\",\"url\":\"https:\\\/\\\/www.valerielemeur.com\\\/\",\"logo\":{\"@type\":\"ImageObject\",\"inLanguage\":\"en-GB\",\"@id\":\"https:\\\/\\\/www.valerielemeur.com\\\/#\\\/schema\\\/logo\\\/image\\\/\",\"url\":\"https:\\\/\\\/www.valerielemeur.com\\\/wp-content\\\/uploads\\\/2020\\\/07\\\/photo-CV-sun.jpg\",\"contentUrl\":\"https:\\\/\\\/www.valerielemeur.com\\\/wp-content\\\/uploads\\\/2020\\\/07\\\/photo-CV-sun.jpg\",\"width\":2373,\"height\":2373,\"caption\":\"valerie le meur\"},\"image\":{\"@id\":\"https:\\\/\\\/www.valerielemeur.com\\\/#\\\/schema\\\/logo\\\/image\\\/\"}},{\"@type\":\"Person\",\"@id\":\"https:\\\/\\\/www.valerielemeur.com\\\/#\\\/schema\\\/person\\\/988a7c5b4614f08d4a29788db12b10bb\",\"name\":\"VLM\",\"image\":{\"@type\":\"ImageObject\",\"inLanguage\":\"en-GB\",\"@id\":\"https:\\\/\\\/secure.gravatar.com\\\/avatar\\\/5d623c2f60da6da613f8db4cef8422938a352a814a1ad2edc307f53256aa32c2?s=96&d=mm&r=g\",\"url\":\"https:\\\/\\\/secure.gravatar.com\\\/avatar\\\/5d623c2f60da6da613f8db4cef8422938a352a814a1ad2edc307f53256aa32c2?s=96&d=mm&r=g\",\"contentUrl\":\"https:\\\/\\\/secure.gravatar.com\\\/avatar\\\/5d623c2f60da6da613f8db4cef8422938a352a814a1ad2edc307f53256aa32c2?s=96&d=mm&r=g\",\"caption\":\"VLM\"},\"sameAs\":[\"https:\\\/\\\/www.valerielemeur.com\"],\"url\":\"https:\\\/\\\/www.valerielemeur.com\\\/en\\\/author\\\/vlm\\\/\"}]}<\/script>\n<!-- \/ Yoast SEO plugin. -->","yoast_head_json":{"title":"Terre de feu et d'oubli - Val\u00e9rie LE MEUR","description":"Val\u00e9rie LE MEUR Terre de feu et d'oubli Tableau -","robots":{"index":"index","follow":"follow","max-snippet":"max-snippet:-1","max-image-preview":"max-image-preview:large","max-video-preview":"max-video-preview:-1"},"canonical":"https:\/\/www.valerielemeur.com\/en\/terre-de-feu-et-doubli\/","og_locale":"en_GB","og_type":"article","og_title":"Terre de feu et d'oubli - Val\u00e9rie LE MEUR","og_description":"Val\u00e9rie LE MEUR Terre de feu et d'oubli Tableau -","og_url":"https:\/\/www.valerielemeur.com\/en\/terre-de-feu-et-doubli\/","og_site_name":"Val\u00e9rie LE MEUR","article_published_time":"2025-03-28T09:42:50+00:00","article_modified_time":"2025-07-20T11:55:58+00:00","og_image":[{"width":2560,"height":2066,"url":"https:\/\/www.valerielemeur.com\/wp-content\/uploads\/2025\/03\/Terre-de-feu-et-doubli-1-scaled.jpg","type":"image\/jpeg"}],"author":"VLM","twitter_card":"summary_large_image","twitter_misc":{"Written by":"VLM","Estimated reading time":"4 minutes"},"schema":{"@context":"https:\/\/schema.org","@graph":[{"@type":"Article","@id":"https:\/\/www.valerielemeur.com\/terre-de-feu-et-doubli\/#article","isPartOf":{"@id":"https:\/\/www.valerielemeur.com\/terre-de-feu-et-doubli\/"},"author":{"name":"VLM","@id":"https:\/\/www.valerielemeur.com\/#\/schema\/person\/988a7c5b4614f08d4a29788db12b10bb"},"headline":"Terre de feu et d&rsquo;oubli","datePublished":"2025-03-28T09:42:50+00:00","dateModified":"2025-07-20T11:55:58+00:00","mainEntityOfPage":{"@id":"https:\/\/www.valerielemeur.com\/terre-de-feu-et-doubli\/"},"wordCount":747,"publisher":{"@id":"https:\/\/www.valerielemeur.com\/#organization"},"image":{"@id":"https:\/\/www.valerielemeur.com\/terre-de-feu-et-doubli\/#primaryimage"},"thumbnailUrl":"https:\/\/www.valerielemeur.com\/wp-content\/uploads\/2025\/03\/Terre-de-feu-et-doubli-1-scaled.jpg","keywords":["1100 +tr"],"articleSection":["Italie","Tableau"],"inLanguage":"en-GB"},{"@type":"WebPage","@id":"https:\/\/www.valerielemeur.com\/terre-de-feu-et-doubli\/","url":"https:\/\/www.valerielemeur.com\/terre-de-feu-et-doubli\/","name":"Terre de feu et d'oubli - Val\u00e9rie LE MEUR","isPartOf":{"@id":"https:\/\/www.valerielemeur.com\/#website"},"primaryImageOfPage":{"@id":"https:\/\/www.valerielemeur.com\/terre-de-feu-et-doubli\/#primaryimage"},"image":{"@id":"https:\/\/www.valerielemeur.com\/terre-de-feu-et-doubli\/#primaryimage"},"thumbnailUrl":"https:\/\/www.valerielemeur.com\/wp-content\/uploads\/2025\/03\/Terre-de-feu-et-doubli-1-scaled.jpg","datePublished":"2025-03-28T09:42:50+00:00","dateModified":"2025-07-20T11:55:58+00:00","description":"Val\u00e9rie LE MEUR Terre de feu et d'oubli Tableau -","breadcrumb":{"@id":"https:\/\/www.valerielemeur.com\/terre-de-feu-et-doubli\/#breadcrumb"},"inLanguage":"en-GB","potentialAction":[{"@type":"ReadAction","target":["https:\/\/www.valerielemeur.com\/terre-de-feu-et-doubli\/"]}]},{"@type":"ImageObject","inLanguage":"en-GB","@id":"https:\/\/www.valerielemeur.com\/terre-de-feu-et-doubli\/#primaryimage","url":"https:\/\/www.valerielemeur.com\/wp-content\/uploads\/2025\/03\/Terre-de-feu-et-doubli-1-scaled.jpg","contentUrl":"https:\/\/www.valerielemeur.com\/wp-content\/uploads\/2025\/03\/Terre-de-feu-et-doubli-1-scaled.jpg","width":2560,"height":2066},{"@type":"BreadcrumbList","@id":"https:\/\/www.valerielemeur.com\/terre-de-feu-et-doubli\/#breadcrumb","itemListElement":[{"@type":"ListItem","position":1,"name":"Accueil","item":"https:\/\/www.valerielemeur.com\/"},{"@type":"ListItem","position":2,"name":"Terre de feu et d&rsquo;oubli"}]},{"@type":"WebSite","@id":"https:\/\/www.valerielemeur.com\/#website","url":"https:\/\/www.valerielemeur.com\/","name":"Val\u00e9rie LE MEUR","description":"Painter","publisher":{"@id":"https:\/\/www.valerielemeur.com\/#organization"},"potentialAction":[{"@type":"SearchAction","target":{"@type":"EntryPoint","urlTemplate":"https:\/\/www.valerielemeur.com\/?s={search_term_string}"},"query-input":{"@type":"PropertyValueSpecification","valueRequired":true,"valueName":"search_term_string"}}],"inLanguage":"en-GB"},{"@type":"Organization","@id":"https:\/\/www.valerielemeur.com\/#organization","name":"valerie le meur","url":"https:\/\/www.valerielemeur.com\/","logo":{"@type":"ImageObject","inLanguage":"en-GB","@id":"https:\/\/www.valerielemeur.com\/#\/schema\/logo\/image\/","url":"https:\/\/www.valerielemeur.com\/wp-content\/uploads\/2020\/07\/photo-CV-sun.jpg","contentUrl":"https:\/\/www.valerielemeur.com\/wp-content\/uploads\/2020\/07\/photo-CV-sun.jpg","width":2373,"height":2373,"caption":"valerie le meur"},"image":{"@id":"https:\/\/www.valerielemeur.com\/#\/schema\/logo\/image\/"}},{"@type":"Person","@id":"https:\/\/www.valerielemeur.com\/#\/schema\/person\/988a7c5b4614f08d4a29788db12b10bb","name":"VLM","image":{"@type":"ImageObject","inLanguage":"en-GB","@id":"https:\/\/secure.gravatar.com\/avatar\/5d623c2f60da6da613f8db4cef8422938a352a814a1ad2edc307f53256aa32c2?s=96&d=mm&r=g","url":"https:\/\/secure.gravatar.com\/avatar\/5d623c2f60da6da613f8db4cef8422938a352a814a1ad2edc307f53256aa32c2?s=96&d=mm&r=g","contentUrl":"https:\/\/secure.gravatar.com\/avatar\/5d623c2f60da6da613f8db4cef8422938a352a814a1ad2edc307f53256aa32c2?s=96&d=mm&r=g","caption":"VLM"},"sameAs":["https:\/\/www.valerielemeur.com"],"url":"https:\/\/www.valerielemeur.com\/en\/author\/vlm\/"}]}},"jetpack_featured_media_url":"https:\/\/www.valerielemeur.com\/wp-content\/uploads\/2025\/03\/Terre-de-feu-et-doubli-1-scaled.jpg","uagb_featured_image_src":{"full":["https:\/\/www.valerielemeur.com\/wp-content\/uploads\/2025\/03\/Terre-de-feu-et-doubli-1-scaled.jpg",2560,2066,false],"thumbnail":["https:\/\/www.valerielemeur.com\/wp-content\/uploads\/2025\/03\/Terre-de-feu-et-doubli-1-150x150.jpg",150,150,true],"medium":["https:\/\/www.valerielemeur.com\/wp-content\/uploads\/2025\/03\/Terre-de-feu-et-doubli-1-300x242.jpg",300,242,true],"medium_large":["https:\/\/www.valerielemeur.com\/wp-content\/uploads\/2025\/03\/Terre-de-feu-et-doubli-1-768x620.jpg",768,620,true],"large":["https:\/\/www.valerielemeur.com\/wp-content\/uploads\/2025\/03\/Terre-de-feu-et-doubli-1-1024x826.jpg",1024,826,true],"1536x1536":["https:\/\/www.valerielemeur.com\/wp-content\/uploads\/2025\/03\/Terre-de-feu-et-doubli-1-1536x1240.jpg",1536,1240,true],"2048x2048":["https:\/\/www.valerielemeur.com\/wp-content\/uploads\/2025\/03\/Terre-de-feu-et-doubli-1-2048x1653.jpg",2048,1653,true],"trp-custom-language-flag":["https:\/\/www.valerielemeur.com\/wp-content\/uploads\/2025\/03\/Terre-de-feu-et-doubli-1-15x12.jpg",15,12,true]},"uagb_author_info":{"display_name":"VLM","author_link":"https:\/\/www.valerielemeur.com\/en\/author\/vlm\/"},"uagb_comment_info":0,"uagb_excerpt":"Acrylique sur toile de lin \/ch\u00e2ssis bois : 80\/100\/2 cm: 2025 Sicile: Italie; l&rsquo;Etna Le ciel est bleu, mais pas tout \u00e0 fait bleu&nbsp;; Le tableau est color\u00e9, mais pas tout \u00e0 fait gai&nbsp;; Ce tableau \u00e9voque une sc\u00e8ne rurale baign\u00e9e de contrastes saisissants, o\u00f9 la rudesse du paysage rencontre une lumi\u00e8re vibrante et dramatique.&hellip;","jetpack_sharing_enabled":true,"_links":{"self":[{"href":"https:\/\/www.valerielemeur.com\/en\/wp-json\/wp\/v2\/posts\/6215","targetHints":{"allow":["GET"]}}],"collection":[{"href":"https:\/\/www.valerielemeur.com\/en\/wp-json\/wp\/v2\/posts"}],"about":[{"href":"https:\/\/www.valerielemeur.com\/en\/wp-json\/wp\/v2\/types\/post"}],"author":[{"embeddable":true,"href":"https:\/\/www.valerielemeur.com\/en\/wp-json\/wp\/v2\/users\/1"}],"replies":[{"embeddable":true,"href":"https:\/\/www.valerielemeur.com\/en\/wp-json\/wp\/v2\/comments?post=6215"}],"version-history":[{"count":3,"href":"https:\/\/www.valerielemeur.com\/en\/wp-json\/wp\/v2\/posts\/6215\/revisions"}],"predecessor-version":[{"id":6346,"href":"https:\/\/www.valerielemeur.com\/en\/wp-json\/wp\/v2\/posts\/6215\/revisions\/6346"}],"wp:featuredmedia":[{"embeddable":true,"href":"https:\/\/www.valerielemeur.com\/en\/wp-json\/wp\/v2\/media\/6217"}],"wp:attachment":[{"href":"https:\/\/www.valerielemeur.com\/en\/wp-json\/wp\/v2\/media?parent=6215"}],"wp:term":[{"taxonomy":"category","embeddable":true,"href":"https:\/\/www.valerielemeur.com\/en\/wp-json\/wp\/v2\/categories?post=6215"},{"taxonomy":"post_tag","embeddable":true,"href":"https:\/\/www.valerielemeur.com\/en\/wp-json\/wp\/v2\/tags?post=6215"}],"curies":[{"name":"wp","href":"https:\/\/api.w.org\/{rel}","templated":true}]}}