{"id":6554,"date":"2025-12-14T09:35:02","date_gmt":"2025-12-14T09:35:02","guid":{"rendered":"https:\/\/www.valerielemeur.com\/?p=6554"},"modified":"2026-02-09T08:47:05","modified_gmt":"2026-02-09T08:47:05","slug":"dans-ma-cour-2","status":"publish","type":"post","link":"https:\/\/www.valerielemeur.com\/en\/dans-ma-cour-2\/","title":{"rendered":"Dans ma cour -2&#8211; collection personnelle"},"content":{"rendered":"<div class=\"wp-block-uagb-image uagb-block-ecff1ec0 wp-block-uagb-image--layout-default wp-block-uagb-image--effect-static wp-block-uagb-image--align-none\"><figure class=\"wp-block-uagb-image__figure\"><img decoding=\"async\" srcset=\"https:\/\/www.valerielemeur.com\/wp-content\/uploads\/2025\/12\/24-ds-ma-cour-scaled.jpg ,https:\/\/www.valerielemeur.com\/wp-content\/uploads\/2025\/12\/24-ds-ma-cour-scaled.jpg 780w, https:\/\/www.valerielemeur.com\/wp-content\/uploads\/2025\/12\/24-ds-ma-cour-scaled.jpg 360w\" sizes=\"auto, (max-width: 480px) 150px\" src=\"https:\/\/www.valerielemeur.com\/wp-content\/uploads\/2025\/12\/24-ds-ma-cour-scaled.jpg\" alt=\"\" class=\"uag-image-6556\" width=\"2089\" height=\"2560\" title=\"24- ds ma cour\" loading=\"lazy\" role=\"img\"\/><\/figure><\/div>\n\n\n\n<div class=\"wp-block-columns is-layout-flex wp-container-core-columns-is-layout-28f84493 wp-block-columns-is-layout-flex\">\n<div class=\"wp-block-column is-layout-flow wp-block-column-is-layout-flow\">\n<p class=\"has-medium-font-size\">\u00abAcrylique sur toile 60\/73\/2.3cm<\/p>\n<\/div>\n\n\n\n<div class=\"wp-block-column is-layout-flow wp-block-column-is-layout-flow\">\n<p class=\"has-vivid-cyan-blue-color has-text-color has-medium-font-size\">Personnal collection<\/p>\n\n\n\n<p class=\"has-vivid-cyan-blue-color has-text-color has-medium-font-size\">Acrylic painting on Canvas: 60\/73\/2cm<\/p>\n\n\n\n<p class=\"has-vivid-cyan-blue-color has-text-color has-link-color has-medium-font-size wp-elements-1313566407a8b41e64ac2a2add2b23b6\"><\/p>\n<\/div>\n<\/div>\n\n\n\n<div class=\"wp-block-columns is-layout-flex wp-container-core-columns-is-layout-28f84493 wp-block-columns-is-layout-flex\">\n<div class=\"wp-block-column is-layout-flow wp-block-column-is-layout-flow\">\n<p class=\"has-medium-font-size\"><\/p>\n\n\n\n<p class=\"has-medium-font-size\">J\u2019aime le charme de ces vieux immeubles de briques.<\/p>\n\n\n\n<p class=\"has-medium-font-size\">Ils nous racontent tellement d\u2019histoires.<\/p>\n\n\n\n<p class=\"has-medium-font-size\">Celles des petites bonnes qui s\u2019invectivaient par les fen\u00eatres des cuisines au d\u00e9but du XX\u00e8me si\u00e8cle&nbsp;;<\/p>\n\n\n\n<p class=\"has-medium-font-size\">Celles des familles d\u2019ouvriers de l\u2019usine Renault de Billancourt qui s\u2019entassaient dans un deux pi\u00e8ces&nbsp;;<\/p>\n\n\n\n<p class=\"has-medium-font-size\">Celles de ces jeunes couples qui commen\u00e7aient leur vie d\u2019adultes dans un petit studio.<\/p>\n\n\n\n<p class=\"has-medium-font-size\">A la fois lieux de vie et de rencontres, nid, cocon, les immeubles sont les m\u00e9moires de nos villes.<\/p>\n\n\n\n<p class=\"has-medium-font-size\">Les peindre sont pour moi une fa\u00e7on de les rendre immortels, comme les vieilles photos de famille aux couleurs s\u00e9pia qu\u2019on regarde en famille.<\/p>\n\n\n\n<p class=\"has-medium-font-size\">Boulogne-Billancourt&nbsp;; 2025<\/p>\n\n\n\n<p><\/p>\n\n\n\n<p class=\"has-medium-font-size\">&nbsp;<\/p>\n\n\n\n<p class=\"has-medium-font-size\"><\/p>\n\n\n\n<p class=\"has-medium-font-size\"><\/p>\n\n\n\n<p class=\"has-medium-font-size\"><\/p>\n\n\n\n<p class=\"has-medium-font-size\"><\/p>\n\n\n\n<p class=\"has-medium-font-size\"><\/p>\n\n\n\n<p class=\"has-medium-font-size\"><\/p>\n\n\n\n<p class=\"has-medium-font-size\"><\/p>\n\n\n\n<p class=\"has-medium-font-size\"><br><br><\/p>\n\n\n\n<div class=\"wp-block-uagb-image uagb-block-f45b4c6a wp-block-uagb-image--layout-default wp-block-uagb-image--effect-static wp-block-uagb-image--align-none\"><figure class=\"wp-block-uagb-image__figure\"><img decoding=\"async\" srcset=\"https:\/\/www.valerielemeur.com\/wp-content\/uploads\/2025\/12\/from-my-window-London-2-768x1024.jpg ,https:\/\/www.valerielemeur.com\/wp-content\/uploads\/2025\/12\/from-my-window-London-2-scaled.jpg 780w, https:\/\/www.valerielemeur.com\/wp-content\/uploads\/2025\/12\/from-my-window-London-2-scaled.jpg 360w\" sizes=\"auto, (max-width: 480px) 150px\" src=\"https:\/\/www.valerielemeur.com\/wp-content\/uploads\/2025\/12\/from-my-window-London-2-768x1024.jpg\" alt=\"\" class=\"uag-image-6550\" width=\"3060\" height=\"4080\" title=\"from my window -London (2)\" loading=\"lazy\" role=\"img\"\/><\/figure><\/div>\n\n\n\n<p class=\"has-medium-font-size\"><\/p>\n\n\n\n<p class=\"has-medium-font-size\"><\/p>\n\n\n\n<p class=\"has-medium-font-size\"><\/p>\n\n\n\n<p class=\"has-medium-font-size\"><\/p>\n\n\n\n<p class=\"has-medium-font-size\"><\/p>\n\n\n\n<p class=\"has-medium-font-size\"><\/p>\n\n\n\n<p class=\"has-medium-font-size\"><\/p>\n\n\n\n<p class=\"has-medium-font-size\"><\/p>\n\n\n\n<p class=\"has-medium-font-size\"><br><\/p>\n\n\n\n<p class=\"has-medium-font-size\"><\/p>\n\n\n\n<p class=\"has-medium-font-size\"><\/p>\n\n\n\n<p class=\"has-medium-font-size\"><\/p>\n\n\n\n<p class=\"has-medium-font-size\"><\/p>\n\n\n\n<p><\/p>\n\n\n\n<p class=\"has-medium-font-size\"><\/p>\n\n\n\n<p class=\"has-medium-font-size\"> <br><\/p>\n\n\n\n<p class=\"has-medium-font-size\"><\/p>\n<\/div>\n\n\n\n<div class=\"wp-block-column is-layout-flow wp-block-column-is-layout-flow\">\n<p class=\"has-vivid-cyan-blue-color has-text-color has-link-color has-medium-font-size wp-elements-1313566407a8b41e64ac2a2add2b23b6\"><\/p>\n\n\n\n<p class=\"has-vivid-cyan-blue-color has-text-color has-link-color has-medium-font-size wp-elements-1313566407a8b41e64ac2a2add2b23b6\"><\/p>\n\n\n\n<p class=\"has-vivid-cyan-blue-color has-text-color has-link-color has-medium-font-size wp-elements-e35b51b5dddb8a1cc30b99a213efff48\">I love the charm of these old brick buildings.<br>They tell us so many stories.<br>Those of the young maids shouting at each other from the kitchen windows at the beginning of the 20th century;<br>Those of the workers\u2019 families from the Renault factory in Billancourt, squeezed into a two-room flat;<br>Those of the young couples starting their adult lives in a small studio.<\/p>\n\n\n\n<p class=\"has-vivid-cyan-blue-color has-text-color has-link-color has-medium-font-size wp-elements-bb5f04f010b3747269b54a1dc6effbd2\">At once living spaces and places of encounter \u2014 nest, cocoon \u2014 these buildings are the memory keepers of our cities.<br>Painting them is, for me, a way of making them immortal, like old sepia-toned family photographs we look at together.<\/p>\n\n\n\n<p class=\"has-vivid-cyan-blue-color has-text-color has-link-color has-medium-font-size wp-elements-71fc1b5379fb1289e1c2b7d3708c3680\">Boulogne-Billancourt, (Paris&rsquo; outskirt) 2025<\/p>\n\n\n\n<p class=\"has-vivid-cyan-blue-color has-text-color has-link-color has-medium-font-size wp-elements-1313566407a8b41e64ac2a2add2b23b6\"><\/p>\n\n\n\n<p class=\"has-vivid-cyan-blue-color has-text-color has-link-color has-medium-font-size wp-elements-c59ec5851e34da937f2466bd34269bc9\"><br><br><\/p>\n\n\n\n<p class=\"has-vivid-cyan-blue-color has-text-color has-link-color has-medium-font-size wp-elements-1313566407a8b41e64ac2a2add2b23b6\"><\/p>\n\n\n\n<p class=\"has-vivid-cyan-blue-color has-text-color has-link-color has-medium-font-size wp-elements-1313566407a8b41e64ac2a2add2b23b6\"><\/p>\n\n\n\n<p class=\"has-vivid-cyan-blue-color has-text-color has-link-color has-medium-font-size wp-elements-c9aad73d2f63a70ccbd50e9da0f41a27\"><br><\/p>\n\n\n\n<p class=\"has-vivid-cyan-blue-color has-text-color has-medium-font-size\"><\/p>\n\n\n\n<p class=\"has-vivid-cyan-blue-color has-text-color has-medium-font-size\"><\/p>\n\n\n\n<p class=\"has-vivid-cyan-blue-color has-text-color has-medium-font-size\"><br><\/p>\n\n\n\n<p class=\"has-vivid-cyan-blue-color has-text-color has-medium-font-size\"><\/p>\n\n\n\n<p class=\"has-vivid-cyan-blue-color has-text-color has-medium-font-size\"><br><\/p>\n\n\n\n<p class=\"has-vivid-cyan-blue-color has-text-color has-medium-font-size\">.<\/p>\n<\/div>\n<\/div>","protected":false},"excerpt":{"rendered":"<p>\u00abAcrylique sur toile 60\/73\/2.3cm Personnal collection Acrylic painting on Canvas: 60\/73\/2cm J\u2019aime le charme de ces vieux immeubles de briques. Ils nous racontent tellement d\u2019histoires. Celles des petites bonnes qui s\u2019invectivaient par les fen\u00eatres des cuisines au d\u00e9but du XX\u00e8me si\u00e8cle&nbsp;; Celles des familles d\u2019ouvriers de l\u2019usine Renault de Billancourt qui s\u2019entassaient dans un deux [&hellip;]<\/p>\n","protected":false},"author":1,"featured_media":6556,"comment_status":"closed","ping_status":"closed","sticky":false,"template":"","format":"gallery","meta":{"_uag_custom_page_level_css":"","site-sidebar-layout":"default","site-content-layout":null,"ast-site-content-layout":"default","site-content-style":"default","site-sidebar-style":"default","ast-global-header-display":"","ast-banner-title-visibility":"","ast-main-header-display":"disabled","ast-hfb-above-header-display":null,"ast-hfb-below-header-display":null,"ast-hfb-mobile-header-display":null,"site-post-title":"enabled","ast-breadcrumbs-content":"enabled","ast-featured-img":"disabled","footer-sml-layout":"enabled","ast-disable-related-posts":"","theme-transparent-header-meta":"enabled","adv-header-id-meta":null,"stick-header-meta":null,"header-above-stick-meta":null,"header-main-stick-meta":null,"header-below-stick-meta":null,"astra-migrate-meta-layouts":"set","ast-page-background-enabled":"default","ast-page-background-meta":{"desktop":{"background-color":"","background-image":"","background-repeat":"repeat","background-position":"center center","background-size":"auto","background-attachment":"scroll","background-type":"","background-media":"","overlay-type":"","overlay-color":"","overlay-opacity":"","overlay-gradient":""},"tablet":{"background-color":"","background-image":"","background-repeat":"repeat","background-position":"center center","background-size":"auto","background-attachment":"scroll","background-type":"","background-media":"","overlay-type":"","overlay-color":"","overlay-opacity":"","overlay-gradient":""},"mobile":{"background-color":"","background-image":"","background-repeat":"repeat","background-position":"center center","background-size":"auto","background-attachment":"scroll","background-type":"","background-media":"","overlay-type":"","overlay-color":"","overlay-opacity":"","overlay-gradient":""}},"ast-content-background-meta":{"desktop":{"background-color":"var(--ast-global-color-5)","background-image":"","background-repeat":"repeat","background-position":"center center","background-size":"auto","background-attachment":"scroll","background-type":"","background-media":"","overlay-type":"","overlay-color":"","overlay-opacity":"","overlay-gradient":""},"tablet":{"background-color":"var(--ast-global-color-5)","background-image":"","background-repeat":"repeat","background-position":"center center","background-size":"auto","background-attachment":"scroll","background-type":"","background-media":"","overlay-type":"","overlay-color":"","overlay-opacity":"","overlay-gradient":""},"mobile":{"background-color":"var(--ast-global-color-5)","background-image":"","background-repeat":"repeat","background-position":"center center","background-size":"auto","background-attachment":"scroll","background-type":"","background-media":"","overlay-type":"","overlay-color":"","overlay-opacity":"","overlay-gradient":""}},"_jetpack_memberships_contains_paid_content":false,"footnotes":""},"categories":[45,41],"tags":[],"class_list":["post-6554","post","type-post","status-publish","format-gallery","has-post-thumbnail","hentry","category-paris","category-painting","post_format-post-format-gallery"],"yoast_head":"<!-- This site is optimized with the Yoast SEO plugin v27.4 - https:\/\/yoast.com\/product\/yoast-seo-wordpress\/ -->\n<title>Dans ma cour -2- collection personnelle - Val\u00e9rie LE MEUR<\/title>\n<meta name=\"description\" content=\"Val\u00e9rie LE MEUR Dans ma cour -2- collection personnelle Tableau -\" \/>\n<meta name=\"robots\" content=\"index, follow, max-snippet:-1, max-image-preview:large, max-video-preview:-1\" \/>\n<link rel=\"canonical\" href=\"https:\/\/www.valerielemeur.com\/en\/dans-ma-cour-2\/\" \/>\n<meta property=\"og:locale\" content=\"en_GB\" \/>\n<meta property=\"og:type\" content=\"article\" \/>\n<meta property=\"og:title\" content=\"Dans ma cour -2- collection personnelle - Val\u00e9rie LE MEUR\" \/>\n<meta property=\"og:description\" content=\"Val\u00e9rie LE MEUR Dans ma cour -2- collection personnelle Tableau -\" \/>\n<meta property=\"og:url\" content=\"https:\/\/www.valerielemeur.com\/en\/dans-ma-cour-2\/\" \/>\n<meta property=\"og:site_name\" content=\"Val\u00e9rie LE MEUR\" \/>\n<meta property=\"article:published_time\" content=\"2025-12-14T09:35:02+00:00\" \/>\n<meta property=\"article:modified_time\" content=\"2026-02-09T08:47:05+00:00\" \/>\n<meta property=\"og:image\" content=\"https:\/\/www.valerielemeur.com\/wp-content\/uploads\/2025\/12\/24-ds-ma-cour-scaled.jpg\" \/>\n\t<meta property=\"og:image:width\" content=\"2089\" \/>\n\t<meta property=\"og:image:height\" content=\"2560\" \/>\n\t<meta property=\"og:image:type\" content=\"image\/jpeg\" \/>\n<meta name=\"author\" content=\"VLM\" \/>\n<meta name=\"twitter:card\" content=\"summary_large_image\" \/>\n<meta name=\"twitter:label1\" content=\"Written by\" \/>\n\t<meta name=\"twitter:data1\" content=\"VLM\" \/>\n\t<meta name=\"twitter:label2\" content=\"Estimated reading time\" \/>\n\t<meta name=\"twitter:data2\" content=\"2 minutes\" \/>\n<script type=\"application\/ld+json\" class=\"yoast-schema-graph\">{\"@context\":\"https:\\\/\\\/schema.org\",\"@graph\":[{\"@type\":\"Article\",\"@id\":\"https:\\\/\\\/www.valerielemeur.com\\\/dans-ma-cour-2\\\/#article\",\"isPartOf\":{\"@id\":\"https:\\\/\\\/www.valerielemeur.com\\\/dans-ma-cour-2\\\/\"},\"author\":{\"name\":\"VLM\",\"@id\":\"https:\\\/\\\/www.valerielemeur.com\\\/#\\\/schema\\\/person\\\/988a7c5b4614f08d4a29788db12b10bb\"},\"headline\":\"Dans ma cour -2&#8211; collection personnelle\",\"datePublished\":\"2025-12-14T09:35:02+00:00\",\"dateModified\":\"2026-02-09T08:47:05+00:00\",\"mainEntityOfPage\":{\"@id\":\"https:\\\/\\\/www.valerielemeur.com\\\/dans-ma-cour-2\\\/\"},\"wordCount\":248,\"publisher\":{\"@id\":\"https:\\\/\\\/www.valerielemeur.com\\\/#organization\"},\"image\":{\"@id\":\"https:\\\/\\\/www.valerielemeur.com\\\/dans-ma-cour-2\\\/#primaryimage\"},\"thumbnailUrl\":\"https:\\\/\\\/www.valerielemeur.com\\\/wp-content\\\/uploads\\\/2025\\\/12\\\/24-ds-ma-cour-scaled.jpg\",\"articleSection\":[\"Paris\",\"Tableau\"],\"inLanguage\":\"en-GB\"},{\"@type\":\"WebPage\",\"@id\":\"https:\\\/\\\/www.valerielemeur.com\\\/dans-ma-cour-2\\\/\",\"url\":\"https:\\\/\\\/www.valerielemeur.com\\\/dans-ma-cour-2\\\/\",\"name\":\"Dans ma cour -2- collection personnelle - Val\u00e9rie LE MEUR\",\"isPartOf\":{\"@id\":\"https:\\\/\\\/www.valerielemeur.com\\\/#website\"},\"primaryImageOfPage\":{\"@id\":\"https:\\\/\\\/www.valerielemeur.com\\\/dans-ma-cour-2\\\/#primaryimage\"},\"image\":{\"@id\":\"https:\\\/\\\/www.valerielemeur.com\\\/dans-ma-cour-2\\\/#primaryimage\"},\"thumbnailUrl\":\"https:\\\/\\\/www.valerielemeur.com\\\/wp-content\\\/uploads\\\/2025\\\/12\\\/24-ds-ma-cour-scaled.jpg\",\"datePublished\":\"2025-12-14T09:35:02+00:00\",\"dateModified\":\"2026-02-09T08:47:05+00:00\",\"description\":\"Val\u00e9rie LE MEUR Dans ma cour -2- collection personnelle Tableau -\",\"breadcrumb\":{\"@id\":\"https:\\\/\\\/www.valerielemeur.com\\\/dans-ma-cour-2\\\/#breadcrumb\"},\"inLanguage\":\"en-GB\",\"potentialAction\":[{\"@type\":\"ReadAction\",\"target\":[\"https:\\\/\\\/www.valerielemeur.com\\\/dans-ma-cour-2\\\/\"]}]},{\"@type\":\"ImageObject\",\"inLanguage\":\"en-GB\",\"@id\":\"https:\\\/\\\/www.valerielemeur.com\\\/dans-ma-cour-2\\\/#primaryimage\",\"url\":\"https:\\\/\\\/www.valerielemeur.com\\\/wp-content\\\/uploads\\\/2025\\\/12\\\/24-ds-ma-cour-scaled.jpg\",\"contentUrl\":\"https:\\\/\\\/www.valerielemeur.com\\\/wp-content\\\/uploads\\\/2025\\\/12\\\/24-ds-ma-cour-scaled.jpg\",\"width\":2089,\"height\":2560},{\"@type\":\"BreadcrumbList\",\"@id\":\"https:\\\/\\\/www.valerielemeur.com\\\/dans-ma-cour-2\\\/#breadcrumb\",\"itemListElement\":[{\"@type\":\"ListItem\",\"position\":1,\"name\":\"Accueil\",\"item\":\"https:\\\/\\\/www.valerielemeur.com\\\/\"},{\"@type\":\"ListItem\",\"position\":2,\"name\":\"Dans ma cour -2&#8211; collection personnelle\"}]},{\"@type\":\"WebSite\",\"@id\":\"https:\\\/\\\/www.valerielemeur.com\\\/#website\",\"url\":\"https:\\\/\\\/www.valerielemeur.com\\\/\",\"name\":\"Val\u00e9rie LE MEUR\",\"description\":\"Artiste Peintre\",\"publisher\":{\"@id\":\"https:\\\/\\\/www.valerielemeur.com\\\/#organization\"},\"potentialAction\":[{\"@type\":\"SearchAction\",\"target\":{\"@type\":\"EntryPoint\",\"urlTemplate\":\"https:\\\/\\\/www.valerielemeur.com\\\/?s={search_term_string}\"},\"query-input\":{\"@type\":\"PropertyValueSpecification\",\"valueRequired\":true,\"valueName\":\"search_term_string\"}}],\"inLanguage\":\"en-GB\"},{\"@type\":\"Organization\",\"@id\":\"https:\\\/\\\/www.valerielemeur.com\\\/#organization\",\"name\":\"valerie le meur\",\"url\":\"https:\\\/\\\/www.valerielemeur.com\\\/\",\"logo\":{\"@type\":\"ImageObject\",\"inLanguage\":\"en-GB\",\"@id\":\"https:\\\/\\\/www.valerielemeur.com\\\/#\\\/schema\\\/logo\\\/image\\\/\",\"url\":\"https:\\\/\\\/www.valerielemeur.com\\\/wp-content\\\/uploads\\\/2020\\\/07\\\/photo-CV-sun.jpg\",\"contentUrl\":\"https:\\\/\\\/www.valerielemeur.com\\\/wp-content\\\/uploads\\\/2020\\\/07\\\/photo-CV-sun.jpg\",\"width\":2373,\"height\":2373,\"caption\":\"valerie le meur\"},\"image\":{\"@id\":\"https:\\\/\\\/www.valerielemeur.com\\\/#\\\/schema\\\/logo\\\/image\\\/\"}},{\"@type\":\"Person\",\"@id\":\"https:\\\/\\\/www.valerielemeur.com\\\/#\\\/schema\\\/person\\\/988a7c5b4614f08d4a29788db12b10bb\",\"name\":\"VLM\",\"image\":{\"@type\":\"ImageObject\",\"inLanguage\":\"en-GB\",\"@id\":\"https:\\\/\\\/secure.gravatar.com\\\/avatar\\\/5d623c2f60da6da613f8db4cef8422938a352a814a1ad2edc307f53256aa32c2?s=96&d=mm&r=g\",\"url\":\"https:\\\/\\\/secure.gravatar.com\\\/avatar\\\/5d623c2f60da6da613f8db4cef8422938a352a814a1ad2edc307f53256aa32c2?s=96&d=mm&r=g\",\"contentUrl\":\"https:\\\/\\\/secure.gravatar.com\\\/avatar\\\/5d623c2f60da6da613f8db4cef8422938a352a814a1ad2edc307f53256aa32c2?s=96&d=mm&r=g\",\"caption\":\"VLM\"},\"sameAs\":[\"https:\\\/\\\/www.valerielemeur.com\"],\"url\":\"https:\\\/\\\/www.valerielemeur.com\\\/en\\\/author\\\/vlm\\\/\"}]}<\/script>\n<!-- \/ Yoast SEO plugin. -->","yoast_head_json":{"title":"Dans ma cour -2- collection personnelle - Val\u00e9rie LE MEUR","description":"Val\u00e9rie LE MEUR Dans ma cour -2- collection personnelle Tableau -","robots":{"index":"index","follow":"follow","max-snippet":"max-snippet:-1","max-image-preview":"max-image-preview:large","max-video-preview":"max-video-preview:-1"},"canonical":"https:\/\/www.valerielemeur.com\/en\/dans-ma-cour-2\/","og_locale":"en_GB","og_type":"article","og_title":"Dans ma cour -2- collection personnelle - Val\u00e9rie LE MEUR","og_description":"Val\u00e9rie LE MEUR Dans ma cour -2- collection personnelle Tableau -","og_url":"https:\/\/www.valerielemeur.com\/en\/dans-ma-cour-2\/","og_site_name":"Val\u00e9rie LE MEUR","article_published_time":"2025-12-14T09:35:02+00:00","article_modified_time":"2026-02-09T08:47:05+00:00","og_image":[{"width":2089,"height":2560,"url":"https:\/\/www.valerielemeur.com\/wp-content\/uploads\/2025\/12\/24-ds-ma-cour-scaled.jpg","type":"image\/jpeg"}],"author":"VLM","twitter_card":"summary_large_image","twitter_misc":{"Written by":"VLM","Estimated reading time":"2 minutes"},"schema":{"@context":"https:\/\/schema.org","@graph":[{"@type":"Article","@id":"https:\/\/www.valerielemeur.com\/dans-ma-cour-2\/#article","isPartOf":{"@id":"https:\/\/www.valerielemeur.com\/dans-ma-cour-2\/"},"author":{"name":"VLM","@id":"https:\/\/www.valerielemeur.com\/#\/schema\/person\/988a7c5b4614f08d4a29788db12b10bb"},"headline":"Dans ma cour -2&#8211; collection personnelle","datePublished":"2025-12-14T09:35:02+00:00","dateModified":"2026-02-09T08:47:05+00:00","mainEntityOfPage":{"@id":"https:\/\/www.valerielemeur.com\/dans-ma-cour-2\/"},"wordCount":248,"publisher":{"@id":"https:\/\/www.valerielemeur.com\/#organization"},"image":{"@id":"https:\/\/www.valerielemeur.com\/dans-ma-cour-2\/#primaryimage"},"thumbnailUrl":"https:\/\/www.valerielemeur.com\/wp-content\/uploads\/2025\/12\/24-ds-ma-cour-scaled.jpg","articleSection":["Paris","Tableau"],"inLanguage":"en-GB"},{"@type":"WebPage","@id":"https:\/\/www.valerielemeur.com\/dans-ma-cour-2\/","url":"https:\/\/www.valerielemeur.com\/dans-ma-cour-2\/","name":"Dans ma cour -2- collection personnelle - Val\u00e9rie LE MEUR","isPartOf":{"@id":"https:\/\/www.valerielemeur.com\/#website"},"primaryImageOfPage":{"@id":"https:\/\/www.valerielemeur.com\/dans-ma-cour-2\/#primaryimage"},"image":{"@id":"https:\/\/www.valerielemeur.com\/dans-ma-cour-2\/#primaryimage"},"thumbnailUrl":"https:\/\/www.valerielemeur.com\/wp-content\/uploads\/2025\/12\/24-ds-ma-cour-scaled.jpg","datePublished":"2025-12-14T09:35:02+00:00","dateModified":"2026-02-09T08:47:05+00:00","description":"Val\u00e9rie LE MEUR Dans ma cour -2- collection personnelle Tableau -","breadcrumb":{"@id":"https:\/\/www.valerielemeur.com\/dans-ma-cour-2\/#breadcrumb"},"inLanguage":"en-GB","potentialAction":[{"@type":"ReadAction","target":["https:\/\/www.valerielemeur.com\/dans-ma-cour-2\/"]}]},{"@type":"ImageObject","inLanguage":"en-GB","@id":"https:\/\/www.valerielemeur.com\/dans-ma-cour-2\/#primaryimage","url":"https:\/\/www.valerielemeur.com\/wp-content\/uploads\/2025\/12\/24-ds-ma-cour-scaled.jpg","contentUrl":"https:\/\/www.valerielemeur.com\/wp-content\/uploads\/2025\/12\/24-ds-ma-cour-scaled.jpg","width":2089,"height":2560},{"@type":"BreadcrumbList","@id":"https:\/\/www.valerielemeur.com\/dans-ma-cour-2\/#breadcrumb","itemListElement":[{"@type":"ListItem","position":1,"name":"Accueil","item":"https:\/\/www.valerielemeur.com\/"},{"@type":"ListItem","position":2,"name":"Dans ma cour -2&#8211; collection personnelle"}]},{"@type":"WebSite","@id":"https:\/\/www.valerielemeur.com\/#website","url":"https:\/\/www.valerielemeur.com\/","name":"Val\u00e9rie LE MEUR","description":"Painter","publisher":{"@id":"https:\/\/www.valerielemeur.com\/#organization"},"potentialAction":[{"@type":"SearchAction","target":{"@type":"EntryPoint","urlTemplate":"https:\/\/www.valerielemeur.com\/?s={search_term_string}"},"query-input":{"@type":"PropertyValueSpecification","valueRequired":true,"valueName":"search_term_string"}}],"inLanguage":"en-GB"},{"@type":"Organization","@id":"https:\/\/www.valerielemeur.com\/#organization","name":"valerie le meur","url":"https:\/\/www.valerielemeur.com\/","logo":{"@type":"ImageObject","inLanguage":"en-GB","@id":"https:\/\/www.valerielemeur.com\/#\/schema\/logo\/image\/","url":"https:\/\/www.valerielemeur.com\/wp-content\/uploads\/2020\/07\/photo-CV-sun.jpg","contentUrl":"https:\/\/www.valerielemeur.com\/wp-content\/uploads\/2020\/07\/photo-CV-sun.jpg","width":2373,"height":2373,"caption":"valerie le meur"},"image":{"@id":"https:\/\/www.valerielemeur.com\/#\/schema\/logo\/image\/"}},{"@type":"Person","@id":"https:\/\/www.valerielemeur.com\/#\/schema\/person\/988a7c5b4614f08d4a29788db12b10bb","name":"VLM","image":{"@type":"ImageObject","inLanguage":"en-GB","@id":"https:\/\/secure.gravatar.com\/avatar\/5d623c2f60da6da613f8db4cef8422938a352a814a1ad2edc307f53256aa32c2?s=96&d=mm&r=g","url":"https:\/\/secure.gravatar.com\/avatar\/5d623c2f60da6da613f8db4cef8422938a352a814a1ad2edc307f53256aa32c2?s=96&d=mm&r=g","contentUrl":"https:\/\/secure.gravatar.com\/avatar\/5d623c2f60da6da613f8db4cef8422938a352a814a1ad2edc307f53256aa32c2?s=96&d=mm&r=g","caption":"VLM"},"sameAs":["https:\/\/www.valerielemeur.com"],"url":"https:\/\/www.valerielemeur.com\/en\/author\/vlm\/"}]}},"jetpack_featured_media_url":"https:\/\/www.valerielemeur.com\/wp-content\/uploads\/2025\/12\/24-ds-ma-cour-scaled.jpg","uagb_featured_image_src":{"full":["https:\/\/www.valerielemeur.com\/wp-content\/uploads\/2025\/12\/24-ds-ma-cour-scaled.jpg",2089,2560,false],"thumbnail":["https:\/\/www.valerielemeur.com\/wp-content\/uploads\/2025\/12\/24-ds-ma-cour-150x150.jpg",150,150,true],"medium":["https:\/\/www.valerielemeur.com\/wp-content\/uploads\/2025\/12\/24-ds-ma-cour-245x300.jpg",245,300,true],"medium_large":["https:\/\/www.valerielemeur.com\/wp-content\/uploads\/2025\/12\/24-ds-ma-cour-768x941.jpg",768,941,true],"large":["https:\/\/www.valerielemeur.com\/wp-content\/uploads\/2025\/12\/24-ds-ma-cour-835x1024.jpg",835,1024,true],"1536x1536":["https:\/\/www.valerielemeur.com\/wp-content\/uploads\/2025\/12\/24-ds-ma-cour-1253x1536.jpg",1253,1536,true],"2048x2048":["https:\/\/www.valerielemeur.com\/wp-content\/uploads\/2025\/12\/24-ds-ma-cour-1671x2048.jpg",1671,2048,true],"trp-custom-language-flag":["https:\/\/www.valerielemeur.com\/wp-content\/uploads\/2025\/12\/24-ds-ma-cour-10x12.jpg",10,12,true]},"uagb_author_info":{"display_name":"VLM","author_link":"https:\/\/www.valerielemeur.com\/en\/author\/vlm\/"},"uagb_comment_info":0,"uagb_excerpt":"\u00abAcrylique sur toile 60\/73\/2.3cm Personnal collection Acrylic painting on Canvas: 60\/73\/2cm J\u2019aime le charme de ces vieux immeubles de briques. Ils nous racontent tellement d\u2019histoires. Celles des petites bonnes qui s\u2019invectivaient par les fen\u00eatres des cuisines au d\u00e9but du XX\u00e8me si\u00e8cle&nbsp;; Celles des familles d\u2019ouvriers de l\u2019usine Renault de Billancourt qui s\u2019entassaient dans un deux&hellip;","jetpack_sharing_enabled":true,"_links":{"self":[{"href":"https:\/\/www.valerielemeur.com\/en\/wp-json\/wp\/v2\/posts\/6554","targetHints":{"allow":["GET"]}}],"collection":[{"href":"https:\/\/www.valerielemeur.com\/en\/wp-json\/wp\/v2\/posts"}],"about":[{"href":"https:\/\/www.valerielemeur.com\/en\/wp-json\/wp\/v2\/types\/post"}],"author":[{"embeddable":true,"href":"https:\/\/www.valerielemeur.com\/en\/wp-json\/wp\/v2\/users\/1"}],"replies":[{"embeddable":true,"href":"https:\/\/www.valerielemeur.com\/en\/wp-json\/wp\/v2\/comments?post=6554"}],"version-history":[{"count":8,"href":"https:\/\/www.valerielemeur.com\/en\/wp-json\/wp\/v2\/posts\/6554\/revisions"}],"predecessor-version":[{"id":6600,"href":"https:\/\/www.valerielemeur.com\/en\/wp-json\/wp\/v2\/posts\/6554\/revisions\/6600"}],"wp:featuredmedia":[{"embeddable":true,"href":"https:\/\/www.valerielemeur.com\/en\/wp-json\/wp\/v2\/media\/6556"}],"wp:attachment":[{"href":"https:\/\/www.valerielemeur.com\/en\/wp-json\/wp\/v2\/media?parent=6554"}],"wp:term":[{"taxonomy":"category","embeddable":true,"href":"https:\/\/www.valerielemeur.com\/en\/wp-json\/wp\/v2\/categories?post=6554"},{"taxonomy":"post_tag","embeddable":true,"href":"https:\/\/www.valerielemeur.com\/en\/wp-json\/wp\/v2\/tags?post=6554"}],"curies":[{"name":"wp","href":"https:\/\/api.w.org\/{rel}","templated":true}]}}