{"id":6612,"date":"2026-02-24T13:48:09","date_gmt":"2026-02-24T13:48:09","guid":{"rendered":"https:\/\/www.valerielemeur.com\/?p=6612"},"modified":"2026-02-24T13:49:13","modified_gmt":"2026-02-24T13:49:13","slug":"entre-ombres-et-lumieres","status":"publish","type":"post","link":"https:\/\/www.valerielemeur.com\/en\/entre-ombres-et-lumieres\/","title":{"rendered":"Entre ombres et lumi\u00e8res"},"content":{"rendered":"<div class=\"wp-block-uagb-image uagb-block-ecff1ec0 wp-block-uagb-image--layout-default wp-block-uagb-image--effect-static wp-block-uagb-image--align-none\"><figure class=\"wp-block-uagb-image__figure\"><img decoding=\"async\" srcset=\"https:\/\/www.valerielemeur.com\/wp-content\/uploads\/2026\/02\/ombres-et-lumieres-scaled.jpg ,https:\/\/www.valerielemeur.com\/wp-content\/uploads\/2026\/02\/ombres-et-lumieres-scaled.jpg 780w, https:\/\/www.valerielemeur.com\/wp-content\/uploads\/2026\/02\/ombres-et-lumieres-scaled.jpg 360w\" sizes=\"auto, (max-width: 480px) 150px\" src=\"https:\/\/www.valerielemeur.com\/wp-content\/uploads\/2026\/02\/ombres-et-lumieres-scaled.jpg\" alt=\"\" class=\"uag-image-6614\" width=\"2141\" height=\"2560\" title=\"ombres et lumi\u00e8res\" loading=\"lazy\" role=\"img\"\/><\/figure><\/div>\n\n\n\n<div class=\"wp-block-columns is-layout-flex wp-container-core-columns-is-layout-28f84493 wp-block-columns-is-layout-flex\">\n<div class=\"wp-block-column is-layout-flow wp-block-column-is-layout-flow\">\n<p class=\"has-medium-font-size\">\u00abAcrylique sur toile 41\/33\/2cm<\/p>\n<\/div>\n\n\n\n<div class=\"wp-block-column is-layout-flow wp-block-column-is-layout-flow\">\n<p class=\"has-vivid-cyan-blue-color has-text-color has-medium-font-size\">Acrylic painting on canvas: 41\/33\/2cm<\/p>\n\n\n\n<p class=\"has-vivid-cyan-blue-color has-text-color has-medium-font-size\"><\/p>\n\n\n\n<p class=\"has-vivid-cyan-blue-color has-text-color has-link-color has-medium-font-size wp-elements-1313566407a8b41e64ac2a2add2b23b6\"><\/p>\n<\/div>\n<\/div>\n\n\n\n<div class=\"wp-block-columns is-layout-flex wp-container-core-columns-is-layout-28f84493 wp-block-columns-is-layout-flex\">\n<div class=\"wp-block-column is-layout-flow wp-block-column-is-layout-flow\">\n<p class=\"has-medium-font-size\">\u00ab\u00a0Entre ombres et lumi\u00e8res\u00bb\u00a0: acrylique sur toile de lin 65\/54\/2.5cm\u00a0; f\u00e9vrier 2026<\/p>\n\n\n\n<p class=\"has-medium-font-size\">S\u00e9rie sur la ville de Boulogne-Billancourt (92)<\/p>\n\n\n\n<p><\/p>\n\n\n\n<p class=\"has-medium-font-size\">Entre lumi\u00e8res et ombres, la nuit raconte les histoires de ses habitants, mille vies sont rassembl\u00e9es dans un ensemble de briques et de pierres.<\/p>\n\n\n\n<p class=\"has-medium-font-size\">Dans la ville la nuit est rarement noire, des lampadaires \u00e9clairent les rues, des lumi\u00e8res s\u2019allument dans les appartements.<\/p>\n\n\n\n<p class=\"has-medium-font-size\">Les couleurs chaudes ajoutent de la douceur \u00e0 des lignes strictes et in\u00e9gales de cet immeuble moderne.<\/p>\n\n\n\n<p class=\"has-medium-font-size\">Ces lignes parfois cass\u00e9es sont pr\u00e9sentes pour repr\u00e9senter une architecture de ville, faite de rues, de perspectives de hauteurs et d\u2019horizons.<\/p>\n\n\n\n<p class=\"has-medium-font-size\">Entre ombres et lumi\u00e8res des personnages presque fantomatiques se d\u00e9placent au loin. Le personnage principal est cet immeuble, celui qui prot\u00e8ge, qui tient lieu de cocon, qui enferme parfois.<\/p>\n\n\n\n<p class=\"has-medium-font-size\">Le style pictural se situe entre figuration narrative et contemporaine, avec ses formes simplifi\u00e9es mais reconnaissables \u00e0 tendance expressionniste par le choix et la force des couleurs.<\/p>\n\n\n\n<p class=\"has-medium-font-size\">Le tableau est prot\u00e9g\u00e9 par un vernis brillant qui fait ressortir les couleurs. Les cot\u00e9s sont peints en bleu.<\/p>\n\n\n\n<p class=\"has-medium-font-size\">Il est dat\u00e9, sign\u00e9 et d\u00e9livr\u00e9 avec un certificat d\u2019authenticit\u00e9 et une facture.<\/p>\n\n\n\n<p class=\"has-medium-font-size\">&nbsp;<\/p>\n\n\n\n<p class=\"has-medium-font-size\"><\/p>\n\n\n\n<p class=\"has-medium-font-size\"><\/p>\n\n\n\n<p class=\"has-medium-font-size\"><\/p>\n\n\n\n<p class=\"has-medium-font-size\"><\/p>\n\n\n\n<p class=\"has-medium-font-size\"><\/p>\n\n\n\n<p class=\"has-medium-font-size\"><\/p>\n\n\n\n<p class=\"has-medium-font-size\"><\/p>\n\n\n\n<p class=\"has-medium-font-size\"><br><br><\/p>\n\n\n\n<div class=\"wp-block-uagb-image uagb-block-f45b4c6a wp-block-uagb-image--layout-default wp-block-uagb-image--effect-static wp-block-uagb-image--align-none\"><figure class=\"wp-block-uagb-image__figure\"><img decoding=\"async\" srcset=\"https:\/\/www.valerielemeur.com\/wp-content\/uploads\/2026\/02\/ombres-et-lumieres-detail-2-768x1024.jpg ,https:\/\/www.valerielemeur.com\/wp-content\/uploads\/2026\/02\/ombres-et-lumieres-detail-2-scaled.jpg 780w, https:\/\/www.valerielemeur.com\/wp-content\/uploads\/2026\/02\/ombres-et-lumieres-detail-2-scaled.jpg 360w\" sizes=\"auto, (max-width: 480px) 150px\" src=\"https:\/\/www.valerielemeur.com\/wp-content\/uploads\/2026\/02\/ombres-et-lumieres-detail-2-768x1024.jpg\" alt=\"\" class=\"uag-image-6615\" width=\"3060\" height=\"4080\" title=\"ombres et lumi\u00e8res d\u00e9tail 2\" loading=\"lazy\" role=\"img\"\/><\/figure><\/div>\n\n\n\n<p class=\"has-medium-font-size\">Detail<\/p>\n\n\n\n<p class=\"has-medium-font-size\"><\/p>\n\n\n\n<p class=\"has-medium-font-size\"><\/p>\n\n\n\n<p class=\"has-medium-font-size\"><\/p>\n\n\n\n<p class=\"has-medium-font-size\"><\/p>\n\n\n\n<p class=\"has-medium-font-size\"><\/p>\n\n\n\n<p class=\"has-medium-font-size\"><\/p>\n\n\n\n<p class=\"has-medium-font-size\"><\/p>\n\n\n\n<p class=\"has-medium-font-size\"><br><\/p>\n\n\n\n<p class=\"has-medium-font-size\"><\/p>\n\n\n\n<p class=\"has-medium-font-size\"><\/p>\n\n\n\n<p class=\"has-medium-font-size\"><\/p>\n\n\n\n<p class=\"has-medium-font-size\"><\/p>\n\n\n\n<p><\/p>\n\n\n\n<p class=\"has-medium-font-size\"><\/p>\n\n\n\n<p class=\"has-medium-font-size\"> <br><\/p>\n\n\n\n<p class=\"has-medium-font-size\"><\/p>\n<\/div>\n\n\n\n<div class=\"wp-block-column is-layout-flow wp-block-column-is-layout-flow\">\n<p class=\"has-vivid-cyan-blue-color has-text-color has-link-color has-medium-font-size wp-elements-1313566407a8b41e64ac2a2add2b23b6\"><\/p>\n\n\n\n<p class=\"has-vivid-cyan-blue-color has-text-color has-link-color has-medium-font-size wp-elements-4402942416afbf15e8ab4dc4098e2c3a\">Series on Paris neighbouring<\/p>\n\n\n\n<p class=\"has-vivid-cyan-blue-color has-text-color has-link-color has-medium-font-size wp-elements-1e9f910af5b4109880014de9d012d7ba\"><strong>\u201cEntre ombres et lumi\u00e8res (between lights and shadows \u201d<\/strong>: acrylic on linen canvas, 65\/54\/2.5cm; February 2026<br>Series on the city of one of Paris\u2019 neighbouring cities<\/p>\n\n\n\n<p class=\"has-vivid-cyan-blue-color has-text-color has-link-color has-medium-font-size wp-elements-b78332eed670735edeeb0a1e24314c47\">In the city, the night is rarely dark; streetlights illuminate the streets, and lights switch on in the flats.<br>Other lives begin behind these walls.<\/p>\n\n\n\n<p class=\"has-vivid-cyan-blue-color has-text-color has-link-color has-medium-font-size wp-elements-54db08ccc8c12f9613530e4e8e099f3c\">Warm colours add softness to the strict and uneven lines of this modern building.<br>These broken lines are there to represent urban architecture, made up of streets, perspectives of height, and horizons.<\/p>\n\n\n\n<p class=\"has-vivid-cyan-blue-color has-text-color has-link-color has-medium-font-size wp-elements-cc3a594667cdb2043d00dc830344ea64\">Between lights and shadows, almost ghostly figures move in the distance. The main character of the painting is this building \u2014 the one that protects, that serves as a cocoon, sometimes that confines. <\/p>\n\n\n\n<p class=\"has-vivid-cyan-blue-color has-text-color has-link-color has-medium-font-size wp-elements-77332151d665e592cf334fc783e04376\">The pictorial style lies between narrative figuration and contemporary art, with its simplified yet recognizable forms, tending toward expressionism through the choice and intensity of the colours.<\/p>\n\n\n\n<p class=\"has-vivid-cyan-blue-color has-text-color has-link-color has-medium-font-size wp-elements-9b0eedf8299b2c1add555b3ccbc85223\">The painting is painted blue on the sides, ready to hang on a wall.  Protected by a bright varnish to enhance the colours.  <\/p>\n\n\n\n<p class=\"has-vivid-cyan-blue-color has-text-color has-link-color has-medium-font-size wp-elements-c59ec5851e34da937f2466bd34269bc9\"><br><br><\/p>\n\n\n\n<p class=\"has-vivid-cyan-blue-color has-text-color has-link-color has-medium-font-size wp-elements-1313566407a8b41e64ac2a2add2b23b6\"><\/p>\n\n\n\n<p class=\"has-vivid-cyan-blue-color has-text-color has-link-color has-medium-font-size wp-elements-1313566407a8b41e64ac2a2add2b23b6\"><\/p>\n\n\n\n<p class=\"has-vivid-cyan-blue-color has-text-color has-link-color has-medium-font-size wp-elements-c9aad73d2f63a70ccbd50e9da0f41a27\"><br><\/p>\n\n\n\n<p class=\"has-vivid-cyan-blue-color has-text-color has-medium-font-size\"><\/p>\n\n\n\n<p class=\"has-vivid-cyan-blue-color has-text-color has-medium-font-size\"><\/p>\n\n\n\n<p class=\"has-vivid-cyan-blue-color has-text-color has-medium-font-size\"><br><\/p>\n\n\n\n<p class=\"has-vivid-cyan-blue-color has-text-color has-medium-font-size\"><\/p>\n\n\n\n<p class=\"has-vivid-cyan-blue-color has-text-color has-medium-font-size\"><br><\/p>\n\n\n\n<p class=\"has-vivid-cyan-blue-color has-text-color has-medium-font-size\">.<\/p>\n<\/div>\n<\/div>","protected":false},"excerpt":{"rendered":"<p>\u00abAcrylique sur toile 41\/33\/2cm Acrylic painting on canvas: 41\/33\/2cm \u00ab\u00a0Entre ombres et lumi\u00e8res\u00bb\u00a0: acrylique sur toile de lin 65\/54\/2.5cm\u00a0; f\u00e9vrier 2026 S\u00e9rie sur la ville de Boulogne-Billancourt (92) Entre lumi\u00e8res et ombres, la nuit raconte les histoires de ses habitants, mille vies sont rassembl\u00e9es dans un ensemble de briques et de pierres. Dans la ville [&hellip;]<\/p>\n","protected":false},"author":1,"featured_media":6614,"comment_status":"closed","ping_status":"closed","sticky":false,"template":"","format":"gallery","meta":{"_uag_custom_page_level_css":"","site-sidebar-layout":"default","site-content-layout":null,"ast-site-content-layout":"default","site-content-style":"default","site-sidebar-style":"default","ast-global-header-display":"","ast-banner-title-visibility":"","ast-main-header-display":"disabled","ast-hfb-above-header-display":null,"ast-hfb-below-header-display":null,"ast-hfb-mobile-header-display":null,"site-post-title":"enabled","ast-breadcrumbs-content":"enabled","ast-featured-img":"disabled","footer-sml-layout":"enabled","ast-disable-related-posts":"","theme-transparent-header-meta":"enabled","adv-header-id-meta":null,"stick-header-meta":null,"header-above-stick-meta":null,"header-main-stick-meta":null,"header-below-stick-meta":null,"astra-migrate-meta-layouts":"set","ast-page-background-enabled":"default","ast-page-background-meta":{"desktop":{"background-color":"","background-image":"","background-repeat":"repeat","background-position":"center center","background-size":"auto","background-attachment":"scroll","background-type":"","background-media":"","overlay-type":"","overlay-color":"","overlay-opacity":"","overlay-gradient":""},"tablet":{"background-color":"","background-image":"","background-repeat":"repeat","background-position":"center center","background-size":"auto","background-attachment":"scroll","background-type":"","background-media":"","overlay-type":"","overlay-color":"","overlay-opacity":"","overlay-gradient":""},"mobile":{"background-color":"","background-image":"","background-repeat":"repeat","background-position":"center center","background-size":"auto","background-attachment":"scroll","background-type":"","background-media":"","overlay-type":"","overlay-color":"","overlay-opacity":"","overlay-gradient":""}},"ast-content-background-meta":{"desktop":{"background-color":"var(--ast-global-color-5)","background-image":"","background-repeat":"repeat","background-position":"center center","background-size":"auto","background-attachment":"scroll","background-type":"","background-media":"","overlay-type":"","overlay-color":"","overlay-opacity":"","overlay-gradient":""},"tablet":{"background-color":"var(--ast-global-color-5)","background-image":"","background-repeat":"repeat","background-position":"center center","background-size":"auto","background-attachment":"scroll","background-type":"","background-media":"","overlay-type":"","overlay-color":"","overlay-opacity":"","overlay-gradient":""},"mobile":{"background-color":"var(--ast-global-color-5)","background-image":"","background-repeat":"repeat","background-position":"center center","background-size":"auto","background-attachment":"scroll","background-type":"","background-media":"","overlay-type":"","overlay-color":"","overlay-opacity":"","overlay-gradient":""}},"_jetpack_memberships_contains_paid_content":false,"footnotes":""},"categories":[45,41],"tags":[],"class_list":["post-6612","post","type-post","status-publish","format-gallery","has-post-thumbnail","hentry","category-paris","category-painting","post_format-post-format-gallery"],"yoast_head":"<!-- This site is optimized with the Yoast SEO plugin v27.4 - https:\/\/yoast.com\/product\/yoast-seo-wordpress\/ -->\n<title>Entre ombres et lumi\u00e8res - Val\u00e9rie LE MEUR<\/title>\n<meta name=\"description\" content=\"Val\u00e9rie LE MEUR Entre ombres et lumi\u00e8res Tableau -\" \/>\n<meta name=\"robots\" content=\"index, follow, max-snippet:-1, max-image-preview:large, max-video-preview:-1\" \/>\n<link rel=\"canonical\" href=\"https:\/\/www.valerielemeur.com\/en\/entre-ombres-et-lumieres\/\" \/>\n<meta property=\"og:locale\" content=\"en_GB\" \/>\n<meta property=\"og:type\" content=\"article\" \/>\n<meta property=\"og:title\" content=\"Entre ombres et lumi\u00e8res - Val\u00e9rie LE MEUR\" \/>\n<meta property=\"og:description\" content=\"Val\u00e9rie LE MEUR Entre ombres et lumi\u00e8res Tableau -\" \/>\n<meta property=\"og:url\" content=\"https:\/\/www.valerielemeur.com\/en\/entre-ombres-et-lumieres\/\" \/>\n<meta property=\"og:site_name\" content=\"Val\u00e9rie LE MEUR\" \/>\n<meta property=\"article:published_time\" content=\"2026-02-24T13:48:09+00:00\" \/>\n<meta property=\"article:modified_time\" content=\"2026-02-24T13:49:13+00:00\" \/>\n<meta property=\"og:image\" content=\"https:\/\/www.valerielemeur.com\/wp-content\/uploads\/2026\/02\/ombres-et-lumieres-scaled.jpg\" \/>\n\t<meta property=\"og:image:width\" content=\"2141\" \/>\n\t<meta property=\"og:image:height\" content=\"2560\" \/>\n\t<meta property=\"og:image:type\" content=\"image\/jpeg\" \/>\n<meta name=\"author\" content=\"VLM\" \/>\n<meta name=\"twitter:card\" content=\"summary_large_image\" \/>\n<meta name=\"twitter:label1\" content=\"Written by\" \/>\n\t<meta name=\"twitter:data1\" content=\"VLM\" \/>\n\t<meta name=\"twitter:label2\" content=\"Estimated reading time\" \/>\n\t<meta name=\"twitter:data2\" content=\"3 minutes\" \/>\n<script type=\"application\/ld+json\" class=\"yoast-schema-graph\">{\"@context\":\"https:\\\/\\\/schema.org\",\"@graph\":[{\"@type\":\"Article\",\"@id\":\"https:\\\/\\\/www.valerielemeur.com\\\/entre-ombres-et-lumieres\\\/#article\",\"isPartOf\":{\"@id\":\"https:\\\/\\\/www.valerielemeur.com\\\/entre-ombres-et-lumieres\\\/\"},\"author\":{\"name\":\"VLM\",\"@id\":\"https:\\\/\\\/www.valerielemeur.com\\\/#\\\/schema\\\/person\\\/988a7c5b4614f08d4a29788db12b10bb\"},\"headline\":\"Entre ombres et lumi\u00e8res\",\"datePublished\":\"2026-02-24T13:48:09+00:00\",\"dateModified\":\"2026-02-24T13:49:13+00:00\",\"mainEntityOfPage\":{\"@id\":\"https:\\\/\\\/www.valerielemeur.com\\\/entre-ombres-et-lumieres\\\/\"},\"wordCount\":388,\"publisher\":{\"@id\":\"https:\\\/\\\/www.valerielemeur.com\\\/#organization\"},\"image\":{\"@id\":\"https:\\\/\\\/www.valerielemeur.com\\\/entre-ombres-et-lumieres\\\/#primaryimage\"},\"thumbnailUrl\":\"https:\\\/\\\/www.valerielemeur.com\\\/wp-content\\\/uploads\\\/2026\\\/02\\\/ombres-et-lumieres-scaled.jpg\",\"articleSection\":[\"Paris\",\"Tableau\"],\"inLanguage\":\"en-GB\"},{\"@type\":\"WebPage\",\"@id\":\"https:\\\/\\\/www.valerielemeur.com\\\/entre-ombres-et-lumieres\\\/\",\"url\":\"https:\\\/\\\/www.valerielemeur.com\\\/entre-ombres-et-lumieres\\\/\",\"name\":\"Entre ombres et lumi\u00e8res - Val\u00e9rie LE MEUR\",\"isPartOf\":{\"@id\":\"https:\\\/\\\/www.valerielemeur.com\\\/#website\"},\"primaryImageOfPage\":{\"@id\":\"https:\\\/\\\/www.valerielemeur.com\\\/entre-ombres-et-lumieres\\\/#primaryimage\"},\"image\":{\"@id\":\"https:\\\/\\\/www.valerielemeur.com\\\/entre-ombres-et-lumieres\\\/#primaryimage\"},\"thumbnailUrl\":\"https:\\\/\\\/www.valerielemeur.com\\\/wp-content\\\/uploads\\\/2026\\\/02\\\/ombres-et-lumieres-scaled.jpg\",\"datePublished\":\"2026-02-24T13:48:09+00:00\",\"dateModified\":\"2026-02-24T13:49:13+00:00\",\"description\":\"Val\u00e9rie LE MEUR Entre ombres et lumi\u00e8res Tableau -\",\"breadcrumb\":{\"@id\":\"https:\\\/\\\/www.valerielemeur.com\\\/entre-ombres-et-lumieres\\\/#breadcrumb\"},\"inLanguage\":\"en-GB\",\"potentialAction\":[{\"@type\":\"ReadAction\",\"target\":[\"https:\\\/\\\/www.valerielemeur.com\\\/entre-ombres-et-lumieres\\\/\"]}]},{\"@type\":\"ImageObject\",\"inLanguage\":\"en-GB\",\"@id\":\"https:\\\/\\\/www.valerielemeur.com\\\/entre-ombres-et-lumieres\\\/#primaryimage\",\"url\":\"https:\\\/\\\/www.valerielemeur.com\\\/wp-content\\\/uploads\\\/2026\\\/02\\\/ombres-et-lumieres-scaled.jpg\",\"contentUrl\":\"https:\\\/\\\/www.valerielemeur.com\\\/wp-content\\\/uploads\\\/2026\\\/02\\\/ombres-et-lumieres-scaled.jpg\",\"width\":2141,\"height\":2560},{\"@type\":\"BreadcrumbList\",\"@id\":\"https:\\\/\\\/www.valerielemeur.com\\\/entre-ombres-et-lumieres\\\/#breadcrumb\",\"itemListElement\":[{\"@type\":\"ListItem\",\"position\":1,\"name\":\"Accueil\",\"item\":\"https:\\\/\\\/www.valerielemeur.com\\\/\"},{\"@type\":\"ListItem\",\"position\":2,\"name\":\"Entre ombres et lumi\u00e8res\"}]},{\"@type\":\"WebSite\",\"@id\":\"https:\\\/\\\/www.valerielemeur.com\\\/#website\",\"url\":\"https:\\\/\\\/www.valerielemeur.com\\\/\",\"name\":\"Val\u00e9rie LE MEUR\",\"description\":\"Artiste Peintre\",\"publisher\":{\"@id\":\"https:\\\/\\\/www.valerielemeur.com\\\/#organization\"},\"potentialAction\":[{\"@type\":\"SearchAction\",\"target\":{\"@type\":\"EntryPoint\",\"urlTemplate\":\"https:\\\/\\\/www.valerielemeur.com\\\/?s={search_term_string}\"},\"query-input\":{\"@type\":\"PropertyValueSpecification\",\"valueRequired\":true,\"valueName\":\"search_term_string\"}}],\"inLanguage\":\"en-GB\"},{\"@type\":\"Organization\",\"@id\":\"https:\\\/\\\/www.valerielemeur.com\\\/#organization\",\"name\":\"valerie le meur\",\"url\":\"https:\\\/\\\/www.valerielemeur.com\\\/\",\"logo\":{\"@type\":\"ImageObject\",\"inLanguage\":\"en-GB\",\"@id\":\"https:\\\/\\\/www.valerielemeur.com\\\/#\\\/schema\\\/logo\\\/image\\\/\",\"url\":\"https:\\\/\\\/www.valerielemeur.com\\\/wp-content\\\/uploads\\\/2020\\\/07\\\/photo-CV-sun.jpg\",\"contentUrl\":\"https:\\\/\\\/www.valerielemeur.com\\\/wp-content\\\/uploads\\\/2020\\\/07\\\/photo-CV-sun.jpg\",\"width\":2373,\"height\":2373,\"caption\":\"valerie le meur\"},\"image\":{\"@id\":\"https:\\\/\\\/www.valerielemeur.com\\\/#\\\/schema\\\/logo\\\/image\\\/\"}},{\"@type\":\"Person\",\"@id\":\"https:\\\/\\\/www.valerielemeur.com\\\/#\\\/schema\\\/person\\\/988a7c5b4614f08d4a29788db12b10bb\",\"name\":\"VLM\",\"image\":{\"@type\":\"ImageObject\",\"inLanguage\":\"en-GB\",\"@id\":\"https:\\\/\\\/secure.gravatar.com\\\/avatar\\\/5d623c2f60da6da613f8db4cef8422938a352a814a1ad2edc307f53256aa32c2?s=96&d=mm&r=g\",\"url\":\"https:\\\/\\\/secure.gravatar.com\\\/avatar\\\/5d623c2f60da6da613f8db4cef8422938a352a814a1ad2edc307f53256aa32c2?s=96&d=mm&r=g\",\"contentUrl\":\"https:\\\/\\\/secure.gravatar.com\\\/avatar\\\/5d623c2f60da6da613f8db4cef8422938a352a814a1ad2edc307f53256aa32c2?s=96&d=mm&r=g\",\"caption\":\"VLM\"},\"sameAs\":[\"https:\\\/\\\/www.valerielemeur.com\"],\"url\":\"https:\\\/\\\/www.valerielemeur.com\\\/en\\\/author\\\/vlm\\\/\"}]}<\/script>\n<!-- \/ Yoast SEO plugin. -->","yoast_head_json":{"title":"Entre ombres et lumi\u00e8res - Val\u00e9rie LE MEUR","description":"Val\u00e9rie LE MEUR Entre ombres et lumi\u00e8res Tableau -","robots":{"index":"index","follow":"follow","max-snippet":"max-snippet:-1","max-image-preview":"max-image-preview:large","max-video-preview":"max-video-preview:-1"},"canonical":"https:\/\/www.valerielemeur.com\/en\/entre-ombres-et-lumieres\/","og_locale":"en_GB","og_type":"article","og_title":"Entre ombres et lumi\u00e8res - Val\u00e9rie LE MEUR","og_description":"Val\u00e9rie LE MEUR Entre ombres et lumi\u00e8res Tableau -","og_url":"https:\/\/www.valerielemeur.com\/en\/entre-ombres-et-lumieres\/","og_site_name":"Val\u00e9rie LE MEUR","article_published_time":"2026-02-24T13:48:09+00:00","article_modified_time":"2026-02-24T13:49:13+00:00","og_image":[{"width":2141,"height":2560,"url":"https:\/\/www.valerielemeur.com\/wp-content\/uploads\/2026\/02\/ombres-et-lumieres-scaled.jpg","type":"image\/jpeg"}],"author":"VLM","twitter_card":"summary_large_image","twitter_misc":{"Written by":"VLM","Estimated reading time":"3 minutes"},"schema":{"@context":"https:\/\/schema.org","@graph":[{"@type":"Article","@id":"https:\/\/www.valerielemeur.com\/entre-ombres-et-lumieres\/#article","isPartOf":{"@id":"https:\/\/www.valerielemeur.com\/entre-ombres-et-lumieres\/"},"author":{"name":"VLM","@id":"https:\/\/www.valerielemeur.com\/#\/schema\/person\/988a7c5b4614f08d4a29788db12b10bb"},"headline":"Entre ombres et lumi\u00e8res","datePublished":"2026-02-24T13:48:09+00:00","dateModified":"2026-02-24T13:49:13+00:00","mainEntityOfPage":{"@id":"https:\/\/www.valerielemeur.com\/entre-ombres-et-lumieres\/"},"wordCount":388,"publisher":{"@id":"https:\/\/www.valerielemeur.com\/#organization"},"image":{"@id":"https:\/\/www.valerielemeur.com\/entre-ombres-et-lumieres\/#primaryimage"},"thumbnailUrl":"https:\/\/www.valerielemeur.com\/wp-content\/uploads\/2026\/02\/ombres-et-lumieres-scaled.jpg","articleSection":["Paris","Tableau"],"inLanguage":"en-GB"},{"@type":"WebPage","@id":"https:\/\/www.valerielemeur.com\/entre-ombres-et-lumieres\/","url":"https:\/\/www.valerielemeur.com\/entre-ombres-et-lumieres\/","name":"Entre ombres et lumi\u00e8res - Val\u00e9rie LE MEUR","isPartOf":{"@id":"https:\/\/www.valerielemeur.com\/#website"},"primaryImageOfPage":{"@id":"https:\/\/www.valerielemeur.com\/entre-ombres-et-lumieres\/#primaryimage"},"image":{"@id":"https:\/\/www.valerielemeur.com\/entre-ombres-et-lumieres\/#primaryimage"},"thumbnailUrl":"https:\/\/www.valerielemeur.com\/wp-content\/uploads\/2026\/02\/ombres-et-lumieres-scaled.jpg","datePublished":"2026-02-24T13:48:09+00:00","dateModified":"2026-02-24T13:49:13+00:00","description":"Val\u00e9rie LE MEUR Entre ombres et lumi\u00e8res Tableau -","breadcrumb":{"@id":"https:\/\/www.valerielemeur.com\/entre-ombres-et-lumieres\/#breadcrumb"},"inLanguage":"en-GB","potentialAction":[{"@type":"ReadAction","target":["https:\/\/www.valerielemeur.com\/entre-ombres-et-lumieres\/"]}]},{"@type":"ImageObject","inLanguage":"en-GB","@id":"https:\/\/www.valerielemeur.com\/entre-ombres-et-lumieres\/#primaryimage","url":"https:\/\/www.valerielemeur.com\/wp-content\/uploads\/2026\/02\/ombres-et-lumieres-scaled.jpg","contentUrl":"https:\/\/www.valerielemeur.com\/wp-content\/uploads\/2026\/02\/ombres-et-lumieres-scaled.jpg","width":2141,"height":2560},{"@type":"BreadcrumbList","@id":"https:\/\/www.valerielemeur.com\/entre-ombres-et-lumieres\/#breadcrumb","itemListElement":[{"@type":"ListItem","position":1,"name":"Accueil","item":"https:\/\/www.valerielemeur.com\/"},{"@type":"ListItem","position":2,"name":"Entre ombres et lumi\u00e8res"}]},{"@type":"WebSite","@id":"https:\/\/www.valerielemeur.com\/#website","url":"https:\/\/www.valerielemeur.com\/","name":"Val\u00e9rie LE MEUR","description":"Painter","publisher":{"@id":"https:\/\/www.valerielemeur.com\/#organization"},"potentialAction":[{"@type":"SearchAction","target":{"@type":"EntryPoint","urlTemplate":"https:\/\/www.valerielemeur.com\/?s={search_term_string}"},"query-input":{"@type":"PropertyValueSpecification","valueRequired":true,"valueName":"search_term_string"}}],"inLanguage":"en-GB"},{"@type":"Organization","@id":"https:\/\/www.valerielemeur.com\/#organization","name":"valerie le meur","url":"https:\/\/www.valerielemeur.com\/","logo":{"@type":"ImageObject","inLanguage":"en-GB","@id":"https:\/\/www.valerielemeur.com\/#\/schema\/logo\/image\/","url":"https:\/\/www.valerielemeur.com\/wp-content\/uploads\/2020\/07\/photo-CV-sun.jpg","contentUrl":"https:\/\/www.valerielemeur.com\/wp-content\/uploads\/2020\/07\/photo-CV-sun.jpg","width":2373,"height":2373,"caption":"valerie le meur"},"image":{"@id":"https:\/\/www.valerielemeur.com\/#\/schema\/logo\/image\/"}},{"@type":"Person","@id":"https:\/\/www.valerielemeur.com\/#\/schema\/person\/988a7c5b4614f08d4a29788db12b10bb","name":"VLM","image":{"@type":"ImageObject","inLanguage":"en-GB","@id":"https:\/\/secure.gravatar.com\/avatar\/5d623c2f60da6da613f8db4cef8422938a352a814a1ad2edc307f53256aa32c2?s=96&d=mm&r=g","url":"https:\/\/secure.gravatar.com\/avatar\/5d623c2f60da6da613f8db4cef8422938a352a814a1ad2edc307f53256aa32c2?s=96&d=mm&r=g","contentUrl":"https:\/\/secure.gravatar.com\/avatar\/5d623c2f60da6da613f8db4cef8422938a352a814a1ad2edc307f53256aa32c2?s=96&d=mm&r=g","caption":"VLM"},"sameAs":["https:\/\/www.valerielemeur.com"],"url":"https:\/\/www.valerielemeur.com\/en\/author\/vlm\/"}]}},"jetpack_featured_media_url":"https:\/\/www.valerielemeur.com\/wp-content\/uploads\/2026\/02\/ombres-et-lumieres-scaled.jpg","uagb_featured_image_src":{"full":["https:\/\/www.valerielemeur.com\/wp-content\/uploads\/2026\/02\/ombres-et-lumieres-scaled.jpg",2141,2560,false],"thumbnail":["https:\/\/www.valerielemeur.com\/wp-content\/uploads\/2026\/02\/ombres-et-lumieres-150x150.jpg",150,150,true],"medium":["https:\/\/www.valerielemeur.com\/wp-content\/uploads\/2026\/02\/ombres-et-lumieres-251x300.jpg",251,300,true],"medium_large":["https:\/\/www.valerielemeur.com\/wp-content\/uploads\/2026\/02\/ombres-et-lumieres-768x918.jpg",768,918,true],"large":["https:\/\/www.valerielemeur.com\/wp-content\/uploads\/2026\/02\/ombres-et-lumieres-856x1024.jpg",856,1024,true],"1536x1536":["https:\/\/www.valerielemeur.com\/wp-content\/uploads\/2026\/02\/ombres-et-lumieres-1285x1536.jpg",1285,1536,true],"2048x2048":["https:\/\/www.valerielemeur.com\/wp-content\/uploads\/2026\/02\/ombres-et-lumieres-1713x2048.jpg",1713,2048,true],"trp-custom-language-flag":["https:\/\/www.valerielemeur.com\/wp-content\/uploads\/2026\/02\/ombres-et-lumieres-10x12.jpg",10,12,true]},"uagb_author_info":{"display_name":"VLM","author_link":"https:\/\/www.valerielemeur.com\/en\/author\/vlm\/"},"uagb_comment_info":0,"uagb_excerpt":"\u00abAcrylique sur toile 41\/33\/2cm Acrylic painting on canvas: 41\/33\/2cm \u00ab\u00a0Entre ombres et lumi\u00e8res\u00bb\u00a0: acrylique sur toile de lin 65\/54\/2.5cm\u00a0; f\u00e9vrier 2026 S\u00e9rie sur la ville de Boulogne-Billancourt (92) Entre lumi\u00e8res et ombres, la nuit raconte les histoires de ses habitants, mille vies sont rassembl\u00e9es dans un ensemble de briques et de pierres. Dans la ville&hellip;","jetpack_sharing_enabled":true,"_links":{"self":[{"href":"https:\/\/www.valerielemeur.com\/en\/wp-json\/wp\/v2\/posts\/6612","targetHints":{"allow":["GET"]}}],"collection":[{"href":"https:\/\/www.valerielemeur.com\/en\/wp-json\/wp\/v2\/posts"}],"about":[{"href":"https:\/\/www.valerielemeur.com\/en\/wp-json\/wp\/v2\/types\/post"}],"author":[{"embeddable":true,"href":"https:\/\/www.valerielemeur.com\/en\/wp-json\/wp\/v2\/users\/1"}],"replies":[{"embeddable":true,"href":"https:\/\/www.valerielemeur.com\/en\/wp-json\/wp\/v2\/comments?post=6612"}],"version-history":[{"count":2,"href":"https:\/\/www.valerielemeur.com\/en\/wp-json\/wp\/v2\/posts\/6612\/revisions"}],"predecessor-version":[{"id":6616,"href":"https:\/\/www.valerielemeur.com\/en\/wp-json\/wp\/v2\/posts\/6612\/revisions\/6616"}],"wp:featuredmedia":[{"embeddable":true,"href":"https:\/\/www.valerielemeur.com\/en\/wp-json\/wp\/v2\/media\/6614"}],"wp:attachment":[{"href":"https:\/\/www.valerielemeur.com\/en\/wp-json\/wp\/v2\/media?parent=6612"}],"wp:term":[{"taxonomy":"category","embeddable":true,"href":"https:\/\/www.valerielemeur.com\/en\/wp-json\/wp\/v2\/categories?post=6612"},{"taxonomy":"post_tag","embeddable":true,"href":"https:\/\/www.valerielemeur.com\/en\/wp-json\/wp\/v2\/tags?post=6612"}],"curies":[{"name":"wp","href":"https:\/\/api.w.org\/{rel}","templated":true}]}}